{"id":16505,"date":"2019-04-28T10:31:00","date_gmt":"2019-04-28T08:31:00","guid":{"rendered":"https:\/\/dev.beneggiassociati.com\/2019\/04\/28\/accesso-al-forfettario-vietato-per-gli-amministratori-di-srl\/"},"modified":"2019-04-28T10:31:00","modified_gmt":"2019-04-28T08:31:00","slug":"accesso-al-forfettario-vietato-per-gli-amministratori-di-srl","status":"publish","type":"post","link":"https:\/\/beneggiassociati.com\/en\/accesso-al-forfettario-vietato-per-gli-amministratori-di-srl\/","title":{"rendered":"Accesso al forfettario vietato per gli amministratori di Srl"},"content":{"rendered":"\n<p>L&#8217;incarico di amministratore \u00e8 simile al lavoro subordinato ai fini della causa ostativa al regime forfettario.<\/p>\n\n\n<p>Ai sensi dell&#8217;articolo 1, comma 57 della legge 190\/2014 non possono applicare il regime forfettario le persone fisiche che esercitano la attivit\u00e0 di impresa o lavoro autonomo, prevalentemente nei confronti del datore di lavoro, con il quale il rapporto lavorativo \u00e8 in corso oppure lo \u00e8 stato nei due precedenti periodi di imposta.&nbsp;<\/p>\n\n\n<p>L&#8217;incompatibilit\u00e0 scatta anche se il rapporto di lavoro prevalente viene intrattenuto con soggetti direttamente o indirettamente riconducibili al medesimo datore di lavoro (societ\u00e0 controllanti, controllate, collegate, familiari). Non sussiste alcuna incompatibilit\u00e0 invece per il neo professionista il quale pu\u00f2 collaborare anche esclusivamente con il professionista presso il quale ha svolto la pratica professionale (articolo 1-bis Dl 135\/2018).<\/p>\n\n\n<p>La circolare ribadisce che la verifica della prevalenza del rapporto con il datore di lavoro deve essere verificata nell&#8217;anno in corso e quindi soltanto alla fine del periodo di imposta. Quindi un professionista che nel 2018 ha avuto un rapporto di lavoro dipendente con una azienda sanitaria, pu\u00f2 iniziare ad applicare il regime forfettario pur fatturando alla medesima azienda ma, ove al 31 dicembre 2019 constati di aver fatturato prevalentemente per il suo ex datore di lavoro, non potr\u00e0 applicare il regime forfettario dal 2020.<\/p>\n\n\n<p>I redditi che devono essere considerati ai fini della incompatibilit\u00e0 con il regime forfettario sono quelli di lavoro dipendente o assimilati di cui agli articoli 49 e 50 del Tuir.&nbsp;<\/p>\n\n\n<p>La circolare prevede una apprezzabile esclusione in presenza di soggetti che hanno raggiunto la pensione obbligatoria a norma di legge; in questo caso il rapporto professionale o di impresa con l&#8217;ex datore di lavoro pu\u00f2 rientrare nel regime forfettario anche se avviene esclusivamente nei confronti dell&#8217;ex datore di lavoro.&nbsp;<\/p>\n\n\n<p>La causa ostativa invece si verifica se il rapporto di lavoro si \u00e8 interrotto per licenziamento o dimissioni.<\/p>\n\n\n<p>Oltre al lavoro dipendente vero e proprio, sono considerati incompatibili con il regime forfettario, se prevalenti, i rapporti dei soci delle cooperative di produzione e lavoro, il lavoro svolto a favore di terzi per incarico del proprio datore di lavoro, nonch\u00e9 i compensi per l&#8217;attivit\u00e0 libero professionale intramuraria del personale dipendente del Servizio sanitario nazionale.<\/p>\n\n\n<p>Per quanto riguarda i rapporti di collaborazione coordinata e continuativa assumono rilevanza i percettori di redditi assimilati al lavoro dipendente quali gli amministratori e i collaboratori. Invece non generano causa ostativa l&#8217;incarico di sindaco o di revisore anche quando tale attivit\u00e0 \u00e8 assimilata al lavoro dipendente (perch\u00e9 svolta da soggetti diversi dai commercialisti, per i quali comunque rientra nella sfera professionale).&nbsp;<\/p>\n\n\n<p>Se il rapporto di lavoro dipendente e di lavoro autonomo, nei confronti del medesimo datore di lavoro, erano contemporaneamente sussistenti prima della entrata in vigore della nuova norma, e quindi al 1\u00b0 gennaio 2019, e se i due rapporti persistono senza modifiche sostanziali, non scatta la causa ostativa al regime forfettario.&nbsp;<\/p>\n\n\n<p>Non possono avvalersi del regime forfettario i contribuenti che svolgono la propria attivit\u00e0 prevalentemente nei confronti del datore di lavoro con il quale sono in corso rapporti di lavoro o lo erano nei due anni precedenti a quello di riferimento. La prevalenza va verificata alla fine del periodo di imposta, pertanto l&#8217;eventuale uscita dal regime si deve eventualmente attivare l&#8217;anno successivo<\/p>\n\n\n<p>Rientrano nell&#8217;ambito della norma i percettori di redditi da lavoro dipendente e assimilato ex articoli 49 e 50 del Tuir. Gli assimilati sono i compensi percepiti dai lavoratori delle coop di produzione e lavoro, di servizi e agricole; le indennit\u00e0 e i compensi a carico di terzi percepiti dai prestatori dipendenti; i compensi per l&#8217;attivit\u00e0 intramuraria del personale dipendente del SSn. Esclusi i percettori di assegno previdenziale se il pensionamento \u00e8 obbligatorio<\/p>\n\n\n<p>I sindaci e i revisori di societ\u00e0 non rientrano nell&#8217;ambito di applicazione della causa ostativa data l&#8217;intrinseca natura dell&#8217;attivit\u00e0 da loro svolta; al contrario, sono assimilati ai dipendenti gli amministratori e i collaboratori. Di conseguenza, se questi ultimi svolgono almeno il 50 per cento della loro attivit\u00e0 nei confronti della societ\u00e0 in cui rivestono la carica non possono applicare il regime forfettario<\/p>\n\n\n<p><a href=\"mailto:info@beneggiassociati.com\" target=\"_blank\" rel=\"noreferrer noopener\">Sei interessato all\u2019articolo? Scrivici e verrai contattato da un nostro Consultant<\/a><\/p>\n\n\n<p><a href=\"https:\/\/beneggiassociati.com\/\" target=\"_blank\" rel=\"noreferrer noopener\">@ Beneggi e Associati | Commercialisti al servizio delle imprese | Meda | Milano<\/a><br \/><\/p>\n","protected":false},"excerpt":{"rendered":"<p>L&#8217;incarico di amministratore \u00e8 simile al lavoro subordinato ai fini della causa ostativa al regime forfettario. Ai sensi dell&#8217;articolo 1, comma 57 della legge 190\/2014 non possono applicare il regime forfettario le persone fisiche che esercitano la attivit\u00e0 di impresa o lavoro autonomo, prevalentemente nei confronti del datore di lavoro, con il quale il rapporto [&hellip;]<\/p>\n","protected":false},"author":4,"featured_media":409,"comment_status":"open","ping_status":"open","sticky":false,"template":"","format":"standard","meta":{"_acf_changed":false,"content-type":"","footnotes":""},"categories":[16],"tags":[],"class_list":["post-16505","post","type-post","status-publish","format-standard","has-post-thumbnail","hentry","category-archivio"],"acf":[],"yoast_head":"<!-- This site is optimized with the Yoast SEO plugin v27.5 - https:\/\/yoast.com\/product\/yoast-seo-wordpress\/ -->\n<title>Accesso al forfettario vietato per gli amministratori di Srl - Beneggi &amp; Associati<\/title>\n<meta name=\"description\" content=\"L&#039;incarico di amministratore \u00e8 simile al lavoro subordinato ai fini della causa ostativa al regime forfettario. Ai sensi dell&#039;articolo 1, comma 57 della\" \/>\n<meta name=\"robots\" content=\"index, follow, max-snippet:-1, max-image-preview:large, max-video-preview:-1\" \/>\n<link rel=\"canonical\" href=\"https:\/\/beneggiassociati.com\/en\/accesso-al-forfettario-vietato-per-gli-amministratori-di-srl\/\" \/>\n<meta property=\"og:locale\" content=\"en_US\" \/>\n<meta property=\"og:type\" content=\"article\" \/>\n<meta property=\"og:title\" content=\"Accesso al forfettario vietato per gli amministratori di Srl - Beneggi &amp; Associati\" \/>\n<meta property=\"og:description\" content=\"L&#039;incarico di amministratore \u00e8 simile al lavoro subordinato ai fini della causa ostativa al regime forfettario. Ai sensi dell&#039;articolo 1, comma 57 della\" \/>\n<meta property=\"og:url\" content=\"https:\/\/beneggiassociati.com\/en\/accesso-al-forfettario-vietato-per-gli-amministratori-di-srl\/\" \/>\n<meta property=\"og:site_name\" content=\"Beneggi &amp; Associati\" \/>\n<meta property=\"article:published_time\" content=\"2019-04-28T08:31:00+00:00\" \/>\n<meta property=\"og:image\" content=\"https:\/\/beneggiassociati.com\/wp-content\/uploads\/2025\/07\/single-post-beneggi.jpg\" \/>\n\t<meta property=\"og:image:width\" content=\"1280\" \/>\n\t<meta property=\"og:image:height\" content=\"823\" \/>\n\t<meta property=\"og:image:type\" content=\"image\/jpeg\" \/>\n<meta name=\"author\" content=\"Tiziano Beneggi\" \/>\n<meta name=\"twitter:card\" content=\"summary_large_image\" \/>\n<meta name=\"twitter:label1\" content=\"Written by\" \/>\n\t<meta name=\"twitter:data1\" content=\"Tiziano Beneggi\" \/>\n\t<meta name=\"twitter:label2\" content=\"Est. reading time\" \/>\n\t<meta name=\"twitter:data2\" content=\"3 minutes\" \/>\n<script type=\"application\/ld+json\" class=\"yoast-schema-graph\">{\"@context\":\"https:\\\/\\\/schema.org\",\"@graph\":[{\"@type\":\"Article\",\"@id\":\"https:\\\/\\\/beneggiassociati.com\\\/en\\\/accesso-al-forfettario-vietato-per-gli-amministratori-di-srl\\\/#article\",\"isPartOf\":{\"@id\":\"https:\\\/\\\/beneggiassociati.com\\\/en\\\/accesso-al-forfettario-vietato-per-gli-amministratori-di-srl\\\/\"},\"author\":{\"name\":\"Tiziano Beneggi\",\"@id\":\"https:\\\/\\\/beneggiassociati.com\\\/en\\\/#\\\/schema\\\/person\\\/828daacfa37b359e89e981f920072004\"},\"headline\":\"Accesso al forfettario vietato per gli amministratori di Srl\",\"datePublished\":\"2019-04-28T08:31:00+00:00\",\"mainEntityOfPage\":{\"@id\":\"https:\\\/\\\/beneggiassociati.com\\\/en\\\/accesso-al-forfettario-vietato-per-gli-amministratori-di-srl\\\/\"},\"wordCount\":700,\"commentCount\":0,\"publisher\":{\"@id\":\"https:\\\/\\\/beneggiassociati.com\\\/en\\\/#organization\"},\"image\":{\"@id\":\"https:\\\/\\\/beneggiassociati.com\\\/en\\\/accesso-al-forfettario-vietato-per-gli-amministratori-di-srl\\\/#primaryimage\"},\"thumbnailUrl\":\"https:\\\/\\\/beneggiassociati.com\\\/wp-content\\\/uploads\\\/2025\\\/07\\\/single-post-beneggi.jpg\",\"articleSection\":[\"ARCHIVIO\"],\"inLanguage\":\"en-US\"},{\"@type\":\"WebPage\",\"@id\":\"https:\\\/\\\/beneggiassociati.com\\\/en\\\/accesso-al-forfettario-vietato-per-gli-amministratori-di-srl\\\/\",\"url\":\"https:\\\/\\\/beneggiassociati.com\\\/en\\\/accesso-al-forfettario-vietato-per-gli-amministratori-di-srl\\\/\",\"name\":\"Accesso al forfettario vietato per gli amministratori di Srl - Beneggi &amp; Associati\",\"isPartOf\":{\"@id\":\"https:\\\/\\\/beneggiassociati.com\\\/en\\\/#website\"},\"primaryImageOfPage\":{\"@id\":\"https:\\\/\\\/beneggiassociati.com\\\/en\\\/accesso-al-forfettario-vietato-per-gli-amministratori-di-srl\\\/#primaryimage\"},\"image\":{\"@id\":\"https:\\\/\\\/beneggiassociati.com\\\/en\\\/accesso-al-forfettario-vietato-per-gli-amministratori-di-srl\\\/#primaryimage\"},\"thumbnailUrl\":\"https:\\\/\\\/beneggiassociati.com\\\/wp-content\\\/uploads\\\/2025\\\/07\\\/single-post-beneggi.jpg\",\"datePublished\":\"2019-04-28T08:31:00+00:00\",\"description\":\"L'incarico di amministratore \u00e8 simile al lavoro subordinato ai fini della causa ostativa al regime forfettario. Ai sensi dell'articolo 1, comma 57 della\",\"breadcrumb\":{\"@id\":\"https:\\\/\\\/beneggiassociati.com\\\/en\\\/accesso-al-forfettario-vietato-per-gli-amministratori-di-srl\\\/#breadcrumb\"},\"inLanguage\":\"en-US\",\"potentialAction\":[{\"@type\":\"ReadAction\",\"target\":[\"https:\\\/\\\/beneggiassociati.com\\\/en\\\/accesso-al-forfettario-vietato-per-gli-amministratori-di-srl\\\/\"]}]},{\"@type\":\"ImageObject\",\"inLanguage\":\"en-US\",\"@id\":\"https:\\\/\\\/beneggiassociati.com\\\/en\\\/accesso-al-forfettario-vietato-per-gli-amministratori-di-srl\\\/#primaryimage\",\"url\":\"https:\\\/\\\/beneggiassociati.com\\\/wp-content\\\/uploads\\\/2025\\\/07\\\/single-post-beneggi.jpg\",\"contentUrl\":\"https:\\\/\\\/beneggiassociati.com\\\/wp-content\\\/uploads\\\/2025\\\/07\\\/single-post-beneggi.jpg\",\"width\":1280,\"height\":823},{\"@type\":\"BreadcrumbList\",\"@id\":\"https:\\\/\\\/beneggiassociati.com\\\/en\\\/accesso-al-forfettario-vietato-per-gli-amministratori-di-srl\\\/#breadcrumb\",\"itemListElement\":[{\"@type\":\"ListItem\",\"position\":1,\"name\":\"Home\",\"item\":\"https:\\\/\\\/beneggiassociati.com\\\/en\\\/?page_id=24163\"},{\"@type\":\"ListItem\",\"position\":2,\"name\":\"Accesso al forfettario vietato per gli amministratori di Srl\"}]},{\"@type\":\"WebSite\",\"@id\":\"https:\\\/\\\/beneggiassociati.com\\\/en\\\/#website\",\"url\":\"https:\\\/\\\/beneggiassociati.com\\\/en\\\/\",\"name\":\"Beneggi e associati\",\"description\":\"\",\"publisher\":{\"@id\":\"https:\\\/\\\/beneggiassociati.com\\\/en\\\/#organization\"},\"potentialAction\":[{\"@type\":\"SearchAction\",\"target\":{\"@type\":\"EntryPoint\",\"urlTemplate\":\"https:\\\/\\\/beneggiassociati.com\\\/en\\\/?s={search_term_string}\"},\"query-input\":{\"@type\":\"PropertyValueSpecification\",\"valueRequired\":true,\"valueName\":\"search_term_string\"}}],\"inLanguage\":\"en-US\"},{\"@type\":\"Organization\",\"@id\":\"https:\\\/\\\/beneggiassociati.com\\\/en\\\/#organization\",\"name\":\"Beneggi e associati\",\"url\":\"https:\\\/\\\/beneggiassociati.com\\\/en\\\/\",\"logo\":{\"@type\":\"ImageObject\",\"inLanguage\":\"en-US\",\"@id\":\"https:\\\/\\\/beneggiassociati.com\\\/en\\\/#\\\/schema\\\/logo\\\/image\\\/\",\"url\":\"https:\\\/\\\/beneggiassociati.com\\\/wp-content\\\/uploads\\\/2025\\\/07\\\/beneggi-logo.png\",\"contentUrl\":\"https:\\\/\\\/beneggiassociati.com\\\/wp-content\\\/uploads\\\/2025\\\/07\\\/beneggi-logo.png\",\"width\":141,\"height\":87,\"caption\":\"Beneggi e associati\"},\"image\":{\"@id\":\"https:\\\/\\\/beneggiassociati.com\\\/en\\\/#\\\/schema\\\/logo\\\/image\\\/\"}},{\"@type\":\"Person\",\"@id\":\"https:\\\/\\\/beneggiassociati.com\\\/en\\\/#\\\/schema\\\/person\\\/828daacfa37b359e89e981f920072004\",\"name\":\"Tiziano Beneggi\",\"url\":\"https:\\\/\\\/beneggiassociati.com\\\/en\\\/author\\\/tizianobeneggiassociati-com\\\/\"}]}<\/script>\n<!-- \/ Yoast SEO plugin. -->","yoast_head_json":{"title":"Accesso al forfettario vietato per gli amministratori di Srl - Beneggi &amp; Associati","description":"L'incarico di amministratore \u00e8 simile al lavoro subordinato ai fini della causa ostativa al regime forfettario. Ai sensi dell'articolo 1, comma 57 della","robots":{"index":"index","follow":"follow","max-snippet":"max-snippet:-1","max-image-preview":"max-image-preview:large","max-video-preview":"max-video-preview:-1"},"canonical":"https:\/\/beneggiassociati.com\/en\/accesso-al-forfettario-vietato-per-gli-amministratori-di-srl\/","og_locale":"en_US","og_type":"article","og_title":"Accesso al forfettario vietato per gli amministratori di Srl - Beneggi &amp; Associati","og_description":"L'incarico di amministratore \u00e8 simile al lavoro subordinato ai fini della causa ostativa al regime forfettario. Ai sensi dell'articolo 1, comma 57 della","og_url":"https:\/\/beneggiassociati.com\/en\/accesso-al-forfettario-vietato-per-gli-amministratori-di-srl\/","og_site_name":"Beneggi &amp; Associati","article_published_time":"2019-04-28T08:31:00+00:00","og_image":[{"width":1280,"height":823,"url":"https:\/\/beneggiassociati.com\/wp-content\/uploads\/2025\/07\/single-post-beneggi.jpg","type":"image\/jpeg"}],"author":"Tiziano Beneggi","twitter_card":"summary_large_image","twitter_misc":{"Written by":"Tiziano Beneggi","Est. reading time":"3 minutes"},"schema":{"@context":"https:\/\/schema.org","@graph":[{"@type":"Article","@id":"https:\/\/beneggiassociati.com\/en\/accesso-al-forfettario-vietato-per-gli-amministratori-di-srl\/#article","isPartOf":{"@id":"https:\/\/beneggiassociati.com\/en\/accesso-al-forfettario-vietato-per-gli-amministratori-di-srl\/"},"author":{"name":"Tiziano Beneggi","@id":"https:\/\/beneggiassociati.com\/en\/#\/schema\/person\/828daacfa37b359e89e981f920072004"},"headline":"Accesso al forfettario vietato per gli amministratori di Srl","datePublished":"2019-04-28T08:31:00+00:00","mainEntityOfPage":{"@id":"https:\/\/beneggiassociati.com\/en\/accesso-al-forfettario-vietato-per-gli-amministratori-di-srl\/"},"wordCount":700,"commentCount":0,"publisher":{"@id":"https:\/\/beneggiassociati.com\/en\/#organization"},"image":{"@id":"https:\/\/beneggiassociati.com\/en\/accesso-al-forfettario-vietato-per-gli-amministratori-di-srl\/#primaryimage"},"thumbnailUrl":"https:\/\/beneggiassociati.com\/wp-content\/uploads\/2025\/07\/single-post-beneggi.jpg","articleSection":["ARCHIVIO"],"inLanguage":"en-US"},{"@type":"WebPage","@id":"https:\/\/beneggiassociati.com\/en\/accesso-al-forfettario-vietato-per-gli-amministratori-di-srl\/","url":"https:\/\/beneggiassociati.com\/en\/accesso-al-forfettario-vietato-per-gli-amministratori-di-srl\/","name":"Accesso al forfettario vietato per gli amministratori di Srl - Beneggi &amp; Associati","isPartOf":{"@id":"https:\/\/beneggiassociati.com\/en\/#website"},"primaryImageOfPage":{"@id":"https:\/\/beneggiassociati.com\/en\/accesso-al-forfettario-vietato-per-gli-amministratori-di-srl\/#primaryimage"},"image":{"@id":"https:\/\/beneggiassociati.com\/en\/accesso-al-forfettario-vietato-per-gli-amministratori-di-srl\/#primaryimage"},"thumbnailUrl":"https:\/\/beneggiassociati.com\/wp-content\/uploads\/2025\/07\/single-post-beneggi.jpg","datePublished":"2019-04-28T08:31:00+00:00","description":"L'incarico di amministratore \u00e8 simile al lavoro subordinato ai fini della causa ostativa al regime forfettario. Ai sensi dell'articolo 1, comma 57 della","breadcrumb":{"@id":"https:\/\/beneggiassociati.com\/en\/accesso-al-forfettario-vietato-per-gli-amministratori-di-srl\/#breadcrumb"},"inLanguage":"en-US","potentialAction":[{"@type":"ReadAction","target":["https:\/\/beneggiassociati.com\/en\/accesso-al-forfettario-vietato-per-gli-amministratori-di-srl\/"]}]},{"@type":"ImageObject","inLanguage":"en-US","@id":"https:\/\/beneggiassociati.com\/en\/accesso-al-forfettario-vietato-per-gli-amministratori-di-srl\/#primaryimage","url":"https:\/\/beneggiassociati.com\/wp-content\/uploads\/2025\/07\/single-post-beneggi.jpg","contentUrl":"https:\/\/beneggiassociati.com\/wp-content\/uploads\/2025\/07\/single-post-beneggi.jpg","width":1280,"height":823},{"@type":"BreadcrumbList","@id":"https:\/\/beneggiassociati.com\/en\/accesso-al-forfettario-vietato-per-gli-amministratori-di-srl\/#breadcrumb","itemListElement":[{"@type":"ListItem","position":1,"name":"Home","item":"https:\/\/beneggiassociati.com\/en\/?page_id=24163"},{"@type":"ListItem","position":2,"name":"Accesso al forfettario vietato per gli amministratori di Srl"}]},{"@type":"WebSite","@id":"https:\/\/beneggiassociati.com\/en\/#website","url":"https:\/\/beneggiassociati.com\/en\/","name":"Beneggi e associati","description":"","publisher":{"@id":"https:\/\/beneggiassociati.com\/en\/#organization"},"potentialAction":[{"@type":"SearchAction","target":{"@type":"EntryPoint","urlTemplate":"https:\/\/beneggiassociati.com\/en\/?s={search_term_string}"},"query-input":{"@type":"PropertyValueSpecification","valueRequired":true,"valueName":"search_term_string"}}],"inLanguage":"en-US"},{"@type":"Organization","@id":"https:\/\/beneggiassociati.com\/en\/#organization","name":"Beneggi e associati","url":"https:\/\/beneggiassociati.com\/en\/","logo":{"@type":"ImageObject","inLanguage":"en-US","@id":"https:\/\/beneggiassociati.com\/en\/#\/schema\/logo\/image\/","url":"https:\/\/beneggiassociati.com\/wp-content\/uploads\/2025\/07\/beneggi-logo.png","contentUrl":"https:\/\/beneggiassociati.com\/wp-content\/uploads\/2025\/07\/beneggi-logo.png","width":141,"height":87,"caption":"Beneggi e associati"},"image":{"@id":"https:\/\/beneggiassociati.com\/en\/#\/schema\/logo\/image\/"}},{"@type":"Person","@id":"https:\/\/beneggiassociati.com\/en\/#\/schema\/person\/828daacfa37b359e89e981f920072004","name":"Tiziano Beneggi","url":"https:\/\/beneggiassociati.com\/en\/author\/tizianobeneggiassociati-com\/"}]}},"_links":{"self":[{"href":"https:\/\/beneggiassociati.com\/en\/wp-json\/wp\/v2\/posts\/16505","targetHints":{"allow":["GET"]}}],"collection":[{"href":"https:\/\/beneggiassociati.com\/en\/wp-json\/wp\/v2\/posts"}],"about":[{"href":"https:\/\/beneggiassociati.com\/en\/wp-json\/wp\/v2\/types\/post"}],"author":[{"embeddable":true,"href":"https:\/\/beneggiassociati.com\/en\/wp-json\/wp\/v2\/users\/4"}],"replies":[{"embeddable":true,"href":"https:\/\/beneggiassociati.com\/en\/wp-json\/wp\/v2\/comments?post=16505"}],"version-history":[{"count":0,"href":"https:\/\/beneggiassociati.com\/en\/wp-json\/wp\/v2\/posts\/16505\/revisions"}],"wp:featuredmedia":[{"embeddable":true,"href":"https:\/\/beneggiassociati.com\/en\/wp-json\/wp\/v2\/media\/409"}],"wp:attachment":[{"href":"https:\/\/beneggiassociati.com\/en\/wp-json\/wp\/v2\/media?parent=16505"}],"wp:term":[{"taxonomy":"category","embeddable":true,"href":"https:\/\/beneggiassociati.com\/en\/wp-json\/wp\/v2\/categories?post=16505"},{"taxonomy":"post_tag","embeddable":true,"href":"https:\/\/beneggiassociati.com\/en\/wp-json\/wp\/v2\/tags?post=16505"}],"curies":[{"name":"wp","href":"https:\/\/api.w.org\/{rel}","templated":true}]}}