{"id":16508,"date":"2019-04-28T10:40:00","date_gmt":"2019-04-28T08:40:00","guid":{"rendered":"https:\/\/dev.beneggiassociati.com\/2019\/04\/28\/srl-le-quote-intestate-ai-familiari-entrano-nel-calcolo-del-forfettario\/"},"modified":"2019-04-28T10:40:00","modified_gmt":"2019-04-28T08:40:00","slug":"srl-le-quote-intestate-ai-familiari-entrano-nel-calcolo-del-forfettario","status":"publish","type":"post","link":"https:\/\/beneggiassociati.com\/en\/srl-le-quote-intestate-ai-familiari-entrano-nel-calcolo-del-forfettario\/","title":{"rendered":"Srl, le quote intestate ai familiari entrano nel calcolo del forfettario"},"content":{"rendered":"\n<p>Se non vi sono problemi alla detenzione di una societ\u00e0 semplice immobiliare \u2013 essendo il reddito di natura fondiaria e non d\u2019impresa \u2013 il possesso di una quota minoritaria, peraltro ereditata, quale socio accomandante in una Sas priva di reddito \u00e8 incompatibile con il forfait. E ci\u00f2 anche se si detiene solo la nuda propriet\u00e0 e il reddito \u00e8 dichiarato dall\u2019usufruttuario.&nbsp;<\/p>\n\n\n<p>Solo per il 2019 la fuoriuscita \u00e8 posticipata al 2020, a meno che non si provveda a rimuovere la causa ostativa (ossia a liberarsi della partecipazione) entro l\u2019anno.<\/p>\n\n\n<p>Si ribadisce che le quote di una srl intestate ai familiari entrano nel calcolo ai fini del controllo (indiretto) e che nel caso delle professioni contabili, il compenso da amministratore (fatturato dal professionista socio) crea quel legame che, in presenza della medesima sezione Ateco tra attivit\u00e0 svolta dal socio e dalla partecipata, comporta la decadenza dall\u2019anno successivo, a meno che non si cessi dalla carica. Stessa soluzione nel caso di liquidatore, il quale (oltre a essere socio di maggioranza) svolge una attivit\u00e0 professionale compresa nella stessa sezione Ateco delle societ\u00e0 in liquidazione a cui fattura il proprio compenso. A questo fine, invece, non ha rilevanza la qualifica di preposto.&nbsp;<\/p>\n\n\n<p>Non incorre in decadenza il professionista neo iscritto all\u2019Albo che fattura prevalentemente al (ex) \u201cdominus\u201d da cui riceveva una borsa di studio n\u00e9 il medico chirurgo con un duplice rapporto di lavoro dipendente e autonomo verso lo stesso soggetto (Asl), a condizione che non subentrino modifiche sostanziali ai rapporti in essere.<\/p>\n\n\n<p><a href=\"mailto:info@beneggiassociati.com\" target=\"_blank\" rel=\"noreferrer noopener\">Sei interessato all\u2019articolo? Scrivici e verrai contattato da un nostro Consultant<\/a><\/p>\n\n\n<p><a href=\"https:\/\/beneggiassociati.com\/\" target=\"_blank\" rel=\"noreferrer noopener\">@ Beneggi e Associati | Commercialisti al servizio delle imprese | Meda | Milano<\/a><br \/><\/p>\n","protected":false},"excerpt":{"rendered":"<p>Se non vi sono problemi alla detenzione di una societ\u00e0 semplice immobiliare \u2013 essendo il reddito di natura fondiaria e non d\u2019impresa \u2013 il possesso di una quota minoritaria, peraltro ereditata, quale socio accomandante in una Sas priva di reddito \u00e8 incompatibile con il forfait. E ci\u00f2 anche se si detiene solo la nuda propriet\u00e0 [&hellip;]<\/p>\n","protected":false},"author":4,"featured_media":409,"comment_status":"open","ping_status":"open","sticky":false,"template":"","format":"standard","meta":{"_acf_changed":false,"content-type":"","footnotes":""},"categories":[16],"tags":[],"class_list":["post-16508","post","type-post","status-publish","format-standard","has-post-thumbnail","hentry","category-archivio"],"acf":[],"yoast_head":"<!-- This site is optimized with the Yoast SEO plugin v27.5 - https:\/\/yoast.com\/product\/yoast-seo-wordpress\/ -->\n<title>Srl, le quote intestate ai familiari entrano nel calcolo del forfettario - Beneggi &amp; Associati<\/title>\n<meta name=\"description\" content=\"Se non vi sono problemi alla detenzione di una societ\u00e0 semplice immobiliare \u2013 essendo il reddito di natura fondiaria e non d\u2019impresa \u2013 il possesso di una\" \/>\n<meta name=\"robots\" content=\"index, follow, max-snippet:-1, max-image-preview:large, max-video-preview:-1\" \/>\n<link rel=\"canonical\" href=\"https:\/\/beneggiassociati.com\/en\/srl-le-quote-intestate-ai-familiari-entrano-nel-calcolo-del-forfettario\/\" \/>\n<meta property=\"og:locale\" content=\"en_US\" \/>\n<meta property=\"og:type\" content=\"article\" \/>\n<meta property=\"og:title\" content=\"Srl, le quote intestate ai familiari entrano nel calcolo del forfettario - Beneggi &amp; Associati\" \/>\n<meta property=\"og:description\" content=\"Se non vi sono problemi alla detenzione di una societ\u00e0 semplice immobiliare \u2013 essendo il reddito di natura fondiaria e non d\u2019impresa \u2013 il possesso di una\" \/>\n<meta property=\"og:url\" content=\"https:\/\/beneggiassociati.com\/en\/srl-le-quote-intestate-ai-familiari-entrano-nel-calcolo-del-forfettario\/\" \/>\n<meta property=\"og:site_name\" content=\"Beneggi &amp; Associati\" \/>\n<meta property=\"article:published_time\" content=\"2019-04-28T08:40:00+00:00\" \/>\n<meta property=\"og:image\" content=\"https:\/\/beneggiassociati.com\/wp-content\/uploads\/2025\/07\/single-post-beneggi.jpg\" \/>\n\t<meta property=\"og:image:width\" content=\"1280\" \/>\n\t<meta property=\"og:image:height\" content=\"823\" \/>\n\t<meta property=\"og:image:type\" content=\"image\/jpeg\" \/>\n<meta name=\"author\" content=\"Tiziano Beneggi\" \/>\n<meta name=\"twitter:card\" content=\"summary_large_image\" \/>\n<meta name=\"twitter:label1\" content=\"Written by\" \/>\n\t<meta name=\"twitter:data1\" content=\"Tiziano Beneggi\" \/>\n\t<meta name=\"twitter:label2\" content=\"Est. reading time\" \/>\n\t<meta name=\"twitter:data2\" content=\"1 minute\" \/>\n<script type=\"application\/ld+json\" class=\"yoast-schema-graph\">{\"@context\":\"https:\\\/\\\/schema.org\",\"@graph\":[{\"@type\":\"Article\",\"@id\":\"https:\\\/\\\/beneggiassociati.com\\\/en\\\/srl-le-quote-intestate-ai-familiari-entrano-nel-calcolo-del-forfettario\\\/#article\",\"isPartOf\":{\"@id\":\"https:\\\/\\\/beneggiassociati.com\\\/en\\\/srl-le-quote-intestate-ai-familiari-entrano-nel-calcolo-del-forfettario\\\/\"},\"author\":{\"name\":\"Tiziano Beneggi\",\"@id\":\"https:\\\/\\\/beneggiassociati.com\\\/en\\\/#\\\/schema\\\/person\\\/828daacfa37b359e89e981f920072004\"},\"headline\":\"Srl, le quote intestate ai familiari entrano nel calcolo del forfettario\",\"datePublished\":\"2019-04-28T08:40:00+00:00\",\"mainEntityOfPage\":{\"@id\":\"https:\\\/\\\/beneggiassociati.com\\\/en\\\/srl-le-quote-intestate-ai-familiari-entrano-nel-calcolo-del-forfettario\\\/\"},\"wordCount\":282,\"commentCount\":0,\"publisher\":{\"@id\":\"https:\\\/\\\/beneggiassociati.com\\\/en\\\/#organization\"},\"image\":{\"@id\":\"https:\\\/\\\/beneggiassociati.com\\\/en\\\/srl-le-quote-intestate-ai-familiari-entrano-nel-calcolo-del-forfettario\\\/#primaryimage\"},\"thumbnailUrl\":\"https:\\\/\\\/beneggiassociati.com\\\/wp-content\\\/uploads\\\/2025\\\/07\\\/single-post-beneggi.jpg\",\"articleSection\":[\"ARCHIVIO\"],\"inLanguage\":\"en-US\"},{\"@type\":\"WebPage\",\"@id\":\"https:\\\/\\\/beneggiassociati.com\\\/en\\\/srl-le-quote-intestate-ai-familiari-entrano-nel-calcolo-del-forfettario\\\/\",\"url\":\"https:\\\/\\\/beneggiassociati.com\\\/en\\\/srl-le-quote-intestate-ai-familiari-entrano-nel-calcolo-del-forfettario\\\/\",\"name\":\"Srl, le quote intestate ai familiari entrano nel calcolo del forfettario - Beneggi &amp; Associati\",\"isPartOf\":{\"@id\":\"https:\\\/\\\/beneggiassociati.com\\\/en\\\/#website\"},\"primaryImageOfPage\":{\"@id\":\"https:\\\/\\\/beneggiassociati.com\\\/en\\\/srl-le-quote-intestate-ai-familiari-entrano-nel-calcolo-del-forfettario\\\/#primaryimage\"},\"image\":{\"@id\":\"https:\\\/\\\/beneggiassociati.com\\\/en\\\/srl-le-quote-intestate-ai-familiari-entrano-nel-calcolo-del-forfettario\\\/#primaryimage\"},\"thumbnailUrl\":\"https:\\\/\\\/beneggiassociati.com\\\/wp-content\\\/uploads\\\/2025\\\/07\\\/single-post-beneggi.jpg\",\"datePublished\":\"2019-04-28T08:40:00+00:00\",\"description\":\"Se non vi sono problemi alla detenzione di una societ\u00e0 semplice immobiliare \u2013 essendo il reddito di natura fondiaria e non d\u2019impresa \u2013 il possesso di una\",\"breadcrumb\":{\"@id\":\"https:\\\/\\\/beneggiassociati.com\\\/en\\\/srl-le-quote-intestate-ai-familiari-entrano-nel-calcolo-del-forfettario\\\/#breadcrumb\"},\"inLanguage\":\"en-US\",\"potentialAction\":[{\"@type\":\"ReadAction\",\"target\":[\"https:\\\/\\\/beneggiassociati.com\\\/en\\\/srl-le-quote-intestate-ai-familiari-entrano-nel-calcolo-del-forfettario\\\/\"]}]},{\"@type\":\"ImageObject\",\"inLanguage\":\"en-US\",\"@id\":\"https:\\\/\\\/beneggiassociati.com\\\/en\\\/srl-le-quote-intestate-ai-familiari-entrano-nel-calcolo-del-forfettario\\\/#primaryimage\",\"url\":\"https:\\\/\\\/beneggiassociati.com\\\/wp-content\\\/uploads\\\/2025\\\/07\\\/single-post-beneggi.jpg\",\"contentUrl\":\"https:\\\/\\\/beneggiassociati.com\\\/wp-content\\\/uploads\\\/2025\\\/07\\\/single-post-beneggi.jpg\",\"width\":1280,\"height\":823},{\"@type\":\"BreadcrumbList\",\"@id\":\"https:\\\/\\\/beneggiassociati.com\\\/en\\\/srl-le-quote-intestate-ai-familiari-entrano-nel-calcolo-del-forfettario\\\/#breadcrumb\",\"itemListElement\":[{\"@type\":\"ListItem\",\"position\":1,\"name\":\"Home\",\"item\":\"https:\\\/\\\/beneggiassociati.com\\\/en\\\/?page_id=24163\"},{\"@type\":\"ListItem\",\"position\":2,\"name\":\"Srl, le quote intestate ai familiari entrano nel calcolo del forfettario\"}]},{\"@type\":\"WebSite\",\"@id\":\"https:\\\/\\\/beneggiassociati.com\\\/en\\\/#website\",\"url\":\"https:\\\/\\\/beneggiassociati.com\\\/en\\\/\",\"name\":\"Beneggi e associati\",\"description\":\"\",\"publisher\":{\"@id\":\"https:\\\/\\\/beneggiassociati.com\\\/en\\\/#organization\"},\"potentialAction\":[{\"@type\":\"SearchAction\",\"target\":{\"@type\":\"EntryPoint\",\"urlTemplate\":\"https:\\\/\\\/beneggiassociati.com\\\/en\\\/?s={search_term_string}\"},\"query-input\":{\"@type\":\"PropertyValueSpecification\",\"valueRequired\":true,\"valueName\":\"search_term_string\"}}],\"inLanguage\":\"en-US\"},{\"@type\":\"Organization\",\"@id\":\"https:\\\/\\\/beneggiassociati.com\\\/en\\\/#organization\",\"name\":\"Beneggi e associati\",\"url\":\"https:\\\/\\\/beneggiassociati.com\\\/en\\\/\",\"logo\":{\"@type\":\"ImageObject\",\"inLanguage\":\"en-US\",\"@id\":\"https:\\\/\\\/beneggiassociati.com\\\/en\\\/#\\\/schema\\\/logo\\\/image\\\/\",\"url\":\"https:\\\/\\\/beneggiassociati.com\\\/wp-content\\\/uploads\\\/2025\\\/07\\\/beneggi-logo.png\",\"contentUrl\":\"https:\\\/\\\/beneggiassociati.com\\\/wp-content\\\/uploads\\\/2025\\\/07\\\/beneggi-logo.png\",\"width\":141,\"height\":87,\"caption\":\"Beneggi e associati\"},\"image\":{\"@id\":\"https:\\\/\\\/beneggiassociati.com\\\/en\\\/#\\\/schema\\\/logo\\\/image\\\/\"}},{\"@type\":\"Person\",\"@id\":\"https:\\\/\\\/beneggiassociati.com\\\/en\\\/#\\\/schema\\\/person\\\/828daacfa37b359e89e981f920072004\",\"name\":\"Tiziano Beneggi\",\"url\":\"https:\\\/\\\/beneggiassociati.com\\\/en\\\/author\\\/tizianobeneggiassociati-com\\\/\"}]}<\/script>\n<!-- \/ Yoast SEO plugin. -->","yoast_head_json":{"title":"Srl, le quote intestate ai familiari entrano nel calcolo del forfettario - Beneggi &amp; Associati","description":"Se non vi sono problemi alla detenzione di una societ\u00e0 semplice immobiliare \u2013 essendo il reddito di natura fondiaria e non d\u2019impresa \u2013 il possesso di una","robots":{"index":"index","follow":"follow","max-snippet":"max-snippet:-1","max-image-preview":"max-image-preview:large","max-video-preview":"max-video-preview:-1"},"canonical":"https:\/\/beneggiassociati.com\/en\/srl-le-quote-intestate-ai-familiari-entrano-nel-calcolo-del-forfettario\/","og_locale":"en_US","og_type":"article","og_title":"Srl, le quote intestate ai familiari entrano nel calcolo del forfettario - Beneggi &amp; Associati","og_description":"Se non vi sono problemi alla detenzione di una societ\u00e0 semplice immobiliare \u2013 essendo il reddito di natura fondiaria e non d\u2019impresa \u2013 il possesso di una","og_url":"https:\/\/beneggiassociati.com\/en\/srl-le-quote-intestate-ai-familiari-entrano-nel-calcolo-del-forfettario\/","og_site_name":"Beneggi &amp; Associati","article_published_time":"2019-04-28T08:40:00+00:00","og_image":[{"width":1280,"height":823,"url":"https:\/\/beneggiassociati.com\/wp-content\/uploads\/2025\/07\/single-post-beneggi.jpg","type":"image\/jpeg"}],"author":"Tiziano Beneggi","twitter_card":"summary_large_image","twitter_misc":{"Written by":"Tiziano Beneggi","Est. reading time":"1 minute"},"schema":{"@context":"https:\/\/schema.org","@graph":[{"@type":"Article","@id":"https:\/\/beneggiassociati.com\/en\/srl-le-quote-intestate-ai-familiari-entrano-nel-calcolo-del-forfettario\/#article","isPartOf":{"@id":"https:\/\/beneggiassociati.com\/en\/srl-le-quote-intestate-ai-familiari-entrano-nel-calcolo-del-forfettario\/"},"author":{"name":"Tiziano Beneggi","@id":"https:\/\/beneggiassociati.com\/en\/#\/schema\/person\/828daacfa37b359e89e981f920072004"},"headline":"Srl, le quote intestate ai familiari entrano nel calcolo del forfettario","datePublished":"2019-04-28T08:40:00+00:00","mainEntityOfPage":{"@id":"https:\/\/beneggiassociati.com\/en\/srl-le-quote-intestate-ai-familiari-entrano-nel-calcolo-del-forfettario\/"},"wordCount":282,"commentCount":0,"publisher":{"@id":"https:\/\/beneggiassociati.com\/en\/#organization"},"image":{"@id":"https:\/\/beneggiassociati.com\/en\/srl-le-quote-intestate-ai-familiari-entrano-nel-calcolo-del-forfettario\/#primaryimage"},"thumbnailUrl":"https:\/\/beneggiassociati.com\/wp-content\/uploads\/2025\/07\/single-post-beneggi.jpg","articleSection":["ARCHIVIO"],"inLanguage":"en-US"},{"@type":"WebPage","@id":"https:\/\/beneggiassociati.com\/en\/srl-le-quote-intestate-ai-familiari-entrano-nel-calcolo-del-forfettario\/","url":"https:\/\/beneggiassociati.com\/en\/srl-le-quote-intestate-ai-familiari-entrano-nel-calcolo-del-forfettario\/","name":"Srl, le quote intestate ai familiari entrano nel calcolo del forfettario - Beneggi &amp; Associati","isPartOf":{"@id":"https:\/\/beneggiassociati.com\/en\/#website"},"primaryImageOfPage":{"@id":"https:\/\/beneggiassociati.com\/en\/srl-le-quote-intestate-ai-familiari-entrano-nel-calcolo-del-forfettario\/#primaryimage"},"image":{"@id":"https:\/\/beneggiassociati.com\/en\/srl-le-quote-intestate-ai-familiari-entrano-nel-calcolo-del-forfettario\/#primaryimage"},"thumbnailUrl":"https:\/\/beneggiassociati.com\/wp-content\/uploads\/2025\/07\/single-post-beneggi.jpg","datePublished":"2019-04-28T08:40:00+00:00","description":"Se non vi sono problemi alla detenzione di una societ\u00e0 semplice immobiliare \u2013 essendo il reddito di natura fondiaria e non d\u2019impresa \u2013 il possesso di una","breadcrumb":{"@id":"https:\/\/beneggiassociati.com\/en\/srl-le-quote-intestate-ai-familiari-entrano-nel-calcolo-del-forfettario\/#breadcrumb"},"inLanguage":"en-US","potentialAction":[{"@type":"ReadAction","target":["https:\/\/beneggiassociati.com\/en\/srl-le-quote-intestate-ai-familiari-entrano-nel-calcolo-del-forfettario\/"]}]},{"@type":"ImageObject","inLanguage":"en-US","@id":"https:\/\/beneggiassociati.com\/en\/srl-le-quote-intestate-ai-familiari-entrano-nel-calcolo-del-forfettario\/#primaryimage","url":"https:\/\/beneggiassociati.com\/wp-content\/uploads\/2025\/07\/single-post-beneggi.jpg","contentUrl":"https:\/\/beneggiassociati.com\/wp-content\/uploads\/2025\/07\/single-post-beneggi.jpg","width":1280,"height":823},{"@type":"BreadcrumbList","@id":"https:\/\/beneggiassociati.com\/en\/srl-le-quote-intestate-ai-familiari-entrano-nel-calcolo-del-forfettario\/#breadcrumb","itemListElement":[{"@type":"ListItem","position":1,"name":"Home","item":"https:\/\/beneggiassociati.com\/en\/?page_id=24163"},{"@type":"ListItem","position":2,"name":"Srl, le quote intestate ai familiari entrano nel calcolo del forfettario"}]},{"@type":"WebSite","@id":"https:\/\/beneggiassociati.com\/en\/#website","url":"https:\/\/beneggiassociati.com\/en\/","name":"Beneggi e associati","description":"","publisher":{"@id":"https:\/\/beneggiassociati.com\/en\/#organization"},"potentialAction":[{"@type":"SearchAction","target":{"@type":"EntryPoint","urlTemplate":"https:\/\/beneggiassociati.com\/en\/?s={search_term_string}"},"query-input":{"@type":"PropertyValueSpecification","valueRequired":true,"valueName":"search_term_string"}}],"inLanguage":"en-US"},{"@type":"Organization","@id":"https:\/\/beneggiassociati.com\/en\/#organization","name":"Beneggi e associati","url":"https:\/\/beneggiassociati.com\/en\/","logo":{"@type":"ImageObject","inLanguage":"en-US","@id":"https:\/\/beneggiassociati.com\/en\/#\/schema\/logo\/image\/","url":"https:\/\/beneggiassociati.com\/wp-content\/uploads\/2025\/07\/beneggi-logo.png","contentUrl":"https:\/\/beneggiassociati.com\/wp-content\/uploads\/2025\/07\/beneggi-logo.png","width":141,"height":87,"caption":"Beneggi e associati"},"image":{"@id":"https:\/\/beneggiassociati.com\/en\/#\/schema\/logo\/image\/"}},{"@type":"Person","@id":"https:\/\/beneggiassociati.com\/en\/#\/schema\/person\/828daacfa37b359e89e981f920072004","name":"Tiziano Beneggi","url":"https:\/\/beneggiassociati.com\/en\/author\/tizianobeneggiassociati-com\/"}]}},"_links":{"self":[{"href":"https:\/\/beneggiassociati.com\/en\/wp-json\/wp\/v2\/posts\/16508","targetHints":{"allow":["GET"]}}],"collection":[{"href":"https:\/\/beneggiassociati.com\/en\/wp-json\/wp\/v2\/posts"}],"about":[{"href":"https:\/\/beneggiassociati.com\/en\/wp-json\/wp\/v2\/types\/post"}],"author":[{"embeddable":true,"href":"https:\/\/beneggiassociati.com\/en\/wp-json\/wp\/v2\/users\/4"}],"replies":[{"embeddable":true,"href":"https:\/\/beneggiassociati.com\/en\/wp-json\/wp\/v2\/comments?post=16508"}],"version-history":[{"count":0,"href":"https:\/\/beneggiassociati.com\/en\/wp-json\/wp\/v2\/posts\/16508\/revisions"}],"wp:featuredmedia":[{"embeddable":true,"href":"https:\/\/beneggiassociati.com\/en\/wp-json\/wp\/v2\/media\/409"}],"wp:attachment":[{"href":"https:\/\/beneggiassociati.com\/en\/wp-json\/wp\/v2\/media?parent=16508"}],"wp:term":[{"taxonomy":"category","embeddable":true,"href":"https:\/\/beneggiassociati.com\/en\/wp-json\/wp\/v2\/categories?post=16508"},{"taxonomy":"post_tag","embeddable":true,"href":"https:\/\/beneggiassociati.com\/en\/wp-json\/wp\/v2\/tags?post=16508"}],"curies":[{"name":"wp","href":"https:\/\/api.w.org\/{rel}","templated":true}]}}