{"id":16509,"date":"2019-04-28T15:34:00","date_gmt":"2019-04-28T13:34:00","guid":{"rendered":"https:\/\/dev.beneggiassociati.com\/2019\/04\/28\/agevolazioni-per-le-imprese-sociali-partono-le-domande-per-i-fondi\/"},"modified":"2019-04-28T15:34:00","modified_gmt":"2019-04-28T13:34:00","slug":"agevolazioni-per-le-imprese-sociali-partono-le-domande-per-i-fondi","status":"publish","type":"post","link":"https:\/\/beneggiassociati.com\/en\/agevolazioni-per-le-imprese-sociali-partono-le-domande-per-i-fondi\/","title":{"rendered":"Agevolazioni per le imprese sociali, partono le domande per i fondi"},"content":{"rendered":"\n<p>Via alle domande per accedere entro il 30 giugno a un plafond dal valore di 223 milioni di euro, in larga parte dedicati ai finanziamenti agevolati.&nbsp;<\/p>\n\n\n<p>\u00c8 possibile presentare richiesta per l\u2019erogazione di stati avanzamento lavori e saldo relativi al finanziamento agevolato e, dove previsto, per il contributo non rimborsabile.<\/p>\n\n\n<p>Queste agevolazioni sono destinate ad imprese e cooperative sociali e a societ\u00e0 cooperative Onlus per la promozione, diffusione e rafforzamento dell\u2019economia sociale, finalizzato alla nascita e alla crescita delle imprese che operano, in tutto il territorio nazionale, per il perseguimento di meritevoli interessi generali e finalit\u00e0 di utilit\u00e0 sociale. Queste finalit\u00e0 vanno perseguite nell\u2019ambito di programmi che consentano l\u2019incremento occupazionale di categorie svantaggiate, ma anche attraverso il raggiungimento di specifici obiettivi volti alla salvaguardia e valorizzazione dell\u2019ambiente, del territorio e dei beni storico-culturali. Le spese sostenute nell\u2019ambito dei programmi possono riguardare suolo aziendale e sue sistemazioni, fabbricati, opere edili\/murarie, ma anche macchinari, impianti ed attrezzature, compresi i programmi informatici.<\/p>\n\n\n<p>Le agevolazioni consistono nella concessione di un finanziamento di durata fino a 15 anni, comprensiva di un periodo di preammortamento massimo di quattro anni al tasso agevolato dello 0,5% annuo, cui deve essere associato un finanziamento bancario, a tasso di mercato e di pari durata, erogato da una banca finanziatrice individuata dall\u2019impresa. Per i soli programmi che prevedono investimenti non superiori a tre milioni e che rientrano nel campo di applicazione del regolamento (Ue) 1407\/2013, al finanziamento agevolato pu\u00f2 essere aggiunto un contributo non rimborsabile, nel limite massimo del 5% delle spese ammissibili complessive.<\/p>\n\n\n<p><a href=\"mailto:info@beneggiassociati.com\" target=\"_blank\" rel=\"noreferrer noopener\">Sei interessato all\u2019articolo? Scrivici e verrai contattato da un nostro Consultant<\/a><\/p>\n\n\n<p><a href=\"https:\/\/beneggiassociati.com\/\" target=\"_blank\" rel=\"noreferrer noopener\">@ Beneggi e Associati | Commercialisti al servizio delle imprese | Meda | Milano<\/a><br \/><\/p>\n","protected":false},"excerpt":{"rendered":"<p>Via alle domande per accedere entro il 30 giugno a un plafond dal valore di 223 milioni di euro, in larga parte dedicati ai finanziamenti agevolati.&nbsp; \u00c8 possibile presentare richiesta per l\u2019erogazione di stati avanzamento lavori e saldo relativi al finanziamento agevolato e, dove previsto, per il contributo non rimborsabile. Queste agevolazioni sono destinate ad [&hellip;]<\/p>\n","protected":false},"author":4,"featured_media":409,"comment_status":"open","ping_status":"open","sticky":false,"template":"","format":"standard","meta":{"_acf_changed":false,"content-type":"","footnotes":""},"categories":[16],"tags":[],"class_list":["post-16509","post","type-post","status-publish","format-standard","has-post-thumbnail","hentry","category-archivio"],"acf":[],"yoast_head":"<!-- This site is optimized with the Yoast SEO plugin v27.5 - https:\/\/yoast.com\/product\/yoast-seo-wordpress\/ -->\n<title>Agevolazioni per le imprese sociali, partono le domande per i fondi - Beneggi &amp; Associati<\/title>\n<meta name=\"description\" content=\"Via alle domande per accedere entro il 30 giugno a un plafond dal valore di 223 milioni di euro, in larga parte dedicati ai finanziamenti agevolati.&nbsp;\" \/>\n<meta name=\"robots\" content=\"index, follow, max-snippet:-1, max-image-preview:large, max-video-preview:-1\" \/>\n<link rel=\"canonical\" href=\"https:\/\/beneggiassociati.com\/en\/agevolazioni-per-le-imprese-sociali-partono-le-domande-per-i-fondi\/\" \/>\n<meta property=\"og:locale\" content=\"en_US\" \/>\n<meta property=\"og:type\" content=\"article\" \/>\n<meta property=\"og:title\" content=\"Agevolazioni per le imprese sociali, partono le domande per i fondi - Beneggi &amp; Associati\" \/>\n<meta property=\"og:description\" content=\"Via alle domande per accedere entro il 30 giugno a un plafond dal valore di 223 milioni di euro, in larga parte dedicati ai finanziamenti agevolati.&nbsp;\" \/>\n<meta property=\"og:url\" content=\"https:\/\/beneggiassociati.com\/en\/agevolazioni-per-le-imprese-sociali-partono-le-domande-per-i-fondi\/\" \/>\n<meta property=\"og:site_name\" content=\"Beneggi &amp; Associati\" \/>\n<meta property=\"article:published_time\" content=\"2019-04-28T13:34:00+00:00\" \/>\n<meta property=\"og:image\" content=\"https:\/\/beneggiassociati.com\/wp-content\/uploads\/2025\/07\/single-post-beneggi.jpg\" \/>\n\t<meta property=\"og:image:width\" content=\"1280\" \/>\n\t<meta property=\"og:image:height\" content=\"823\" \/>\n\t<meta property=\"og:image:type\" content=\"image\/jpeg\" \/>\n<meta name=\"author\" content=\"Tiziano Beneggi\" \/>\n<meta name=\"twitter:card\" content=\"summary_large_image\" \/>\n<meta name=\"twitter:label1\" content=\"Written by\" \/>\n\t<meta name=\"twitter:data1\" content=\"Tiziano Beneggi\" \/>\n\t<meta name=\"twitter:label2\" content=\"Est. reading time\" \/>\n\t<meta name=\"twitter:data2\" content=\"1 minute\" \/>\n<script type=\"application\/ld+json\" class=\"yoast-schema-graph\">{\"@context\":\"https:\\\/\\\/schema.org\",\"@graph\":[{\"@type\":\"Article\",\"@id\":\"https:\\\/\\\/beneggiassociati.com\\\/en\\\/agevolazioni-per-le-imprese-sociali-partono-le-domande-per-i-fondi\\\/#article\",\"isPartOf\":{\"@id\":\"https:\\\/\\\/beneggiassociati.com\\\/en\\\/agevolazioni-per-le-imprese-sociali-partono-le-domande-per-i-fondi\\\/\"},\"author\":{\"name\":\"Tiziano Beneggi\",\"@id\":\"https:\\\/\\\/beneggiassociati.com\\\/en\\\/#\\\/schema\\\/person\\\/828daacfa37b359e89e981f920072004\"},\"headline\":\"Agevolazioni per le imprese sociali, partono le domande per i fondi\",\"datePublished\":\"2019-04-28T13:34:00+00:00\",\"mainEntityOfPage\":{\"@id\":\"https:\\\/\\\/beneggiassociati.com\\\/en\\\/agevolazioni-per-le-imprese-sociali-partono-le-domande-per-i-fondi\\\/\"},\"wordCount\":288,\"commentCount\":0,\"publisher\":{\"@id\":\"https:\\\/\\\/beneggiassociati.com\\\/en\\\/#organization\"},\"image\":{\"@id\":\"https:\\\/\\\/beneggiassociati.com\\\/en\\\/agevolazioni-per-le-imprese-sociali-partono-le-domande-per-i-fondi\\\/#primaryimage\"},\"thumbnailUrl\":\"https:\\\/\\\/beneggiassociati.com\\\/wp-content\\\/uploads\\\/2025\\\/07\\\/single-post-beneggi.jpg\",\"articleSection\":[\"ARCHIVIO\"],\"inLanguage\":\"en-US\"},{\"@type\":\"WebPage\",\"@id\":\"https:\\\/\\\/beneggiassociati.com\\\/en\\\/agevolazioni-per-le-imprese-sociali-partono-le-domande-per-i-fondi\\\/\",\"url\":\"https:\\\/\\\/beneggiassociati.com\\\/en\\\/agevolazioni-per-le-imprese-sociali-partono-le-domande-per-i-fondi\\\/\",\"name\":\"Agevolazioni per le imprese sociali, partono le domande per i fondi - Beneggi &amp; Associati\",\"isPartOf\":{\"@id\":\"https:\\\/\\\/beneggiassociati.com\\\/en\\\/#website\"},\"primaryImageOfPage\":{\"@id\":\"https:\\\/\\\/beneggiassociati.com\\\/en\\\/agevolazioni-per-le-imprese-sociali-partono-le-domande-per-i-fondi\\\/#primaryimage\"},\"image\":{\"@id\":\"https:\\\/\\\/beneggiassociati.com\\\/en\\\/agevolazioni-per-le-imprese-sociali-partono-le-domande-per-i-fondi\\\/#primaryimage\"},\"thumbnailUrl\":\"https:\\\/\\\/beneggiassociati.com\\\/wp-content\\\/uploads\\\/2025\\\/07\\\/single-post-beneggi.jpg\",\"datePublished\":\"2019-04-28T13:34:00+00:00\",\"description\":\"Via alle domande per accedere entro il 30 giugno a un plafond dal valore di 223 milioni di euro, in larga parte dedicati ai finanziamenti agevolati.&nbsp;\",\"breadcrumb\":{\"@id\":\"https:\\\/\\\/beneggiassociati.com\\\/en\\\/agevolazioni-per-le-imprese-sociali-partono-le-domande-per-i-fondi\\\/#breadcrumb\"},\"inLanguage\":\"en-US\",\"potentialAction\":[{\"@type\":\"ReadAction\",\"target\":[\"https:\\\/\\\/beneggiassociati.com\\\/en\\\/agevolazioni-per-le-imprese-sociali-partono-le-domande-per-i-fondi\\\/\"]}]},{\"@type\":\"ImageObject\",\"inLanguage\":\"en-US\",\"@id\":\"https:\\\/\\\/beneggiassociati.com\\\/en\\\/agevolazioni-per-le-imprese-sociali-partono-le-domande-per-i-fondi\\\/#primaryimage\",\"url\":\"https:\\\/\\\/beneggiassociati.com\\\/wp-content\\\/uploads\\\/2025\\\/07\\\/single-post-beneggi.jpg\",\"contentUrl\":\"https:\\\/\\\/beneggiassociati.com\\\/wp-content\\\/uploads\\\/2025\\\/07\\\/single-post-beneggi.jpg\",\"width\":1280,\"height\":823},{\"@type\":\"BreadcrumbList\",\"@id\":\"https:\\\/\\\/beneggiassociati.com\\\/en\\\/agevolazioni-per-le-imprese-sociali-partono-le-domande-per-i-fondi\\\/#breadcrumb\",\"itemListElement\":[{\"@type\":\"ListItem\",\"position\":1,\"name\":\"Home\",\"item\":\"https:\\\/\\\/beneggiassociati.com\\\/en\\\/?page_id=24163\"},{\"@type\":\"ListItem\",\"position\":2,\"name\":\"Agevolazioni per le imprese sociali, partono le domande per i fondi\"}]},{\"@type\":\"WebSite\",\"@id\":\"https:\\\/\\\/beneggiassociati.com\\\/en\\\/#website\",\"url\":\"https:\\\/\\\/beneggiassociati.com\\\/en\\\/\",\"name\":\"Beneggi e associati\",\"description\":\"\",\"publisher\":{\"@id\":\"https:\\\/\\\/beneggiassociati.com\\\/en\\\/#organization\"},\"potentialAction\":[{\"@type\":\"SearchAction\",\"target\":{\"@type\":\"EntryPoint\",\"urlTemplate\":\"https:\\\/\\\/beneggiassociati.com\\\/en\\\/?s={search_term_string}\"},\"query-input\":{\"@type\":\"PropertyValueSpecification\",\"valueRequired\":true,\"valueName\":\"search_term_string\"}}],\"inLanguage\":\"en-US\"},{\"@type\":\"Organization\",\"@id\":\"https:\\\/\\\/beneggiassociati.com\\\/en\\\/#organization\",\"name\":\"Beneggi e associati\",\"url\":\"https:\\\/\\\/beneggiassociati.com\\\/en\\\/\",\"logo\":{\"@type\":\"ImageObject\",\"inLanguage\":\"en-US\",\"@id\":\"https:\\\/\\\/beneggiassociati.com\\\/en\\\/#\\\/schema\\\/logo\\\/image\\\/\",\"url\":\"https:\\\/\\\/beneggiassociati.com\\\/wp-content\\\/uploads\\\/2025\\\/07\\\/beneggi-logo.png\",\"contentUrl\":\"https:\\\/\\\/beneggiassociati.com\\\/wp-content\\\/uploads\\\/2025\\\/07\\\/beneggi-logo.png\",\"width\":141,\"height\":87,\"caption\":\"Beneggi e associati\"},\"image\":{\"@id\":\"https:\\\/\\\/beneggiassociati.com\\\/en\\\/#\\\/schema\\\/logo\\\/image\\\/\"}},{\"@type\":\"Person\",\"@id\":\"https:\\\/\\\/beneggiassociati.com\\\/en\\\/#\\\/schema\\\/person\\\/828daacfa37b359e89e981f920072004\",\"name\":\"Tiziano Beneggi\",\"url\":\"https:\\\/\\\/beneggiassociati.com\\\/en\\\/author\\\/tizianobeneggiassociati-com\\\/\"}]}<\/script>\n<!-- \/ Yoast SEO plugin. -->","yoast_head_json":{"title":"Agevolazioni per le imprese sociali, partono le domande per i fondi - Beneggi &amp; Associati","description":"Via alle domande per accedere entro il 30 giugno a un plafond dal valore di 223 milioni di euro, in larga parte dedicati ai finanziamenti agevolati.&nbsp;","robots":{"index":"index","follow":"follow","max-snippet":"max-snippet:-1","max-image-preview":"max-image-preview:large","max-video-preview":"max-video-preview:-1"},"canonical":"https:\/\/beneggiassociati.com\/en\/agevolazioni-per-le-imprese-sociali-partono-le-domande-per-i-fondi\/","og_locale":"en_US","og_type":"article","og_title":"Agevolazioni per le imprese sociali, partono le domande per i fondi - Beneggi &amp; Associati","og_description":"Via alle domande per accedere entro il 30 giugno a un plafond dal valore di 223 milioni di euro, in larga parte dedicati ai finanziamenti agevolati.&nbsp;","og_url":"https:\/\/beneggiassociati.com\/en\/agevolazioni-per-le-imprese-sociali-partono-le-domande-per-i-fondi\/","og_site_name":"Beneggi &amp; Associati","article_published_time":"2019-04-28T13:34:00+00:00","og_image":[{"width":1280,"height":823,"url":"https:\/\/beneggiassociati.com\/wp-content\/uploads\/2025\/07\/single-post-beneggi.jpg","type":"image\/jpeg"}],"author":"Tiziano Beneggi","twitter_card":"summary_large_image","twitter_misc":{"Written by":"Tiziano Beneggi","Est. reading time":"1 minute"},"schema":{"@context":"https:\/\/schema.org","@graph":[{"@type":"Article","@id":"https:\/\/beneggiassociati.com\/en\/agevolazioni-per-le-imprese-sociali-partono-le-domande-per-i-fondi\/#article","isPartOf":{"@id":"https:\/\/beneggiassociati.com\/en\/agevolazioni-per-le-imprese-sociali-partono-le-domande-per-i-fondi\/"},"author":{"name":"Tiziano Beneggi","@id":"https:\/\/beneggiassociati.com\/en\/#\/schema\/person\/828daacfa37b359e89e981f920072004"},"headline":"Agevolazioni per le imprese sociali, partono le domande per i fondi","datePublished":"2019-04-28T13:34:00+00:00","mainEntityOfPage":{"@id":"https:\/\/beneggiassociati.com\/en\/agevolazioni-per-le-imprese-sociali-partono-le-domande-per-i-fondi\/"},"wordCount":288,"commentCount":0,"publisher":{"@id":"https:\/\/beneggiassociati.com\/en\/#organization"},"image":{"@id":"https:\/\/beneggiassociati.com\/en\/agevolazioni-per-le-imprese-sociali-partono-le-domande-per-i-fondi\/#primaryimage"},"thumbnailUrl":"https:\/\/beneggiassociati.com\/wp-content\/uploads\/2025\/07\/single-post-beneggi.jpg","articleSection":["ARCHIVIO"],"inLanguage":"en-US"},{"@type":"WebPage","@id":"https:\/\/beneggiassociati.com\/en\/agevolazioni-per-le-imprese-sociali-partono-le-domande-per-i-fondi\/","url":"https:\/\/beneggiassociati.com\/en\/agevolazioni-per-le-imprese-sociali-partono-le-domande-per-i-fondi\/","name":"Agevolazioni per le imprese sociali, partono le domande per i fondi - Beneggi &amp; Associati","isPartOf":{"@id":"https:\/\/beneggiassociati.com\/en\/#website"},"primaryImageOfPage":{"@id":"https:\/\/beneggiassociati.com\/en\/agevolazioni-per-le-imprese-sociali-partono-le-domande-per-i-fondi\/#primaryimage"},"image":{"@id":"https:\/\/beneggiassociati.com\/en\/agevolazioni-per-le-imprese-sociali-partono-le-domande-per-i-fondi\/#primaryimage"},"thumbnailUrl":"https:\/\/beneggiassociati.com\/wp-content\/uploads\/2025\/07\/single-post-beneggi.jpg","datePublished":"2019-04-28T13:34:00+00:00","description":"Via alle domande per accedere entro il 30 giugno a un plafond dal valore di 223 milioni di euro, in larga parte dedicati ai finanziamenti agevolati.&nbsp;","breadcrumb":{"@id":"https:\/\/beneggiassociati.com\/en\/agevolazioni-per-le-imprese-sociali-partono-le-domande-per-i-fondi\/#breadcrumb"},"inLanguage":"en-US","potentialAction":[{"@type":"ReadAction","target":["https:\/\/beneggiassociati.com\/en\/agevolazioni-per-le-imprese-sociali-partono-le-domande-per-i-fondi\/"]}]},{"@type":"ImageObject","inLanguage":"en-US","@id":"https:\/\/beneggiassociati.com\/en\/agevolazioni-per-le-imprese-sociali-partono-le-domande-per-i-fondi\/#primaryimage","url":"https:\/\/beneggiassociati.com\/wp-content\/uploads\/2025\/07\/single-post-beneggi.jpg","contentUrl":"https:\/\/beneggiassociati.com\/wp-content\/uploads\/2025\/07\/single-post-beneggi.jpg","width":1280,"height":823},{"@type":"BreadcrumbList","@id":"https:\/\/beneggiassociati.com\/en\/agevolazioni-per-le-imprese-sociali-partono-le-domande-per-i-fondi\/#breadcrumb","itemListElement":[{"@type":"ListItem","position":1,"name":"Home","item":"https:\/\/beneggiassociati.com\/en\/?page_id=24163"},{"@type":"ListItem","position":2,"name":"Agevolazioni per le imprese sociali, partono le domande per i fondi"}]},{"@type":"WebSite","@id":"https:\/\/beneggiassociati.com\/en\/#website","url":"https:\/\/beneggiassociati.com\/en\/","name":"Beneggi e associati","description":"","publisher":{"@id":"https:\/\/beneggiassociati.com\/en\/#organization"},"potentialAction":[{"@type":"SearchAction","target":{"@type":"EntryPoint","urlTemplate":"https:\/\/beneggiassociati.com\/en\/?s={search_term_string}"},"query-input":{"@type":"PropertyValueSpecification","valueRequired":true,"valueName":"search_term_string"}}],"inLanguage":"en-US"},{"@type":"Organization","@id":"https:\/\/beneggiassociati.com\/en\/#organization","name":"Beneggi e associati","url":"https:\/\/beneggiassociati.com\/en\/","logo":{"@type":"ImageObject","inLanguage":"en-US","@id":"https:\/\/beneggiassociati.com\/en\/#\/schema\/logo\/image\/","url":"https:\/\/beneggiassociati.com\/wp-content\/uploads\/2025\/07\/beneggi-logo.png","contentUrl":"https:\/\/beneggiassociati.com\/wp-content\/uploads\/2025\/07\/beneggi-logo.png","width":141,"height":87,"caption":"Beneggi e associati"},"image":{"@id":"https:\/\/beneggiassociati.com\/en\/#\/schema\/logo\/image\/"}},{"@type":"Person","@id":"https:\/\/beneggiassociati.com\/en\/#\/schema\/person\/828daacfa37b359e89e981f920072004","name":"Tiziano Beneggi","url":"https:\/\/beneggiassociati.com\/en\/author\/tizianobeneggiassociati-com\/"}]}},"_links":{"self":[{"href":"https:\/\/beneggiassociati.com\/en\/wp-json\/wp\/v2\/posts\/16509","targetHints":{"allow":["GET"]}}],"collection":[{"href":"https:\/\/beneggiassociati.com\/en\/wp-json\/wp\/v2\/posts"}],"about":[{"href":"https:\/\/beneggiassociati.com\/en\/wp-json\/wp\/v2\/types\/post"}],"author":[{"embeddable":true,"href":"https:\/\/beneggiassociati.com\/en\/wp-json\/wp\/v2\/users\/4"}],"replies":[{"embeddable":true,"href":"https:\/\/beneggiassociati.com\/en\/wp-json\/wp\/v2\/comments?post=16509"}],"version-history":[{"count":0,"href":"https:\/\/beneggiassociati.com\/en\/wp-json\/wp\/v2\/posts\/16509\/revisions"}],"wp:featuredmedia":[{"embeddable":true,"href":"https:\/\/beneggiassociati.com\/en\/wp-json\/wp\/v2\/media\/409"}],"wp:attachment":[{"href":"https:\/\/beneggiassociati.com\/en\/wp-json\/wp\/v2\/media?parent=16509"}],"wp:term":[{"taxonomy":"category","embeddable":true,"href":"https:\/\/beneggiassociati.com\/en\/wp-json\/wp\/v2\/categories?post=16509"},{"taxonomy":"post_tag","embeddable":true,"href":"https:\/\/beneggiassociati.com\/en\/wp-json\/wp\/v2\/tags?post=16509"}],"curies":[{"name":"wp","href":"https:\/\/api.w.org\/{rel}","templated":true}]}}