{"id":16548,"date":"2019-06-09T08:18:00","date_gmt":"2019-06-09T06:18:00","guid":{"rendered":"https:\/\/dev.beneggiassociati.com\/2019\/06\/09\/ferie-quando-si-blocca-il-superamento-del-comporto\/"},"modified":"2019-06-09T08:18:00","modified_gmt":"2019-06-09T06:18:00","slug":"ferie-quando-si-blocca-il-superamento-del-comporto","status":"publish","type":"post","link":"https:\/\/beneggiassociati.com\/en\/ferie-quando-si-blocca-il-superamento-del-comporto\/","title":{"rendered":"Ferie, quando si blocca il superamento del comporto"},"content":{"rendered":"\n<p>Per evitare il licenziamento che conseguirebbe al decorso del periodo di comporto, il dipendente malato pu\u00f2 chiedere di fruire delle ferie gi\u00e0 maturate.&nbsp;<\/p>\n\n\n<p>Le ferie potranno essere rifiutate dal datore di lavoro, in caso di particolari esigenze aziendali. L\u2019obbligo di concedere le ferie a carico del datore viene in ogni caso meno quando il lavoratore pu\u00f2 chiedere in base al contratto collettivo applicato e per le stesse finalit\u00e0, il collocamento in aspettativa non retribuita. Se il Ccnl non lo prevede, il datore non \u00e8 obbligato ad avvertire preventivamente il lavoratore dell\u2019imminente scadenza del periodo di comporto.<\/p>\n\n\n<p>Prima della fine del periodo di comporto \u00e8 possibile porre fine al rapporto di lavoro, con effetto immediato, tramite il licenziamento per giusta causa, che consente il recesso del datore di lavoro senza alcun preavviso. La Cassazione ha legittimato il licenziamento per giusta causa inflitto a un lavoratore in malattia per una lombosciatalgia, esibitosi per\u00f2 in un concerto, proprio durante la sospensione del rapporto.<\/p>\n\n\n<p><a href=\"mailto:info@beneggiassociati.com\" target=\"_blank\" rel=\"noreferrer noopener\">Sei interessato all\u2019articolo? Scrivici e verrai contattato da un nostro Consultant<\/a><\/p>\n\n\n<p><a href=\"https:\/\/beneggiassociati.com\/\" target=\"_blank\" rel=\"noreferrer noopener\">@ Beneggi e Associati | Commercialisti al servizio delle imprese | Meda | Milano<\/a><br \/><\/p>\n","protected":false},"excerpt":{"rendered":"<p>Per evitare il licenziamento che conseguirebbe al decorso del periodo di comporto, il dipendente malato pu\u00f2 chiedere di fruire delle ferie gi\u00e0 maturate.&nbsp; Le ferie potranno essere rifiutate dal datore di lavoro, in caso di particolari esigenze aziendali. L\u2019obbligo di concedere le ferie a carico del datore viene in ogni caso meno quando il lavoratore [&hellip;]<\/p>\n","protected":false},"author":4,"featured_media":409,"comment_status":"open","ping_status":"open","sticky":false,"template":"","format":"standard","meta":{"_acf_changed":false,"content-type":"","footnotes":""},"categories":[16],"tags":[],"class_list":["post-16548","post","type-post","status-publish","format-standard","has-post-thumbnail","hentry","category-archivio"],"acf":[],"yoast_head":"<!-- This site is optimized with the Yoast SEO plugin v27.5 - https:\/\/yoast.com\/product\/yoast-seo-wordpress\/ -->\n<title>Ferie, quando si blocca il superamento del comporto - Beneggi &amp; Associati<\/title>\n<meta name=\"description\" content=\"Per evitare il licenziamento che conseguirebbe al decorso del periodo di comporto, il dipendente malato pu\u00f2 chiedere di fruire delle ferie gi\u00e0\" \/>\n<meta name=\"robots\" content=\"index, follow, max-snippet:-1, max-image-preview:large, max-video-preview:-1\" \/>\n<link rel=\"canonical\" href=\"https:\/\/beneggiassociati.com\/en\/ferie-quando-si-blocca-il-superamento-del-comporto\/\" \/>\n<meta property=\"og:locale\" content=\"en_US\" \/>\n<meta property=\"og:type\" content=\"article\" \/>\n<meta property=\"og:title\" content=\"Ferie, quando si blocca il superamento del comporto - Beneggi &amp; Associati\" \/>\n<meta property=\"og:description\" content=\"Per evitare il licenziamento che conseguirebbe al decorso del periodo di comporto, il dipendente malato pu\u00f2 chiedere di fruire delle ferie gi\u00e0\" \/>\n<meta property=\"og:url\" content=\"https:\/\/beneggiassociati.com\/en\/ferie-quando-si-blocca-il-superamento-del-comporto\/\" \/>\n<meta property=\"og:site_name\" content=\"Beneggi &amp; Associati\" \/>\n<meta property=\"article:published_time\" content=\"2019-06-09T06:18:00+00:00\" \/>\n<meta property=\"og:image\" content=\"https:\/\/beneggiassociati.com\/wp-content\/uploads\/2025\/07\/single-post-beneggi.jpg\" \/>\n\t<meta property=\"og:image:width\" content=\"1280\" \/>\n\t<meta property=\"og:image:height\" content=\"823\" \/>\n\t<meta property=\"og:image:type\" content=\"image\/jpeg\" \/>\n<meta name=\"author\" content=\"Tiziano Beneggi\" \/>\n<meta name=\"twitter:card\" content=\"summary_large_image\" \/>\n<meta name=\"twitter:label1\" content=\"Written by\" \/>\n\t<meta name=\"twitter:data1\" content=\"Tiziano Beneggi\" \/>\n\t<meta name=\"twitter:label2\" content=\"Est. reading time\" \/>\n\t<meta name=\"twitter:data2\" content=\"1 minute\" \/>\n<script type=\"application\/ld+json\" class=\"yoast-schema-graph\">{\"@context\":\"https:\\\/\\\/schema.org\",\"@graph\":[{\"@type\":\"Article\",\"@id\":\"https:\\\/\\\/beneggiassociati.com\\\/en\\\/ferie-quando-si-blocca-il-superamento-del-comporto\\\/#article\",\"isPartOf\":{\"@id\":\"https:\\\/\\\/beneggiassociati.com\\\/en\\\/ferie-quando-si-blocca-il-superamento-del-comporto\\\/\"},\"author\":{\"name\":\"Tiziano Beneggi\",\"@id\":\"https:\\\/\\\/beneggiassociati.com\\\/en\\\/#\\\/schema\\\/person\\\/828daacfa37b359e89e981f920072004\"},\"headline\":\"Ferie, quando si blocca il superamento del comporto\",\"datePublished\":\"2019-06-09T06:18:00+00:00\",\"mainEntityOfPage\":{\"@id\":\"https:\\\/\\\/beneggiassociati.com\\\/en\\\/ferie-quando-si-blocca-il-superamento-del-comporto\\\/\"},\"wordCount\":191,\"commentCount\":0,\"publisher\":{\"@id\":\"https:\\\/\\\/beneggiassociati.com\\\/en\\\/#organization\"},\"image\":{\"@id\":\"https:\\\/\\\/beneggiassociati.com\\\/en\\\/ferie-quando-si-blocca-il-superamento-del-comporto\\\/#primaryimage\"},\"thumbnailUrl\":\"https:\\\/\\\/beneggiassociati.com\\\/wp-content\\\/uploads\\\/2025\\\/07\\\/single-post-beneggi.jpg\",\"articleSection\":[\"ARCHIVIO\"],\"inLanguage\":\"en-US\"},{\"@type\":\"WebPage\",\"@id\":\"https:\\\/\\\/beneggiassociati.com\\\/en\\\/ferie-quando-si-blocca-il-superamento-del-comporto\\\/\",\"url\":\"https:\\\/\\\/beneggiassociati.com\\\/en\\\/ferie-quando-si-blocca-il-superamento-del-comporto\\\/\",\"name\":\"Ferie, quando si blocca il superamento del comporto - Beneggi &amp; Associati\",\"isPartOf\":{\"@id\":\"https:\\\/\\\/beneggiassociati.com\\\/en\\\/#website\"},\"primaryImageOfPage\":{\"@id\":\"https:\\\/\\\/beneggiassociati.com\\\/en\\\/ferie-quando-si-blocca-il-superamento-del-comporto\\\/#primaryimage\"},\"image\":{\"@id\":\"https:\\\/\\\/beneggiassociati.com\\\/en\\\/ferie-quando-si-blocca-il-superamento-del-comporto\\\/#primaryimage\"},\"thumbnailUrl\":\"https:\\\/\\\/beneggiassociati.com\\\/wp-content\\\/uploads\\\/2025\\\/07\\\/single-post-beneggi.jpg\",\"datePublished\":\"2019-06-09T06:18:00+00:00\",\"description\":\"Per evitare il licenziamento che conseguirebbe al decorso del periodo di comporto, il dipendente malato pu\u00f2 chiedere di fruire delle ferie gi\u00e0\",\"breadcrumb\":{\"@id\":\"https:\\\/\\\/beneggiassociati.com\\\/en\\\/ferie-quando-si-blocca-il-superamento-del-comporto\\\/#breadcrumb\"},\"inLanguage\":\"en-US\",\"potentialAction\":[{\"@type\":\"ReadAction\",\"target\":[\"https:\\\/\\\/beneggiassociati.com\\\/en\\\/ferie-quando-si-blocca-il-superamento-del-comporto\\\/\"]}]},{\"@type\":\"ImageObject\",\"inLanguage\":\"en-US\",\"@id\":\"https:\\\/\\\/beneggiassociati.com\\\/en\\\/ferie-quando-si-blocca-il-superamento-del-comporto\\\/#primaryimage\",\"url\":\"https:\\\/\\\/beneggiassociati.com\\\/wp-content\\\/uploads\\\/2025\\\/07\\\/single-post-beneggi.jpg\",\"contentUrl\":\"https:\\\/\\\/beneggiassociati.com\\\/wp-content\\\/uploads\\\/2025\\\/07\\\/single-post-beneggi.jpg\",\"width\":1280,\"height\":823},{\"@type\":\"BreadcrumbList\",\"@id\":\"https:\\\/\\\/beneggiassociati.com\\\/en\\\/ferie-quando-si-blocca-il-superamento-del-comporto\\\/#breadcrumb\",\"itemListElement\":[{\"@type\":\"ListItem\",\"position\":1,\"name\":\"Home\",\"item\":\"https:\\\/\\\/beneggiassociati.com\\\/en\\\/?page_id=24163\"},{\"@type\":\"ListItem\",\"position\":2,\"name\":\"Ferie, quando si blocca il superamento del comporto\"}]},{\"@type\":\"WebSite\",\"@id\":\"https:\\\/\\\/beneggiassociati.com\\\/en\\\/#website\",\"url\":\"https:\\\/\\\/beneggiassociati.com\\\/en\\\/\",\"name\":\"Beneggi e associati\",\"description\":\"\",\"publisher\":{\"@id\":\"https:\\\/\\\/beneggiassociati.com\\\/en\\\/#organization\"},\"potentialAction\":[{\"@type\":\"SearchAction\",\"target\":{\"@type\":\"EntryPoint\",\"urlTemplate\":\"https:\\\/\\\/beneggiassociati.com\\\/en\\\/?s={search_term_string}\"},\"query-input\":{\"@type\":\"PropertyValueSpecification\",\"valueRequired\":true,\"valueName\":\"search_term_string\"}}],\"inLanguage\":\"en-US\"},{\"@type\":\"Organization\",\"@id\":\"https:\\\/\\\/beneggiassociati.com\\\/en\\\/#organization\",\"name\":\"Beneggi e associati\",\"url\":\"https:\\\/\\\/beneggiassociati.com\\\/en\\\/\",\"logo\":{\"@type\":\"ImageObject\",\"inLanguage\":\"en-US\",\"@id\":\"https:\\\/\\\/beneggiassociati.com\\\/en\\\/#\\\/schema\\\/logo\\\/image\\\/\",\"url\":\"https:\\\/\\\/beneggiassociati.com\\\/wp-content\\\/uploads\\\/2025\\\/07\\\/beneggi-logo.png\",\"contentUrl\":\"https:\\\/\\\/beneggiassociati.com\\\/wp-content\\\/uploads\\\/2025\\\/07\\\/beneggi-logo.png\",\"width\":141,\"height\":87,\"caption\":\"Beneggi e associati\"},\"image\":{\"@id\":\"https:\\\/\\\/beneggiassociati.com\\\/en\\\/#\\\/schema\\\/logo\\\/image\\\/\"}},{\"@type\":\"Person\",\"@id\":\"https:\\\/\\\/beneggiassociati.com\\\/en\\\/#\\\/schema\\\/person\\\/828daacfa37b359e89e981f920072004\",\"name\":\"Tiziano Beneggi\",\"url\":\"https:\\\/\\\/beneggiassociati.com\\\/en\\\/author\\\/tizianobeneggiassociati-com\\\/\"}]}<\/script>\n<!-- \/ Yoast SEO plugin. -->","yoast_head_json":{"title":"Ferie, quando si blocca il superamento del comporto - Beneggi &amp; Associati","description":"Per evitare il licenziamento che conseguirebbe al decorso del periodo di comporto, il dipendente malato pu\u00f2 chiedere di fruire delle ferie gi\u00e0","robots":{"index":"index","follow":"follow","max-snippet":"max-snippet:-1","max-image-preview":"max-image-preview:large","max-video-preview":"max-video-preview:-1"},"canonical":"https:\/\/beneggiassociati.com\/en\/ferie-quando-si-blocca-il-superamento-del-comporto\/","og_locale":"en_US","og_type":"article","og_title":"Ferie, quando si blocca il superamento del comporto - Beneggi &amp; Associati","og_description":"Per evitare il licenziamento che conseguirebbe al decorso del periodo di comporto, il dipendente malato pu\u00f2 chiedere di fruire delle ferie gi\u00e0","og_url":"https:\/\/beneggiassociati.com\/en\/ferie-quando-si-blocca-il-superamento-del-comporto\/","og_site_name":"Beneggi &amp; Associati","article_published_time":"2019-06-09T06:18:00+00:00","og_image":[{"width":1280,"height":823,"url":"https:\/\/beneggiassociati.com\/wp-content\/uploads\/2025\/07\/single-post-beneggi.jpg","type":"image\/jpeg"}],"author":"Tiziano Beneggi","twitter_card":"summary_large_image","twitter_misc":{"Written by":"Tiziano Beneggi","Est. reading time":"1 minute"},"schema":{"@context":"https:\/\/schema.org","@graph":[{"@type":"Article","@id":"https:\/\/beneggiassociati.com\/en\/ferie-quando-si-blocca-il-superamento-del-comporto\/#article","isPartOf":{"@id":"https:\/\/beneggiassociati.com\/en\/ferie-quando-si-blocca-il-superamento-del-comporto\/"},"author":{"name":"Tiziano Beneggi","@id":"https:\/\/beneggiassociati.com\/en\/#\/schema\/person\/828daacfa37b359e89e981f920072004"},"headline":"Ferie, quando si blocca il superamento del comporto","datePublished":"2019-06-09T06:18:00+00:00","mainEntityOfPage":{"@id":"https:\/\/beneggiassociati.com\/en\/ferie-quando-si-blocca-il-superamento-del-comporto\/"},"wordCount":191,"commentCount":0,"publisher":{"@id":"https:\/\/beneggiassociati.com\/en\/#organization"},"image":{"@id":"https:\/\/beneggiassociati.com\/en\/ferie-quando-si-blocca-il-superamento-del-comporto\/#primaryimage"},"thumbnailUrl":"https:\/\/beneggiassociati.com\/wp-content\/uploads\/2025\/07\/single-post-beneggi.jpg","articleSection":["ARCHIVIO"],"inLanguage":"en-US"},{"@type":"WebPage","@id":"https:\/\/beneggiassociati.com\/en\/ferie-quando-si-blocca-il-superamento-del-comporto\/","url":"https:\/\/beneggiassociati.com\/en\/ferie-quando-si-blocca-il-superamento-del-comporto\/","name":"Ferie, quando si blocca il superamento del comporto - Beneggi &amp; Associati","isPartOf":{"@id":"https:\/\/beneggiassociati.com\/en\/#website"},"primaryImageOfPage":{"@id":"https:\/\/beneggiassociati.com\/en\/ferie-quando-si-blocca-il-superamento-del-comporto\/#primaryimage"},"image":{"@id":"https:\/\/beneggiassociati.com\/en\/ferie-quando-si-blocca-il-superamento-del-comporto\/#primaryimage"},"thumbnailUrl":"https:\/\/beneggiassociati.com\/wp-content\/uploads\/2025\/07\/single-post-beneggi.jpg","datePublished":"2019-06-09T06:18:00+00:00","description":"Per evitare il licenziamento che conseguirebbe al decorso del periodo di comporto, il dipendente malato pu\u00f2 chiedere di fruire delle ferie gi\u00e0","breadcrumb":{"@id":"https:\/\/beneggiassociati.com\/en\/ferie-quando-si-blocca-il-superamento-del-comporto\/#breadcrumb"},"inLanguage":"en-US","potentialAction":[{"@type":"ReadAction","target":["https:\/\/beneggiassociati.com\/en\/ferie-quando-si-blocca-il-superamento-del-comporto\/"]}]},{"@type":"ImageObject","inLanguage":"en-US","@id":"https:\/\/beneggiassociati.com\/en\/ferie-quando-si-blocca-il-superamento-del-comporto\/#primaryimage","url":"https:\/\/beneggiassociati.com\/wp-content\/uploads\/2025\/07\/single-post-beneggi.jpg","contentUrl":"https:\/\/beneggiassociati.com\/wp-content\/uploads\/2025\/07\/single-post-beneggi.jpg","width":1280,"height":823},{"@type":"BreadcrumbList","@id":"https:\/\/beneggiassociati.com\/en\/ferie-quando-si-blocca-il-superamento-del-comporto\/#breadcrumb","itemListElement":[{"@type":"ListItem","position":1,"name":"Home","item":"https:\/\/beneggiassociati.com\/en\/?page_id=24163"},{"@type":"ListItem","position":2,"name":"Ferie, quando si blocca il superamento del comporto"}]},{"@type":"WebSite","@id":"https:\/\/beneggiassociati.com\/en\/#website","url":"https:\/\/beneggiassociati.com\/en\/","name":"Beneggi e associati","description":"","publisher":{"@id":"https:\/\/beneggiassociati.com\/en\/#organization"},"potentialAction":[{"@type":"SearchAction","target":{"@type":"EntryPoint","urlTemplate":"https:\/\/beneggiassociati.com\/en\/?s={search_term_string}"},"query-input":{"@type":"PropertyValueSpecification","valueRequired":true,"valueName":"search_term_string"}}],"inLanguage":"en-US"},{"@type":"Organization","@id":"https:\/\/beneggiassociati.com\/en\/#organization","name":"Beneggi e associati","url":"https:\/\/beneggiassociati.com\/en\/","logo":{"@type":"ImageObject","inLanguage":"en-US","@id":"https:\/\/beneggiassociati.com\/en\/#\/schema\/logo\/image\/","url":"https:\/\/beneggiassociati.com\/wp-content\/uploads\/2025\/07\/beneggi-logo.png","contentUrl":"https:\/\/beneggiassociati.com\/wp-content\/uploads\/2025\/07\/beneggi-logo.png","width":141,"height":87,"caption":"Beneggi e associati"},"image":{"@id":"https:\/\/beneggiassociati.com\/en\/#\/schema\/logo\/image\/"}},{"@type":"Person","@id":"https:\/\/beneggiassociati.com\/en\/#\/schema\/person\/828daacfa37b359e89e981f920072004","name":"Tiziano Beneggi","url":"https:\/\/beneggiassociati.com\/en\/author\/tizianobeneggiassociati-com\/"}]}},"_links":{"self":[{"href":"https:\/\/beneggiassociati.com\/en\/wp-json\/wp\/v2\/posts\/16548","targetHints":{"allow":["GET"]}}],"collection":[{"href":"https:\/\/beneggiassociati.com\/en\/wp-json\/wp\/v2\/posts"}],"about":[{"href":"https:\/\/beneggiassociati.com\/en\/wp-json\/wp\/v2\/types\/post"}],"author":[{"embeddable":true,"href":"https:\/\/beneggiassociati.com\/en\/wp-json\/wp\/v2\/users\/4"}],"replies":[{"embeddable":true,"href":"https:\/\/beneggiassociati.com\/en\/wp-json\/wp\/v2\/comments?post=16548"}],"version-history":[{"count":0,"href":"https:\/\/beneggiassociati.com\/en\/wp-json\/wp\/v2\/posts\/16548\/revisions"}],"wp:featuredmedia":[{"embeddable":true,"href":"https:\/\/beneggiassociati.com\/en\/wp-json\/wp\/v2\/media\/409"}],"wp:attachment":[{"href":"https:\/\/beneggiassociati.com\/en\/wp-json\/wp\/v2\/media?parent=16548"}],"wp:term":[{"taxonomy":"category","embeddable":true,"href":"https:\/\/beneggiassociati.com\/en\/wp-json\/wp\/v2\/categories?post=16548"},{"taxonomy":"post_tag","embeddable":true,"href":"https:\/\/beneggiassociati.com\/en\/wp-json\/wp\/v2\/tags?post=16548"}],"curies":[{"name":"wp","href":"https:\/\/api.w.org\/{rel}","templated":true}]}}