{"id":16549,"date":"2019-06-09T08:23:00","date_gmt":"2019-06-09T06:23:00","guid":{"rendered":"https:\/\/dev.beneggiassociati.com\/2019\/06\/09\/impatriati-agevolazioni-per-chi-rientra\/"},"modified":"2019-06-09T08:23:00","modified_gmt":"2019-06-09T06:23:00","slug":"impatriati-agevolazioni-per-chi-rientra","status":"publish","type":"post","link":"https:\/\/beneggiassociati.com\/en\/impatriati-agevolazioni-per-chi-rientra\/","title":{"rendered":"Impatriati, agevolazioni per chi rientra"},"content":{"rendered":"\n<p>L\u2019articolo 5 del decreto crescita ha modificato la disciplina dei benefici fiscali applicabili agli \u201cimpatriati\u201d, aumentandone durata, importo, nonch\u00e9 la platea dei potenziali beneficiari.&nbsp;<\/p>\n\n\n<p>Fra i rinnovati vantaggi applicabili alle persone che prenderanno la residenza in Italia a partire dal 2020, essendo in possesso degli altri requisiti previsti dalla norma, si contano il raddoppio del numero massimo di anni oggetto di agevolazione (da cinque a dieci anni), nonch\u00e9 l\u2019innalzamento della soglia di esenzione fiscale (portata, per tutti, dal 50 al 70%, con la possibilit\u00e0 di ulteriore innalzamento al 90%).<\/p>\n\n\n<p>Le nuove agevolazioni si applicheranno per\u00f2 solo a chi trasferir\u00e0 la residenza fiscale in Italia a partire dal 2020.<\/p>\n\n\n<p>Ai cittadini italiani gi\u00e0 rientrati in Italia o che vi rientreranno entro la fine del 2019 senza essersi mai iscritti all\u2019Aire (anagrafe dei residenti all\u2019estero), la norma prevede una sorta di sanatoria, garantendo loro i benefici previsti dalla previgente versione (massimo cinque anni di non concorrenza al reddito del 50% dei redditi di lavoro) per i periodi di imposta gi\u00e0 oggetto di atti impositivi ancora impugnabili o gi\u00e0 oggetto di controversie o, per i periodi di imposta ancora nei termini di accertamento (da cinque a sette anni) purch\u00e9 i lavoratori, nel periodo precedente al trasferimento in Italia, siano stati residenti fiscalmente in un paese estero in base a una convenzione internazionale.<\/p>\n\n\n<p><a href=\"mailto:info@beneggiassociati.com\" target=\"_blank\" rel=\"noreferrer noopener\">Sei interessato all\u2019articolo? Scrivici e verrai contattato da un nostro Consultant<\/a><\/p>\n\n\n<p><a href=\"https:\/\/beneggiassociati.com\/\" target=\"_blank\" rel=\"noreferrer noopener\">@ Beneggi e Associati | Commercialisti al servizio delle imprese | Meda | Milano<\/a><strong><br \/><\/strong><\/p>\n","protected":false},"excerpt":{"rendered":"<p>L\u2019articolo 5 del decreto crescita ha modificato la disciplina dei benefici fiscali applicabili agli \u201cimpatriati\u201d, aumentandone durata, importo, nonch\u00e9 la platea dei potenziali beneficiari.&nbsp; Fra i rinnovati vantaggi applicabili alle persone che prenderanno la residenza in Italia a partire dal 2020, essendo in possesso degli altri requisiti previsti dalla norma, si contano il raddoppio del [&hellip;]<\/p>\n","protected":false},"author":4,"featured_media":409,"comment_status":"open","ping_status":"open","sticky":false,"template":"","format":"standard","meta":{"_acf_changed":false,"content-type":"","footnotes":""},"categories":[16],"tags":[],"class_list":["post-16549","post","type-post","status-publish","format-standard","has-post-thumbnail","hentry","category-archivio"],"acf":[],"yoast_head":"<!-- This site is optimized with the Yoast SEO plugin v27.5 - https:\/\/yoast.com\/product\/yoast-seo-wordpress\/ -->\n<title>Impatriati, agevolazioni per chi rientra - Beneggi &amp; Associati<\/title>\n<meta name=\"description\" content=\"L\u2019articolo 5 del decreto crescita ha modificato la disciplina dei benefici fiscali applicabili agli \u201cimpatriati\u201d, aumentandone durata, importo, nonch\u00e9 la\" \/>\n<meta name=\"robots\" content=\"index, follow, max-snippet:-1, max-image-preview:large, max-video-preview:-1\" \/>\n<link rel=\"canonical\" href=\"https:\/\/beneggiassociati.com\/en\/impatriati-agevolazioni-per-chi-rientra\/\" \/>\n<meta property=\"og:locale\" content=\"en_US\" \/>\n<meta property=\"og:type\" content=\"article\" \/>\n<meta property=\"og:title\" content=\"Impatriati, agevolazioni per chi rientra - Beneggi &amp; Associati\" \/>\n<meta property=\"og:description\" content=\"L\u2019articolo 5 del decreto crescita ha modificato la disciplina dei benefici fiscali applicabili agli \u201cimpatriati\u201d, aumentandone durata, importo, nonch\u00e9 la\" \/>\n<meta property=\"og:url\" content=\"https:\/\/beneggiassociati.com\/en\/impatriati-agevolazioni-per-chi-rientra\/\" \/>\n<meta property=\"og:site_name\" content=\"Beneggi &amp; Associati\" \/>\n<meta property=\"article:published_time\" content=\"2019-06-09T06:23:00+00:00\" \/>\n<meta property=\"og:image\" content=\"https:\/\/beneggiassociati.com\/wp-content\/uploads\/2025\/07\/single-post-beneggi.jpg\" \/>\n\t<meta property=\"og:image:width\" content=\"1280\" \/>\n\t<meta property=\"og:image:height\" content=\"823\" \/>\n\t<meta property=\"og:image:type\" content=\"image\/jpeg\" \/>\n<meta name=\"author\" content=\"Tiziano Beneggi\" \/>\n<meta name=\"twitter:card\" content=\"summary_large_image\" \/>\n<meta name=\"twitter:label1\" content=\"Written by\" \/>\n\t<meta name=\"twitter:data1\" content=\"Tiziano Beneggi\" \/>\n\t<meta name=\"twitter:label2\" content=\"Est. reading time\" \/>\n\t<meta name=\"twitter:data2\" content=\"1 minute\" \/>\n<script type=\"application\/ld+json\" class=\"yoast-schema-graph\">{\"@context\":\"https:\\\/\\\/schema.org\",\"@graph\":[{\"@type\":\"Article\",\"@id\":\"https:\\\/\\\/beneggiassociati.com\\\/en\\\/impatriati-agevolazioni-per-chi-rientra\\\/#article\",\"isPartOf\":{\"@id\":\"https:\\\/\\\/beneggiassociati.com\\\/en\\\/impatriati-agevolazioni-per-chi-rientra\\\/\"},\"author\":{\"name\":\"Tiziano Beneggi\",\"@id\":\"https:\\\/\\\/beneggiassociati.com\\\/en\\\/#\\\/schema\\\/person\\\/828daacfa37b359e89e981f920072004\"},\"headline\":\"Impatriati, agevolazioni per chi rientra\",\"datePublished\":\"2019-06-09T06:23:00+00:00\",\"mainEntityOfPage\":{\"@id\":\"https:\\\/\\\/beneggiassociati.com\\\/en\\\/impatriati-agevolazioni-per-chi-rientra\\\/\"},\"wordCount\":243,\"commentCount\":0,\"publisher\":{\"@id\":\"https:\\\/\\\/beneggiassociati.com\\\/en\\\/#organization\"},\"image\":{\"@id\":\"https:\\\/\\\/beneggiassociati.com\\\/en\\\/impatriati-agevolazioni-per-chi-rientra\\\/#primaryimage\"},\"thumbnailUrl\":\"https:\\\/\\\/beneggiassociati.com\\\/wp-content\\\/uploads\\\/2025\\\/07\\\/single-post-beneggi.jpg\",\"articleSection\":[\"ARCHIVIO\"],\"inLanguage\":\"en-US\"},{\"@type\":\"WebPage\",\"@id\":\"https:\\\/\\\/beneggiassociati.com\\\/en\\\/impatriati-agevolazioni-per-chi-rientra\\\/\",\"url\":\"https:\\\/\\\/beneggiassociati.com\\\/en\\\/impatriati-agevolazioni-per-chi-rientra\\\/\",\"name\":\"Impatriati, agevolazioni per chi rientra - Beneggi &amp; Associati\",\"isPartOf\":{\"@id\":\"https:\\\/\\\/beneggiassociati.com\\\/en\\\/#website\"},\"primaryImageOfPage\":{\"@id\":\"https:\\\/\\\/beneggiassociati.com\\\/en\\\/impatriati-agevolazioni-per-chi-rientra\\\/#primaryimage\"},\"image\":{\"@id\":\"https:\\\/\\\/beneggiassociati.com\\\/en\\\/impatriati-agevolazioni-per-chi-rientra\\\/#primaryimage\"},\"thumbnailUrl\":\"https:\\\/\\\/beneggiassociati.com\\\/wp-content\\\/uploads\\\/2025\\\/07\\\/single-post-beneggi.jpg\",\"datePublished\":\"2019-06-09T06:23:00+00:00\",\"description\":\"L\u2019articolo 5 del decreto crescita ha modificato la disciplina dei benefici fiscali applicabili agli \u201cimpatriati\u201d, aumentandone durata, importo, nonch\u00e9 la\",\"breadcrumb\":{\"@id\":\"https:\\\/\\\/beneggiassociati.com\\\/en\\\/impatriati-agevolazioni-per-chi-rientra\\\/#breadcrumb\"},\"inLanguage\":\"en-US\",\"potentialAction\":[{\"@type\":\"ReadAction\",\"target\":[\"https:\\\/\\\/beneggiassociati.com\\\/en\\\/impatriati-agevolazioni-per-chi-rientra\\\/\"]}]},{\"@type\":\"ImageObject\",\"inLanguage\":\"en-US\",\"@id\":\"https:\\\/\\\/beneggiassociati.com\\\/en\\\/impatriati-agevolazioni-per-chi-rientra\\\/#primaryimage\",\"url\":\"https:\\\/\\\/beneggiassociati.com\\\/wp-content\\\/uploads\\\/2025\\\/07\\\/single-post-beneggi.jpg\",\"contentUrl\":\"https:\\\/\\\/beneggiassociati.com\\\/wp-content\\\/uploads\\\/2025\\\/07\\\/single-post-beneggi.jpg\",\"width\":1280,\"height\":823},{\"@type\":\"BreadcrumbList\",\"@id\":\"https:\\\/\\\/beneggiassociati.com\\\/en\\\/impatriati-agevolazioni-per-chi-rientra\\\/#breadcrumb\",\"itemListElement\":[{\"@type\":\"ListItem\",\"position\":1,\"name\":\"Home\",\"item\":\"https:\\\/\\\/beneggiassociati.com\\\/en\\\/?page_id=24163\"},{\"@type\":\"ListItem\",\"position\":2,\"name\":\"Impatriati, agevolazioni per chi rientra\"}]},{\"@type\":\"WebSite\",\"@id\":\"https:\\\/\\\/beneggiassociati.com\\\/en\\\/#website\",\"url\":\"https:\\\/\\\/beneggiassociati.com\\\/en\\\/\",\"name\":\"Beneggi e associati\",\"description\":\"\",\"publisher\":{\"@id\":\"https:\\\/\\\/beneggiassociati.com\\\/en\\\/#organization\"},\"potentialAction\":[{\"@type\":\"SearchAction\",\"target\":{\"@type\":\"EntryPoint\",\"urlTemplate\":\"https:\\\/\\\/beneggiassociati.com\\\/en\\\/?s={search_term_string}\"},\"query-input\":{\"@type\":\"PropertyValueSpecification\",\"valueRequired\":true,\"valueName\":\"search_term_string\"}}],\"inLanguage\":\"en-US\"},{\"@type\":\"Organization\",\"@id\":\"https:\\\/\\\/beneggiassociati.com\\\/en\\\/#organization\",\"name\":\"Beneggi e associati\",\"url\":\"https:\\\/\\\/beneggiassociati.com\\\/en\\\/\",\"logo\":{\"@type\":\"ImageObject\",\"inLanguage\":\"en-US\",\"@id\":\"https:\\\/\\\/beneggiassociati.com\\\/en\\\/#\\\/schema\\\/logo\\\/image\\\/\",\"url\":\"https:\\\/\\\/beneggiassociati.com\\\/wp-content\\\/uploads\\\/2025\\\/07\\\/beneggi-logo.png\",\"contentUrl\":\"https:\\\/\\\/beneggiassociati.com\\\/wp-content\\\/uploads\\\/2025\\\/07\\\/beneggi-logo.png\",\"width\":141,\"height\":87,\"caption\":\"Beneggi e associati\"},\"image\":{\"@id\":\"https:\\\/\\\/beneggiassociati.com\\\/en\\\/#\\\/schema\\\/logo\\\/image\\\/\"}},{\"@type\":\"Person\",\"@id\":\"https:\\\/\\\/beneggiassociati.com\\\/en\\\/#\\\/schema\\\/person\\\/828daacfa37b359e89e981f920072004\",\"name\":\"Tiziano Beneggi\",\"url\":\"https:\\\/\\\/beneggiassociati.com\\\/en\\\/author\\\/tizianobeneggiassociati-com\\\/\"}]}<\/script>\n<!-- \/ Yoast SEO plugin. -->","yoast_head_json":{"title":"Impatriati, agevolazioni per chi rientra - Beneggi &amp; Associati","description":"L\u2019articolo 5 del decreto crescita ha modificato la disciplina dei benefici fiscali applicabili agli \u201cimpatriati\u201d, aumentandone durata, importo, nonch\u00e9 la","robots":{"index":"index","follow":"follow","max-snippet":"max-snippet:-1","max-image-preview":"max-image-preview:large","max-video-preview":"max-video-preview:-1"},"canonical":"https:\/\/beneggiassociati.com\/en\/impatriati-agevolazioni-per-chi-rientra\/","og_locale":"en_US","og_type":"article","og_title":"Impatriati, agevolazioni per chi rientra - Beneggi &amp; Associati","og_description":"L\u2019articolo 5 del decreto crescita ha modificato la disciplina dei benefici fiscali applicabili agli \u201cimpatriati\u201d, aumentandone durata, importo, nonch\u00e9 la","og_url":"https:\/\/beneggiassociati.com\/en\/impatriati-agevolazioni-per-chi-rientra\/","og_site_name":"Beneggi &amp; Associati","article_published_time":"2019-06-09T06:23:00+00:00","og_image":[{"width":1280,"height":823,"url":"https:\/\/beneggiassociati.com\/wp-content\/uploads\/2025\/07\/single-post-beneggi.jpg","type":"image\/jpeg"}],"author":"Tiziano Beneggi","twitter_card":"summary_large_image","twitter_misc":{"Written by":"Tiziano Beneggi","Est. reading time":"1 minute"},"schema":{"@context":"https:\/\/schema.org","@graph":[{"@type":"Article","@id":"https:\/\/beneggiassociati.com\/en\/impatriati-agevolazioni-per-chi-rientra\/#article","isPartOf":{"@id":"https:\/\/beneggiassociati.com\/en\/impatriati-agevolazioni-per-chi-rientra\/"},"author":{"name":"Tiziano Beneggi","@id":"https:\/\/beneggiassociati.com\/en\/#\/schema\/person\/828daacfa37b359e89e981f920072004"},"headline":"Impatriati, agevolazioni per chi rientra","datePublished":"2019-06-09T06:23:00+00:00","mainEntityOfPage":{"@id":"https:\/\/beneggiassociati.com\/en\/impatriati-agevolazioni-per-chi-rientra\/"},"wordCount":243,"commentCount":0,"publisher":{"@id":"https:\/\/beneggiassociati.com\/en\/#organization"},"image":{"@id":"https:\/\/beneggiassociati.com\/en\/impatriati-agevolazioni-per-chi-rientra\/#primaryimage"},"thumbnailUrl":"https:\/\/beneggiassociati.com\/wp-content\/uploads\/2025\/07\/single-post-beneggi.jpg","articleSection":["ARCHIVIO"],"inLanguage":"en-US"},{"@type":"WebPage","@id":"https:\/\/beneggiassociati.com\/en\/impatriati-agevolazioni-per-chi-rientra\/","url":"https:\/\/beneggiassociati.com\/en\/impatriati-agevolazioni-per-chi-rientra\/","name":"Impatriati, agevolazioni per chi rientra - Beneggi &amp; Associati","isPartOf":{"@id":"https:\/\/beneggiassociati.com\/en\/#website"},"primaryImageOfPage":{"@id":"https:\/\/beneggiassociati.com\/en\/impatriati-agevolazioni-per-chi-rientra\/#primaryimage"},"image":{"@id":"https:\/\/beneggiassociati.com\/en\/impatriati-agevolazioni-per-chi-rientra\/#primaryimage"},"thumbnailUrl":"https:\/\/beneggiassociati.com\/wp-content\/uploads\/2025\/07\/single-post-beneggi.jpg","datePublished":"2019-06-09T06:23:00+00:00","description":"L\u2019articolo 5 del decreto crescita ha modificato la disciplina dei benefici fiscali applicabili agli \u201cimpatriati\u201d, aumentandone durata, importo, nonch\u00e9 la","breadcrumb":{"@id":"https:\/\/beneggiassociati.com\/en\/impatriati-agevolazioni-per-chi-rientra\/#breadcrumb"},"inLanguage":"en-US","potentialAction":[{"@type":"ReadAction","target":["https:\/\/beneggiassociati.com\/en\/impatriati-agevolazioni-per-chi-rientra\/"]}]},{"@type":"ImageObject","inLanguage":"en-US","@id":"https:\/\/beneggiassociati.com\/en\/impatriati-agevolazioni-per-chi-rientra\/#primaryimage","url":"https:\/\/beneggiassociati.com\/wp-content\/uploads\/2025\/07\/single-post-beneggi.jpg","contentUrl":"https:\/\/beneggiassociati.com\/wp-content\/uploads\/2025\/07\/single-post-beneggi.jpg","width":1280,"height":823},{"@type":"BreadcrumbList","@id":"https:\/\/beneggiassociati.com\/en\/impatriati-agevolazioni-per-chi-rientra\/#breadcrumb","itemListElement":[{"@type":"ListItem","position":1,"name":"Home","item":"https:\/\/beneggiassociati.com\/en\/?page_id=24163"},{"@type":"ListItem","position":2,"name":"Impatriati, agevolazioni per chi rientra"}]},{"@type":"WebSite","@id":"https:\/\/beneggiassociati.com\/en\/#website","url":"https:\/\/beneggiassociati.com\/en\/","name":"Beneggi e associati","description":"","publisher":{"@id":"https:\/\/beneggiassociati.com\/en\/#organization"},"potentialAction":[{"@type":"SearchAction","target":{"@type":"EntryPoint","urlTemplate":"https:\/\/beneggiassociati.com\/en\/?s={search_term_string}"},"query-input":{"@type":"PropertyValueSpecification","valueRequired":true,"valueName":"search_term_string"}}],"inLanguage":"en-US"},{"@type":"Organization","@id":"https:\/\/beneggiassociati.com\/en\/#organization","name":"Beneggi e associati","url":"https:\/\/beneggiassociati.com\/en\/","logo":{"@type":"ImageObject","inLanguage":"en-US","@id":"https:\/\/beneggiassociati.com\/en\/#\/schema\/logo\/image\/","url":"https:\/\/beneggiassociati.com\/wp-content\/uploads\/2025\/07\/beneggi-logo.png","contentUrl":"https:\/\/beneggiassociati.com\/wp-content\/uploads\/2025\/07\/beneggi-logo.png","width":141,"height":87,"caption":"Beneggi e associati"},"image":{"@id":"https:\/\/beneggiassociati.com\/en\/#\/schema\/logo\/image\/"}},{"@type":"Person","@id":"https:\/\/beneggiassociati.com\/en\/#\/schema\/person\/828daacfa37b359e89e981f920072004","name":"Tiziano Beneggi","url":"https:\/\/beneggiassociati.com\/en\/author\/tizianobeneggiassociati-com\/"}]}},"_links":{"self":[{"href":"https:\/\/beneggiassociati.com\/en\/wp-json\/wp\/v2\/posts\/16549","targetHints":{"allow":["GET"]}}],"collection":[{"href":"https:\/\/beneggiassociati.com\/en\/wp-json\/wp\/v2\/posts"}],"about":[{"href":"https:\/\/beneggiassociati.com\/en\/wp-json\/wp\/v2\/types\/post"}],"author":[{"embeddable":true,"href":"https:\/\/beneggiassociati.com\/en\/wp-json\/wp\/v2\/users\/4"}],"replies":[{"embeddable":true,"href":"https:\/\/beneggiassociati.com\/en\/wp-json\/wp\/v2\/comments?post=16549"}],"version-history":[{"count":0,"href":"https:\/\/beneggiassociati.com\/en\/wp-json\/wp\/v2\/posts\/16549\/revisions"}],"wp:featuredmedia":[{"embeddable":true,"href":"https:\/\/beneggiassociati.com\/en\/wp-json\/wp\/v2\/media\/409"}],"wp:attachment":[{"href":"https:\/\/beneggiassociati.com\/en\/wp-json\/wp\/v2\/media?parent=16549"}],"wp:term":[{"taxonomy":"category","embeddable":true,"href":"https:\/\/beneggiassociati.com\/en\/wp-json\/wp\/v2\/categories?post=16549"},{"taxonomy":"post_tag","embeddable":true,"href":"https:\/\/beneggiassociati.com\/en\/wp-json\/wp\/v2\/tags?post=16549"}],"curies":[{"name":"wp","href":"https:\/\/api.w.org\/{rel}","templated":true}]}}