{"id":16561,"date":"2019-06-29T20:42:00","date_gmt":"2019-06-29T18:42:00","guid":{"rendered":"https:\/\/dev.beneggiassociati.com\/2019\/06\/29\/conciliazione-nulla-se-firmata-sotto-minaccia-di-un-danno\/"},"modified":"2019-06-29T20:42:00","modified_gmt":"2019-06-29T18:42:00","slug":"conciliazione-nulla-se-firmata-sotto-minaccia-di-un-danno","status":"publish","type":"post","link":"https:\/\/beneggiassociati.com\/en\/conciliazione-nulla-se-firmata-sotto-minaccia-di-un-danno\/","title":{"rendered":"Conciliazione, nulla se firmata sotto minaccia di un danno"},"content":{"rendered":"\n<p>Il verbale di conciliazione con cui un dipendente rinuncia a ogni potenziale rivendicazione nei confronti del datore di lavoro \u00e8 nullo se viene sottoscritto sotto la minaccia di un danno ingiusto.&nbsp;<\/p>\n\n\n<p>Quale che sia la forma con la quale si manifesta, secondo la Corte, la minaccia \u00e8 motivo di annullabilit\u00e0 del contratto se \u00e8 specificamente diretta a estorcere la firma dell\u2019accordo, incidendo in modo decisivo sulla libert\u00e0 di autodeterminazione del soggetto che, altrimenti, non avrebbe sottoscritto.<\/p>\n\n\n<p>La semplice sussistenza di pronunce di questo tipo deve essere tenuta in conto dalle imprese, che devono porre molta attenzione al contenuto delle comunicazioni inviate ai dipendenti al momento della negoziazione di un accordo transattivo.<\/p>\n\n\n<p><a href=\"mailto:info@beneggiassociati.com\" target=\"_blank\" rel=\"noreferrer noopener\"><br \/>Sei interessato all\u2019articolo? Scrivici e verrai contattato da un nostro Consultant<\/a><\/p>\n\n\n<p><a href=\"https:\/\/beneggiassociati.com\/\" target=\"_blank\" rel=\"noreferrer noopener\">@ Beneggi e Associati | Commercialisti al servizio delle imprese | Meda | Milano<\/a><br \/><\/p>\n","protected":false},"excerpt":{"rendered":"<p>Il verbale di conciliazione con cui un dipendente rinuncia a ogni potenziale rivendicazione nei confronti del datore di lavoro \u00e8 nullo se viene sottoscritto sotto la minaccia di un danno ingiusto.&nbsp; Quale che sia la forma con la quale si manifesta, secondo la Corte, la minaccia \u00e8 motivo di annullabilit\u00e0 del contratto se \u00e8 specificamente [&hellip;]<\/p>\n","protected":false},"author":4,"featured_media":409,"comment_status":"open","ping_status":"open","sticky":false,"template":"","format":"standard","meta":{"_acf_changed":false,"content-type":"","footnotes":""},"categories":[16],"tags":[],"class_list":["post-16561","post","type-post","status-publish","format-standard","has-post-thumbnail","hentry","category-archivio"],"acf":[],"yoast_head":"<!-- This site is optimized with the Yoast SEO plugin v27.5 - https:\/\/yoast.com\/product\/yoast-seo-wordpress\/ -->\n<title>Conciliazione, nulla se firmata sotto minaccia di un danno - Beneggi &amp; Associati<\/title>\n<meta name=\"description\" content=\"Il verbale di conciliazione con cui un dipendente rinuncia a ogni potenziale rivendicazione nei confronti del datore di lavoro \u00e8 nullo se viene\" \/>\n<meta name=\"robots\" content=\"index, follow, max-snippet:-1, max-image-preview:large, max-video-preview:-1\" \/>\n<link rel=\"canonical\" href=\"https:\/\/beneggiassociati.com\/en\/conciliazione-nulla-se-firmata-sotto-minaccia-di-un-danno\/\" \/>\n<meta property=\"og:locale\" content=\"en_US\" \/>\n<meta property=\"og:type\" content=\"article\" \/>\n<meta property=\"og:title\" content=\"Conciliazione, nulla se firmata sotto minaccia di un danno - Beneggi &amp; Associati\" \/>\n<meta property=\"og:description\" content=\"Il verbale di conciliazione con cui un dipendente rinuncia a ogni potenziale rivendicazione nei confronti del datore di lavoro \u00e8 nullo se viene\" \/>\n<meta property=\"og:url\" content=\"https:\/\/beneggiassociati.com\/en\/conciliazione-nulla-se-firmata-sotto-minaccia-di-un-danno\/\" \/>\n<meta property=\"og:site_name\" content=\"Beneggi &amp; Associati\" \/>\n<meta property=\"article:published_time\" content=\"2019-06-29T18:42:00+00:00\" \/>\n<meta property=\"og:image\" content=\"https:\/\/beneggiassociati.com\/wp-content\/uploads\/2025\/07\/single-post-beneggi.jpg\" \/>\n\t<meta property=\"og:image:width\" content=\"1280\" \/>\n\t<meta property=\"og:image:height\" content=\"823\" \/>\n\t<meta property=\"og:image:type\" content=\"image\/jpeg\" \/>\n<meta name=\"author\" content=\"Tiziano Beneggi\" \/>\n<meta name=\"twitter:card\" content=\"summary_large_image\" \/>\n<meta name=\"twitter:label1\" content=\"Written by\" \/>\n\t<meta name=\"twitter:data1\" content=\"Tiziano Beneggi\" \/>\n\t<meta name=\"twitter:label2\" content=\"Est. reading time\" \/>\n\t<meta name=\"twitter:data2\" content=\"1 minute\" \/>\n<script type=\"application\/ld+json\" class=\"yoast-schema-graph\">{\"@context\":\"https:\\\/\\\/schema.org\",\"@graph\":[{\"@type\":\"Article\",\"@id\":\"https:\\\/\\\/beneggiassociati.com\\\/en\\\/conciliazione-nulla-se-firmata-sotto-minaccia-di-un-danno\\\/#article\",\"isPartOf\":{\"@id\":\"https:\\\/\\\/beneggiassociati.com\\\/en\\\/conciliazione-nulla-se-firmata-sotto-minaccia-di-un-danno\\\/\"},\"author\":{\"name\":\"Tiziano Beneggi\",\"@id\":\"https:\\\/\\\/beneggiassociati.com\\\/en\\\/#\\\/schema\\\/person\\\/828daacfa37b359e89e981f920072004\"},\"headline\":\"Conciliazione, nulla se firmata sotto minaccia di un danno\",\"datePublished\":\"2019-06-29T18:42:00+00:00\",\"mainEntityOfPage\":{\"@id\":\"https:\\\/\\\/beneggiassociati.com\\\/en\\\/conciliazione-nulla-se-firmata-sotto-minaccia-di-un-danno\\\/\"},\"wordCount\":141,\"commentCount\":0,\"publisher\":{\"@id\":\"https:\\\/\\\/beneggiassociati.com\\\/en\\\/#organization\"},\"image\":{\"@id\":\"https:\\\/\\\/beneggiassociati.com\\\/en\\\/conciliazione-nulla-se-firmata-sotto-minaccia-di-un-danno\\\/#primaryimage\"},\"thumbnailUrl\":\"https:\\\/\\\/beneggiassociati.com\\\/wp-content\\\/uploads\\\/2025\\\/07\\\/single-post-beneggi.jpg\",\"articleSection\":[\"ARCHIVIO\"],\"inLanguage\":\"en-US\"},{\"@type\":\"WebPage\",\"@id\":\"https:\\\/\\\/beneggiassociati.com\\\/en\\\/conciliazione-nulla-se-firmata-sotto-minaccia-di-un-danno\\\/\",\"url\":\"https:\\\/\\\/beneggiassociati.com\\\/en\\\/conciliazione-nulla-se-firmata-sotto-minaccia-di-un-danno\\\/\",\"name\":\"Conciliazione, nulla se firmata sotto minaccia di un danno - Beneggi &amp; Associati\",\"isPartOf\":{\"@id\":\"https:\\\/\\\/beneggiassociati.com\\\/en\\\/#website\"},\"primaryImageOfPage\":{\"@id\":\"https:\\\/\\\/beneggiassociati.com\\\/en\\\/conciliazione-nulla-se-firmata-sotto-minaccia-di-un-danno\\\/#primaryimage\"},\"image\":{\"@id\":\"https:\\\/\\\/beneggiassociati.com\\\/en\\\/conciliazione-nulla-se-firmata-sotto-minaccia-di-un-danno\\\/#primaryimage\"},\"thumbnailUrl\":\"https:\\\/\\\/beneggiassociati.com\\\/wp-content\\\/uploads\\\/2025\\\/07\\\/single-post-beneggi.jpg\",\"datePublished\":\"2019-06-29T18:42:00+00:00\",\"description\":\"Il verbale di conciliazione con cui un dipendente rinuncia a ogni potenziale rivendicazione nei confronti del datore di lavoro \u00e8 nullo se viene\",\"breadcrumb\":{\"@id\":\"https:\\\/\\\/beneggiassociati.com\\\/en\\\/conciliazione-nulla-se-firmata-sotto-minaccia-di-un-danno\\\/#breadcrumb\"},\"inLanguage\":\"en-US\",\"potentialAction\":[{\"@type\":\"ReadAction\",\"target\":[\"https:\\\/\\\/beneggiassociati.com\\\/en\\\/conciliazione-nulla-se-firmata-sotto-minaccia-di-un-danno\\\/\"]}]},{\"@type\":\"ImageObject\",\"inLanguage\":\"en-US\",\"@id\":\"https:\\\/\\\/beneggiassociati.com\\\/en\\\/conciliazione-nulla-se-firmata-sotto-minaccia-di-un-danno\\\/#primaryimage\",\"url\":\"https:\\\/\\\/beneggiassociati.com\\\/wp-content\\\/uploads\\\/2025\\\/07\\\/single-post-beneggi.jpg\",\"contentUrl\":\"https:\\\/\\\/beneggiassociati.com\\\/wp-content\\\/uploads\\\/2025\\\/07\\\/single-post-beneggi.jpg\",\"width\":1280,\"height\":823},{\"@type\":\"BreadcrumbList\",\"@id\":\"https:\\\/\\\/beneggiassociati.com\\\/en\\\/conciliazione-nulla-se-firmata-sotto-minaccia-di-un-danno\\\/#breadcrumb\",\"itemListElement\":[{\"@type\":\"ListItem\",\"position\":1,\"name\":\"Home\",\"item\":\"https:\\\/\\\/beneggiassociati.com\\\/en\\\/?page_id=24163\"},{\"@type\":\"ListItem\",\"position\":2,\"name\":\"Conciliazione, nulla se firmata sotto minaccia di un danno\"}]},{\"@type\":\"WebSite\",\"@id\":\"https:\\\/\\\/beneggiassociati.com\\\/en\\\/#website\",\"url\":\"https:\\\/\\\/beneggiassociati.com\\\/en\\\/\",\"name\":\"Beneggi e associati\",\"description\":\"\",\"publisher\":{\"@id\":\"https:\\\/\\\/beneggiassociati.com\\\/en\\\/#organization\"},\"potentialAction\":[{\"@type\":\"SearchAction\",\"target\":{\"@type\":\"EntryPoint\",\"urlTemplate\":\"https:\\\/\\\/beneggiassociati.com\\\/en\\\/?s={search_term_string}\"},\"query-input\":{\"@type\":\"PropertyValueSpecification\",\"valueRequired\":true,\"valueName\":\"search_term_string\"}}],\"inLanguage\":\"en-US\"},{\"@type\":\"Organization\",\"@id\":\"https:\\\/\\\/beneggiassociati.com\\\/en\\\/#organization\",\"name\":\"Beneggi e associati\",\"url\":\"https:\\\/\\\/beneggiassociati.com\\\/en\\\/\",\"logo\":{\"@type\":\"ImageObject\",\"inLanguage\":\"en-US\",\"@id\":\"https:\\\/\\\/beneggiassociati.com\\\/en\\\/#\\\/schema\\\/logo\\\/image\\\/\",\"url\":\"https:\\\/\\\/beneggiassociati.com\\\/wp-content\\\/uploads\\\/2025\\\/07\\\/beneggi-logo.png\",\"contentUrl\":\"https:\\\/\\\/beneggiassociati.com\\\/wp-content\\\/uploads\\\/2025\\\/07\\\/beneggi-logo.png\",\"width\":141,\"height\":87,\"caption\":\"Beneggi e associati\"},\"image\":{\"@id\":\"https:\\\/\\\/beneggiassociati.com\\\/en\\\/#\\\/schema\\\/logo\\\/image\\\/\"}},{\"@type\":\"Person\",\"@id\":\"https:\\\/\\\/beneggiassociati.com\\\/en\\\/#\\\/schema\\\/person\\\/828daacfa37b359e89e981f920072004\",\"name\":\"Tiziano Beneggi\",\"url\":\"https:\\\/\\\/beneggiassociati.com\\\/en\\\/author\\\/tizianobeneggiassociati-com\\\/\"}]}<\/script>\n<!-- \/ Yoast SEO plugin. -->","yoast_head_json":{"title":"Conciliazione, nulla se firmata sotto minaccia di un danno - Beneggi &amp; Associati","description":"Il verbale di conciliazione con cui un dipendente rinuncia a ogni potenziale rivendicazione nei confronti del datore di lavoro \u00e8 nullo se viene","robots":{"index":"index","follow":"follow","max-snippet":"max-snippet:-1","max-image-preview":"max-image-preview:large","max-video-preview":"max-video-preview:-1"},"canonical":"https:\/\/beneggiassociati.com\/en\/conciliazione-nulla-se-firmata-sotto-minaccia-di-un-danno\/","og_locale":"en_US","og_type":"article","og_title":"Conciliazione, nulla se firmata sotto minaccia di un danno - Beneggi &amp; Associati","og_description":"Il verbale di conciliazione con cui un dipendente rinuncia a ogni potenziale rivendicazione nei confronti del datore di lavoro \u00e8 nullo se viene","og_url":"https:\/\/beneggiassociati.com\/en\/conciliazione-nulla-se-firmata-sotto-minaccia-di-un-danno\/","og_site_name":"Beneggi &amp; Associati","article_published_time":"2019-06-29T18:42:00+00:00","og_image":[{"width":1280,"height":823,"url":"https:\/\/beneggiassociati.com\/wp-content\/uploads\/2025\/07\/single-post-beneggi.jpg","type":"image\/jpeg"}],"author":"Tiziano Beneggi","twitter_card":"summary_large_image","twitter_misc":{"Written by":"Tiziano Beneggi","Est. reading time":"1 minute"},"schema":{"@context":"https:\/\/schema.org","@graph":[{"@type":"Article","@id":"https:\/\/beneggiassociati.com\/en\/conciliazione-nulla-se-firmata-sotto-minaccia-di-un-danno\/#article","isPartOf":{"@id":"https:\/\/beneggiassociati.com\/en\/conciliazione-nulla-se-firmata-sotto-minaccia-di-un-danno\/"},"author":{"name":"Tiziano Beneggi","@id":"https:\/\/beneggiassociati.com\/en\/#\/schema\/person\/828daacfa37b359e89e981f920072004"},"headline":"Conciliazione, nulla se firmata sotto minaccia di un danno","datePublished":"2019-06-29T18:42:00+00:00","mainEntityOfPage":{"@id":"https:\/\/beneggiassociati.com\/en\/conciliazione-nulla-se-firmata-sotto-minaccia-di-un-danno\/"},"wordCount":141,"commentCount":0,"publisher":{"@id":"https:\/\/beneggiassociati.com\/en\/#organization"},"image":{"@id":"https:\/\/beneggiassociati.com\/en\/conciliazione-nulla-se-firmata-sotto-minaccia-di-un-danno\/#primaryimage"},"thumbnailUrl":"https:\/\/beneggiassociati.com\/wp-content\/uploads\/2025\/07\/single-post-beneggi.jpg","articleSection":["ARCHIVIO"],"inLanguage":"en-US"},{"@type":"WebPage","@id":"https:\/\/beneggiassociati.com\/en\/conciliazione-nulla-se-firmata-sotto-minaccia-di-un-danno\/","url":"https:\/\/beneggiassociati.com\/en\/conciliazione-nulla-se-firmata-sotto-minaccia-di-un-danno\/","name":"Conciliazione, nulla se firmata sotto minaccia di un danno - Beneggi &amp; Associati","isPartOf":{"@id":"https:\/\/beneggiassociati.com\/en\/#website"},"primaryImageOfPage":{"@id":"https:\/\/beneggiassociati.com\/en\/conciliazione-nulla-se-firmata-sotto-minaccia-di-un-danno\/#primaryimage"},"image":{"@id":"https:\/\/beneggiassociati.com\/en\/conciliazione-nulla-se-firmata-sotto-minaccia-di-un-danno\/#primaryimage"},"thumbnailUrl":"https:\/\/beneggiassociati.com\/wp-content\/uploads\/2025\/07\/single-post-beneggi.jpg","datePublished":"2019-06-29T18:42:00+00:00","description":"Il verbale di conciliazione con cui un dipendente rinuncia a ogni potenziale rivendicazione nei confronti del datore di lavoro \u00e8 nullo se viene","breadcrumb":{"@id":"https:\/\/beneggiassociati.com\/en\/conciliazione-nulla-se-firmata-sotto-minaccia-di-un-danno\/#breadcrumb"},"inLanguage":"en-US","potentialAction":[{"@type":"ReadAction","target":["https:\/\/beneggiassociati.com\/en\/conciliazione-nulla-se-firmata-sotto-minaccia-di-un-danno\/"]}]},{"@type":"ImageObject","inLanguage":"en-US","@id":"https:\/\/beneggiassociati.com\/en\/conciliazione-nulla-se-firmata-sotto-minaccia-di-un-danno\/#primaryimage","url":"https:\/\/beneggiassociati.com\/wp-content\/uploads\/2025\/07\/single-post-beneggi.jpg","contentUrl":"https:\/\/beneggiassociati.com\/wp-content\/uploads\/2025\/07\/single-post-beneggi.jpg","width":1280,"height":823},{"@type":"BreadcrumbList","@id":"https:\/\/beneggiassociati.com\/en\/conciliazione-nulla-se-firmata-sotto-minaccia-di-un-danno\/#breadcrumb","itemListElement":[{"@type":"ListItem","position":1,"name":"Home","item":"https:\/\/beneggiassociati.com\/en\/?page_id=24163"},{"@type":"ListItem","position":2,"name":"Conciliazione, nulla se firmata sotto minaccia di un danno"}]},{"@type":"WebSite","@id":"https:\/\/beneggiassociati.com\/en\/#website","url":"https:\/\/beneggiassociati.com\/en\/","name":"Beneggi e associati","description":"","publisher":{"@id":"https:\/\/beneggiassociati.com\/en\/#organization"},"potentialAction":[{"@type":"SearchAction","target":{"@type":"EntryPoint","urlTemplate":"https:\/\/beneggiassociati.com\/en\/?s={search_term_string}"},"query-input":{"@type":"PropertyValueSpecification","valueRequired":true,"valueName":"search_term_string"}}],"inLanguage":"en-US"},{"@type":"Organization","@id":"https:\/\/beneggiassociati.com\/en\/#organization","name":"Beneggi e associati","url":"https:\/\/beneggiassociati.com\/en\/","logo":{"@type":"ImageObject","inLanguage":"en-US","@id":"https:\/\/beneggiassociati.com\/en\/#\/schema\/logo\/image\/","url":"https:\/\/beneggiassociati.com\/wp-content\/uploads\/2025\/07\/beneggi-logo.png","contentUrl":"https:\/\/beneggiassociati.com\/wp-content\/uploads\/2025\/07\/beneggi-logo.png","width":141,"height":87,"caption":"Beneggi e associati"},"image":{"@id":"https:\/\/beneggiassociati.com\/en\/#\/schema\/logo\/image\/"}},{"@type":"Person","@id":"https:\/\/beneggiassociati.com\/en\/#\/schema\/person\/828daacfa37b359e89e981f920072004","name":"Tiziano Beneggi","url":"https:\/\/beneggiassociati.com\/en\/author\/tizianobeneggiassociati-com\/"}]}},"_links":{"self":[{"href":"https:\/\/beneggiassociati.com\/en\/wp-json\/wp\/v2\/posts\/16561","targetHints":{"allow":["GET"]}}],"collection":[{"href":"https:\/\/beneggiassociati.com\/en\/wp-json\/wp\/v2\/posts"}],"about":[{"href":"https:\/\/beneggiassociati.com\/en\/wp-json\/wp\/v2\/types\/post"}],"author":[{"embeddable":true,"href":"https:\/\/beneggiassociati.com\/en\/wp-json\/wp\/v2\/users\/4"}],"replies":[{"embeddable":true,"href":"https:\/\/beneggiassociati.com\/en\/wp-json\/wp\/v2\/comments?post=16561"}],"version-history":[{"count":0,"href":"https:\/\/beneggiassociati.com\/en\/wp-json\/wp\/v2\/posts\/16561\/revisions"}],"wp:featuredmedia":[{"embeddable":true,"href":"https:\/\/beneggiassociati.com\/en\/wp-json\/wp\/v2\/media\/409"}],"wp:attachment":[{"href":"https:\/\/beneggiassociati.com\/en\/wp-json\/wp\/v2\/media?parent=16561"}],"wp:term":[{"taxonomy":"category","embeddable":true,"href":"https:\/\/beneggiassociati.com\/en\/wp-json\/wp\/v2\/categories?post=16561"},{"taxonomy":"post_tag","embeddable":true,"href":"https:\/\/beneggiassociati.com\/en\/wp-json\/wp\/v2\/tags?post=16561"}],"curies":[{"name":"wp","href":"https:\/\/api.w.org\/{rel}","templated":true}]}}