{"id":16569,"date":"2019-06-30T06:37:00","date_gmt":"2019-06-30T04:37:00","guid":{"rendered":"https:\/\/dev.beneggiassociati.com\/2019\/06\/30\/eco-e-sismabonus-in-cinque-anni-ora-si-puo-anche-cedere-a-terzi\/"},"modified":"2019-06-30T06:37:00","modified_gmt":"2019-06-30T04:37:00","slug":"eco-e-sismabonus-in-cinque-anni-ora-si-puo-anche-cedere-a-terzi","status":"publish","type":"post","link":"https:\/\/beneggiassociati.com\/en\/eco-e-sismabonus-in-cinque-anni-ora-si-puo-anche-cedere-a-terzi\/","title":{"rendered":"Eco e sismabonus in cinque anni, ora si pu\u00f2 anche cedere a terzi"},"content":{"rendered":"\n<p>Corretto dal parlamento il Dl Crescita su ecobonus e sismabonus a detrazione rapida: i cinque anni, invece dei soliti dieci, venivano resi possibili con la versione iniziale del Dl 34\/2019, che prevedeva per\u00f2 che il cessionario potesse utilizzare il credito solo in compensazione.<\/p>\n\n\n<p>Nella nuova versione della norma \u00e8 stato ora aggiunto il periodo che dice: \u00abIl fornitore che ha effettuato gli interventi ha a sua volta facolt\u00e0 di cedere il credito d\u2019imposta ai propri fornitori di beni e servizi, con esclusione della possibilit\u00e0 di ulteriori cessioni da parte di questi ultimi.&nbsp;<\/p>\n\n\n<p>Rimane in ogni caso esclusa la cessione ad istituti di credito e ad intermediari finanziari\u00bb.&nbsp;<\/p>\n\n\n<p>Stessa modifica \u00e8 stata fatta all\u2019articolo 16, comma 1-octies, del Dl 63\/2013, che riguarda il sismabonus.<\/p>\n\n\n<p>In concreto, quindi, chi ha diritto alle detrazioni (cio\u00e8 il contribuente) pu\u00f2 optare per uno sconto sulla fattura \u00abdi pari ammontare\u00bb da parte del \u00abfornitore che ha effettuato gli interventi\u00bb. Quest\u2019ultimo, a sua volta, ottiene un credito d\u2019imposta da utilizzare in compensazione, in cinque quote annue uguali e senza l\u2019applicazione dei limiti previsti dalle leggi 388\/2000 e 244\/2007.<\/p>\n\n\n<p>Il \u201cprezzo\u201d della cessione \u00e8 predefinito: lo sconto deve essere pari alla detrazione, quindi, per un lavoro di 100mila euro con detrazione del 65%, il committente-contribuente avr\u00e0 subito uno sconto di 65mila euro e il \u00abfornitore\u00bb potr\u00e0 compensare le imposte a suo carico con un credito d\u2019imposta di 13mila euro all\u2019anno per cinque anni.&nbsp;<\/p>\n\n\n<p>Non si contratta, quindi, l\u2019importo dello sconto sulla fattura, come invece si pu\u00f2 contrattare il prezzo di acquisto del credito fiscale se si sceglie l\u2019altra possibilit\u00e0 (quella dei dieci anni) rimasta in vigore. Il \u00abfornitore\u00bb (termine che andr\u00e0 definito) potr\u00e0 anche scegliere, anzich\u00e9 compensare il credito con le imposte a suo carico, di cederlo ai \u00abpropri fornitori\u00bb (ma non a banche e intermediari finanziari) che per\u00f2 non potranno pi\u00f9 cederlo.&nbsp;<\/p>\n\n\n<p>Entro 30 giorni dall\u2019entrata in vigore della legge di conversione le Entrate emaneranno un provvedimento di attuazione.<\/p>\n\n\n<p><a href=\"mailto:info@beneggiassociati.com\" target=\"_blank\" rel=\"noreferrer noopener\"><br \/>Sei interessato all\u2019articolo? Scrivici e verrai contattato da un nostro Consultant<\/a><\/p>\n\n\n<p><a href=\"https:\/\/beneggiassociati.com\/\" target=\"_blank\" rel=\"noreferrer noopener\">@ Beneggi e Associati | Commercialisti al servizio delle imprese | Meda | Milano<\/a><br \/><\/p>\n","protected":false},"excerpt":{"rendered":"<p>Corretto dal parlamento il Dl Crescita su ecobonus e sismabonus a detrazione rapida: i cinque anni, invece dei soliti dieci, venivano resi possibili con la versione iniziale del Dl 34\/2019, che prevedeva per\u00f2 che il cessionario potesse utilizzare il credito solo in compensazione. Nella nuova versione della norma \u00e8 stato ora aggiunto il periodo che [&hellip;]<\/p>\n","protected":false},"author":4,"featured_media":409,"comment_status":"open","ping_status":"open","sticky":false,"template":"","format":"standard","meta":{"_acf_changed":false,"content-type":"","footnotes":""},"categories":[16],"tags":[],"class_list":["post-16569","post","type-post","status-publish","format-standard","has-post-thumbnail","hentry","category-archivio"],"acf":[],"yoast_head":"<!-- This site is optimized with the Yoast SEO plugin v27.5 - https:\/\/yoast.com\/product\/yoast-seo-wordpress\/ -->\n<title>Eco e sismabonus in cinque anni, ora si pu\u00f2 anche cedere a terzi - Beneggi &amp; Associati<\/title>\n<meta name=\"description\" content=\"Corretto dal parlamento il Dl Crescita su ecobonus e sismabonus a detrazione rapida: i cinque anni, invece dei soliti dieci, venivano resi possibili con\" \/>\n<meta name=\"robots\" content=\"index, follow, max-snippet:-1, max-image-preview:large, max-video-preview:-1\" \/>\n<link rel=\"canonical\" href=\"https:\/\/beneggiassociati.com\/en\/eco-e-sismabonus-in-cinque-anni-ora-si-puo-anche-cedere-a-terzi\/\" \/>\n<meta property=\"og:locale\" content=\"en_US\" \/>\n<meta property=\"og:type\" content=\"article\" \/>\n<meta property=\"og:title\" content=\"Eco e sismabonus in cinque anni, ora si pu\u00f2 anche cedere a terzi - Beneggi &amp; Associati\" \/>\n<meta property=\"og:description\" content=\"Corretto dal parlamento il Dl Crescita su ecobonus e sismabonus a detrazione rapida: i cinque anni, invece dei soliti dieci, venivano resi possibili con\" \/>\n<meta property=\"og:url\" content=\"https:\/\/beneggiassociati.com\/en\/eco-e-sismabonus-in-cinque-anni-ora-si-puo-anche-cedere-a-terzi\/\" \/>\n<meta property=\"og:site_name\" content=\"Beneggi &amp; Associati\" \/>\n<meta property=\"article:published_time\" content=\"2019-06-30T04:37:00+00:00\" \/>\n<meta property=\"og:image\" content=\"https:\/\/beneggiassociati.com\/wp-content\/uploads\/2025\/07\/single-post-beneggi.jpg\" \/>\n\t<meta property=\"og:image:width\" content=\"1280\" \/>\n\t<meta property=\"og:image:height\" content=\"823\" \/>\n\t<meta property=\"og:image:type\" content=\"image\/jpeg\" \/>\n<meta name=\"author\" content=\"Tiziano Beneggi\" \/>\n<meta name=\"twitter:card\" content=\"summary_large_image\" \/>\n<meta name=\"twitter:label1\" content=\"Written by\" \/>\n\t<meta name=\"twitter:data1\" content=\"Tiziano Beneggi\" \/>\n\t<meta name=\"twitter:label2\" content=\"Est. reading time\" \/>\n\t<meta name=\"twitter:data2\" content=\"2 minutes\" \/>\n<script type=\"application\/ld+json\" class=\"yoast-schema-graph\">{\"@context\":\"https:\\\/\\\/schema.org\",\"@graph\":[{\"@type\":\"Article\",\"@id\":\"https:\\\/\\\/beneggiassociati.com\\\/en\\\/eco-e-sismabonus-in-cinque-anni-ora-si-puo-anche-cedere-a-terzi\\\/#article\",\"isPartOf\":{\"@id\":\"https:\\\/\\\/beneggiassociati.com\\\/en\\\/eco-e-sismabonus-in-cinque-anni-ora-si-puo-anche-cedere-a-terzi\\\/\"},\"author\":{\"name\":\"Tiziano Beneggi\",\"@id\":\"https:\\\/\\\/beneggiassociati.com\\\/en\\\/#\\\/schema\\\/person\\\/828daacfa37b359e89e981f920072004\"},\"headline\":\"Eco e sismabonus in cinque anni, ora si pu\u00f2 anche cedere a terzi\",\"datePublished\":\"2019-06-30T04:37:00+00:00\",\"mainEntityOfPage\":{\"@id\":\"https:\\\/\\\/beneggiassociati.com\\\/en\\\/eco-e-sismabonus-in-cinque-anni-ora-si-puo-anche-cedere-a-terzi\\\/\"},\"wordCount\":361,\"commentCount\":0,\"publisher\":{\"@id\":\"https:\\\/\\\/beneggiassociati.com\\\/en\\\/#organization\"},\"image\":{\"@id\":\"https:\\\/\\\/beneggiassociati.com\\\/en\\\/eco-e-sismabonus-in-cinque-anni-ora-si-puo-anche-cedere-a-terzi\\\/#primaryimage\"},\"thumbnailUrl\":\"https:\\\/\\\/beneggiassociati.com\\\/wp-content\\\/uploads\\\/2025\\\/07\\\/single-post-beneggi.jpg\",\"articleSection\":[\"ARCHIVIO\"],\"inLanguage\":\"en-US\"},{\"@type\":\"WebPage\",\"@id\":\"https:\\\/\\\/beneggiassociati.com\\\/en\\\/eco-e-sismabonus-in-cinque-anni-ora-si-puo-anche-cedere-a-terzi\\\/\",\"url\":\"https:\\\/\\\/beneggiassociati.com\\\/en\\\/eco-e-sismabonus-in-cinque-anni-ora-si-puo-anche-cedere-a-terzi\\\/\",\"name\":\"Eco e sismabonus in cinque anni, ora si pu\u00f2 anche cedere a terzi - Beneggi &amp; Associati\",\"isPartOf\":{\"@id\":\"https:\\\/\\\/beneggiassociati.com\\\/en\\\/#website\"},\"primaryImageOfPage\":{\"@id\":\"https:\\\/\\\/beneggiassociati.com\\\/en\\\/eco-e-sismabonus-in-cinque-anni-ora-si-puo-anche-cedere-a-terzi\\\/#primaryimage\"},\"image\":{\"@id\":\"https:\\\/\\\/beneggiassociati.com\\\/en\\\/eco-e-sismabonus-in-cinque-anni-ora-si-puo-anche-cedere-a-terzi\\\/#primaryimage\"},\"thumbnailUrl\":\"https:\\\/\\\/beneggiassociati.com\\\/wp-content\\\/uploads\\\/2025\\\/07\\\/single-post-beneggi.jpg\",\"datePublished\":\"2019-06-30T04:37:00+00:00\",\"description\":\"Corretto dal parlamento il Dl Crescita su ecobonus e sismabonus a detrazione rapida: i cinque anni, invece dei soliti dieci, venivano resi possibili con\",\"breadcrumb\":{\"@id\":\"https:\\\/\\\/beneggiassociati.com\\\/en\\\/eco-e-sismabonus-in-cinque-anni-ora-si-puo-anche-cedere-a-terzi\\\/#breadcrumb\"},\"inLanguage\":\"en-US\",\"potentialAction\":[{\"@type\":\"ReadAction\",\"target\":[\"https:\\\/\\\/beneggiassociati.com\\\/en\\\/eco-e-sismabonus-in-cinque-anni-ora-si-puo-anche-cedere-a-terzi\\\/\"]}]},{\"@type\":\"ImageObject\",\"inLanguage\":\"en-US\",\"@id\":\"https:\\\/\\\/beneggiassociati.com\\\/en\\\/eco-e-sismabonus-in-cinque-anni-ora-si-puo-anche-cedere-a-terzi\\\/#primaryimage\",\"url\":\"https:\\\/\\\/beneggiassociati.com\\\/wp-content\\\/uploads\\\/2025\\\/07\\\/single-post-beneggi.jpg\",\"contentUrl\":\"https:\\\/\\\/beneggiassociati.com\\\/wp-content\\\/uploads\\\/2025\\\/07\\\/single-post-beneggi.jpg\",\"width\":1280,\"height\":823},{\"@type\":\"BreadcrumbList\",\"@id\":\"https:\\\/\\\/beneggiassociati.com\\\/en\\\/eco-e-sismabonus-in-cinque-anni-ora-si-puo-anche-cedere-a-terzi\\\/#breadcrumb\",\"itemListElement\":[{\"@type\":\"ListItem\",\"position\":1,\"name\":\"Home\",\"item\":\"https:\\\/\\\/beneggiassociati.com\\\/en\\\/?page_id=24163\"},{\"@type\":\"ListItem\",\"position\":2,\"name\":\"Eco e sismabonus in cinque anni, ora si pu\u00f2 anche cedere a terzi\"}]},{\"@type\":\"WebSite\",\"@id\":\"https:\\\/\\\/beneggiassociati.com\\\/en\\\/#website\",\"url\":\"https:\\\/\\\/beneggiassociati.com\\\/en\\\/\",\"name\":\"Beneggi e associati\",\"description\":\"\",\"publisher\":{\"@id\":\"https:\\\/\\\/beneggiassociati.com\\\/en\\\/#organization\"},\"potentialAction\":[{\"@type\":\"SearchAction\",\"target\":{\"@type\":\"EntryPoint\",\"urlTemplate\":\"https:\\\/\\\/beneggiassociati.com\\\/en\\\/?s={search_term_string}\"},\"query-input\":{\"@type\":\"PropertyValueSpecification\",\"valueRequired\":true,\"valueName\":\"search_term_string\"}}],\"inLanguage\":\"en-US\"},{\"@type\":\"Organization\",\"@id\":\"https:\\\/\\\/beneggiassociati.com\\\/en\\\/#organization\",\"name\":\"Beneggi e associati\",\"url\":\"https:\\\/\\\/beneggiassociati.com\\\/en\\\/\",\"logo\":{\"@type\":\"ImageObject\",\"inLanguage\":\"en-US\",\"@id\":\"https:\\\/\\\/beneggiassociati.com\\\/en\\\/#\\\/schema\\\/logo\\\/image\\\/\",\"url\":\"https:\\\/\\\/beneggiassociati.com\\\/wp-content\\\/uploads\\\/2025\\\/07\\\/beneggi-logo.png\",\"contentUrl\":\"https:\\\/\\\/beneggiassociati.com\\\/wp-content\\\/uploads\\\/2025\\\/07\\\/beneggi-logo.png\",\"width\":141,\"height\":87,\"caption\":\"Beneggi e associati\"},\"image\":{\"@id\":\"https:\\\/\\\/beneggiassociati.com\\\/en\\\/#\\\/schema\\\/logo\\\/image\\\/\"}},{\"@type\":\"Person\",\"@id\":\"https:\\\/\\\/beneggiassociati.com\\\/en\\\/#\\\/schema\\\/person\\\/828daacfa37b359e89e981f920072004\",\"name\":\"Tiziano Beneggi\",\"url\":\"https:\\\/\\\/beneggiassociati.com\\\/en\\\/author\\\/tizianobeneggiassociati-com\\\/\"}]}<\/script>\n<!-- \/ Yoast SEO plugin. -->","yoast_head_json":{"title":"Eco e sismabonus in cinque anni, ora si pu\u00f2 anche cedere a terzi - Beneggi &amp; Associati","description":"Corretto dal parlamento il Dl Crescita su ecobonus e sismabonus a detrazione rapida: i cinque anni, invece dei soliti dieci, venivano resi possibili con","robots":{"index":"index","follow":"follow","max-snippet":"max-snippet:-1","max-image-preview":"max-image-preview:large","max-video-preview":"max-video-preview:-1"},"canonical":"https:\/\/beneggiassociati.com\/en\/eco-e-sismabonus-in-cinque-anni-ora-si-puo-anche-cedere-a-terzi\/","og_locale":"en_US","og_type":"article","og_title":"Eco e sismabonus in cinque anni, ora si pu\u00f2 anche cedere a terzi - Beneggi &amp; Associati","og_description":"Corretto dal parlamento il Dl Crescita su ecobonus e sismabonus a detrazione rapida: i cinque anni, invece dei soliti dieci, venivano resi possibili con","og_url":"https:\/\/beneggiassociati.com\/en\/eco-e-sismabonus-in-cinque-anni-ora-si-puo-anche-cedere-a-terzi\/","og_site_name":"Beneggi &amp; Associati","article_published_time":"2019-06-30T04:37:00+00:00","og_image":[{"width":1280,"height":823,"url":"https:\/\/beneggiassociati.com\/wp-content\/uploads\/2025\/07\/single-post-beneggi.jpg","type":"image\/jpeg"}],"author":"Tiziano Beneggi","twitter_card":"summary_large_image","twitter_misc":{"Written by":"Tiziano Beneggi","Est. reading time":"2 minutes"},"schema":{"@context":"https:\/\/schema.org","@graph":[{"@type":"Article","@id":"https:\/\/beneggiassociati.com\/en\/eco-e-sismabonus-in-cinque-anni-ora-si-puo-anche-cedere-a-terzi\/#article","isPartOf":{"@id":"https:\/\/beneggiassociati.com\/en\/eco-e-sismabonus-in-cinque-anni-ora-si-puo-anche-cedere-a-terzi\/"},"author":{"name":"Tiziano Beneggi","@id":"https:\/\/beneggiassociati.com\/en\/#\/schema\/person\/828daacfa37b359e89e981f920072004"},"headline":"Eco e sismabonus in cinque anni, ora si pu\u00f2 anche cedere a terzi","datePublished":"2019-06-30T04:37:00+00:00","mainEntityOfPage":{"@id":"https:\/\/beneggiassociati.com\/en\/eco-e-sismabonus-in-cinque-anni-ora-si-puo-anche-cedere-a-terzi\/"},"wordCount":361,"commentCount":0,"publisher":{"@id":"https:\/\/beneggiassociati.com\/en\/#organization"},"image":{"@id":"https:\/\/beneggiassociati.com\/en\/eco-e-sismabonus-in-cinque-anni-ora-si-puo-anche-cedere-a-terzi\/#primaryimage"},"thumbnailUrl":"https:\/\/beneggiassociati.com\/wp-content\/uploads\/2025\/07\/single-post-beneggi.jpg","articleSection":["ARCHIVIO"],"inLanguage":"en-US"},{"@type":"WebPage","@id":"https:\/\/beneggiassociati.com\/en\/eco-e-sismabonus-in-cinque-anni-ora-si-puo-anche-cedere-a-terzi\/","url":"https:\/\/beneggiassociati.com\/en\/eco-e-sismabonus-in-cinque-anni-ora-si-puo-anche-cedere-a-terzi\/","name":"Eco e sismabonus in cinque anni, ora si pu\u00f2 anche cedere a terzi - Beneggi &amp; Associati","isPartOf":{"@id":"https:\/\/beneggiassociati.com\/en\/#website"},"primaryImageOfPage":{"@id":"https:\/\/beneggiassociati.com\/en\/eco-e-sismabonus-in-cinque-anni-ora-si-puo-anche-cedere-a-terzi\/#primaryimage"},"image":{"@id":"https:\/\/beneggiassociati.com\/en\/eco-e-sismabonus-in-cinque-anni-ora-si-puo-anche-cedere-a-terzi\/#primaryimage"},"thumbnailUrl":"https:\/\/beneggiassociati.com\/wp-content\/uploads\/2025\/07\/single-post-beneggi.jpg","datePublished":"2019-06-30T04:37:00+00:00","description":"Corretto dal parlamento il Dl Crescita su ecobonus e sismabonus a detrazione rapida: i cinque anni, invece dei soliti dieci, venivano resi possibili con","breadcrumb":{"@id":"https:\/\/beneggiassociati.com\/en\/eco-e-sismabonus-in-cinque-anni-ora-si-puo-anche-cedere-a-terzi\/#breadcrumb"},"inLanguage":"en-US","potentialAction":[{"@type":"ReadAction","target":["https:\/\/beneggiassociati.com\/en\/eco-e-sismabonus-in-cinque-anni-ora-si-puo-anche-cedere-a-terzi\/"]}]},{"@type":"ImageObject","inLanguage":"en-US","@id":"https:\/\/beneggiassociati.com\/en\/eco-e-sismabonus-in-cinque-anni-ora-si-puo-anche-cedere-a-terzi\/#primaryimage","url":"https:\/\/beneggiassociati.com\/wp-content\/uploads\/2025\/07\/single-post-beneggi.jpg","contentUrl":"https:\/\/beneggiassociati.com\/wp-content\/uploads\/2025\/07\/single-post-beneggi.jpg","width":1280,"height":823},{"@type":"BreadcrumbList","@id":"https:\/\/beneggiassociati.com\/en\/eco-e-sismabonus-in-cinque-anni-ora-si-puo-anche-cedere-a-terzi\/#breadcrumb","itemListElement":[{"@type":"ListItem","position":1,"name":"Home","item":"https:\/\/beneggiassociati.com\/en\/?page_id=24163"},{"@type":"ListItem","position":2,"name":"Eco e sismabonus in cinque anni, ora si pu\u00f2 anche cedere a terzi"}]},{"@type":"WebSite","@id":"https:\/\/beneggiassociati.com\/en\/#website","url":"https:\/\/beneggiassociati.com\/en\/","name":"Beneggi e associati","description":"","publisher":{"@id":"https:\/\/beneggiassociati.com\/en\/#organization"},"potentialAction":[{"@type":"SearchAction","target":{"@type":"EntryPoint","urlTemplate":"https:\/\/beneggiassociati.com\/en\/?s={search_term_string}"},"query-input":{"@type":"PropertyValueSpecification","valueRequired":true,"valueName":"search_term_string"}}],"inLanguage":"en-US"},{"@type":"Organization","@id":"https:\/\/beneggiassociati.com\/en\/#organization","name":"Beneggi e associati","url":"https:\/\/beneggiassociati.com\/en\/","logo":{"@type":"ImageObject","inLanguage":"en-US","@id":"https:\/\/beneggiassociati.com\/en\/#\/schema\/logo\/image\/","url":"https:\/\/beneggiassociati.com\/wp-content\/uploads\/2025\/07\/beneggi-logo.png","contentUrl":"https:\/\/beneggiassociati.com\/wp-content\/uploads\/2025\/07\/beneggi-logo.png","width":141,"height":87,"caption":"Beneggi e associati"},"image":{"@id":"https:\/\/beneggiassociati.com\/en\/#\/schema\/logo\/image\/"}},{"@type":"Person","@id":"https:\/\/beneggiassociati.com\/en\/#\/schema\/person\/828daacfa37b359e89e981f920072004","name":"Tiziano Beneggi","url":"https:\/\/beneggiassociati.com\/en\/author\/tizianobeneggiassociati-com\/"}]}},"_links":{"self":[{"href":"https:\/\/beneggiassociati.com\/en\/wp-json\/wp\/v2\/posts\/16569","targetHints":{"allow":["GET"]}}],"collection":[{"href":"https:\/\/beneggiassociati.com\/en\/wp-json\/wp\/v2\/posts"}],"about":[{"href":"https:\/\/beneggiassociati.com\/en\/wp-json\/wp\/v2\/types\/post"}],"author":[{"embeddable":true,"href":"https:\/\/beneggiassociati.com\/en\/wp-json\/wp\/v2\/users\/4"}],"replies":[{"embeddable":true,"href":"https:\/\/beneggiassociati.com\/en\/wp-json\/wp\/v2\/comments?post=16569"}],"version-history":[{"count":0,"href":"https:\/\/beneggiassociati.com\/en\/wp-json\/wp\/v2\/posts\/16569\/revisions"}],"wp:featuredmedia":[{"embeddable":true,"href":"https:\/\/beneggiassociati.com\/en\/wp-json\/wp\/v2\/media\/409"}],"wp:attachment":[{"href":"https:\/\/beneggiassociati.com\/en\/wp-json\/wp\/v2\/media?parent=16569"}],"wp:term":[{"taxonomy":"category","embeddable":true,"href":"https:\/\/beneggiassociati.com\/en\/wp-json\/wp\/v2\/categories?post=16569"},{"taxonomy":"post_tag","embeddable":true,"href":"https:\/\/beneggiassociati.com\/en\/wp-json\/wp\/v2\/tags?post=16569"}],"curies":[{"name":"wp","href":"https:\/\/api.w.org\/{rel}","templated":true}]}}