{"id":16570,"date":"2019-06-30T06:42:00","date_gmt":"2019-06-30T04:42:00","guid":{"rendered":"https:\/\/dev.beneggiassociati.com\/2019\/06\/30\/30-06-proroga-dei-versamenti\/"},"modified":"2019-06-30T06:42:00","modified_gmt":"2019-06-30T04:42:00","slug":"30-06-proroga-dei-versamenti","status":"publish","type":"post","link":"https:\/\/beneggiassociati.com\/en\/30-06-proroga-dei-versamenti\/","title":{"rendered":"30\/06, proroga dei versamenti"},"content":{"rendered":"\n<p>Confermata la lunga proroga per i versamenti dei contribuenti soggetti agli Isa, indici sintetici di affidabilit\u00e0 fiscale, i cui termini in scadenza \u00abdal 30 giugno al 30 settembre 2019, sono prorogati al 30 settembre 2019\u00bb.\u00a0<\/p>\n\n\n<p>La proroga dei versamenti di Redditi 2019 riguarda i contribuenti soggetti agli Isa, nonch\u00e9 i contribuenti \u201ccollegati\u201d a chi deve compilare il modello Isa, come i soci di societ\u00e0 di persone e quelli delle societ\u00e0 a responsabilit\u00e0 limitata in trasparenza o i collaboratori di imprese familiari.&nbsp;<\/p>\n\n\n<p>Non si calcola alcuna maggiorazione per il periodo successivo al 1\u00b0 luglio e fino al 30 settembre, nel rispetto del principio che \u00abla proroga \u00e8 gratuita\u00bb.&nbsp;<\/p>\n\n\n<p>Gli allungamenti riguarderanno, in particolare, le persone fisiche e i soggetti collettivi, societ\u00e0 di persone e societ\u00e0 di capitali comprese, che esercitano attivit\u00e0 per le quali sono stati elaborati i nuovi Isa, a prescindere dall\u2019esistenza di cause di esclusione o di inapplicabilit\u00e0, e che dichiarano ricavi o compensi non superiori al limite stabilito dalla legge (5.164.569,00 euro).&nbsp;<\/p>\n\n\n<p>La proroga riguarda anche gli altri tributi e contributi risultanti dalla dichiarazione dei redditi, nonch\u00e9 i versamenti dell\u2019Irap e dell\u2019Iva con la maggiorazione dello 0,40% per ogni mese o frazione di mese successivo al 18 marzo 2019 (il 16, di scadenza, era sabato e il 17 domenica).<\/p>\n\n\n<p>Beneficiano della proroga anche le persone fisiche che, per l\u2019anno 2018, hanno applicato il regime dei minimi, nonch\u00e9 le persone fisiche che hanno applicato il regime forfettario.&nbsp;<\/p>\n\n\n<p>Nessun differimento, invece, per gli altri contribuenti, non soggetti a Isa, per i quali restano fermi i termini del 1\u00b0 luglio o dal 2 luglio al 31 luglio con lo 0,40% in pi\u00f9. Ad esempio, sono escluse dalla proroga le persone fisiche che hanno redditi di terreni o fabbricati, redditi diversi, occasionali, di lavoro dipendente o di pensione.<\/p>\n\n\n<p>La proroga al 30 settembre 2019 dovrebbe costituire la nuova scadenza e sostituisce quella del 30 giugno, che slitta al 1\u00b0 luglio. In base alla nuova scadenza, i versamenti possono anche essere effettuati entro il trentesimo giorno successivo al 30 settembre, cio\u00e8 entro il 30 ottobre 2019, maggiorando le somme da versare dello 0,40% a titolo di interesse corrispettivo. Da ci\u00f2 ne consegue che, per chi paga a rate, pagando la prima entro il 30 settembre, le rate successive si riducono a due, in scadenza il 16 ottobre e il 16 novembre, che slitta a luned\u00ec 18 novembre, per i titolari di partita Iva e il 31 ottobre e 30 novembre, che slitta al 2 dicembre 2019, per i non titolari di partita Iva. Senza dimenticare che il secondo acconto per il 2019, da pagare in unica soluzione, scade anche il 2 dicembre 2019.<\/p>\n\n\n<p>I contribuenti, destinatari della proroga, possono comunque \u201crinunciare\u201d al differimento, magari perch\u00e9 hanno gi\u00e0 preparato i modelli F24 per i pagamenti. In questo modo, eviteranno le complicazioni che possono derivare dal dovere rideterminare il piano di rateazione, riducendo il numero delle rate. Possono cio\u00e8 proseguire il piano di rateazione scelto, senza considerare la proroga.\u00a0<\/p>\n\n\n<p>Tra le proroghe pi\u00f9 rilevanti si segnalano quella dal 30 settembre al 30 novembre per la presentazione delle dichiarazioni annuali dei Redditi e dell\u2019Irap e lo spostamento dal 30 giugno al 31 dicembre del termine per le dichiarazioni Imu e Tasi.&nbsp;<\/p>\n\n\n<p>\u00c8 stato eliminato l\u2019obbligo di presentare la dichiarazione per chi vuole beneficiare della riduzione del 50% dell\u2019Imu e della Tasi sulle case concesse in comodato, cio\u00e8 in prestito gratuito, ai figli o ai genitori.<\/p>\n\n\n<p>La proroga per la presentazione telematica delle dichiarazioni annuali dei redditi e dell\u2019Irap ha effetto gi\u00e0 per i modelli Redditi e Irap 2019, per il 2018. \u00c8 ora stabilito che le persone fisiche e le societ\u00e0 o le associazioni presentano la dichiarazione tramite un ufficio delle Poste italiane tra il 1\u00b0 maggio e il 30 giugno, o in via telematica entro il 30 novembre dell\u2019anno successivo a quello di chiusura del periodo di imposta.&nbsp;<\/p>\n\n\n<p>Si allungano anche i termini per presentare le dichiarazioni integrative, modelli Redditi 2019 e Irap 2019, per modificare il rimborso in compensazione.&nbsp;Per modificare la scelta, sempre che il rimborso non sia stato effettuato, anche in parte, il contribuente ha 120 giorni di tempo a partire dal 30 novembre 2019, che slitta al 2 dicembre; ha perci\u00f2 tempo fino al 31 marzo 2020. Condizione per presentare la dichiarazione integrativa \u00e8 che sia stata validamente presentata la dichiarazione originaria.<\/p>\n\n\n<p><a href=\"mailto:info@beneggiassociati.com\" target=\"_blank\" rel=\"noreferrer noopener\"><br \/>Sei interessato all\u2019articolo? Scrivici e verrai contattato da un nostro Consultant<\/a><\/p>\n\n\n<p><a href=\"https:\/\/beneggiassociati.com\/\" target=\"_blank\" rel=\"noreferrer noopener\">@ Beneggi e Associati | Commercialisti al servizio delle imprese | Meda | Milano<\/a><br \/><\/p>\n","protected":false},"excerpt":{"rendered":"<p>Confermata la lunga proroga per i versamenti dei contribuenti soggetti agli Isa, indici sintetici di affidabilit\u00e0 fiscale, i cui termini in scadenza \u00abdal 30 giugno al 30 settembre 2019, sono prorogati al 30 settembre 2019\u00bb.\u00a0 La proroga dei versamenti di Redditi 2019 riguarda i contribuenti soggetti agli Isa, nonch\u00e9 i contribuenti \u201ccollegati\u201d a chi deve [&hellip;]<\/p>\n","protected":false},"author":4,"featured_media":409,"comment_status":"open","ping_status":"open","sticky":false,"template":"","format":"standard","meta":{"_acf_changed":false,"content-type":"","footnotes":""},"categories":[16],"tags":[],"class_list":["post-16570","post","type-post","status-publish","format-standard","has-post-thumbnail","hentry","category-archivio"],"acf":[],"yoast_head":"<!-- This site is optimized with the Yoast SEO plugin v27.5 - https:\/\/yoast.com\/product\/yoast-seo-wordpress\/ -->\n<title>30\/06, proroga dei versamenti - Beneggi &amp; Associati<\/title>\n<meta name=\"description\" content=\"Confermata la lunga proroga per i versamenti dei contribuenti soggetti agli Isa, indici sintetici di affidabilit\u00e0 fiscale, i cui termini in scadenza \u00abdal\" \/>\n<meta name=\"robots\" content=\"index, follow, max-snippet:-1, max-image-preview:large, max-video-preview:-1\" \/>\n<link rel=\"canonical\" href=\"https:\/\/beneggiassociati.com\/en\/30-06-proroga-dei-versamenti\/\" \/>\n<meta property=\"og:locale\" content=\"en_US\" \/>\n<meta property=\"og:type\" content=\"article\" \/>\n<meta property=\"og:title\" content=\"30\/06, proroga dei versamenti - Beneggi &amp; Associati\" \/>\n<meta property=\"og:description\" content=\"Confermata la lunga proroga per i versamenti dei contribuenti soggetti agli Isa, indici sintetici di affidabilit\u00e0 fiscale, i cui termini in scadenza \u00abdal\" \/>\n<meta property=\"og:url\" content=\"https:\/\/beneggiassociati.com\/en\/30-06-proroga-dei-versamenti\/\" \/>\n<meta property=\"og:site_name\" content=\"Beneggi &amp; Associati\" \/>\n<meta property=\"article:published_time\" content=\"2019-06-30T04:42:00+00:00\" \/>\n<meta property=\"og:image\" content=\"https:\/\/beneggiassociati.com\/wp-content\/uploads\/2025\/07\/single-post-beneggi.jpg\" \/>\n\t<meta property=\"og:image:width\" content=\"1280\" \/>\n\t<meta property=\"og:image:height\" content=\"823\" \/>\n\t<meta property=\"og:image:type\" content=\"image\/jpeg\" \/>\n<meta name=\"author\" content=\"Tiziano Beneggi\" \/>\n<meta name=\"twitter:card\" content=\"summary_large_image\" \/>\n<meta name=\"twitter:label1\" content=\"Written by\" \/>\n\t<meta name=\"twitter:data1\" content=\"Tiziano Beneggi\" \/>\n\t<meta name=\"twitter:label2\" content=\"Est. reading time\" \/>\n\t<meta name=\"twitter:data2\" content=\"3 minutes\" \/>\n<script type=\"application\/ld+json\" class=\"yoast-schema-graph\">{\"@context\":\"https:\\\/\\\/schema.org\",\"@graph\":[{\"@type\":\"Article\",\"@id\":\"https:\\\/\\\/beneggiassociati.com\\\/en\\\/30-06-proroga-dei-versamenti\\\/#article\",\"isPartOf\":{\"@id\":\"https:\\\/\\\/beneggiassociati.com\\\/en\\\/30-06-proroga-dei-versamenti\\\/\"},\"author\":{\"name\":\"Tiziano Beneggi\",\"@id\":\"https:\\\/\\\/beneggiassociati.com\\\/en\\\/#\\\/schema\\\/person\\\/828daacfa37b359e89e981f920072004\"},\"headline\":\"30\\\/06, proroga dei versamenti\",\"datePublished\":\"2019-06-30T04:42:00+00:00\",\"mainEntityOfPage\":{\"@id\":\"https:\\\/\\\/beneggiassociati.com\\\/en\\\/30-06-proroga-dei-versamenti\\\/\"},\"wordCount\":702,\"commentCount\":0,\"publisher\":{\"@id\":\"https:\\\/\\\/beneggiassociati.com\\\/en\\\/#organization\"},\"image\":{\"@id\":\"https:\\\/\\\/beneggiassociati.com\\\/en\\\/30-06-proroga-dei-versamenti\\\/#primaryimage\"},\"thumbnailUrl\":\"https:\\\/\\\/beneggiassociati.com\\\/wp-content\\\/uploads\\\/2025\\\/07\\\/single-post-beneggi.jpg\",\"articleSection\":[\"ARCHIVIO\"],\"inLanguage\":\"en-US\"},{\"@type\":\"WebPage\",\"@id\":\"https:\\\/\\\/beneggiassociati.com\\\/en\\\/30-06-proroga-dei-versamenti\\\/\",\"url\":\"https:\\\/\\\/beneggiassociati.com\\\/en\\\/30-06-proroga-dei-versamenti\\\/\",\"name\":\"30\\\/06, proroga dei versamenti - Beneggi &amp; Associati\",\"isPartOf\":{\"@id\":\"https:\\\/\\\/beneggiassociati.com\\\/en\\\/#website\"},\"primaryImageOfPage\":{\"@id\":\"https:\\\/\\\/beneggiassociati.com\\\/en\\\/30-06-proroga-dei-versamenti\\\/#primaryimage\"},\"image\":{\"@id\":\"https:\\\/\\\/beneggiassociati.com\\\/en\\\/30-06-proroga-dei-versamenti\\\/#primaryimage\"},\"thumbnailUrl\":\"https:\\\/\\\/beneggiassociati.com\\\/wp-content\\\/uploads\\\/2025\\\/07\\\/single-post-beneggi.jpg\",\"datePublished\":\"2019-06-30T04:42:00+00:00\",\"description\":\"Confermata la lunga proroga per i versamenti dei contribuenti soggetti agli Isa, indici sintetici di affidabilit\u00e0 fiscale, i cui termini in scadenza \u00abdal\",\"breadcrumb\":{\"@id\":\"https:\\\/\\\/beneggiassociati.com\\\/en\\\/30-06-proroga-dei-versamenti\\\/#breadcrumb\"},\"inLanguage\":\"en-US\",\"potentialAction\":[{\"@type\":\"ReadAction\",\"target\":[\"https:\\\/\\\/beneggiassociati.com\\\/en\\\/30-06-proroga-dei-versamenti\\\/\"]}]},{\"@type\":\"ImageObject\",\"inLanguage\":\"en-US\",\"@id\":\"https:\\\/\\\/beneggiassociati.com\\\/en\\\/30-06-proroga-dei-versamenti\\\/#primaryimage\",\"url\":\"https:\\\/\\\/beneggiassociati.com\\\/wp-content\\\/uploads\\\/2025\\\/07\\\/single-post-beneggi.jpg\",\"contentUrl\":\"https:\\\/\\\/beneggiassociati.com\\\/wp-content\\\/uploads\\\/2025\\\/07\\\/single-post-beneggi.jpg\",\"width\":1280,\"height\":823},{\"@type\":\"BreadcrumbList\",\"@id\":\"https:\\\/\\\/beneggiassociati.com\\\/en\\\/30-06-proroga-dei-versamenti\\\/#breadcrumb\",\"itemListElement\":[{\"@type\":\"ListItem\",\"position\":1,\"name\":\"Home\",\"item\":\"https:\\\/\\\/beneggiassociati.com\\\/en\\\/?page_id=24163\"},{\"@type\":\"ListItem\",\"position\":2,\"name\":\"30\\\/06, proroga dei versamenti\"}]},{\"@type\":\"WebSite\",\"@id\":\"https:\\\/\\\/beneggiassociati.com\\\/en\\\/#website\",\"url\":\"https:\\\/\\\/beneggiassociati.com\\\/en\\\/\",\"name\":\"Beneggi e associati\",\"description\":\"\",\"publisher\":{\"@id\":\"https:\\\/\\\/beneggiassociati.com\\\/en\\\/#organization\"},\"potentialAction\":[{\"@type\":\"SearchAction\",\"target\":{\"@type\":\"EntryPoint\",\"urlTemplate\":\"https:\\\/\\\/beneggiassociati.com\\\/en\\\/?s={search_term_string}\"},\"query-input\":{\"@type\":\"PropertyValueSpecification\",\"valueRequired\":true,\"valueName\":\"search_term_string\"}}],\"inLanguage\":\"en-US\"},{\"@type\":\"Organization\",\"@id\":\"https:\\\/\\\/beneggiassociati.com\\\/en\\\/#organization\",\"name\":\"Beneggi e associati\",\"url\":\"https:\\\/\\\/beneggiassociati.com\\\/en\\\/\",\"logo\":{\"@type\":\"ImageObject\",\"inLanguage\":\"en-US\",\"@id\":\"https:\\\/\\\/beneggiassociati.com\\\/en\\\/#\\\/schema\\\/logo\\\/image\\\/\",\"url\":\"https:\\\/\\\/beneggiassociati.com\\\/wp-content\\\/uploads\\\/2025\\\/07\\\/beneggi-logo.png\",\"contentUrl\":\"https:\\\/\\\/beneggiassociati.com\\\/wp-content\\\/uploads\\\/2025\\\/07\\\/beneggi-logo.png\",\"width\":141,\"height\":87,\"caption\":\"Beneggi e associati\"},\"image\":{\"@id\":\"https:\\\/\\\/beneggiassociati.com\\\/en\\\/#\\\/schema\\\/logo\\\/image\\\/\"}},{\"@type\":\"Person\",\"@id\":\"https:\\\/\\\/beneggiassociati.com\\\/en\\\/#\\\/schema\\\/person\\\/828daacfa37b359e89e981f920072004\",\"name\":\"Tiziano Beneggi\",\"url\":\"https:\\\/\\\/beneggiassociati.com\\\/en\\\/author\\\/tizianobeneggiassociati-com\\\/\"}]}<\/script>\n<!-- \/ Yoast SEO plugin. -->","yoast_head_json":{"title":"30\/06, proroga dei versamenti - Beneggi &amp; Associati","description":"Confermata la lunga proroga per i versamenti dei contribuenti soggetti agli Isa, indici sintetici di affidabilit\u00e0 fiscale, i cui termini in scadenza \u00abdal","robots":{"index":"index","follow":"follow","max-snippet":"max-snippet:-1","max-image-preview":"max-image-preview:large","max-video-preview":"max-video-preview:-1"},"canonical":"https:\/\/beneggiassociati.com\/en\/30-06-proroga-dei-versamenti\/","og_locale":"en_US","og_type":"article","og_title":"30\/06, proroga dei versamenti - Beneggi &amp; Associati","og_description":"Confermata la lunga proroga per i versamenti dei contribuenti soggetti agli Isa, indici sintetici di affidabilit\u00e0 fiscale, i cui termini in scadenza \u00abdal","og_url":"https:\/\/beneggiassociati.com\/en\/30-06-proroga-dei-versamenti\/","og_site_name":"Beneggi &amp; Associati","article_published_time":"2019-06-30T04:42:00+00:00","og_image":[{"width":1280,"height":823,"url":"https:\/\/beneggiassociati.com\/wp-content\/uploads\/2025\/07\/single-post-beneggi.jpg","type":"image\/jpeg"}],"author":"Tiziano Beneggi","twitter_card":"summary_large_image","twitter_misc":{"Written by":"Tiziano Beneggi","Est. reading time":"3 minutes"},"schema":{"@context":"https:\/\/schema.org","@graph":[{"@type":"Article","@id":"https:\/\/beneggiassociati.com\/en\/30-06-proroga-dei-versamenti\/#article","isPartOf":{"@id":"https:\/\/beneggiassociati.com\/en\/30-06-proroga-dei-versamenti\/"},"author":{"name":"Tiziano Beneggi","@id":"https:\/\/beneggiassociati.com\/en\/#\/schema\/person\/828daacfa37b359e89e981f920072004"},"headline":"30\/06, proroga dei versamenti","datePublished":"2019-06-30T04:42:00+00:00","mainEntityOfPage":{"@id":"https:\/\/beneggiassociati.com\/en\/30-06-proroga-dei-versamenti\/"},"wordCount":702,"commentCount":0,"publisher":{"@id":"https:\/\/beneggiassociati.com\/en\/#organization"},"image":{"@id":"https:\/\/beneggiassociati.com\/en\/30-06-proroga-dei-versamenti\/#primaryimage"},"thumbnailUrl":"https:\/\/beneggiassociati.com\/wp-content\/uploads\/2025\/07\/single-post-beneggi.jpg","articleSection":["ARCHIVIO"],"inLanguage":"en-US"},{"@type":"WebPage","@id":"https:\/\/beneggiassociati.com\/en\/30-06-proroga-dei-versamenti\/","url":"https:\/\/beneggiassociati.com\/en\/30-06-proroga-dei-versamenti\/","name":"30\/06, proroga dei versamenti - Beneggi &amp; Associati","isPartOf":{"@id":"https:\/\/beneggiassociati.com\/en\/#website"},"primaryImageOfPage":{"@id":"https:\/\/beneggiassociati.com\/en\/30-06-proroga-dei-versamenti\/#primaryimage"},"image":{"@id":"https:\/\/beneggiassociati.com\/en\/30-06-proroga-dei-versamenti\/#primaryimage"},"thumbnailUrl":"https:\/\/beneggiassociati.com\/wp-content\/uploads\/2025\/07\/single-post-beneggi.jpg","datePublished":"2019-06-30T04:42:00+00:00","description":"Confermata la lunga proroga per i versamenti dei contribuenti soggetti agli Isa, indici sintetici di affidabilit\u00e0 fiscale, i cui termini in scadenza \u00abdal","breadcrumb":{"@id":"https:\/\/beneggiassociati.com\/en\/30-06-proroga-dei-versamenti\/#breadcrumb"},"inLanguage":"en-US","potentialAction":[{"@type":"ReadAction","target":["https:\/\/beneggiassociati.com\/en\/30-06-proroga-dei-versamenti\/"]}]},{"@type":"ImageObject","inLanguage":"en-US","@id":"https:\/\/beneggiassociati.com\/en\/30-06-proroga-dei-versamenti\/#primaryimage","url":"https:\/\/beneggiassociati.com\/wp-content\/uploads\/2025\/07\/single-post-beneggi.jpg","contentUrl":"https:\/\/beneggiassociati.com\/wp-content\/uploads\/2025\/07\/single-post-beneggi.jpg","width":1280,"height":823},{"@type":"BreadcrumbList","@id":"https:\/\/beneggiassociati.com\/en\/30-06-proroga-dei-versamenti\/#breadcrumb","itemListElement":[{"@type":"ListItem","position":1,"name":"Home","item":"https:\/\/beneggiassociati.com\/en\/?page_id=24163"},{"@type":"ListItem","position":2,"name":"30\/06, proroga dei versamenti"}]},{"@type":"WebSite","@id":"https:\/\/beneggiassociati.com\/en\/#website","url":"https:\/\/beneggiassociati.com\/en\/","name":"Beneggi e associati","description":"","publisher":{"@id":"https:\/\/beneggiassociati.com\/en\/#organization"},"potentialAction":[{"@type":"SearchAction","target":{"@type":"EntryPoint","urlTemplate":"https:\/\/beneggiassociati.com\/en\/?s={search_term_string}"},"query-input":{"@type":"PropertyValueSpecification","valueRequired":true,"valueName":"search_term_string"}}],"inLanguage":"en-US"},{"@type":"Organization","@id":"https:\/\/beneggiassociati.com\/en\/#organization","name":"Beneggi e associati","url":"https:\/\/beneggiassociati.com\/en\/","logo":{"@type":"ImageObject","inLanguage":"en-US","@id":"https:\/\/beneggiassociati.com\/en\/#\/schema\/logo\/image\/","url":"https:\/\/beneggiassociati.com\/wp-content\/uploads\/2025\/07\/beneggi-logo.png","contentUrl":"https:\/\/beneggiassociati.com\/wp-content\/uploads\/2025\/07\/beneggi-logo.png","width":141,"height":87,"caption":"Beneggi e associati"},"image":{"@id":"https:\/\/beneggiassociati.com\/en\/#\/schema\/logo\/image\/"}},{"@type":"Person","@id":"https:\/\/beneggiassociati.com\/en\/#\/schema\/person\/828daacfa37b359e89e981f920072004","name":"Tiziano Beneggi","url":"https:\/\/beneggiassociati.com\/en\/author\/tizianobeneggiassociati-com\/"}]}},"_links":{"self":[{"href":"https:\/\/beneggiassociati.com\/en\/wp-json\/wp\/v2\/posts\/16570","targetHints":{"allow":["GET"]}}],"collection":[{"href":"https:\/\/beneggiassociati.com\/en\/wp-json\/wp\/v2\/posts"}],"about":[{"href":"https:\/\/beneggiassociati.com\/en\/wp-json\/wp\/v2\/types\/post"}],"author":[{"embeddable":true,"href":"https:\/\/beneggiassociati.com\/en\/wp-json\/wp\/v2\/users\/4"}],"replies":[{"embeddable":true,"href":"https:\/\/beneggiassociati.com\/en\/wp-json\/wp\/v2\/comments?post=16570"}],"version-history":[{"count":0,"href":"https:\/\/beneggiassociati.com\/en\/wp-json\/wp\/v2\/posts\/16570\/revisions"}],"wp:featuredmedia":[{"embeddable":true,"href":"https:\/\/beneggiassociati.com\/en\/wp-json\/wp\/v2\/media\/409"}],"wp:attachment":[{"href":"https:\/\/beneggiassociati.com\/en\/wp-json\/wp\/v2\/media?parent=16570"}],"wp:term":[{"taxonomy":"category","embeddable":true,"href":"https:\/\/beneggiassociati.com\/en\/wp-json\/wp\/v2\/categories?post=16570"},{"taxonomy":"post_tag","embeddable":true,"href":"https:\/\/beneggiassociati.com\/en\/wp-json\/wp\/v2\/tags?post=16570"}],"curies":[{"name":"wp","href":"https:\/\/api.w.org\/{rel}","templated":true}]}}