{"id":16572,"date":"2019-06-30T06:51:00","date_gmt":"2019-06-30T04:51:00","guid":{"rendered":"https:\/\/dev.beneggiassociati.com\/2019\/06\/30\/forfettari-compensi-da-cda-nel-tetto\/"},"modified":"2019-06-30T06:51:00","modified_gmt":"2019-06-30T04:51:00","slug":"forfettari-compensi-da-cda-nel-tetto","status":"publish","type":"post","link":"https:\/\/beneggiassociati.com\/en\/forfettari-compensi-da-cda-nel-tetto\/","title":{"rendered":"Forfettari, compensi da Cda nel tetto"},"content":{"rendered":"\n<p>I compensi relativi agli uffici di amministratore e sindaco o revisore di societ\u00e0 sono redditi assimilati a quelli di lavoro dipendente. Tuttavia, fanno eccezione a questa regola gli incarichi che rientrano nei compiti istituzionali dell\u2019attivit\u00e0 di lavoro autonomo esercitata dal contribuente.&nbsp;<\/p>\n\n\n<p>Questa circostanza opera, anche in assenza della previsione nell\u2019ordinamento professionale, qualora il professionista svolga l\u2019attivit\u00e0 di amministratore di una societ\u00e0 o ente che esercita una attivit\u00e0 oggettivamente connessa alle mansioni tipiche della propria professione abituale. Ne consegue quindi che un medico, il quale ricopra l\u2019incarico di consigliere di amministrazione di una clinica sanitaria, matura un compenso che deve essere ricondotto alla propria sfera professionale e quindi deve essere fatturato senza essere considerato assimilato al reddito di lavoro autonomo. In conclusione, il medico che emette fattura nei confronti della clinica deve sommare anche il compenso di amministratore per verificare il limite di 65mila euro ai fini dell\u2019applicazione del regime forfettario e non scatta la causa di esclusione non sussistendo lo stato di lavoratore dipendente.<\/p>\n\n\n<p><a href=\"mailto:info@beneggiassociati.com\" target=\"_blank\" rel=\"noreferrer noopener\"><br \/>Sei interessato all\u2019articolo? Scrivici e verrai contattato da un nostro Consultant<\/a><\/p>\n\n\n<p><a href=\"https:\/\/beneggiassociati.com\/\" target=\"_blank\" rel=\"noreferrer noopener\">@ Beneggi e Associati | Commercialisti al servizio delle imprese | Meda | Milano<\/a><br \/><\/p>\n","protected":false},"excerpt":{"rendered":"<p>I compensi relativi agli uffici di amministratore e sindaco o revisore di societ\u00e0 sono redditi assimilati a quelli di lavoro dipendente. Tuttavia, fanno eccezione a questa regola gli incarichi che rientrano nei compiti istituzionali dell\u2019attivit\u00e0 di lavoro autonomo esercitata dal contribuente.&nbsp; Questa circostanza opera, anche in assenza della previsione nell\u2019ordinamento professionale, qualora il professionista svolga [&hellip;]<\/p>\n","protected":false},"author":4,"featured_media":409,"comment_status":"open","ping_status":"open","sticky":false,"template":"","format":"standard","meta":{"_acf_changed":false,"content-type":"","footnotes":""},"categories":[16],"tags":[],"class_list":["post-16572","post","type-post","status-publish","format-standard","has-post-thumbnail","hentry","category-archivio"],"acf":[],"yoast_head":"<!-- This site is optimized with the Yoast SEO plugin v27.5 - https:\/\/yoast.com\/product\/yoast-seo-wordpress\/ -->\n<title>Forfettari, compensi da Cda nel tetto - Beneggi &amp; Associati<\/title>\n<meta name=\"description\" content=\"I compensi relativi agli uffici di amministratore e sindaco o revisore di societ\u00e0 sono redditi assimilati a quelli di lavoro dipendente. Tuttavia, fanno\" \/>\n<meta name=\"robots\" content=\"index, follow, max-snippet:-1, max-image-preview:large, max-video-preview:-1\" \/>\n<link rel=\"canonical\" href=\"https:\/\/beneggiassociati.com\/en\/forfettari-compensi-da-cda-nel-tetto\/\" \/>\n<meta property=\"og:locale\" content=\"en_US\" \/>\n<meta property=\"og:type\" content=\"article\" \/>\n<meta property=\"og:title\" content=\"Forfettari, compensi da Cda nel tetto - Beneggi &amp; Associati\" \/>\n<meta property=\"og:description\" content=\"I compensi relativi agli uffici di amministratore e sindaco o revisore di societ\u00e0 sono redditi assimilati a quelli di lavoro dipendente. Tuttavia, fanno\" \/>\n<meta property=\"og:url\" content=\"https:\/\/beneggiassociati.com\/en\/forfettari-compensi-da-cda-nel-tetto\/\" \/>\n<meta property=\"og:site_name\" content=\"Beneggi &amp; Associati\" \/>\n<meta property=\"article:published_time\" content=\"2019-06-30T04:51:00+00:00\" \/>\n<meta property=\"og:image\" content=\"https:\/\/beneggiassociati.com\/wp-content\/uploads\/2025\/07\/single-post-beneggi.jpg\" \/>\n\t<meta property=\"og:image:width\" content=\"1280\" \/>\n\t<meta property=\"og:image:height\" content=\"823\" \/>\n\t<meta property=\"og:image:type\" content=\"image\/jpeg\" \/>\n<meta name=\"author\" content=\"Tiziano Beneggi\" \/>\n<meta name=\"twitter:card\" content=\"summary_large_image\" \/>\n<meta name=\"twitter:label1\" content=\"Written by\" \/>\n\t<meta name=\"twitter:data1\" content=\"Tiziano Beneggi\" \/>\n\t<meta name=\"twitter:label2\" content=\"Est. reading time\" \/>\n\t<meta name=\"twitter:data2\" content=\"1 minute\" \/>\n<script type=\"application\/ld+json\" class=\"yoast-schema-graph\">{\"@context\":\"https:\\\/\\\/schema.org\",\"@graph\":[{\"@type\":\"Article\",\"@id\":\"https:\\\/\\\/beneggiassociati.com\\\/en\\\/forfettari-compensi-da-cda-nel-tetto\\\/#article\",\"isPartOf\":{\"@id\":\"https:\\\/\\\/beneggiassociati.com\\\/en\\\/forfettari-compensi-da-cda-nel-tetto\\\/\"},\"author\":{\"name\":\"Tiziano Beneggi\",\"@id\":\"https:\\\/\\\/beneggiassociati.com\\\/en\\\/#\\\/schema\\\/person\\\/828daacfa37b359e89e981f920072004\"},\"headline\":\"Forfettari, compensi da Cda nel tetto\",\"datePublished\":\"2019-06-30T04:51:00+00:00\",\"mainEntityOfPage\":{\"@id\":\"https:\\\/\\\/beneggiassociati.com\\\/en\\\/forfettari-compensi-da-cda-nel-tetto\\\/\"},\"wordCount\":198,\"commentCount\":0,\"publisher\":{\"@id\":\"https:\\\/\\\/beneggiassociati.com\\\/en\\\/#organization\"},\"image\":{\"@id\":\"https:\\\/\\\/beneggiassociati.com\\\/en\\\/forfettari-compensi-da-cda-nel-tetto\\\/#primaryimage\"},\"thumbnailUrl\":\"https:\\\/\\\/beneggiassociati.com\\\/wp-content\\\/uploads\\\/2025\\\/07\\\/single-post-beneggi.jpg\",\"articleSection\":[\"ARCHIVIO\"],\"inLanguage\":\"en-US\"},{\"@type\":\"WebPage\",\"@id\":\"https:\\\/\\\/beneggiassociati.com\\\/en\\\/forfettari-compensi-da-cda-nel-tetto\\\/\",\"url\":\"https:\\\/\\\/beneggiassociati.com\\\/en\\\/forfettari-compensi-da-cda-nel-tetto\\\/\",\"name\":\"Forfettari, compensi da Cda nel tetto - Beneggi &amp; Associati\",\"isPartOf\":{\"@id\":\"https:\\\/\\\/beneggiassociati.com\\\/en\\\/#website\"},\"primaryImageOfPage\":{\"@id\":\"https:\\\/\\\/beneggiassociati.com\\\/en\\\/forfettari-compensi-da-cda-nel-tetto\\\/#primaryimage\"},\"image\":{\"@id\":\"https:\\\/\\\/beneggiassociati.com\\\/en\\\/forfettari-compensi-da-cda-nel-tetto\\\/#primaryimage\"},\"thumbnailUrl\":\"https:\\\/\\\/beneggiassociati.com\\\/wp-content\\\/uploads\\\/2025\\\/07\\\/single-post-beneggi.jpg\",\"datePublished\":\"2019-06-30T04:51:00+00:00\",\"description\":\"I compensi relativi agli uffici di amministratore e sindaco o revisore di societ\u00e0 sono redditi assimilati a quelli di lavoro dipendente. Tuttavia, fanno\",\"breadcrumb\":{\"@id\":\"https:\\\/\\\/beneggiassociati.com\\\/en\\\/forfettari-compensi-da-cda-nel-tetto\\\/#breadcrumb\"},\"inLanguage\":\"en-US\",\"potentialAction\":[{\"@type\":\"ReadAction\",\"target\":[\"https:\\\/\\\/beneggiassociati.com\\\/en\\\/forfettari-compensi-da-cda-nel-tetto\\\/\"]}]},{\"@type\":\"ImageObject\",\"inLanguage\":\"en-US\",\"@id\":\"https:\\\/\\\/beneggiassociati.com\\\/en\\\/forfettari-compensi-da-cda-nel-tetto\\\/#primaryimage\",\"url\":\"https:\\\/\\\/beneggiassociati.com\\\/wp-content\\\/uploads\\\/2025\\\/07\\\/single-post-beneggi.jpg\",\"contentUrl\":\"https:\\\/\\\/beneggiassociati.com\\\/wp-content\\\/uploads\\\/2025\\\/07\\\/single-post-beneggi.jpg\",\"width\":1280,\"height\":823},{\"@type\":\"BreadcrumbList\",\"@id\":\"https:\\\/\\\/beneggiassociati.com\\\/en\\\/forfettari-compensi-da-cda-nel-tetto\\\/#breadcrumb\",\"itemListElement\":[{\"@type\":\"ListItem\",\"position\":1,\"name\":\"Home\",\"item\":\"https:\\\/\\\/beneggiassociati.com\\\/en\\\/?page_id=24163\"},{\"@type\":\"ListItem\",\"position\":2,\"name\":\"Forfettari, compensi da Cda nel tetto\"}]},{\"@type\":\"WebSite\",\"@id\":\"https:\\\/\\\/beneggiassociati.com\\\/en\\\/#website\",\"url\":\"https:\\\/\\\/beneggiassociati.com\\\/en\\\/\",\"name\":\"Beneggi e associati\",\"description\":\"\",\"publisher\":{\"@id\":\"https:\\\/\\\/beneggiassociati.com\\\/en\\\/#organization\"},\"potentialAction\":[{\"@type\":\"SearchAction\",\"target\":{\"@type\":\"EntryPoint\",\"urlTemplate\":\"https:\\\/\\\/beneggiassociati.com\\\/en\\\/?s={search_term_string}\"},\"query-input\":{\"@type\":\"PropertyValueSpecification\",\"valueRequired\":true,\"valueName\":\"search_term_string\"}}],\"inLanguage\":\"en-US\"},{\"@type\":\"Organization\",\"@id\":\"https:\\\/\\\/beneggiassociati.com\\\/en\\\/#organization\",\"name\":\"Beneggi e associati\",\"url\":\"https:\\\/\\\/beneggiassociati.com\\\/en\\\/\",\"logo\":{\"@type\":\"ImageObject\",\"inLanguage\":\"en-US\",\"@id\":\"https:\\\/\\\/beneggiassociati.com\\\/en\\\/#\\\/schema\\\/logo\\\/image\\\/\",\"url\":\"https:\\\/\\\/beneggiassociati.com\\\/wp-content\\\/uploads\\\/2025\\\/07\\\/beneggi-logo.png\",\"contentUrl\":\"https:\\\/\\\/beneggiassociati.com\\\/wp-content\\\/uploads\\\/2025\\\/07\\\/beneggi-logo.png\",\"width\":141,\"height\":87,\"caption\":\"Beneggi e associati\"},\"image\":{\"@id\":\"https:\\\/\\\/beneggiassociati.com\\\/en\\\/#\\\/schema\\\/logo\\\/image\\\/\"}},{\"@type\":\"Person\",\"@id\":\"https:\\\/\\\/beneggiassociati.com\\\/en\\\/#\\\/schema\\\/person\\\/828daacfa37b359e89e981f920072004\",\"name\":\"Tiziano Beneggi\",\"url\":\"https:\\\/\\\/beneggiassociati.com\\\/en\\\/author\\\/tizianobeneggiassociati-com\\\/\"}]}<\/script>\n<!-- \/ Yoast SEO plugin. -->","yoast_head_json":{"title":"Forfettari, compensi da Cda nel tetto - Beneggi &amp; Associati","description":"I compensi relativi agli uffici di amministratore e sindaco o revisore di societ\u00e0 sono redditi assimilati a quelli di lavoro dipendente. Tuttavia, fanno","robots":{"index":"index","follow":"follow","max-snippet":"max-snippet:-1","max-image-preview":"max-image-preview:large","max-video-preview":"max-video-preview:-1"},"canonical":"https:\/\/beneggiassociati.com\/en\/forfettari-compensi-da-cda-nel-tetto\/","og_locale":"en_US","og_type":"article","og_title":"Forfettari, compensi da Cda nel tetto - Beneggi &amp; Associati","og_description":"I compensi relativi agli uffici di amministratore e sindaco o revisore di societ\u00e0 sono redditi assimilati a quelli di lavoro dipendente. Tuttavia, fanno","og_url":"https:\/\/beneggiassociati.com\/en\/forfettari-compensi-da-cda-nel-tetto\/","og_site_name":"Beneggi &amp; Associati","article_published_time":"2019-06-30T04:51:00+00:00","og_image":[{"width":1280,"height":823,"url":"https:\/\/beneggiassociati.com\/wp-content\/uploads\/2025\/07\/single-post-beneggi.jpg","type":"image\/jpeg"}],"author":"Tiziano Beneggi","twitter_card":"summary_large_image","twitter_misc":{"Written by":"Tiziano Beneggi","Est. reading time":"1 minute"},"schema":{"@context":"https:\/\/schema.org","@graph":[{"@type":"Article","@id":"https:\/\/beneggiassociati.com\/en\/forfettari-compensi-da-cda-nel-tetto\/#article","isPartOf":{"@id":"https:\/\/beneggiassociati.com\/en\/forfettari-compensi-da-cda-nel-tetto\/"},"author":{"name":"Tiziano Beneggi","@id":"https:\/\/beneggiassociati.com\/en\/#\/schema\/person\/828daacfa37b359e89e981f920072004"},"headline":"Forfettari, compensi da Cda nel tetto","datePublished":"2019-06-30T04:51:00+00:00","mainEntityOfPage":{"@id":"https:\/\/beneggiassociati.com\/en\/forfettari-compensi-da-cda-nel-tetto\/"},"wordCount":198,"commentCount":0,"publisher":{"@id":"https:\/\/beneggiassociati.com\/en\/#organization"},"image":{"@id":"https:\/\/beneggiassociati.com\/en\/forfettari-compensi-da-cda-nel-tetto\/#primaryimage"},"thumbnailUrl":"https:\/\/beneggiassociati.com\/wp-content\/uploads\/2025\/07\/single-post-beneggi.jpg","articleSection":["ARCHIVIO"],"inLanguage":"en-US"},{"@type":"WebPage","@id":"https:\/\/beneggiassociati.com\/en\/forfettari-compensi-da-cda-nel-tetto\/","url":"https:\/\/beneggiassociati.com\/en\/forfettari-compensi-da-cda-nel-tetto\/","name":"Forfettari, compensi da Cda nel tetto - Beneggi &amp; Associati","isPartOf":{"@id":"https:\/\/beneggiassociati.com\/en\/#website"},"primaryImageOfPage":{"@id":"https:\/\/beneggiassociati.com\/en\/forfettari-compensi-da-cda-nel-tetto\/#primaryimage"},"image":{"@id":"https:\/\/beneggiassociati.com\/en\/forfettari-compensi-da-cda-nel-tetto\/#primaryimage"},"thumbnailUrl":"https:\/\/beneggiassociati.com\/wp-content\/uploads\/2025\/07\/single-post-beneggi.jpg","datePublished":"2019-06-30T04:51:00+00:00","description":"I compensi relativi agli uffici di amministratore e sindaco o revisore di societ\u00e0 sono redditi assimilati a quelli di lavoro dipendente. Tuttavia, fanno","breadcrumb":{"@id":"https:\/\/beneggiassociati.com\/en\/forfettari-compensi-da-cda-nel-tetto\/#breadcrumb"},"inLanguage":"en-US","potentialAction":[{"@type":"ReadAction","target":["https:\/\/beneggiassociati.com\/en\/forfettari-compensi-da-cda-nel-tetto\/"]}]},{"@type":"ImageObject","inLanguage":"en-US","@id":"https:\/\/beneggiassociati.com\/en\/forfettari-compensi-da-cda-nel-tetto\/#primaryimage","url":"https:\/\/beneggiassociati.com\/wp-content\/uploads\/2025\/07\/single-post-beneggi.jpg","contentUrl":"https:\/\/beneggiassociati.com\/wp-content\/uploads\/2025\/07\/single-post-beneggi.jpg","width":1280,"height":823},{"@type":"BreadcrumbList","@id":"https:\/\/beneggiassociati.com\/en\/forfettari-compensi-da-cda-nel-tetto\/#breadcrumb","itemListElement":[{"@type":"ListItem","position":1,"name":"Home","item":"https:\/\/beneggiassociati.com\/en\/?page_id=24163"},{"@type":"ListItem","position":2,"name":"Forfettari, compensi da Cda nel tetto"}]},{"@type":"WebSite","@id":"https:\/\/beneggiassociati.com\/en\/#website","url":"https:\/\/beneggiassociati.com\/en\/","name":"Beneggi e associati","description":"","publisher":{"@id":"https:\/\/beneggiassociati.com\/en\/#organization"},"potentialAction":[{"@type":"SearchAction","target":{"@type":"EntryPoint","urlTemplate":"https:\/\/beneggiassociati.com\/en\/?s={search_term_string}"},"query-input":{"@type":"PropertyValueSpecification","valueRequired":true,"valueName":"search_term_string"}}],"inLanguage":"en-US"},{"@type":"Organization","@id":"https:\/\/beneggiassociati.com\/en\/#organization","name":"Beneggi e associati","url":"https:\/\/beneggiassociati.com\/en\/","logo":{"@type":"ImageObject","inLanguage":"en-US","@id":"https:\/\/beneggiassociati.com\/en\/#\/schema\/logo\/image\/","url":"https:\/\/beneggiassociati.com\/wp-content\/uploads\/2025\/07\/beneggi-logo.png","contentUrl":"https:\/\/beneggiassociati.com\/wp-content\/uploads\/2025\/07\/beneggi-logo.png","width":141,"height":87,"caption":"Beneggi e associati"},"image":{"@id":"https:\/\/beneggiassociati.com\/en\/#\/schema\/logo\/image\/"}},{"@type":"Person","@id":"https:\/\/beneggiassociati.com\/en\/#\/schema\/person\/828daacfa37b359e89e981f920072004","name":"Tiziano Beneggi","url":"https:\/\/beneggiassociati.com\/en\/author\/tizianobeneggiassociati-com\/"}]}},"_links":{"self":[{"href":"https:\/\/beneggiassociati.com\/en\/wp-json\/wp\/v2\/posts\/16572","targetHints":{"allow":["GET"]}}],"collection":[{"href":"https:\/\/beneggiassociati.com\/en\/wp-json\/wp\/v2\/posts"}],"about":[{"href":"https:\/\/beneggiassociati.com\/en\/wp-json\/wp\/v2\/types\/post"}],"author":[{"embeddable":true,"href":"https:\/\/beneggiassociati.com\/en\/wp-json\/wp\/v2\/users\/4"}],"replies":[{"embeddable":true,"href":"https:\/\/beneggiassociati.com\/en\/wp-json\/wp\/v2\/comments?post=16572"}],"version-history":[{"count":0,"href":"https:\/\/beneggiassociati.com\/en\/wp-json\/wp\/v2\/posts\/16572\/revisions"}],"wp:featuredmedia":[{"embeddable":true,"href":"https:\/\/beneggiassociati.com\/en\/wp-json\/wp\/v2\/media\/409"}],"wp:attachment":[{"href":"https:\/\/beneggiassociati.com\/en\/wp-json\/wp\/v2\/media?parent=16572"}],"wp:term":[{"taxonomy":"category","embeddable":true,"href":"https:\/\/beneggiassociati.com\/en\/wp-json\/wp\/v2\/categories?post=16572"},{"taxonomy":"post_tag","embeddable":true,"href":"https:\/\/beneggiassociati.com\/en\/wp-json\/wp\/v2\/tags?post=16572"}],"curies":[{"name":"wp","href":"https:\/\/api.w.org\/{rel}","templated":true}]}}