{"id":16580,"date":"2019-06-30T07:25:00","date_gmt":"2019-06-30T05:25:00","guid":{"rendered":"https:\/\/dev.beneggiassociati.com\/2019\/06\/30\/imu-scatta-il-taglio-per-i-capannoni\/"},"modified":"2019-06-30T07:25:00","modified_gmt":"2019-06-30T05:25:00","slug":"imu-scatta-il-taglio-per-i-capannoni","status":"publish","type":"post","link":"https:\/\/beneggiassociati.com\/en\/imu-scatta-il-taglio-per-i-capannoni\/","title":{"rendered":"Imu, scatta il taglio per i capannoni"},"content":{"rendered":"\n<p>Via libera definitivo del Senato al decreto crescita. Per il provvedimento, atteso in Gazzetta per sabato 29 giugno e destinato a entrare in vigore il 30, si apre la fase dei provvedimenti attuativi.&nbsp;<\/p>\n\n\n<p>Tra le misure subito operative c\u2019\u00e8 il primo taglio sull\u2019Imu pagata su capannoni e immobili strumentali.&nbsp;<\/p>\n\n\n<p>La deducibilit\u00e0 da Ires e Irpef passa subito, per il 2019, dal 40 al 50%. Poi salir\u00e0 ulteriormente: 60% nel 2020 e il 2021, 70% nel 2022 fino alla deducibilit\u00e0 totale (100%) nel 2023. La deducibilit\u00e0 maggiore per il 2019 potr\u00e0 essere fatta valere gi\u00e0 quest\u2019anno in sede di acconto usando il metodo previsionale.&nbsp;<\/p>\n\n\n<p>Scatta subito anche il contratto di espansione, uno strumento (sperimentale fino al 2020) per supportare le aziende con oltre mille unit\u00e0 lavorative che devono affrontare un progetto di riorganizzazione con ammortizzatori sociali e uno scivolo verso la pensione di cinque anni con l\u2019obbligo di nuove assunzioni a tempo indeterminato e la riqualificazione del personale.<\/p>\n\n\n<p>Tra le norme in attesa della fase due, per rendere operativo il riconoscimento della pensione di inabilit\u00e0 ai soggetti con malattie professionali per l\u2019esposizione all\u2019amianto servir\u00e0 un decreto del ministero del Lavoro, di concerto con l\u2019Economia, da varare entro i prossimi 60 giorni.&nbsp;<\/p>\n\n\n<p>Per i criteri di assegnazione delle risorse e le modalit\u00e0 operative del Fondo \u00absalva-opere\u00bb servir\u00e0 un decreto delle Infrastrutture, di concerto con l\u2019Economia da adottare entro trenta giorni della legge di conversione.&nbsp;<\/p>\n\n\n<p>Legati a provvedimenti attuativi anche gli incentivi alle Pmi per la digitalizzazione, i voucher per chi brevetta, il registro Marchi storici, le agevolazioni per chi investe nei fondi Eltif.<\/p>\n\n\n<p>Tra le norme gi\u00e0 operative il 1\u00b0 maggio, con l\u2019entrata in vigore del Dl, c\u2019\u00e8 l\u2019intervento sull\u2019immunit\u00e0 per i vertici dell\u2019ex Ilva (abolizione dopo il 6 settembre 2019).&nbsp;<\/p>\n\n\n<p>Ma anche la reintroduzione in formato ridotto del superammortamento fiscale al 130% (retroattivamente dal 1\u00b0 aprile e fino al 31 dicembre 2019) con un tetto di investimenti a 2,5 milioni.&nbsp;<\/p>\n\n\n<p>Stesso termine per la cosiddetta mini Ires, poi modificata da un emendamento alla Camera: l\u2019aliquota Ires sugli utili accantonati scender\u00e0, dal 2023, al 20%. Per il quadriennio 2019-2022, la mini Ires si attesta dall\u2019attuale 24% al 22,5; 21,5; 21 e 20,5%.&nbsp;<\/p>\n\n\n<p>Tra le novit\u00e0 in vigore con la legge di conversione ci sono la stretta sugli affitti brevi tipo Airbnb, anche se l\u2019applicazione operativa \u00e8 demandata a un decreto attuativo, l\u2019estensione ai professionisti del Fondo per le vittime di mancati pagamenti e l\u2019estensione degli incentivi per le moto e i ciclomotori \u201cverdi\u201d a tutti i modelli, a prescindere dalla potenza, e alle microcar.&nbsp;<\/p>\n\n\n<p>Il Parlamento ha anche modificato la norma sul rientro dei cervelli, estendendola ufficialmente ai calciatori anche se con aliquota ridotta al 50%.<\/p>\n\n\n<p>Entrano subito in vigore con la legge di conversione le misure sulla fattura elettronica &#8211; dal 1\u00b0 luglio sar\u00e0 di 12 giorni il termine per emettere la fattura rispetto alla data dell\u2019operazione &#8211; e su scontrini e ricevute telematiche (sempre dal 1\u00b0 luglio sar\u00e0 di 12 giorni il termine per trasmettere scontrini e ricevute telematiche alle Entrate rispetto alla data dell\u2019operazione).&nbsp;<\/p>\n\n\n<p>Stesso discorso per la riapertura dei termini per aderire fino al 31 luglio 2019 a rottamazione-ter e saldo e stralcio e per le pagelle fiscale. In quest\u2019ultimo caso tutti i termini per versare le imposte che scaturiscono dalle dichiarazioni dei redditi e Irap ma anche l\u2019Iva per ditte, societ\u00e0 e professionisti obbligato a compilare gli Isa e per i soggetti collegati sono prorogati al 30 settembre.&nbsp;<\/p>\n\n\n<p>Con l\u2019entrata in vigore della legge di conversione al via anche le novit\u00e0 su trasmissione del modello Redditi e Irap (il termine per l\u2019invio telematico \u00e8 spostato a regime dal 30 settembre al 30 novembre) e sulla dichiarazione Imu-Tasi (termine di invio prorogato a regime dal 30 giugno al 31 dicembre).<\/p>\n\n\n<p><a href=\"mailto:info@beneggiassociati.com\" target=\"_blank\" rel=\"noreferrer noopener\"><br \/>Sei interessato all\u2019articolo? Scrivici e verrai contattato da un nostro Consultant<\/a><\/p>\n\n\n<p><a href=\"https:\/\/beneggiassociati.com\/\" target=\"_blank\" rel=\"noreferrer noopener\">@ Beneggi e Associati | Commercialisti al servizio delle imprese | Meda | Milano<\/a><br \/><\/p>\n","protected":false},"excerpt":{"rendered":"<p>Via libera definitivo del Senato al decreto crescita. Per il provvedimento, atteso in Gazzetta per sabato 29 giugno e destinato a entrare in vigore il 30, si apre la fase dei provvedimenti attuativi.&nbsp; Tra le misure subito operative c\u2019\u00e8 il primo taglio sull\u2019Imu pagata su capannoni e immobili strumentali.&nbsp; La deducibilit\u00e0 da Ires e Irpef [&hellip;]<\/p>\n","protected":false},"author":4,"featured_media":409,"comment_status":"open","ping_status":"open","sticky":false,"template":"","format":"standard","meta":{"_acf_changed":false,"content-type":"","footnotes":""},"categories":[16],"tags":[],"class_list":["post-16580","post","type-post","status-publish","format-standard","has-post-thumbnail","hentry","category-archivio"],"acf":[],"yoast_head":"<!-- This site is optimized with the Yoast SEO plugin v27.5 - https:\/\/yoast.com\/product\/yoast-seo-wordpress\/ -->\n<title>Imu, scatta il taglio per i capannoni - Beneggi &amp; Associati<\/title>\n<meta name=\"description\" content=\"Via libera definitivo del Senato al decreto crescita. Per il provvedimento, atteso in Gazzetta per sabato 29 giugno e destinato a entrare in vigore il 30,\" \/>\n<meta name=\"robots\" content=\"index, follow, max-snippet:-1, max-image-preview:large, max-video-preview:-1\" \/>\n<link rel=\"canonical\" href=\"https:\/\/beneggiassociati.com\/en\/imu-scatta-il-taglio-per-i-capannoni\/\" \/>\n<meta property=\"og:locale\" content=\"en_US\" \/>\n<meta property=\"og:type\" content=\"article\" \/>\n<meta property=\"og:title\" content=\"Imu, scatta il taglio per i capannoni - Beneggi &amp; Associati\" \/>\n<meta property=\"og:description\" content=\"Via libera definitivo del Senato al decreto crescita. Per il provvedimento, atteso in Gazzetta per sabato 29 giugno e destinato a entrare in vigore il 30,\" \/>\n<meta property=\"og:url\" content=\"https:\/\/beneggiassociati.com\/en\/imu-scatta-il-taglio-per-i-capannoni\/\" \/>\n<meta property=\"og:site_name\" content=\"Beneggi &amp; Associati\" \/>\n<meta property=\"article:published_time\" content=\"2019-06-30T05:25:00+00:00\" \/>\n<meta property=\"og:image\" content=\"https:\/\/beneggiassociati.com\/wp-content\/uploads\/2025\/07\/single-post-beneggi.jpg\" \/>\n\t<meta property=\"og:image:width\" content=\"1280\" \/>\n\t<meta property=\"og:image:height\" content=\"823\" \/>\n\t<meta property=\"og:image:type\" content=\"image\/jpeg\" \/>\n<meta name=\"author\" content=\"Tiziano Beneggi\" \/>\n<meta name=\"twitter:card\" content=\"summary_large_image\" \/>\n<meta name=\"twitter:label1\" content=\"Written by\" \/>\n\t<meta name=\"twitter:data1\" content=\"Tiziano Beneggi\" \/>\n\t<meta name=\"twitter:label2\" content=\"Est. reading time\" \/>\n\t<meta name=\"twitter:data2\" content=\"3 minutes\" \/>\n<script type=\"application\/ld+json\" class=\"yoast-schema-graph\">{\"@context\":\"https:\\\/\\\/schema.org\",\"@graph\":[{\"@type\":\"Article\",\"@id\":\"https:\\\/\\\/beneggiassociati.com\\\/en\\\/imu-scatta-il-taglio-per-i-capannoni\\\/#article\",\"isPartOf\":{\"@id\":\"https:\\\/\\\/beneggiassociati.com\\\/en\\\/imu-scatta-il-taglio-per-i-capannoni\\\/\"},\"author\":{\"name\":\"Tiziano Beneggi\",\"@id\":\"https:\\\/\\\/beneggiassociati.com\\\/en\\\/#\\\/schema\\\/person\\\/828daacfa37b359e89e981f920072004\"},\"headline\":\"Imu, scatta il taglio per i capannoni\",\"datePublished\":\"2019-06-30T05:25:00+00:00\",\"mainEntityOfPage\":{\"@id\":\"https:\\\/\\\/beneggiassociati.com\\\/en\\\/imu-scatta-il-taglio-per-i-capannoni\\\/\"},\"wordCount\":640,\"commentCount\":0,\"publisher\":{\"@id\":\"https:\\\/\\\/beneggiassociati.com\\\/en\\\/#organization\"},\"image\":{\"@id\":\"https:\\\/\\\/beneggiassociati.com\\\/en\\\/imu-scatta-il-taglio-per-i-capannoni\\\/#primaryimage\"},\"thumbnailUrl\":\"https:\\\/\\\/beneggiassociati.com\\\/wp-content\\\/uploads\\\/2025\\\/07\\\/single-post-beneggi.jpg\",\"articleSection\":[\"ARCHIVIO\"],\"inLanguage\":\"en-US\"},{\"@type\":\"WebPage\",\"@id\":\"https:\\\/\\\/beneggiassociati.com\\\/en\\\/imu-scatta-il-taglio-per-i-capannoni\\\/\",\"url\":\"https:\\\/\\\/beneggiassociati.com\\\/en\\\/imu-scatta-il-taglio-per-i-capannoni\\\/\",\"name\":\"Imu, scatta il taglio per i capannoni - Beneggi &amp; Associati\",\"isPartOf\":{\"@id\":\"https:\\\/\\\/beneggiassociati.com\\\/en\\\/#website\"},\"primaryImageOfPage\":{\"@id\":\"https:\\\/\\\/beneggiassociati.com\\\/en\\\/imu-scatta-il-taglio-per-i-capannoni\\\/#primaryimage\"},\"image\":{\"@id\":\"https:\\\/\\\/beneggiassociati.com\\\/en\\\/imu-scatta-il-taglio-per-i-capannoni\\\/#primaryimage\"},\"thumbnailUrl\":\"https:\\\/\\\/beneggiassociati.com\\\/wp-content\\\/uploads\\\/2025\\\/07\\\/single-post-beneggi.jpg\",\"datePublished\":\"2019-06-30T05:25:00+00:00\",\"description\":\"Via libera definitivo del Senato al decreto crescita. Per il provvedimento, atteso in Gazzetta per sabato 29 giugno e destinato a entrare in vigore il 30,\",\"breadcrumb\":{\"@id\":\"https:\\\/\\\/beneggiassociati.com\\\/en\\\/imu-scatta-il-taglio-per-i-capannoni\\\/#breadcrumb\"},\"inLanguage\":\"en-US\",\"potentialAction\":[{\"@type\":\"ReadAction\",\"target\":[\"https:\\\/\\\/beneggiassociati.com\\\/en\\\/imu-scatta-il-taglio-per-i-capannoni\\\/\"]}]},{\"@type\":\"ImageObject\",\"inLanguage\":\"en-US\",\"@id\":\"https:\\\/\\\/beneggiassociati.com\\\/en\\\/imu-scatta-il-taglio-per-i-capannoni\\\/#primaryimage\",\"url\":\"https:\\\/\\\/beneggiassociati.com\\\/wp-content\\\/uploads\\\/2025\\\/07\\\/single-post-beneggi.jpg\",\"contentUrl\":\"https:\\\/\\\/beneggiassociati.com\\\/wp-content\\\/uploads\\\/2025\\\/07\\\/single-post-beneggi.jpg\",\"width\":1280,\"height\":823},{\"@type\":\"BreadcrumbList\",\"@id\":\"https:\\\/\\\/beneggiassociati.com\\\/en\\\/imu-scatta-il-taglio-per-i-capannoni\\\/#breadcrumb\",\"itemListElement\":[{\"@type\":\"ListItem\",\"position\":1,\"name\":\"Home\",\"item\":\"https:\\\/\\\/beneggiassociati.com\\\/en\\\/?page_id=24163\"},{\"@type\":\"ListItem\",\"position\":2,\"name\":\"Imu, scatta il taglio per i capannoni\"}]},{\"@type\":\"WebSite\",\"@id\":\"https:\\\/\\\/beneggiassociati.com\\\/en\\\/#website\",\"url\":\"https:\\\/\\\/beneggiassociati.com\\\/en\\\/\",\"name\":\"Beneggi e associati\",\"description\":\"\",\"publisher\":{\"@id\":\"https:\\\/\\\/beneggiassociati.com\\\/en\\\/#organization\"},\"potentialAction\":[{\"@type\":\"SearchAction\",\"target\":{\"@type\":\"EntryPoint\",\"urlTemplate\":\"https:\\\/\\\/beneggiassociati.com\\\/en\\\/?s={search_term_string}\"},\"query-input\":{\"@type\":\"PropertyValueSpecification\",\"valueRequired\":true,\"valueName\":\"search_term_string\"}}],\"inLanguage\":\"en-US\"},{\"@type\":\"Organization\",\"@id\":\"https:\\\/\\\/beneggiassociati.com\\\/en\\\/#organization\",\"name\":\"Beneggi e associati\",\"url\":\"https:\\\/\\\/beneggiassociati.com\\\/en\\\/\",\"logo\":{\"@type\":\"ImageObject\",\"inLanguage\":\"en-US\",\"@id\":\"https:\\\/\\\/beneggiassociati.com\\\/en\\\/#\\\/schema\\\/logo\\\/image\\\/\",\"url\":\"https:\\\/\\\/beneggiassociati.com\\\/wp-content\\\/uploads\\\/2025\\\/07\\\/beneggi-logo.png\",\"contentUrl\":\"https:\\\/\\\/beneggiassociati.com\\\/wp-content\\\/uploads\\\/2025\\\/07\\\/beneggi-logo.png\",\"width\":141,\"height\":87,\"caption\":\"Beneggi e associati\"},\"image\":{\"@id\":\"https:\\\/\\\/beneggiassociati.com\\\/en\\\/#\\\/schema\\\/logo\\\/image\\\/\"}},{\"@type\":\"Person\",\"@id\":\"https:\\\/\\\/beneggiassociati.com\\\/en\\\/#\\\/schema\\\/person\\\/828daacfa37b359e89e981f920072004\",\"name\":\"Tiziano Beneggi\",\"url\":\"https:\\\/\\\/beneggiassociati.com\\\/en\\\/author\\\/tizianobeneggiassociati-com\\\/\"}]}<\/script>\n<!-- \/ Yoast SEO plugin. -->","yoast_head_json":{"title":"Imu, scatta il taglio per i capannoni - Beneggi &amp; Associati","description":"Via libera definitivo del Senato al decreto crescita. Per il provvedimento, atteso in Gazzetta per sabato 29 giugno e destinato a entrare in vigore il 30,","robots":{"index":"index","follow":"follow","max-snippet":"max-snippet:-1","max-image-preview":"max-image-preview:large","max-video-preview":"max-video-preview:-1"},"canonical":"https:\/\/beneggiassociati.com\/en\/imu-scatta-il-taglio-per-i-capannoni\/","og_locale":"en_US","og_type":"article","og_title":"Imu, scatta il taglio per i capannoni - Beneggi &amp; Associati","og_description":"Via libera definitivo del Senato al decreto crescita. Per il provvedimento, atteso in Gazzetta per sabato 29 giugno e destinato a entrare in vigore il 30,","og_url":"https:\/\/beneggiassociati.com\/en\/imu-scatta-il-taglio-per-i-capannoni\/","og_site_name":"Beneggi &amp; Associati","article_published_time":"2019-06-30T05:25:00+00:00","og_image":[{"width":1280,"height":823,"url":"https:\/\/beneggiassociati.com\/wp-content\/uploads\/2025\/07\/single-post-beneggi.jpg","type":"image\/jpeg"}],"author":"Tiziano Beneggi","twitter_card":"summary_large_image","twitter_misc":{"Written by":"Tiziano Beneggi","Est. reading time":"3 minutes"},"schema":{"@context":"https:\/\/schema.org","@graph":[{"@type":"Article","@id":"https:\/\/beneggiassociati.com\/en\/imu-scatta-il-taglio-per-i-capannoni\/#article","isPartOf":{"@id":"https:\/\/beneggiassociati.com\/en\/imu-scatta-il-taglio-per-i-capannoni\/"},"author":{"name":"Tiziano Beneggi","@id":"https:\/\/beneggiassociati.com\/en\/#\/schema\/person\/828daacfa37b359e89e981f920072004"},"headline":"Imu, scatta il taglio per i capannoni","datePublished":"2019-06-30T05:25:00+00:00","mainEntityOfPage":{"@id":"https:\/\/beneggiassociati.com\/en\/imu-scatta-il-taglio-per-i-capannoni\/"},"wordCount":640,"commentCount":0,"publisher":{"@id":"https:\/\/beneggiassociati.com\/en\/#organization"},"image":{"@id":"https:\/\/beneggiassociati.com\/en\/imu-scatta-il-taglio-per-i-capannoni\/#primaryimage"},"thumbnailUrl":"https:\/\/beneggiassociati.com\/wp-content\/uploads\/2025\/07\/single-post-beneggi.jpg","articleSection":["ARCHIVIO"],"inLanguage":"en-US"},{"@type":"WebPage","@id":"https:\/\/beneggiassociati.com\/en\/imu-scatta-il-taglio-per-i-capannoni\/","url":"https:\/\/beneggiassociati.com\/en\/imu-scatta-il-taglio-per-i-capannoni\/","name":"Imu, scatta il taglio per i capannoni - Beneggi &amp; Associati","isPartOf":{"@id":"https:\/\/beneggiassociati.com\/en\/#website"},"primaryImageOfPage":{"@id":"https:\/\/beneggiassociati.com\/en\/imu-scatta-il-taglio-per-i-capannoni\/#primaryimage"},"image":{"@id":"https:\/\/beneggiassociati.com\/en\/imu-scatta-il-taglio-per-i-capannoni\/#primaryimage"},"thumbnailUrl":"https:\/\/beneggiassociati.com\/wp-content\/uploads\/2025\/07\/single-post-beneggi.jpg","datePublished":"2019-06-30T05:25:00+00:00","description":"Via libera definitivo del Senato al decreto crescita. Per il provvedimento, atteso in Gazzetta per sabato 29 giugno e destinato a entrare in vigore il 30,","breadcrumb":{"@id":"https:\/\/beneggiassociati.com\/en\/imu-scatta-il-taglio-per-i-capannoni\/#breadcrumb"},"inLanguage":"en-US","potentialAction":[{"@type":"ReadAction","target":["https:\/\/beneggiassociati.com\/en\/imu-scatta-il-taglio-per-i-capannoni\/"]}]},{"@type":"ImageObject","inLanguage":"en-US","@id":"https:\/\/beneggiassociati.com\/en\/imu-scatta-il-taglio-per-i-capannoni\/#primaryimage","url":"https:\/\/beneggiassociati.com\/wp-content\/uploads\/2025\/07\/single-post-beneggi.jpg","contentUrl":"https:\/\/beneggiassociati.com\/wp-content\/uploads\/2025\/07\/single-post-beneggi.jpg","width":1280,"height":823},{"@type":"BreadcrumbList","@id":"https:\/\/beneggiassociati.com\/en\/imu-scatta-il-taglio-per-i-capannoni\/#breadcrumb","itemListElement":[{"@type":"ListItem","position":1,"name":"Home","item":"https:\/\/beneggiassociati.com\/en\/?page_id=24163"},{"@type":"ListItem","position":2,"name":"Imu, scatta il taglio per i capannoni"}]},{"@type":"WebSite","@id":"https:\/\/beneggiassociati.com\/en\/#website","url":"https:\/\/beneggiassociati.com\/en\/","name":"Beneggi e associati","description":"","publisher":{"@id":"https:\/\/beneggiassociati.com\/en\/#organization"},"potentialAction":[{"@type":"SearchAction","target":{"@type":"EntryPoint","urlTemplate":"https:\/\/beneggiassociati.com\/en\/?s={search_term_string}"},"query-input":{"@type":"PropertyValueSpecification","valueRequired":true,"valueName":"search_term_string"}}],"inLanguage":"en-US"},{"@type":"Organization","@id":"https:\/\/beneggiassociati.com\/en\/#organization","name":"Beneggi e associati","url":"https:\/\/beneggiassociati.com\/en\/","logo":{"@type":"ImageObject","inLanguage":"en-US","@id":"https:\/\/beneggiassociati.com\/en\/#\/schema\/logo\/image\/","url":"https:\/\/beneggiassociati.com\/wp-content\/uploads\/2025\/07\/beneggi-logo.png","contentUrl":"https:\/\/beneggiassociati.com\/wp-content\/uploads\/2025\/07\/beneggi-logo.png","width":141,"height":87,"caption":"Beneggi e associati"},"image":{"@id":"https:\/\/beneggiassociati.com\/en\/#\/schema\/logo\/image\/"}},{"@type":"Person","@id":"https:\/\/beneggiassociati.com\/en\/#\/schema\/person\/828daacfa37b359e89e981f920072004","name":"Tiziano Beneggi","url":"https:\/\/beneggiassociati.com\/en\/author\/tizianobeneggiassociati-com\/"}]}},"_links":{"self":[{"href":"https:\/\/beneggiassociati.com\/en\/wp-json\/wp\/v2\/posts\/16580","targetHints":{"allow":["GET"]}}],"collection":[{"href":"https:\/\/beneggiassociati.com\/en\/wp-json\/wp\/v2\/posts"}],"about":[{"href":"https:\/\/beneggiassociati.com\/en\/wp-json\/wp\/v2\/types\/post"}],"author":[{"embeddable":true,"href":"https:\/\/beneggiassociati.com\/en\/wp-json\/wp\/v2\/users\/4"}],"replies":[{"embeddable":true,"href":"https:\/\/beneggiassociati.com\/en\/wp-json\/wp\/v2\/comments?post=16580"}],"version-history":[{"count":0,"href":"https:\/\/beneggiassociati.com\/en\/wp-json\/wp\/v2\/posts\/16580\/revisions"}],"wp:featuredmedia":[{"embeddable":true,"href":"https:\/\/beneggiassociati.com\/en\/wp-json\/wp\/v2\/media\/409"}],"wp:attachment":[{"href":"https:\/\/beneggiassociati.com\/en\/wp-json\/wp\/v2\/media?parent=16580"}],"wp:term":[{"taxonomy":"category","embeddable":true,"href":"https:\/\/beneggiassociati.com\/en\/wp-json\/wp\/v2\/categories?post=16580"},{"taxonomy":"post_tag","embeddable":true,"href":"https:\/\/beneggiassociati.com\/en\/wp-json\/wp\/v2\/tags?post=16580"}],"curies":[{"name":"wp","href":"https:\/\/api.w.org\/{rel}","templated":true}]}}