{"id":16585,"date":"2019-06-30T08:36:00","date_gmt":"2019-06-30T06:36:00","guid":{"rendered":"https:\/\/dev.beneggiassociati.com\/2019\/06\/30\/decreto-crescita-2019-il-testo-definitivo\/"},"modified":"2019-06-30T08:36:00","modified_gmt":"2019-06-30T06:36:00","slug":"decreto-crescita-2019-il-testo-definitivo","status":"publish","type":"post","link":"https:\/\/beneggiassociati.com\/en\/decreto-crescita-2019-il-testo-definitivo\/","title":{"rendered":"Decreto Crescita 2019, il testo definitivo"},"content":{"rendered":"\n<p>Ecco quali sono gli emendamenti e gli articoli principali del testo approvato nella sua versione definitiva.&nbsp;<\/p>\n\n\n<ul class=\"wp-block-list\"><li>Super ammortamento: confermata la misura sul super ammortamento per gli investimenti in beni materiali strumentali nuovi effettuati dal 1\u00b0 aprile al 31 dicembre 2019 o posti in essere entro il 30 giugno 2020, a condizione che alla data del 31 dicembre 2019 il relativo ordine risulti accettato dal venditore e sia avvenuto il pagamento di un acconto pari ad almeno il 20% del costo di acquisizione. In particolare, la disposizione prevede che, ai fini delle imposte sui redditi, per i titolari di reddito d&#8217;impresa e gli esercenti arti e professioni, che effettuano investimenti in beni materiali strumentali nuovi, esclusi i veicoli e gli altri mezzi di trasporto, una maggiorazione del costo di acquisto del 30%, con esclusivo riferimento alla determinazione delle quote di ammortamento e dei canoni di locazione finanziaria. Tale maggiorazione non si applica sulla parte di investimenti complessivi eccedente il limite di 2,5 milioni di euro.<\/li><li>Mini-Ires: ancora pi\u00f9 favorevole la riduzione progressiva delle aliquote Ires per le imprese che reinvestono i propri utili o effettuano nuove assunzioni. La nuova misura prevede l\u2019abbassamento dell\u2019aliquota pi\u00f9 graduale, che va dal 22,5% per l\u2019anno di imposta 2019 al 20% dal 2023, sugli utili di esercizio accantonati a riserve diverse da quelle di utili non disponibili, nei limiti dell\u2019incremento di patrimonio netto a esclusione delle banche.<\/li><li>Cedolare secca: fra le novit\u00e0 in sede di conversione, l\u2019abrogazione della sanzione prevista per la mancata comunicazione della proroga cedolare secca. Si ricorda che l\u2019articolo 3, comma 3, del Dlgs n. 23\/2011 prevedeva che, in caso di mancata presentazione della comunicazione relativa alla proroga, anche tacita, o alla risoluzione del contratto di locazione per il quale era stata esercitata l\u2019opzione della cedolare secca, entro trenta giorni scattava la sanzione nella misura fissa pari a 100 euro, ridotta a 50 euro se la comunicazione era presentata con ritardo non superiore a trenta giorni. Ora l\u2019obbligo della comunicazione della proroga della cedolare e la relativa sanzione sono soppressi.<\/li><li>Proroga per gli Isa: slittano al 30 settembre i termini per i versamenti delle imposte dirette, dell\u2019Irap e dell\u2019Iva, che scadono tra il 30 giugno e il 30 settembre 2019, per i soggetti nei confronti dei quali sono stati approvati gli indici sintetici di affidabilit\u00e0 fiscale, purch\u00e9 dichiarino ricavi o compensi di ammontare non superiore al limite stabilito, per ciascun indice, dal decreto ministeriale di approvazione.<\/li><li>Locazioni non corrisposte, per detassare non serve lo sfratto: pi\u00f9 facile detassare i canoni di locazione non percepiti: per i contratti di affitto di immobili ad uso abitativo stipulati a decorrere dal 1\u00b0 gennaio 2020, si potr\u00e0 essere esonerati dalla tassazione delle somme non corrisposte dal locatore, senza dover attendere la conclusione del procedimento di convalida di sfratto, essendo sufficiente l\u2019ingiunzione di pagamento o l\u2019intimazione di sfratto per morosit\u00e0.<\/li><li>Patent box: pi\u00f9 semplice e veloce l\u2019iter per fruire della tassazione agevolata sui redditi derivanti dall\u2019utilizzo di taluni beni immateriali. I contribuenti interessati da tale regime opzionale possono determinare e dichiarare direttamente il proprio reddito agevolabile, in alternativa alla procedura di accordo preventivo e in contraddittorio con le Entrate, predisponendo idonea documentazione con le informazioni necessarie alla determinazione del beneficio e dandone comunicazione all\u2019Amministrazione finanziaria.<\/li><li>Fatture elettroniche: emissione pi\u00f9 semplice: le e-fatture devono essere emesse entro dodici giorni (non pi\u00f9 dieci giorni) dal momento dell\u2019effettuazione dell\u2019operazione di cessione del bene o di prestazione del servizio.<\/li><li>Dichiarazione Imu: il termine per presentare la dichiarazione Imu slitta dal 30 giugno al 31 dicembre dell\u2019anno successivo a quello cui si riferiscono i dati da comunicare. Inoltre, viene eliminato l\u2019obbligo di presentare la dichiarazione Imu per chi vuole beneficiare della riduzione del 50% Imu e Tasi sulle case concesse in comodato, cio\u00e8 in prestito gratuito, ai figli o ai genitori.<\/li><li>Niente prova dei requisiti per l\u2019Imu ridotta: novit\u00e0 anche in tema di riduzione dell\u2019Imu per gli immobili locati a canone concordato. Ora per fruire dell\u2019imposta al 75%, il contribuente \u00e8 esonerato dalla presentazione del modello di dichiarazione che attesti il possesso del requisito, e da qualunque altro onere di dichiarazione o comunicazione.<\/li><li>Nuovi termini per le dichiarazioni telematiche: slitta dal 30 settembre al 30 novembre la presentazione delle dichiarazioni in materia di imposte sui redditi e di imposta regionale sulle attivit\u00e0 produttive. Il nuovo appuntamento interessa, in particolare, le persone fisiche e le societ\u00e0 o le associazioni, come le societ\u00e0 semplici, in nome collettivo e in accomandita semplice.<\/li><li>Affitti brevi: prevista l\u2019istituzione di una banca dati pubblica delle strutture ricettive e degli immobili destinati alle locazioni brevi. Ogni singola locazione breve dovr\u00e0 essere identificata mediante un codice alfanumerico, denominato \u201ccodice identificativo\u201d, da utilizzare in ogni comunicazione inerente all\u2019offerta e alla promozione dei servizi all\u2019utenza. Il medesimo codice dovr\u00e0 essere usato e pubblicato anche dai gestori dei portali&nbsp;internet e dagli agenti immobiliari. L\u2019inosservanza dell\u2019obbligo comporter\u00e0 l\u2019applicazione di una sanzione pecuniaria da un minimo di 500 euro a un massimo di 5mila euro e, in caso di reiterazione della violazione, la sanzione sar\u00e0 raddoppiata.<\/li><li>Riapertura rottamazione-ter e saldo e stralcio:&nbsp;nuovo termine per la rottamazione delle cartelle inviate dal fisco, nonch\u00e9 per il saldo e stralcio, ossia la sanatoria delle cartelle per omessi versamenti riservata a chi \u00e8 in difficolt\u00e0 economica. Per l\u2019adesione, ci sar\u00e0 tempo fino al 31 luglio 2019 per entrambe le tipologie. Le domande potranno essere presentate da chi ha ricevuto la lettera del fisco tra il 2000 e il 2017. Versando le imposte o i contributi dovuti i contribuenti potranno mettersi in regola, senza dover pagare sanzioni e interessi. Il pagamento delle somme pu\u00f2 essere effettuato in unica soluzione, entro il 30 novembre 2019, o nel numero massimo di 17 rate consecutive.<\/li><li>\u201cRientro dei cervelli\u201d: per i docenti e i ricercatori che trasferiscono la residenza in Italia a partire dal 2020: la durata del regime fiscale di favore \u00e8 aumentata da 4 a 6 anni in presenza di specifiche condizioni (fra cui, figli minorenni, acquisto dell\u2019unit\u00e0 immobiliare di tipo residenziale in Italia), la durata dell\u2019agevolazione \u00e8 prolungata a 8, 11 o 13 anni. Per i lavoratori \u201cimpatriati\u201d, il trasferimento di residenza in Italia a partire dal 2020 \u00e8 premiato con un incremento dal 50% al 70% della riduzione dell\u2019imponibile e si eleva da 5 a 10 periodi di imposta la possibilit\u00e0 di fruire di maggiori agevolazioni fiscali in presenza di alcune condizioni (figli minorenni, acquisto dell\u2019unit\u00e0 immobiliare di tipo residenziale). La disciplina agevolata riguarda anche i lavoratori che avviano un\u2019attivit\u00e0 d\u2019impresa a partire dal periodo d\u2019imposta in corso al 1\u00b0 gennaio 2020.<\/li><li>Niente Tasi per gli immobili destinati alla vendita: i fabbricati costruiti e destinati dall&#8217;impresa costruttrice alla vendita sono esenti dalla Tasi a decorrere dal 1\u00b0 gennaio 2022. L\u2019esenzione, valida per gli immobili non locati, interessa solamente quelle imprese che, con organizzazione e mezzi propri, o tramite appalto, hanno effettivamente edificato l\u2019immobile.<\/li><li>Aumento deducibilit\u00e0 IMU al 60%: all&#8217;articolo 1 ter del decreto Crescita \u00e8 prevista la Maggiorazione deducibilit\u00e0 IMU dalle imposte sui redditi, in pratica ora la deducibilit\u00e0 IMU \u00e8 pari al 40% con il decreto, a partire dal 2020, \u00e8 previsto l&#8217;aumento al 60%. Per l&#8217;anno 2019, la deducibilit\u00e0 IMU, imposta municipale propria di immobili strumentali dal reddito di impresa o dal reddito derivante da arti o professioni, aumenta dal 40% al 50%.&#038;nb\nsp;<\/li><li>Nuovo Bonus Casa: viene previsto un nuovo bonus casa per le imprese di costruzione o di ristrutturazione immobiliare fino al 2021. Tale bonus per le societ\u00e0 che acquistano ed entro i successivi 10 anni, demoliscono e ricostruiscono l&#8217;edificio, prevede: il versamento di 200 euro una tantum per l\u2019imposta di registro e le imposte ipotecaria e catastale;<br \/>possibilit\u00e0 di variazione volumetrica; alienazione rispetto al fabbricato preesistente.&nbsp;<\/li><li>Stop sfruttamento Italian sounding: il testo prevede lo stop allo sfruttamento di parole che rimandano all&#8217;Italia e che vengono utilizzate per attirare un numero pi\u00f9 alto di clienti. Con la nuova norma si andr\u00e0 quindi a tutelare maggiormente i marchi riconducibili alle forze dell\u2019ordine e alle forze armate e i nomi di regioni e comuni. In particolare sar\u00e0 vietata la registrazione di marchi d&#8217;impresa che contengano parole cd. italian sounding e, pi\u00f9 in generale, di figure o segni lesivi dell\u2019immagine o della reputazione dell\u2019Italia.&nbsp;<\/li><li>Marchio storico di interesse nazionale: il marchio storico \u00e8 un particolare registro nel quale verranno iscritti le persone fisiche o giuridiche aventi marchi d\u2019impresa vecchi di 50 anni o che possono dimostrare l\u2019uso continuativo da almeno cinquanta anni. La registrazione del marchio storico di interesse nazionale su questo apposito registro, consentir\u00e0 alle aziende in crisi di poter accedere a degli aiuti Stato, ci\u00f2 consentir\u00e0 a non far chiudere stabilimenti o a vendere\/svendere il marchio italiano all&#8217;estero. Le imprese pertanto potranno cercare un acquirente per lo stabilimento in difficolt\u00e0 ma in caso di fallimento, il marchio sar\u00e0 gestito dallo Stato, per essere riassegnato in futuro.&nbsp;<\/li><li>Nasce la Sis, Societ\u00e0 di investimento semplice: nasce un nuovo tipo di societ\u00e0, la Sis, Societ\u00e0 di investimento semplice che potr\u00e0 investire SOLO in start up non quotate, beneficiando dell\u2019esenzione dalle tasse dei redditi di capitale. Le nuove societ\u00e0 Sia che si costituiscono con capitale fino a 25 milioni, raccolto presso investitori professionali o anche tramite business angels, dovranno avere come &#8220;oggetto esclusivo l\u2019investimento collettivo del patrimonio raccolto in Pmi non quotate su mercati regolamentati&#8221;, che si trovano nella fase \u201cdi sperimentazione, di costituzione e di avvio dell\u2019attivit\u00e0, per cui START UP.&nbsp;<\/li><li>Incentivi alle imprese che si finanziano con obbligazioni: un&#8217;altra agevolazione riguarda gli Incentivi alle imprese che si finanziano con l&#8217;emissione di obbligazioni. La nuova norma ha l&#8217;obiettivo di sostenere progetti di sviluppo aziendale.&nbsp;<\/li><li>Nuova Comunicazione IVA per chi vende tramite piattaforme digitali: entro la scadenza del mese di luglio 2019, i soggetti passivi IVA avranno un altro adempimento da dover effettuare, infatti per chi vende beni a distanza tramite piattaforme digitali, dovr\u00e0 inviare la nuova Comunicazione IVA vendite a distanza di beni su piattaforme elettroniche.&nbsp;<\/li><li>Nuova Sabatini: abolizione della soglia massima di 2 milioni di euro per gli investimenti. Tali investimenti saranno quindi senza limite e possibilit\u00e0 di erogare il contributo in un&#8217;unica soluzione qualora l&#8217;investimento non superi i 100 milioni di euro; aumento del contributo per le imprese pi\u00f9 piccole: 5% per le micro-imprese e 3,575% per le imprese di media dimensione.&nbsp;<\/li><li>Obbligo fattura elettronica San Marino: prevista l&#8217;estensione dell&#8217;obbligo fattura elettronica anche agli scambi Italia &#8211; San Marino.&nbsp;<\/li><li>Condono cartelle enti locali: spunta anche un nuovo condono cartelle, ossia l&#8217;estensione della rottamazione cartelle bollo auto, IMU e TASI, TARI per gli enti locali che non hanno utilizzato per la riscossione l\u2019ex Equitalia. Comuni, Province e Regioni potranno quindi avvalersi della definizione agevolata per le cartelle notificate tra il 2000 e il 2017. Gli enti avranno sessanta giorni a disposizione per decidere.&nbsp;<\/li><li>Sconto Immediato Ecobonus, ristrutturazioni, SIsmabonus: viene introdotta la possibilit\u00e0 di beneficario dello sconto immediato Econobus, ristrutturazioni Sismabonus, per cui i contribuenti possono optare o per la detrazione in 10 anni o dello sconto immediato pari alla percentuale di detrazione spettante con il relativo bonus, purch\u00e9 l&#8217;acquisto sia rivolto al risparmio energetico.&nbsp;<\/li><li>Sostegno ai professionisti: avviate delle misure atte al Sostegno allo sviluppo dell\u2019attivit\u00e0 dei liberi professionisti atte a favorire l&#8217;ingresso dei professionisti nel mercato attraverso: polizza sanitaria integrativa; tutela conto la disabilit\u00e0; tutela per la maternit\u00e0 e genitorialit\u00e0; tutela dell\u2019invalidit\u00e0 temporanea all\u2019esercizio della professione e quindi in caso d perdita temporanea del reddito; sostegno per l\u2019avvio della previdenza complementare;<br \/>tutela contro i rischi legati all\u2019esercizio della professione (polizza RCP); fondi di garanzia per favorire l\u2019accesso al credito del professionista; mutui ipotecari per l\u2019acquisto della prima casa o per il primo studio professionale; prestiti d\u2019onore per il completamento degli studi, specializzazioni o master; attivit\u00e0 di studio e ricerca.&nbsp;<\/li><\/ul>\n\n\n<p><a href=\"mailto:info@beneggiassociati.com\" target=\"_blank\" rel=\"noreferrer noopener\">Sei interessato all\u2019articolo? Scrivici e verrai contattato da un nostro Consultant<\/a><\/p>\n\n\n<p><a href=\"https:\/\/beneggiassociati.com\/\" target=\"_blank\" rel=\"noreferrer noopener\">@ Beneggi e Associati | Commercialisti al servizio delle imprese | Meda | Milano<\/a><\/p>\n","protected":false},"excerpt":{"rendered":"<p>Ecco quali sono gli emendamenti e gli articoli principali del testo approvato nella sua versione definitiva.&nbsp; Super ammortamento: confermata la misura sul super ammortamento per gli investimenti in beni materiali strumentali nuovi effettuati dal 1\u00b0 aprile al 31 dicembre 2019 o posti in essere entro il 30 giugno 2020, a condizione che alla data del [&hellip;]<\/p>\n","protected":false},"author":4,"featured_media":409,"comment_status":"open","ping_status":"open","sticky":false,"template":"","format":"standard","meta":{"_acf_changed":false,"content-type":"","footnotes":""},"categories":[16],"tags":[],"class_list":["post-16585","post","type-post","status-publish","format-standard","has-post-thumbnail","hentry","category-archivio"],"acf":[],"yoast_head":"<!-- This site is optimized with the Yoast SEO plugin v27.5 - https:\/\/yoast.com\/product\/yoast-seo-wordpress\/ -->\n<title>Decreto Crescita 2019, il testo definitivo - Beneggi &amp; Associati<\/title>\n<meta name=\"description\" content=\"Ecco quali sono gli emendamenti e gli articoli principali del testo approvato nella sua versione definitiva.&nbsp; Super ammortamento: confermata la\" \/>\n<meta name=\"robots\" content=\"index, follow, max-snippet:-1, max-image-preview:large, max-video-preview:-1\" \/>\n<link rel=\"canonical\" href=\"https:\/\/beneggiassociati.com\/en\/decreto-crescita-2019-il-testo-definitivo\/\" \/>\n<meta property=\"og:locale\" content=\"en_US\" \/>\n<meta property=\"og:type\" content=\"article\" \/>\n<meta property=\"og:title\" content=\"Decreto Crescita 2019, il testo definitivo - Beneggi &amp; Associati\" \/>\n<meta property=\"og:description\" content=\"Ecco quali sono gli emendamenti e gli articoli principali del testo approvato nella sua versione definitiva.&nbsp; Super ammortamento: confermata la\" \/>\n<meta property=\"og:url\" content=\"https:\/\/beneggiassociati.com\/en\/decreto-crescita-2019-il-testo-definitivo\/\" \/>\n<meta property=\"og:site_name\" content=\"Beneggi &amp; Associati\" \/>\n<meta property=\"article:published_time\" content=\"2019-06-30T06:36:00+00:00\" \/>\n<meta property=\"og:image\" content=\"https:\/\/beneggiassociati.com\/wp-content\/uploads\/2025\/07\/single-post-beneggi.jpg\" \/>\n\t<meta property=\"og:image:width\" content=\"1280\" \/>\n\t<meta property=\"og:image:height\" content=\"823\" \/>\n\t<meta property=\"og:image:type\" content=\"image\/jpeg\" \/>\n<meta name=\"author\" content=\"Tiziano Beneggi\" \/>\n<meta name=\"twitter:card\" content=\"summary_large_image\" \/>\n<meta name=\"twitter:label1\" content=\"Written by\" \/>\n\t<meta name=\"twitter:data1\" content=\"Tiziano Beneggi\" \/>\n\t<meta name=\"twitter:label2\" content=\"Est. reading time\" \/>\n\t<meta name=\"twitter:data2\" content=\"10 minutes\" \/>\n<script type=\"application\/ld+json\" class=\"yoast-schema-graph\">{\"@context\":\"https:\\\/\\\/schema.org\",\"@graph\":[{\"@type\":\"Article\",\"@id\":\"https:\\\/\\\/beneggiassociati.com\\\/en\\\/decreto-crescita-2019-il-testo-definitivo\\\/#article\",\"isPartOf\":{\"@id\":\"https:\\\/\\\/beneggiassociati.com\\\/en\\\/decreto-crescita-2019-il-testo-definitivo\\\/\"},\"author\":{\"name\":\"Tiziano Beneggi\",\"@id\":\"https:\\\/\\\/beneggiassociati.com\\\/en\\\/#\\\/schema\\\/person\\\/828daacfa37b359e89e981f920072004\"},\"headline\":\"Decreto Crescita 2019, il testo definitivo\",\"datePublished\":\"2019-06-30T06:36:00+00:00\",\"mainEntityOfPage\":{\"@id\":\"https:\\\/\\\/beneggiassociati.com\\\/en\\\/decreto-crescita-2019-il-testo-definitivo\\\/\"},\"wordCount\":1966,\"commentCount\":0,\"publisher\":{\"@id\":\"https:\\\/\\\/beneggiassociati.com\\\/en\\\/#organization\"},\"image\":{\"@id\":\"https:\\\/\\\/beneggiassociati.com\\\/en\\\/decreto-crescita-2019-il-testo-definitivo\\\/#primaryimage\"},\"thumbnailUrl\":\"https:\\\/\\\/beneggiassociati.com\\\/wp-content\\\/uploads\\\/2025\\\/07\\\/single-post-beneggi.jpg\",\"articleSection\":[\"ARCHIVIO\"],\"inLanguage\":\"en-US\"},{\"@type\":\"WebPage\",\"@id\":\"https:\\\/\\\/beneggiassociati.com\\\/en\\\/decreto-crescita-2019-il-testo-definitivo\\\/\",\"url\":\"https:\\\/\\\/beneggiassociati.com\\\/en\\\/decreto-crescita-2019-il-testo-definitivo\\\/\",\"name\":\"Decreto Crescita 2019, il testo definitivo - Beneggi &amp; Associati\",\"isPartOf\":{\"@id\":\"https:\\\/\\\/beneggiassociati.com\\\/en\\\/#website\"},\"primaryImageOfPage\":{\"@id\":\"https:\\\/\\\/beneggiassociati.com\\\/en\\\/decreto-crescita-2019-il-testo-definitivo\\\/#primaryimage\"},\"image\":{\"@id\":\"https:\\\/\\\/beneggiassociati.com\\\/en\\\/decreto-crescita-2019-il-testo-definitivo\\\/#primaryimage\"},\"thumbnailUrl\":\"https:\\\/\\\/beneggiassociati.com\\\/wp-content\\\/uploads\\\/2025\\\/07\\\/single-post-beneggi.jpg\",\"datePublished\":\"2019-06-30T06:36:00+00:00\",\"description\":\"Ecco quali sono gli emendamenti e gli articoli principali del testo approvato nella sua versione definitiva.&nbsp; Super ammortamento: confermata la\",\"breadcrumb\":{\"@id\":\"https:\\\/\\\/beneggiassociati.com\\\/en\\\/decreto-crescita-2019-il-testo-definitivo\\\/#breadcrumb\"},\"inLanguage\":\"en-US\",\"potentialAction\":[{\"@type\":\"ReadAction\",\"target\":[\"https:\\\/\\\/beneggiassociati.com\\\/en\\\/decreto-crescita-2019-il-testo-definitivo\\\/\"]}]},{\"@type\":\"ImageObject\",\"inLanguage\":\"en-US\",\"@id\":\"https:\\\/\\\/beneggiassociati.com\\\/en\\\/decreto-crescita-2019-il-testo-definitivo\\\/#primaryimage\",\"url\":\"https:\\\/\\\/beneggiassociati.com\\\/wp-content\\\/uploads\\\/2025\\\/07\\\/single-post-beneggi.jpg\",\"contentUrl\":\"https:\\\/\\\/beneggiassociati.com\\\/wp-content\\\/uploads\\\/2025\\\/07\\\/single-post-beneggi.jpg\",\"width\":1280,\"height\":823},{\"@type\":\"BreadcrumbList\",\"@id\":\"https:\\\/\\\/beneggiassociati.com\\\/en\\\/decreto-crescita-2019-il-testo-definitivo\\\/#breadcrumb\",\"itemListElement\":[{\"@type\":\"ListItem\",\"position\":1,\"name\":\"Home\",\"item\":\"https:\\\/\\\/beneggiassociati.com\\\/en\\\/?page_id=24163\"},{\"@type\":\"ListItem\",\"position\":2,\"name\":\"Decreto Crescita 2019, il testo definitivo\"}]},{\"@type\":\"WebSite\",\"@id\":\"https:\\\/\\\/beneggiassociati.com\\\/en\\\/#website\",\"url\":\"https:\\\/\\\/beneggiassociati.com\\\/en\\\/\",\"name\":\"Beneggi e associati\",\"description\":\"\",\"publisher\":{\"@id\":\"https:\\\/\\\/beneggiassociati.com\\\/en\\\/#organization\"},\"potentialAction\":[{\"@type\":\"SearchAction\",\"target\":{\"@type\":\"EntryPoint\",\"urlTemplate\":\"https:\\\/\\\/beneggiassociati.com\\\/en\\\/?s={search_term_string}\"},\"query-input\":{\"@type\":\"PropertyValueSpecification\",\"valueRequired\":true,\"valueName\":\"search_term_string\"}}],\"inLanguage\":\"en-US\"},{\"@type\":\"Organization\",\"@id\":\"https:\\\/\\\/beneggiassociati.com\\\/en\\\/#organization\",\"name\":\"Beneggi e associati\",\"url\":\"https:\\\/\\\/beneggiassociati.com\\\/en\\\/\",\"logo\":{\"@type\":\"ImageObject\",\"inLanguage\":\"en-US\",\"@id\":\"https:\\\/\\\/beneggiassociati.com\\\/en\\\/#\\\/schema\\\/logo\\\/image\\\/\",\"url\":\"https:\\\/\\\/beneggiassociati.com\\\/wp-content\\\/uploads\\\/2025\\\/07\\\/beneggi-logo.png\",\"contentUrl\":\"https:\\\/\\\/beneggiassociati.com\\\/wp-content\\\/uploads\\\/2025\\\/07\\\/beneggi-logo.png\",\"width\":141,\"height\":87,\"caption\":\"Beneggi e associati\"},\"image\":{\"@id\":\"https:\\\/\\\/beneggiassociati.com\\\/en\\\/#\\\/schema\\\/logo\\\/image\\\/\"}},{\"@type\":\"Person\",\"@id\":\"https:\\\/\\\/beneggiassociati.com\\\/en\\\/#\\\/schema\\\/person\\\/828daacfa37b359e89e981f920072004\",\"name\":\"Tiziano Beneggi\",\"url\":\"https:\\\/\\\/beneggiassociati.com\\\/en\\\/author\\\/tizianobeneggiassociati-com\\\/\"}]}<\/script>\n<!-- \/ Yoast SEO plugin. -->","yoast_head_json":{"title":"Decreto Crescita 2019, il testo definitivo - Beneggi &amp; Associati","description":"Ecco quali sono gli emendamenti e gli articoli principali del testo approvato nella sua versione definitiva.&nbsp; Super ammortamento: confermata la","robots":{"index":"index","follow":"follow","max-snippet":"max-snippet:-1","max-image-preview":"max-image-preview:large","max-video-preview":"max-video-preview:-1"},"canonical":"https:\/\/beneggiassociati.com\/en\/decreto-crescita-2019-il-testo-definitivo\/","og_locale":"en_US","og_type":"article","og_title":"Decreto Crescita 2019, il testo definitivo - Beneggi &amp; Associati","og_description":"Ecco quali sono gli emendamenti e gli articoli principali del testo approvato nella sua versione definitiva.&nbsp; Super ammortamento: confermata la","og_url":"https:\/\/beneggiassociati.com\/en\/decreto-crescita-2019-il-testo-definitivo\/","og_site_name":"Beneggi &amp; Associati","article_published_time":"2019-06-30T06:36:00+00:00","og_image":[{"width":1280,"height":823,"url":"https:\/\/beneggiassociati.com\/wp-content\/uploads\/2025\/07\/single-post-beneggi.jpg","type":"image\/jpeg"}],"author":"Tiziano Beneggi","twitter_card":"summary_large_image","twitter_misc":{"Written by":"Tiziano Beneggi","Est. reading time":"10 minutes"},"schema":{"@context":"https:\/\/schema.org","@graph":[{"@type":"Article","@id":"https:\/\/beneggiassociati.com\/en\/decreto-crescita-2019-il-testo-definitivo\/#article","isPartOf":{"@id":"https:\/\/beneggiassociati.com\/en\/decreto-crescita-2019-il-testo-definitivo\/"},"author":{"name":"Tiziano Beneggi","@id":"https:\/\/beneggiassociati.com\/en\/#\/schema\/person\/828daacfa37b359e89e981f920072004"},"headline":"Decreto Crescita 2019, il testo definitivo","datePublished":"2019-06-30T06:36:00+00:00","mainEntityOfPage":{"@id":"https:\/\/beneggiassociati.com\/en\/decreto-crescita-2019-il-testo-definitivo\/"},"wordCount":1966,"commentCount":0,"publisher":{"@id":"https:\/\/beneggiassociati.com\/en\/#organization"},"image":{"@id":"https:\/\/beneggiassociati.com\/en\/decreto-crescita-2019-il-testo-definitivo\/#primaryimage"},"thumbnailUrl":"https:\/\/beneggiassociati.com\/wp-content\/uploads\/2025\/07\/single-post-beneggi.jpg","articleSection":["ARCHIVIO"],"inLanguage":"en-US"},{"@type":"WebPage","@id":"https:\/\/beneggiassociati.com\/en\/decreto-crescita-2019-il-testo-definitivo\/","url":"https:\/\/beneggiassociati.com\/en\/decreto-crescita-2019-il-testo-definitivo\/","name":"Decreto Crescita 2019, il testo definitivo - Beneggi &amp; Associati","isPartOf":{"@id":"https:\/\/beneggiassociati.com\/en\/#website"},"primaryImageOfPage":{"@id":"https:\/\/beneggiassociati.com\/en\/decreto-crescita-2019-il-testo-definitivo\/#primaryimage"},"image":{"@id":"https:\/\/beneggiassociati.com\/en\/decreto-crescita-2019-il-testo-definitivo\/#primaryimage"},"thumbnailUrl":"https:\/\/beneggiassociati.com\/wp-content\/uploads\/2025\/07\/single-post-beneggi.jpg","datePublished":"2019-06-30T06:36:00+00:00","description":"Ecco quali sono gli emendamenti e gli articoli principali del testo approvato nella sua versione definitiva.&nbsp; Super ammortamento: confermata la","breadcrumb":{"@id":"https:\/\/beneggiassociati.com\/en\/decreto-crescita-2019-il-testo-definitivo\/#breadcrumb"},"inLanguage":"en-US","potentialAction":[{"@type":"ReadAction","target":["https:\/\/beneggiassociati.com\/en\/decreto-crescita-2019-il-testo-definitivo\/"]}]},{"@type":"ImageObject","inLanguage":"en-US","@id":"https:\/\/beneggiassociati.com\/en\/decreto-crescita-2019-il-testo-definitivo\/#primaryimage","url":"https:\/\/beneggiassociati.com\/wp-content\/uploads\/2025\/07\/single-post-beneggi.jpg","contentUrl":"https:\/\/beneggiassociati.com\/wp-content\/uploads\/2025\/07\/single-post-beneggi.jpg","width":1280,"height":823},{"@type":"BreadcrumbList","@id":"https:\/\/beneggiassociati.com\/en\/decreto-crescita-2019-il-testo-definitivo\/#breadcrumb","itemListElement":[{"@type":"ListItem","position":1,"name":"Home","item":"https:\/\/beneggiassociati.com\/en\/?page_id=24163"},{"@type":"ListItem","position":2,"name":"Decreto Crescita 2019, il testo definitivo"}]},{"@type":"WebSite","@id":"https:\/\/beneggiassociati.com\/en\/#website","url":"https:\/\/beneggiassociati.com\/en\/","name":"Beneggi e associati","description":"","publisher":{"@id":"https:\/\/beneggiassociati.com\/en\/#organization"},"potentialAction":[{"@type":"SearchAction","target":{"@type":"EntryPoint","urlTemplate":"https:\/\/beneggiassociati.com\/en\/?s={search_term_string}"},"query-input":{"@type":"PropertyValueSpecification","valueRequired":true,"valueName":"search_term_string"}}],"inLanguage":"en-US"},{"@type":"Organization","@id":"https:\/\/beneggiassociati.com\/en\/#organization","name":"Beneggi e associati","url":"https:\/\/beneggiassociati.com\/en\/","logo":{"@type":"ImageObject","inLanguage":"en-US","@id":"https:\/\/beneggiassociati.com\/en\/#\/schema\/logo\/image\/","url":"https:\/\/beneggiassociati.com\/wp-content\/uploads\/2025\/07\/beneggi-logo.png","contentUrl":"https:\/\/beneggiassociati.com\/wp-content\/uploads\/2025\/07\/beneggi-logo.png","width":141,"height":87,"caption":"Beneggi e associati"},"image":{"@id":"https:\/\/beneggiassociati.com\/en\/#\/schema\/logo\/image\/"}},{"@type":"Person","@id":"https:\/\/beneggiassociati.com\/en\/#\/schema\/person\/828daacfa37b359e89e981f920072004","name":"Tiziano Beneggi","url":"https:\/\/beneggiassociati.com\/en\/author\/tizianobeneggiassociati-com\/"}]}},"_links":{"self":[{"href":"https:\/\/beneggiassociati.com\/en\/wp-json\/wp\/v2\/posts\/16585","targetHints":{"allow":["GET"]}}],"collection":[{"href":"https:\/\/beneggiassociati.com\/en\/wp-json\/wp\/v2\/posts"}],"about":[{"href":"https:\/\/beneggiassociati.com\/en\/wp-json\/wp\/v2\/types\/post"}],"author":[{"embeddable":true,"href":"https:\/\/beneggiassociati.com\/en\/wp-json\/wp\/v2\/users\/4"}],"replies":[{"embeddable":true,"href":"https:\/\/beneggiassociati.com\/en\/wp-json\/wp\/v2\/comments?post=16585"}],"version-history":[{"count":0,"href":"https:\/\/beneggiassociati.com\/en\/wp-json\/wp\/v2\/posts\/16585\/revisions"}],"wp:featuredmedia":[{"embeddable":true,"href":"https:\/\/beneggiassociati.com\/en\/wp-json\/wp\/v2\/media\/409"}],"wp:attachment":[{"href":"https:\/\/beneggiassociati.com\/en\/wp-json\/wp\/v2\/media?parent=16585"}],"wp:term":[{"taxonomy":"category","embeddable":true,"href":"https:\/\/beneggiassociati.com\/en\/wp-json\/wp\/v2\/categories?post=16585"},{"taxonomy":"post_tag","embeddable":true,"href":"https:\/\/beneggiassociati.com\/en\/wp-json\/wp\/v2\/tags?post=16585"}],"curies":[{"name":"wp","href":"https:\/\/api.w.org\/{rel}","templated":true}]}}