{"id":16587,"date":"2019-07-20T21:13:00","date_gmt":"2019-07-20T19:13:00","guid":{"rendered":"https:\/\/dev.beneggiassociati.com\/2019\/07\/20\/comodati-addio-a-meta-alla-dichiarazione-imu\/"},"modified":"2019-07-20T21:13:00","modified_gmt":"2019-07-20T19:13:00","slug":"comodati-addio-a-meta-alla-dichiarazione-imu","status":"publish","type":"post","link":"https:\/\/beneggiassociati.com\/en\/comodati-addio-a-meta-alla-dichiarazione-imu\/","title":{"rendered":"Comodati, addio a met\u00e0 alla dichiarazione Imu"},"content":{"rendered":"\n<p>Sono tante le novit\u00e0 che il decreto crescita riserva ai Comuni e ai contribuenti.&nbsp;<\/p>\n\n\n<p>La prima novit\u00e0 \u00e8 lo spostamento del termine di presentazione che passa dal 30 giugno al 31 dicembre. Al riguardo si ricorda anche che i contribuenti possono presentare la dichiarazione non solo in forma cartacea, ma anche in modo telematico. Ovviamente, rimane ferma la previsione che la dichiarazione deve essere presentata solo se sono intervenute variazioni rilevanti ai fini della determinazione dell\u2019imposta, e che questa rimane valida anche per gli anni successivi se non si verificano modificazioni dei dati cui consegua un diverso ammontare dell\u2019imposta dovuta.<\/p>\n\n\n<p>Le altre novit\u00e0 riguardano l\u2019abolizione dell\u2019obbligo di presentare la dichiarazione Imu per gli immobili concessi in comodato a parenti. La norma prevedeva espressamente la presentazione della dichiarazione, anche perch\u00e9 tutte le informazioni necessarie al Comune per verificare la spettanza del diritto all\u2019agevolazione non sono immediatamente reperibili dalla banca dati catastale o dall\u2019anagrafe della popolazione.&nbsp;Naturalmente rimane la possibilit\u00e0 per i Comuni di richiedere la presentazione di una specifica comunicazione per il riconoscimento di proprie aliquote agevolate.<\/p>\n\n\n<p>Stesso discorso anche per gli immobili locati a canone concordato, per i quali non \u00e8 pi\u00f9 necessario presentare alcuna dichiarazione o comunicazione, fermo restando, anche in questo caso, l\u2019obbligo di presentare una comunicazione, se richiesta dal Comune, per il riconoscimento di proprie aliquote agevolate.&nbsp;Considerato che l\u2019accesso alla riduzione del 25% dell\u2019imposta per gli immobili locati a canone concordato presuppone che il contratto di locazione rechi l\u2019asseverazione di conformit\u00e0 all\u2019accordo territoriale rilasciata da una delle associazioni firmatarie dell\u2019accordo, l\u2019attivit\u00e0 di controllo del Comune comporter\u00e0 necessariamente la richiesta al contribuente di produrre copia del contratto, visto che \u00e8 informazione non ricavabile neanche dall\u2019anagrafe tributaria.&nbsp;<\/p>\n\n\n<p><a href=\"mailto:info@beneggiassociati.com\" target=\"_blank\" rel=\"noreferrer noopener\">Sei interessato all\u2019articolo? Scrivici e verrai contattato da un nostro Consultant<\/a><\/p>\n\n\n<p><a href=\"https:\/\/beneggiassociati.com\/\" target=\"_blank\" rel=\"noreferrer noopener\">@ Beneggi e Associati | Commercialisti al servizio delle imprese | Meda | Milano<\/a><br \/><\/p>\n","protected":false},"excerpt":{"rendered":"<p>Sono tante le novit\u00e0 che il decreto crescita riserva ai Comuni e ai contribuenti.&nbsp; La prima novit\u00e0 \u00e8 lo spostamento del termine di presentazione che passa dal 30 giugno al 31 dicembre. Al riguardo si ricorda anche che i contribuenti possono presentare la dichiarazione non solo in forma cartacea, ma anche in modo telematico. Ovviamente, [&hellip;]<\/p>\n","protected":false},"author":4,"featured_media":409,"comment_status":"open","ping_status":"open","sticky":false,"template":"","format":"standard","meta":{"_acf_changed":false,"content-type":"","footnotes":""},"categories":[16],"tags":[],"class_list":["post-16587","post","type-post","status-publish","format-standard","has-post-thumbnail","hentry","category-archivio"],"acf":[],"yoast_head":"<!-- This site is optimized with the Yoast SEO plugin v27.5 - https:\/\/yoast.com\/product\/yoast-seo-wordpress\/ -->\n<title>Comodati, addio a met\u00e0 alla dichiarazione Imu - Beneggi &amp; Associati<\/title>\n<meta name=\"description\" content=\"Sono tante le novit\u00e0 che il decreto crescita riserva ai Comuni e ai contribuenti.&nbsp; La prima novit\u00e0 \u00e8 lo spostamento del termine di presentazione che\" \/>\n<meta name=\"robots\" content=\"index, follow, max-snippet:-1, max-image-preview:large, max-video-preview:-1\" \/>\n<link rel=\"canonical\" href=\"https:\/\/beneggiassociati.com\/en\/comodati-addio-a-meta-alla-dichiarazione-imu\/\" \/>\n<meta property=\"og:locale\" content=\"en_US\" \/>\n<meta property=\"og:type\" content=\"article\" \/>\n<meta property=\"og:title\" content=\"Comodati, addio a met\u00e0 alla dichiarazione Imu - Beneggi &amp; Associati\" \/>\n<meta property=\"og:description\" content=\"Sono tante le novit\u00e0 che il decreto crescita riserva ai Comuni e ai contribuenti.&nbsp; La prima novit\u00e0 \u00e8 lo spostamento del termine di presentazione che\" \/>\n<meta property=\"og:url\" content=\"https:\/\/beneggiassociati.com\/en\/comodati-addio-a-meta-alla-dichiarazione-imu\/\" \/>\n<meta property=\"og:site_name\" content=\"Beneggi &amp; Associati\" \/>\n<meta property=\"article:published_time\" content=\"2019-07-20T19:13:00+00:00\" \/>\n<meta property=\"og:image\" content=\"https:\/\/beneggiassociati.com\/wp-content\/uploads\/2025\/07\/single-post-beneggi.jpg\" \/>\n\t<meta property=\"og:image:width\" content=\"1280\" \/>\n\t<meta property=\"og:image:height\" content=\"823\" \/>\n\t<meta property=\"og:image:type\" content=\"image\/jpeg\" \/>\n<meta name=\"author\" content=\"Tiziano Beneggi\" \/>\n<meta name=\"twitter:card\" content=\"summary_large_image\" \/>\n<meta name=\"twitter:label1\" content=\"Written by\" \/>\n\t<meta name=\"twitter:data1\" content=\"Tiziano Beneggi\" \/>\n\t<meta name=\"twitter:label2\" content=\"Est. reading time\" \/>\n\t<meta name=\"twitter:data2\" content=\"2 minutes\" \/>\n<script type=\"application\/ld+json\" class=\"yoast-schema-graph\">{\"@context\":\"https:\\\/\\\/schema.org\",\"@graph\":[{\"@type\":\"Article\",\"@id\":\"https:\\\/\\\/beneggiassociati.com\\\/en\\\/comodati-addio-a-meta-alla-dichiarazione-imu\\\/#article\",\"isPartOf\":{\"@id\":\"https:\\\/\\\/beneggiassociati.com\\\/en\\\/comodati-addio-a-meta-alla-dichiarazione-imu\\\/\"},\"author\":{\"name\":\"Tiziano Beneggi\",\"@id\":\"https:\\\/\\\/beneggiassociati.com\\\/en\\\/#\\\/schema\\\/person\\\/828daacfa37b359e89e981f920072004\"},\"headline\":\"Comodati, addio a met\u00e0 alla dichiarazione Imu\",\"datePublished\":\"2019-07-20T19:13:00+00:00\",\"mainEntityOfPage\":{\"@id\":\"https:\\\/\\\/beneggiassociati.com\\\/en\\\/comodati-addio-a-meta-alla-dichiarazione-imu\\\/\"},\"wordCount\":320,\"commentCount\":0,\"publisher\":{\"@id\":\"https:\\\/\\\/beneggiassociati.com\\\/en\\\/#organization\"},\"image\":{\"@id\":\"https:\\\/\\\/beneggiassociati.com\\\/en\\\/comodati-addio-a-meta-alla-dichiarazione-imu\\\/#primaryimage\"},\"thumbnailUrl\":\"https:\\\/\\\/beneggiassociati.com\\\/wp-content\\\/uploads\\\/2025\\\/07\\\/single-post-beneggi.jpg\",\"articleSection\":[\"ARCHIVIO\"],\"inLanguage\":\"en-US\"},{\"@type\":\"WebPage\",\"@id\":\"https:\\\/\\\/beneggiassociati.com\\\/en\\\/comodati-addio-a-meta-alla-dichiarazione-imu\\\/\",\"url\":\"https:\\\/\\\/beneggiassociati.com\\\/en\\\/comodati-addio-a-meta-alla-dichiarazione-imu\\\/\",\"name\":\"Comodati, addio a met\u00e0 alla dichiarazione Imu - Beneggi &amp; Associati\",\"isPartOf\":{\"@id\":\"https:\\\/\\\/beneggiassociati.com\\\/en\\\/#website\"},\"primaryImageOfPage\":{\"@id\":\"https:\\\/\\\/beneggiassociati.com\\\/en\\\/comodati-addio-a-meta-alla-dichiarazione-imu\\\/#primaryimage\"},\"image\":{\"@id\":\"https:\\\/\\\/beneggiassociati.com\\\/en\\\/comodati-addio-a-meta-alla-dichiarazione-imu\\\/#primaryimage\"},\"thumbnailUrl\":\"https:\\\/\\\/beneggiassociati.com\\\/wp-content\\\/uploads\\\/2025\\\/07\\\/single-post-beneggi.jpg\",\"datePublished\":\"2019-07-20T19:13:00+00:00\",\"description\":\"Sono tante le novit\u00e0 che il decreto crescita riserva ai Comuni e ai contribuenti.&nbsp; La prima novit\u00e0 \u00e8 lo spostamento del termine di presentazione che\",\"breadcrumb\":{\"@id\":\"https:\\\/\\\/beneggiassociati.com\\\/en\\\/comodati-addio-a-meta-alla-dichiarazione-imu\\\/#breadcrumb\"},\"inLanguage\":\"en-US\",\"potentialAction\":[{\"@type\":\"ReadAction\",\"target\":[\"https:\\\/\\\/beneggiassociati.com\\\/en\\\/comodati-addio-a-meta-alla-dichiarazione-imu\\\/\"]}]},{\"@type\":\"ImageObject\",\"inLanguage\":\"en-US\",\"@id\":\"https:\\\/\\\/beneggiassociati.com\\\/en\\\/comodati-addio-a-meta-alla-dichiarazione-imu\\\/#primaryimage\",\"url\":\"https:\\\/\\\/beneggiassociati.com\\\/wp-content\\\/uploads\\\/2025\\\/07\\\/single-post-beneggi.jpg\",\"contentUrl\":\"https:\\\/\\\/beneggiassociati.com\\\/wp-content\\\/uploads\\\/2025\\\/07\\\/single-post-beneggi.jpg\",\"width\":1280,\"height\":823},{\"@type\":\"BreadcrumbList\",\"@id\":\"https:\\\/\\\/beneggiassociati.com\\\/en\\\/comodati-addio-a-meta-alla-dichiarazione-imu\\\/#breadcrumb\",\"itemListElement\":[{\"@type\":\"ListItem\",\"position\":1,\"name\":\"Home\",\"item\":\"https:\\\/\\\/beneggiassociati.com\\\/en\\\/?page_id=24163\"},{\"@type\":\"ListItem\",\"position\":2,\"name\":\"Comodati, addio a met\u00e0 alla dichiarazione Imu\"}]},{\"@type\":\"WebSite\",\"@id\":\"https:\\\/\\\/beneggiassociati.com\\\/en\\\/#website\",\"url\":\"https:\\\/\\\/beneggiassociati.com\\\/en\\\/\",\"name\":\"Beneggi e associati\",\"description\":\"\",\"publisher\":{\"@id\":\"https:\\\/\\\/beneggiassociati.com\\\/en\\\/#organization\"},\"potentialAction\":[{\"@type\":\"SearchAction\",\"target\":{\"@type\":\"EntryPoint\",\"urlTemplate\":\"https:\\\/\\\/beneggiassociati.com\\\/en\\\/?s={search_term_string}\"},\"query-input\":{\"@type\":\"PropertyValueSpecification\",\"valueRequired\":true,\"valueName\":\"search_term_string\"}}],\"inLanguage\":\"en-US\"},{\"@type\":\"Organization\",\"@id\":\"https:\\\/\\\/beneggiassociati.com\\\/en\\\/#organization\",\"name\":\"Beneggi e associati\",\"url\":\"https:\\\/\\\/beneggiassociati.com\\\/en\\\/\",\"logo\":{\"@type\":\"ImageObject\",\"inLanguage\":\"en-US\",\"@id\":\"https:\\\/\\\/beneggiassociati.com\\\/en\\\/#\\\/schema\\\/logo\\\/image\\\/\",\"url\":\"https:\\\/\\\/beneggiassociati.com\\\/wp-content\\\/uploads\\\/2025\\\/07\\\/beneggi-logo.png\",\"contentUrl\":\"https:\\\/\\\/beneggiassociati.com\\\/wp-content\\\/uploads\\\/2025\\\/07\\\/beneggi-logo.png\",\"width\":141,\"height\":87,\"caption\":\"Beneggi e associati\"},\"image\":{\"@id\":\"https:\\\/\\\/beneggiassociati.com\\\/en\\\/#\\\/schema\\\/logo\\\/image\\\/\"}},{\"@type\":\"Person\",\"@id\":\"https:\\\/\\\/beneggiassociati.com\\\/en\\\/#\\\/schema\\\/person\\\/828daacfa37b359e89e981f920072004\",\"name\":\"Tiziano Beneggi\",\"url\":\"https:\\\/\\\/beneggiassociati.com\\\/en\\\/author\\\/tizianobeneggiassociati-com\\\/\"}]}<\/script>\n<!-- \/ Yoast SEO plugin. -->","yoast_head_json":{"title":"Comodati, addio a met\u00e0 alla dichiarazione Imu - Beneggi &amp; Associati","description":"Sono tante le novit\u00e0 che il decreto crescita riserva ai Comuni e ai contribuenti.&nbsp; La prima novit\u00e0 \u00e8 lo spostamento del termine di presentazione che","robots":{"index":"index","follow":"follow","max-snippet":"max-snippet:-1","max-image-preview":"max-image-preview:large","max-video-preview":"max-video-preview:-1"},"canonical":"https:\/\/beneggiassociati.com\/en\/comodati-addio-a-meta-alla-dichiarazione-imu\/","og_locale":"en_US","og_type":"article","og_title":"Comodati, addio a met\u00e0 alla dichiarazione Imu - Beneggi &amp; Associati","og_description":"Sono tante le novit\u00e0 che il decreto crescita riserva ai Comuni e ai contribuenti.&nbsp; La prima novit\u00e0 \u00e8 lo spostamento del termine di presentazione che","og_url":"https:\/\/beneggiassociati.com\/en\/comodati-addio-a-meta-alla-dichiarazione-imu\/","og_site_name":"Beneggi &amp; Associati","article_published_time":"2019-07-20T19:13:00+00:00","og_image":[{"width":1280,"height":823,"url":"https:\/\/beneggiassociati.com\/wp-content\/uploads\/2025\/07\/single-post-beneggi.jpg","type":"image\/jpeg"}],"author":"Tiziano Beneggi","twitter_card":"summary_large_image","twitter_misc":{"Written by":"Tiziano Beneggi","Est. reading time":"2 minutes"},"schema":{"@context":"https:\/\/schema.org","@graph":[{"@type":"Article","@id":"https:\/\/beneggiassociati.com\/en\/comodati-addio-a-meta-alla-dichiarazione-imu\/#article","isPartOf":{"@id":"https:\/\/beneggiassociati.com\/en\/comodati-addio-a-meta-alla-dichiarazione-imu\/"},"author":{"name":"Tiziano Beneggi","@id":"https:\/\/beneggiassociati.com\/en\/#\/schema\/person\/828daacfa37b359e89e981f920072004"},"headline":"Comodati, addio a met\u00e0 alla dichiarazione Imu","datePublished":"2019-07-20T19:13:00+00:00","mainEntityOfPage":{"@id":"https:\/\/beneggiassociati.com\/en\/comodati-addio-a-meta-alla-dichiarazione-imu\/"},"wordCount":320,"commentCount":0,"publisher":{"@id":"https:\/\/beneggiassociati.com\/en\/#organization"},"image":{"@id":"https:\/\/beneggiassociati.com\/en\/comodati-addio-a-meta-alla-dichiarazione-imu\/#primaryimage"},"thumbnailUrl":"https:\/\/beneggiassociati.com\/wp-content\/uploads\/2025\/07\/single-post-beneggi.jpg","articleSection":["ARCHIVIO"],"inLanguage":"en-US"},{"@type":"WebPage","@id":"https:\/\/beneggiassociati.com\/en\/comodati-addio-a-meta-alla-dichiarazione-imu\/","url":"https:\/\/beneggiassociati.com\/en\/comodati-addio-a-meta-alla-dichiarazione-imu\/","name":"Comodati, addio a met\u00e0 alla dichiarazione Imu - Beneggi &amp; Associati","isPartOf":{"@id":"https:\/\/beneggiassociati.com\/en\/#website"},"primaryImageOfPage":{"@id":"https:\/\/beneggiassociati.com\/en\/comodati-addio-a-meta-alla-dichiarazione-imu\/#primaryimage"},"image":{"@id":"https:\/\/beneggiassociati.com\/en\/comodati-addio-a-meta-alla-dichiarazione-imu\/#primaryimage"},"thumbnailUrl":"https:\/\/beneggiassociati.com\/wp-content\/uploads\/2025\/07\/single-post-beneggi.jpg","datePublished":"2019-07-20T19:13:00+00:00","description":"Sono tante le novit\u00e0 che il decreto crescita riserva ai Comuni e ai contribuenti.&nbsp; La prima novit\u00e0 \u00e8 lo spostamento del termine di presentazione che","breadcrumb":{"@id":"https:\/\/beneggiassociati.com\/en\/comodati-addio-a-meta-alla-dichiarazione-imu\/#breadcrumb"},"inLanguage":"en-US","potentialAction":[{"@type":"ReadAction","target":["https:\/\/beneggiassociati.com\/en\/comodati-addio-a-meta-alla-dichiarazione-imu\/"]}]},{"@type":"ImageObject","inLanguage":"en-US","@id":"https:\/\/beneggiassociati.com\/en\/comodati-addio-a-meta-alla-dichiarazione-imu\/#primaryimage","url":"https:\/\/beneggiassociati.com\/wp-content\/uploads\/2025\/07\/single-post-beneggi.jpg","contentUrl":"https:\/\/beneggiassociati.com\/wp-content\/uploads\/2025\/07\/single-post-beneggi.jpg","width":1280,"height":823},{"@type":"BreadcrumbList","@id":"https:\/\/beneggiassociati.com\/en\/comodati-addio-a-meta-alla-dichiarazione-imu\/#breadcrumb","itemListElement":[{"@type":"ListItem","position":1,"name":"Home","item":"https:\/\/beneggiassociati.com\/en\/?page_id=24163"},{"@type":"ListItem","position":2,"name":"Comodati, addio a met\u00e0 alla dichiarazione Imu"}]},{"@type":"WebSite","@id":"https:\/\/beneggiassociati.com\/en\/#website","url":"https:\/\/beneggiassociati.com\/en\/","name":"Beneggi e associati","description":"","publisher":{"@id":"https:\/\/beneggiassociati.com\/en\/#organization"},"potentialAction":[{"@type":"SearchAction","target":{"@type":"EntryPoint","urlTemplate":"https:\/\/beneggiassociati.com\/en\/?s={search_term_string}"},"query-input":{"@type":"PropertyValueSpecification","valueRequired":true,"valueName":"search_term_string"}}],"inLanguage":"en-US"},{"@type":"Organization","@id":"https:\/\/beneggiassociati.com\/en\/#organization","name":"Beneggi e associati","url":"https:\/\/beneggiassociati.com\/en\/","logo":{"@type":"ImageObject","inLanguage":"en-US","@id":"https:\/\/beneggiassociati.com\/en\/#\/schema\/logo\/image\/","url":"https:\/\/beneggiassociati.com\/wp-content\/uploads\/2025\/07\/beneggi-logo.png","contentUrl":"https:\/\/beneggiassociati.com\/wp-content\/uploads\/2025\/07\/beneggi-logo.png","width":141,"height":87,"caption":"Beneggi e associati"},"image":{"@id":"https:\/\/beneggiassociati.com\/en\/#\/schema\/logo\/image\/"}},{"@type":"Person","@id":"https:\/\/beneggiassociati.com\/en\/#\/schema\/person\/828daacfa37b359e89e981f920072004","name":"Tiziano Beneggi","url":"https:\/\/beneggiassociati.com\/en\/author\/tizianobeneggiassociati-com\/"}]}},"_links":{"self":[{"href":"https:\/\/beneggiassociati.com\/en\/wp-json\/wp\/v2\/posts\/16587","targetHints":{"allow":["GET"]}}],"collection":[{"href":"https:\/\/beneggiassociati.com\/en\/wp-json\/wp\/v2\/posts"}],"about":[{"href":"https:\/\/beneggiassociati.com\/en\/wp-json\/wp\/v2\/types\/post"}],"author":[{"embeddable":true,"href":"https:\/\/beneggiassociati.com\/en\/wp-json\/wp\/v2\/users\/4"}],"replies":[{"embeddable":true,"href":"https:\/\/beneggiassociati.com\/en\/wp-json\/wp\/v2\/comments?post=16587"}],"version-history":[{"count":0,"href":"https:\/\/beneggiassociati.com\/en\/wp-json\/wp\/v2\/posts\/16587\/revisions"}],"wp:featuredmedia":[{"embeddable":true,"href":"https:\/\/beneggiassociati.com\/en\/wp-json\/wp\/v2\/media\/409"}],"wp:attachment":[{"href":"https:\/\/beneggiassociati.com\/en\/wp-json\/wp\/v2\/media?parent=16587"}],"wp:term":[{"taxonomy":"category","embeddable":true,"href":"https:\/\/beneggiassociati.com\/en\/wp-json\/wp\/v2\/categories?post=16587"},{"taxonomy":"post_tag","embeddable":true,"href":"https:\/\/beneggiassociati.com\/en\/wp-json\/wp\/v2\/tags?post=16587"}],"curies":[{"name":"wp","href":"https:\/\/api.w.org\/{rel}","templated":true}]}}