{"id":16602,"date":"2019-07-20T21:48:00","date_gmt":"2019-07-20T19:48:00","guid":{"rendered":"https:\/\/dev.beneggiassociati.com\/2019\/07\/20\/rottamazione-ter-sui-conti-lincognita-saldo-e-stralcio\/"},"modified":"2019-07-20T21:48:00","modified_gmt":"2019-07-20T19:48:00","slug":"rottamazione-ter-sui-conti-lincognita-saldo-e-stralcio","status":"publish","type":"post","link":"https:\/\/beneggiassociati.com\/en\/rottamazione-ter-sui-conti-lincognita-saldo-e-stralcio\/","title":{"rendered":"Rottamazione ter, sui conti l\u2019incognita saldo e stralcio"},"content":{"rendered":"\n<p>I contribuenti, che hanno presentato la domanda per la rottamazione ter entro il 30 aprile 2019, avrebbero dovuto ricevere, entro il 30 giugno 2019, la comunicazione dell\u2019agente della Riscossione, con l\u2019ammontare complessivo delle somme dovute ai fini della definizione, nonch\u00e9 quello delle singole rate, e il giorno e il mese di scadenza di ciascuna di esse.&nbsp;<\/p>\n\n\n<p>C\u2019\u00e8 invece pi\u00f9 tempo per le persone fisiche che si sono avvalse della speciale definizione, cosiddetta \u201csaldo e stralcio, presentando la relativa domanda entro il 30 aprile 2019. In questo caso, l\u2019agente della Riscossione ha tempo fino al 31 ottobre 2019 per comunicare ai debitori l\u2019ammontare complessivo delle somme dovute (e delle singole rate) nonch\u00e9, se sussistente, la mancanza dei requisiti per il riconoscimento di grave difficolt\u00e0 economica, o la presenza di debiti diversi da quelli definibili, con conseguente impossibilit\u00e0 di estinguere il debito con gli sconti previsti dal saldo e stralcio.&nbsp;<\/p>\n\n\n<p>Nel caso di comunicazione entro il 31 ottobre 2019, che nega l\u2019accesso al saldo e stralcio, l\u2019agente della Riscossione avverte il debitore che i debiti inseriti nella dichiarazione, se possono \u201crientrare\u201d nella rottamazione ter sono automaticamente inclusi nella terza rottamazione, con indicazione delle somme dovute.<\/p>\n\n\n<p>In caso di mancato integrale pagamento degli importi dovuti per la definizione, sia dell\u2019unica rata, sia di una delle rate successive, la definizione non si perfeziona e il pagamento non potr\u00e0 essere dilazionato. Sia per la terza rottamazione, sia per il saldo e stralcio, per chi paga a rate, \u00e8 prevista una tolleranza di cinque giorni. Nei casi di tardivo versamento delle rate non superiore a 5 giorni, non scatta perci\u00f2 la decadenza e non sono dovuti gli interessi. Nei casi di tardivo versamento delle rate non superiore a cinque giorni, non scatta perci\u00f2 la decadenza dai benefici e non sono dovuti interessi.&nbsp;&nbsp;<\/p>\n\n\n<p><a href=\"mailto:info@beneggiassociati.com\" target=\"_blank\" rel=\"noreferrer noopener\">Sei interessato all\u2019articolo? Scrivici e verrai contattato da un nostro Consultant<\/a><\/p>\n\n\n<p><a href=\"https:\/\/beneggiassociati.com\/\" target=\"_blank\" rel=\"noreferrer noopener\">@ Beneggi e Associati | Commercialisti al servizio delle imprese | Meda | Milano<\/a><br \/><\/p>\n","protected":false},"excerpt":{"rendered":"<p>I contribuenti, che hanno presentato la domanda per la rottamazione ter entro il 30 aprile 2019, avrebbero dovuto ricevere, entro il 30 giugno 2019, la comunicazione dell\u2019agente della Riscossione, con l\u2019ammontare complessivo delle somme dovute ai fini della definizione, nonch\u00e9 quello delle singole rate, e il giorno e il mese di scadenza di ciascuna di [&hellip;]<\/p>\n","protected":false},"author":4,"featured_media":409,"comment_status":"open","ping_status":"open","sticky":false,"template":"","format":"standard","meta":{"_acf_changed":false,"content-type":"","footnotes":""},"categories":[16],"tags":[],"class_list":["post-16602","post","type-post","status-publish","format-standard","has-post-thumbnail","hentry","category-archivio"],"acf":[],"yoast_head":"<!-- This site is optimized with the Yoast SEO plugin v27.5 - https:\/\/yoast.com\/product\/yoast-seo-wordpress\/ -->\n<title>Rottamazione ter, sui conti l\u2019incognita saldo e stralcio - Beneggi &amp; Associati<\/title>\n<meta name=\"description\" content=\"I contribuenti, che hanno presentato la domanda per la rottamazione ter entro il 30 aprile 2019, avrebbero dovuto ricevere, entro il 30 giugno 2019, la\" \/>\n<meta name=\"robots\" content=\"index, follow, max-snippet:-1, max-image-preview:large, max-video-preview:-1\" \/>\n<link rel=\"canonical\" href=\"https:\/\/beneggiassociati.com\/en\/rottamazione-ter-sui-conti-lincognita-saldo-e-stralcio\/\" \/>\n<meta property=\"og:locale\" content=\"en_US\" \/>\n<meta property=\"og:type\" content=\"article\" \/>\n<meta property=\"og:title\" content=\"Rottamazione ter, sui conti l\u2019incognita saldo e stralcio - Beneggi &amp; Associati\" \/>\n<meta property=\"og:description\" content=\"I contribuenti, che hanno presentato la domanda per la rottamazione ter entro il 30 aprile 2019, avrebbero dovuto ricevere, entro il 30 giugno 2019, la\" \/>\n<meta property=\"og:url\" content=\"https:\/\/beneggiassociati.com\/en\/rottamazione-ter-sui-conti-lincognita-saldo-e-stralcio\/\" \/>\n<meta property=\"og:site_name\" content=\"Beneggi &amp; Associati\" \/>\n<meta property=\"article:published_time\" content=\"2019-07-20T19:48:00+00:00\" \/>\n<meta property=\"og:image\" content=\"https:\/\/beneggiassociati.com\/wp-content\/uploads\/2025\/07\/single-post-beneggi.jpg\" \/>\n\t<meta property=\"og:image:width\" content=\"1280\" \/>\n\t<meta property=\"og:image:height\" content=\"823\" \/>\n\t<meta property=\"og:image:type\" content=\"image\/jpeg\" \/>\n<meta name=\"author\" content=\"Tiziano Beneggi\" \/>\n<meta name=\"twitter:card\" content=\"summary_large_image\" \/>\n<meta name=\"twitter:label1\" content=\"Written by\" \/>\n\t<meta name=\"twitter:data1\" content=\"Tiziano Beneggi\" \/>\n\t<meta name=\"twitter:label2\" content=\"Est. reading time\" \/>\n\t<meta name=\"twitter:data2\" content=\"2 minutes\" \/>\n<script type=\"application\/ld+json\" class=\"yoast-schema-graph\">{\"@context\":\"https:\\\/\\\/schema.org\",\"@graph\":[{\"@type\":\"Article\",\"@id\":\"https:\\\/\\\/beneggiassociati.com\\\/en\\\/rottamazione-ter-sui-conti-lincognita-saldo-e-stralcio\\\/#article\",\"isPartOf\":{\"@id\":\"https:\\\/\\\/beneggiassociati.com\\\/en\\\/rottamazione-ter-sui-conti-lincognita-saldo-e-stralcio\\\/\"},\"author\":{\"name\":\"Tiziano Beneggi\",\"@id\":\"https:\\\/\\\/beneggiassociati.com\\\/en\\\/#\\\/schema\\\/person\\\/828daacfa37b359e89e981f920072004\"},\"headline\":\"Rottamazione ter, sui conti l\u2019incognita saldo e stralcio\",\"datePublished\":\"2019-07-20T19:48:00+00:00\",\"mainEntityOfPage\":{\"@id\":\"https:\\\/\\\/beneggiassociati.com\\\/en\\\/rottamazione-ter-sui-conti-lincognita-saldo-e-stralcio\\\/\"},\"wordCount\":326,\"commentCount\":0,\"publisher\":{\"@id\":\"https:\\\/\\\/beneggiassociati.com\\\/en\\\/#organization\"},\"image\":{\"@id\":\"https:\\\/\\\/beneggiassociati.com\\\/en\\\/rottamazione-ter-sui-conti-lincognita-saldo-e-stralcio\\\/#primaryimage\"},\"thumbnailUrl\":\"https:\\\/\\\/beneggiassociati.com\\\/wp-content\\\/uploads\\\/2025\\\/07\\\/single-post-beneggi.jpg\",\"articleSection\":[\"ARCHIVIO\"],\"inLanguage\":\"en-US\"},{\"@type\":\"WebPage\",\"@id\":\"https:\\\/\\\/beneggiassociati.com\\\/en\\\/rottamazione-ter-sui-conti-lincognita-saldo-e-stralcio\\\/\",\"url\":\"https:\\\/\\\/beneggiassociati.com\\\/en\\\/rottamazione-ter-sui-conti-lincognita-saldo-e-stralcio\\\/\",\"name\":\"Rottamazione ter, sui conti l\u2019incognita saldo e stralcio - Beneggi &amp; Associati\",\"isPartOf\":{\"@id\":\"https:\\\/\\\/beneggiassociati.com\\\/en\\\/#website\"},\"primaryImageOfPage\":{\"@id\":\"https:\\\/\\\/beneggiassociati.com\\\/en\\\/rottamazione-ter-sui-conti-lincognita-saldo-e-stralcio\\\/#primaryimage\"},\"image\":{\"@id\":\"https:\\\/\\\/beneggiassociati.com\\\/en\\\/rottamazione-ter-sui-conti-lincognita-saldo-e-stralcio\\\/#primaryimage\"},\"thumbnailUrl\":\"https:\\\/\\\/beneggiassociati.com\\\/wp-content\\\/uploads\\\/2025\\\/07\\\/single-post-beneggi.jpg\",\"datePublished\":\"2019-07-20T19:48:00+00:00\",\"description\":\"I contribuenti, che hanno presentato la domanda per la rottamazione ter entro il 30 aprile 2019, avrebbero dovuto ricevere, entro il 30 giugno 2019, la\",\"breadcrumb\":{\"@id\":\"https:\\\/\\\/beneggiassociati.com\\\/en\\\/rottamazione-ter-sui-conti-lincognita-saldo-e-stralcio\\\/#breadcrumb\"},\"inLanguage\":\"en-US\",\"potentialAction\":[{\"@type\":\"ReadAction\",\"target\":[\"https:\\\/\\\/beneggiassociati.com\\\/en\\\/rottamazione-ter-sui-conti-lincognita-saldo-e-stralcio\\\/\"]}]},{\"@type\":\"ImageObject\",\"inLanguage\":\"en-US\",\"@id\":\"https:\\\/\\\/beneggiassociati.com\\\/en\\\/rottamazione-ter-sui-conti-lincognita-saldo-e-stralcio\\\/#primaryimage\",\"url\":\"https:\\\/\\\/beneggiassociati.com\\\/wp-content\\\/uploads\\\/2025\\\/07\\\/single-post-beneggi.jpg\",\"contentUrl\":\"https:\\\/\\\/beneggiassociati.com\\\/wp-content\\\/uploads\\\/2025\\\/07\\\/single-post-beneggi.jpg\",\"width\":1280,\"height\":823},{\"@type\":\"BreadcrumbList\",\"@id\":\"https:\\\/\\\/beneggiassociati.com\\\/en\\\/rottamazione-ter-sui-conti-lincognita-saldo-e-stralcio\\\/#breadcrumb\",\"itemListElement\":[{\"@type\":\"ListItem\",\"position\":1,\"name\":\"Home\",\"item\":\"https:\\\/\\\/beneggiassociati.com\\\/en\\\/?page_id=24163\"},{\"@type\":\"ListItem\",\"position\":2,\"name\":\"Rottamazione ter, sui conti l\u2019incognita saldo e stralcio\"}]},{\"@type\":\"WebSite\",\"@id\":\"https:\\\/\\\/beneggiassociati.com\\\/en\\\/#website\",\"url\":\"https:\\\/\\\/beneggiassociati.com\\\/en\\\/\",\"name\":\"Beneggi e associati\",\"description\":\"\",\"publisher\":{\"@id\":\"https:\\\/\\\/beneggiassociati.com\\\/en\\\/#organization\"},\"potentialAction\":[{\"@type\":\"SearchAction\",\"target\":{\"@type\":\"EntryPoint\",\"urlTemplate\":\"https:\\\/\\\/beneggiassociati.com\\\/en\\\/?s={search_term_string}\"},\"query-input\":{\"@type\":\"PropertyValueSpecification\",\"valueRequired\":true,\"valueName\":\"search_term_string\"}}],\"inLanguage\":\"en-US\"},{\"@type\":\"Organization\",\"@id\":\"https:\\\/\\\/beneggiassociati.com\\\/en\\\/#organization\",\"name\":\"Beneggi e associati\",\"url\":\"https:\\\/\\\/beneggiassociati.com\\\/en\\\/\",\"logo\":{\"@type\":\"ImageObject\",\"inLanguage\":\"en-US\",\"@id\":\"https:\\\/\\\/beneggiassociati.com\\\/en\\\/#\\\/schema\\\/logo\\\/image\\\/\",\"url\":\"https:\\\/\\\/beneggiassociati.com\\\/wp-content\\\/uploads\\\/2025\\\/07\\\/beneggi-logo.png\",\"contentUrl\":\"https:\\\/\\\/beneggiassociati.com\\\/wp-content\\\/uploads\\\/2025\\\/07\\\/beneggi-logo.png\",\"width\":141,\"height\":87,\"caption\":\"Beneggi e associati\"},\"image\":{\"@id\":\"https:\\\/\\\/beneggiassociati.com\\\/en\\\/#\\\/schema\\\/logo\\\/image\\\/\"}},{\"@type\":\"Person\",\"@id\":\"https:\\\/\\\/beneggiassociati.com\\\/en\\\/#\\\/schema\\\/person\\\/828daacfa37b359e89e981f920072004\",\"name\":\"Tiziano Beneggi\",\"url\":\"https:\\\/\\\/beneggiassociati.com\\\/en\\\/author\\\/tizianobeneggiassociati-com\\\/\"}]}<\/script>\n<!-- \/ Yoast SEO plugin. -->","yoast_head_json":{"title":"Rottamazione ter, sui conti l\u2019incognita saldo e stralcio - Beneggi &amp; Associati","description":"I contribuenti, che hanno presentato la domanda per la rottamazione ter entro il 30 aprile 2019, avrebbero dovuto ricevere, entro il 30 giugno 2019, la","robots":{"index":"index","follow":"follow","max-snippet":"max-snippet:-1","max-image-preview":"max-image-preview:large","max-video-preview":"max-video-preview:-1"},"canonical":"https:\/\/beneggiassociati.com\/en\/rottamazione-ter-sui-conti-lincognita-saldo-e-stralcio\/","og_locale":"en_US","og_type":"article","og_title":"Rottamazione ter, sui conti l\u2019incognita saldo e stralcio - Beneggi &amp; Associati","og_description":"I contribuenti, che hanno presentato la domanda per la rottamazione ter entro il 30 aprile 2019, avrebbero dovuto ricevere, entro il 30 giugno 2019, la","og_url":"https:\/\/beneggiassociati.com\/en\/rottamazione-ter-sui-conti-lincognita-saldo-e-stralcio\/","og_site_name":"Beneggi &amp; Associati","article_published_time":"2019-07-20T19:48:00+00:00","og_image":[{"width":1280,"height":823,"url":"https:\/\/beneggiassociati.com\/wp-content\/uploads\/2025\/07\/single-post-beneggi.jpg","type":"image\/jpeg"}],"author":"Tiziano Beneggi","twitter_card":"summary_large_image","twitter_misc":{"Written by":"Tiziano Beneggi","Est. reading time":"2 minutes"},"schema":{"@context":"https:\/\/schema.org","@graph":[{"@type":"Article","@id":"https:\/\/beneggiassociati.com\/en\/rottamazione-ter-sui-conti-lincognita-saldo-e-stralcio\/#article","isPartOf":{"@id":"https:\/\/beneggiassociati.com\/en\/rottamazione-ter-sui-conti-lincognita-saldo-e-stralcio\/"},"author":{"name":"Tiziano Beneggi","@id":"https:\/\/beneggiassociati.com\/en\/#\/schema\/person\/828daacfa37b359e89e981f920072004"},"headline":"Rottamazione ter, sui conti l\u2019incognita saldo e stralcio","datePublished":"2019-07-20T19:48:00+00:00","mainEntityOfPage":{"@id":"https:\/\/beneggiassociati.com\/en\/rottamazione-ter-sui-conti-lincognita-saldo-e-stralcio\/"},"wordCount":326,"commentCount":0,"publisher":{"@id":"https:\/\/beneggiassociati.com\/en\/#organization"},"image":{"@id":"https:\/\/beneggiassociati.com\/en\/rottamazione-ter-sui-conti-lincognita-saldo-e-stralcio\/#primaryimage"},"thumbnailUrl":"https:\/\/beneggiassociati.com\/wp-content\/uploads\/2025\/07\/single-post-beneggi.jpg","articleSection":["ARCHIVIO"],"inLanguage":"en-US"},{"@type":"WebPage","@id":"https:\/\/beneggiassociati.com\/en\/rottamazione-ter-sui-conti-lincognita-saldo-e-stralcio\/","url":"https:\/\/beneggiassociati.com\/en\/rottamazione-ter-sui-conti-lincognita-saldo-e-stralcio\/","name":"Rottamazione ter, sui conti l\u2019incognita saldo e stralcio - Beneggi &amp; Associati","isPartOf":{"@id":"https:\/\/beneggiassociati.com\/en\/#website"},"primaryImageOfPage":{"@id":"https:\/\/beneggiassociati.com\/en\/rottamazione-ter-sui-conti-lincognita-saldo-e-stralcio\/#primaryimage"},"image":{"@id":"https:\/\/beneggiassociati.com\/en\/rottamazione-ter-sui-conti-lincognita-saldo-e-stralcio\/#primaryimage"},"thumbnailUrl":"https:\/\/beneggiassociati.com\/wp-content\/uploads\/2025\/07\/single-post-beneggi.jpg","datePublished":"2019-07-20T19:48:00+00:00","description":"I contribuenti, che hanno presentato la domanda per la rottamazione ter entro il 30 aprile 2019, avrebbero dovuto ricevere, entro il 30 giugno 2019, la","breadcrumb":{"@id":"https:\/\/beneggiassociati.com\/en\/rottamazione-ter-sui-conti-lincognita-saldo-e-stralcio\/#breadcrumb"},"inLanguage":"en-US","potentialAction":[{"@type":"ReadAction","target":["https:\/\/beneggiassociati.com\/en\/rottamazione-ter-sui-conti-lincognita-saldo-e-stralcio\/"]}]},{"@type":"ImageObject","inLanguage":"en-US","@id":"https:\/\/beneggiassociati.com\/en\/rottamazione-ter-sui-conti-lincognita-saldo-e-stralcio\/#primaryimage","url":"https:\/\/beneggiassociati.com\/wp-content\/uploads\/2025\/07\/single-post-beneggi.jpg","contentUrl":"https:\/\/beneggiassociati.com\/wp-content\/uploads\/2025\/07\/single-post-beneggi.jpg","width":1280,"height":823},{"@type":"BreadcrumbList","@id":"https:\/\/beneggiassociati.com\/en\/rottamazione-ter-sui-conti-lincognita-saldo-e-stralcio\/#breadcrumb","itemListElement":[{"@type":"ListItem","position":1,"name":"Home","item":"https:\/\/beneggiassociati.com\/en\/?page_id=24163"},{"@type":"ListItem","position":2,"name":"Rottamazione ter, sui conti l\u2019incognita saldo e stralcio"}]},{"@type":"WebSite","@id":"https:\/\/beneggiassociati.com\/en\/#website","url":"https:\/\/beneggiassociati.com\/en\/","name":"Beneggi e associati","description":"","publisher":{"@id":"https:\/\/beneggiassociati.com\/en\/#organization"},"potentialAction":[{"@type":"SearchAction","target":{"@type":"EntryPoint","urlTemplate":"https:\/\/beneggiassociati.com\/en\/?s={search_term_string}"},"query-input":{"@type":"PropertyValueSpecification","valueRequired":true,"valueName":"search_term_string"}}],"inLanguage":"en-US"},{"@type":"Organization","@id":"https:\/\/beneggiassociati.com\/en\/#organization","name":"Beneggi e associati","url":"https:\/\/beneggiassociati.com\/en\/","logo":{"@type":"ImageObject","inLanguage":"en-US","@id":"https:\/\/beneggiassociati.com\/en\/#\/schema\/logo\/image\/","url":"https:\/\/beneggiassociati.com\/wp-content\/uploads\/2025\/07\/beneggi-logo.png","contentUrl":"https:\/\/beneggiassociati.com\/wp-content\/uploads\/2025\/07\/beneggi-logo.png","width":141,"height":87,"caption":"Beneggi e associati"},"image":{"@id":"https:\/\/beneggiassociati.com\/en\/#\/schema\/logo\/image\/"}},{"@type":"Person","@id":"https:\/\/beneggiassociati.com\/en\/#\/schema\/person\/828daacfa37b359e89e981f920072004","name":"Tiziano Beneggi","url":"https:\/\/beneggiassociati.com\/en\/author\/tizianobeneggiassociati-com\/"}]}},"_links":{"self":[{"href":"https:\/\/beneggiassociati.com\/en\/wp-json\/wp\/v2\/posts\/16602","targetHints":{"allow":["GET"]}}],"collection":[{"href":"https:\/\/beneggiassociati.com\/en\/wp-json\/wp\/v2\/posts"}],"about":[{"href":"https:\/\/beneggiassociati.com\/en\/wp-json\/wp\/v2\/types\/post"}],"author":[{"embeddable":true,"href":"https:\/\/beneggiassociati.com\/en\/wp-json\/wp\/v2\/users\/4"}],"replies":[{"embeddable":true,"href":"https:\/\/beneggiassociati.com\/en\/wp-json\/wp\/v2\/comments?post=16602"}],"version-history":[{"count":0,"href":"https:\/\/beneggiassociati.com\/en\/wp-json\/wp\/v2\/posts\/16602\/revisions"}],"wp:featuredmedia":[{"embeddable":true,"href":"https:\/\/beneggiassociati.com\/en\/wp-json\/wp\/v2\/media\/409"}],"wp:attachment":[{"href":"https:\/\/beneggiassociati.com\/en\/wp-json\/wp\/v2\/media?parent=16602"}],"wp:term":[{"taxonomy":"category","embeddable":true,"href":"https:\/\/beneggiassociati.com\/en\/wp-json\/wp\/v2\/categories?post=16602"},{"taxonomy":"post_tag","embeddable":true,"href":"https:\/\/beneggiassociati.com\/en\/wp-json\/wp\/v2\/tags?post=16602"}],"curies":[{"name":"wp","href":"https:\/\/api.w.org\/{rel}","templated":true}]}}