{"id":16605,"date":"2019-07-20T21:55:00","date_gmt":"2019-07-20T19:55:00","guid":{"rendered":"https:\/\/dev.beneggiassociati.com\/2019\/07\/20\/sospensione-ad-agosto-piu-tempo-per-versare-con-f24\/"},"modified":"2019-07-20T21:55:00","modified_gmt":"2019-07-20T19:55:00","slug":"sospensione-ad-agosto-piu-tempo-per-versare-con-f24","status":"publish","type":"post","link":"https:\/\/beneggiassociati.com\/en\/sospensione-ad-agosto-piu-tempo-per-versare-con-f24\/","title":{"rendered":"Sospensione ad agosto, pi\u00f9 tempo per versare con F24"},"content":{"rendered":"\n<p>In agosto anche il Fisco va in ferie: verranno infatti sospesi gli adempimenti fiscali e i versamenti da fare con il modello F24 in scadenza dal 1\u00b0 al 20 agosto, i termini processuali dal 1\u00b0 al 31 agosto, e le richieste del Fisco, che beneficiano di una tregua dal 1\u00b0 agosto al 4 settembre.<\/p>\n\n\n<p>Con la proroga di Ferragosto, gli adempimenti fiscali e i versamenti da fare con il modello F24 in scadenza dal 1\u00b0 al 20 agosto possono essere eseguiti fino al 20 agosto senza maggiorazioni. Per i versamenti da fare con il modello F24 si intendono i versamenti unitari delle imposte, dei contributi dovuti all&#8217;Inps e delle altre somme a favore dello Stato, delle regioni e degli enti previdenziali.<\/p>\n\n\n<p>I termini processuali relativi alle giurisdizioni ordinarie e amministrative sono sospesi dal 1\u00b0 al 31 agosto. La decorrenza del termine per il compimento di un\u2019attivit\u00e0 processuale si interrompe durante questo periodo e riprende a decorrere da questa.&nbsp;<\/p>\n\n\n<p>Dal 1\u00b0 agosto al 4 settembre il Fisco concede una tregua estiva ai contribuenti. Le richieste del Fisco beneficiano infatti della pausa estiva. Le ferie riguarderanno anche i pagamenti delle somme dovute a seguito di avviso bonario, conseguente ai controlli automatici o formali del Fisco, esclusi quelli relativi alle richieste effettuate nel corso delle attivit\u00e0 di accesso, ispezione e verifica, nonch\u00e9 delle procedure di rimborso ai fini Iva. Sono altres\u00ec sospesi i termini di 30 giorni previsti per il pagamento delle somme dovute a seguito dei controlli automatici o formali e della liquidazione delle imposte sui redditi assoggettati a tassazione separata. La pausa dal 1\u00b0 agosto al 4 settembre riguarda inoltre le richieste e gli inviti che possono fare gli uffici ai contribuenti. In particolare, gli uffici possono: invitare i contribuenti a comparire di persona o per mezzo di rappresentanti per fornire dati e notizie rilevanti ai fini dell&#8217;accertamento nei loro confronti; invitare i contribuenti a esibire o presentare atti e documenti rilevanti ai fini dell&#8217;accertamento nei loro confronti; chiedere l&#8217;esibizione dei bilanci o rendiconti e dei libri o registri previsti dalle norme tributarie, se si tratta di soggetti obbligati alla tenuta di scritture contabili; inviare ai contribuenti questionari relativi a dati e notizie di carattere specifico rilevanti ai fini dell&#8217;accertamento nei loro confronti, nonch\u00e9 nei confronti di altri contribuenti con i quali hanno intrattenuto rapporti, con invito a restituirli compilati e firmati.&nbsp;<\/p>\n\n\n<p><a href=\"mailto:info@beneggiassociati.com\" target=\"_blank\" rel=\"noreferrer noopener\">Sei interessato all\u2019articolo? Scrivici e verrai contattato da un nostro Consultant<\/a><\/p>\n\n\n<p><a href=\"https:\/\/beneggiassociati.com\/\" target=\"_blank\" rel=\"noreferrer noopener\">@ Beneggi e Associati | Commercialisti al servizio delle imprese | Meda | Milano<\/a><br \/><\/p>\n","protected":false},"excerpt":{"rendered":"<p>In agosto anche il Fisco va in ferie: verranno infatti sospesi gli adempimenti fiscali e i versamenti da fare con il modello F24 in scadenza dal 1\u00b0 al 20 agosto, i termini processuali dal 1\u00b0 al 31 agosto, e le richieste del Fisco, che beneficiano di una tregua dal 1\u00b0 agosto al 4 settembre. Con [&hellip;]<\/p>\n","protected":false},"author":4,"featured_media":409,"comment_status":"open","ping_status":"open","sticky":false,"template":"","format":"standard","meta":{"_acf_changed":false,"content-type":"","footnotes":""},"categories":[16],"tags":[],"class_list":["post-16605","post","type-post","status-publish","format-standard","has-post-thumbnail","hentry","category-archivio"],"acf":[],"yoast_head":"<!-- This site is optimized with the Yoast SEO plugin v27.5 - https:\/\/yoast.com\/product\/yoast-seo-wordpress\/ -->\n<title>Sospensione ad agosto, pi\u00f9 tempo per versare con F24 - Beneggi &amp; Associati<\/title>\n<meta name=\"description\" content=\"In agosto anche il Fisco va in ferie: verranno infatti sospesi gli adempimenti fiscali e i versamenti da fare con il modello F24 in scadenza dal 1\u00b0 al 20\" \/>\n<meta name=\"robots\" content=\"index, follow, max-snippet:-1, max-image-preview:large, max-video-preview:-1\" \/>\n<link rel=\"canonical\" href=\"https:\/\/beneggiassociati.com\/en\/sospensione-ad-agosto-piu-tempo-per-versare-con-f24\/\" \/>\n<meta property=\"og:locale\" content=\"en_US\" \/>\n<meta property=\"og:type\" content=\"article\" \/>\n<meta property=\"og:title\" content=\"Sospensione ad agosto, pi\u00f9 tempo per versare con F24 - Beneggi &amp; Associati\" \/>\n<meta property=\"og:description\" content=\"In agosto anche il Fisco va in ferie: verranno infatti sospesi gli adempimenti fiscali e i versamenti da fare con il modello F24 in scadenza dal 1\u00b0 al 20\" \/>\n<meta property=\"og:url\" content=\"https:\/\/beneggiassociati.com\/en\/sospensione-ad-agosto-piu-tempo-per-versare-con-f24\/\" \/>\n<meta property=\"og:site_name\" content=\"Beneggi &amp; Associati\" \/>\n<meta property=\"article:published_time\" content=\"2019-07-20T19:55:00+00:00\" \/>\n<meta property=\"og:image\" content=\"https:\/\/beneggiassociati.com\/wp-content\/uploads\/2025\/07\/single-post-beneggi.jpg\" \/>\n\t<meta property=\"og:image:width\" content=\"1280\" \/>\n\t<meta property=\"og:image:height\" content=\"823\" \/>\n\t<meta property=\"og:image:type\" content=\"image\/jpeg\" \/>\n<meta name=\"author\" content=\"Tiziano Beneggi\" \/>\n<meta name=\"twitter:card\" content=\"summary_large_image\" \/>\n<meta name=\"twitter:label1\" content=\"Written by\" \/>\n\t<meta name=\"twitter:data1\" content=\"Tiziano Beneggi\" \/>\n\t<meta name=\"twitter:label2\" content=\"Est. reading time\" \/>\n\t<meta name=\"twitter:data2\" content=\"2 minutes\" \/>\n<script type=\"application\/ld+json\" class=\"yoast-schema-graph\">{\"@context\":\"https:\\\/\\\/schema.org\",\"@graph\":[{\"@type\":\"Article\",\"@id\":\"https:\\\/\\\/beneggiassociati.com\\\/en\\\/sospensione-ad-agosto-piu-tempo-per-versare-con-f24\\\/#article\",\"isPartOf\":{\"@id\":\"https:\\\/\\\/beneggiassociati.com\\\/en\\\/sospensione-ad-agosto-piu-tempo-per-versare-con-f24\\\/\"},\"author\":{\"name\":\"Tiziano Beneggi\",\"@id\":\"https:\\\/\\\/beneggiassociati.com\\\/en\\\/#\\\/schema\\\/person\\\/828daacfa37b359e89e981f920072004\"},\"headline\":\"Sospensione ad agosto, pi\u00f9 tempo per versare con F24\",\"datePublished\":\"2019-07-20T19:55:00+00:00\",\"mainEntityOfPage\":{\"@id\":\"https:\\\/\\\/beneggiassociati.com\\\/en\\\/sospensione-ad-agosto-piu-tempo-per-versare-con-f24\\\/\"},\"wordCount\":414,\"commentCount\":0,\"publisher\":{\"@id\":\"https:\\\/\\\/beneggiassociati.com\\\/en\\\/#organization\"},\"image\":{\"@id\":\"https:\\\/\\\/beneggiassociati.com\\\/en\\\/sospensione-ad-agosto-piu-tempo-per-versare-con-f24\\\/#primaryimage\"},\"thumbnailUrl\":\"https:\\\/\\\/beneggiassociati.com\\\/wp-content\\\/uploads\\\/2025\\\/07\\\/single-post-beneggi.jpg\",\"articleSection\":[\"ARCHIVIO\"],\"inLanguage\":\"en-US\"},{\"@type\":\"WebPage\",\"@id\":\"https:\\\/\\\/beneggiassociati.com\\\/en\\\/sospensione-ad-agosto-piu-tempo-per-versare-con-f24\\\/\",\"url\":\"https:\\\/\\\/beneggiassociati.com\\\/en\\\/sospensione-ad-agosto-piu-tempo-per-versare-con-f24\\\/\",\"name\":\"Sospensione ad agosto, pi\u00f9 tempo per versare con F24 - Beneggi &amp; Associati\",\"isPartOf\":{\"@id\":\"https:\\\/\\\/beneggiassociati.com\\\/en\\\/#website\"},\"primaryImageOfPage\":{\"@id\":\"https:\\\/\\\/beneggiassociati.com\\\/en\\\/sospensione-ad-agosto-piu-tempo-per-versare-con-f24\\\/#primaryimage\"},\"image\":{\"@id\":\"https:\\\/\\\/beneggiassociati.com\\\/en\\\/sospensione-ad-agosto-piu-tempo-per-versare-con-f24\\\/#primaryimage\"},\"thumbnailUrl\":\"https:\\\/\\\/beneggiassociati.com\\\/wp-content\\\/uploads\\\/2025\\\/07\\\/single-post-beneggi.jpg\",\"datePublished\":\"2019-07-20T19:55:00+00:00\",\"description\":\"In agosto anche il Fisco va in ferie: verranno infatti sospesi gli adempimenti fiscali e i versamenti da fare con il modello F24 in scadenza dal 1\u00b0 al 20\",\"breadcrumb\":{\"@id\":\"https:\\\/\\\/beneggiassociati.com\\\/en\\\/sospensione-ad-agosto-piu-tempo-per-versare-con-f24\\\/#breadcrumb\"},\"inLanguage\":\"en-US\",\"potentialAction\":[{\"@type\":\"ReadAction\",\"target\":[\"https:\\\/\\\/beneggiassociati.com\\\/en\\\/sospensione-ad-agosto-piu-tempo-per-versare-con-f24\\\/\"]}]},{\"@type\":\"ImageObject\",\"inLanguage\":\"en-US\",\"@id\":\"https:\\\/\\\/beneggiassociati.com\\\/en\\\/sospensione-ad-agosto-piu-tempo-per-versare-con-f24\\\/#primaryimage\",\"url\":\"https:\\\/\\\/beneggiassociati.com\\\/wp-content\\\/uploads\\\/2025\\\/07\\\/single-post-beneggi.jpg\",\"contentUrl\":\"https:\\\/\\\/beneggiassociati.com\\\/wp-content\\\/uploads\\\/2025\\\/07\\\/single-post-beneggi.jpg\",\"width\":1280,\"height\":823},{\"@type\":\"BreadcrumbList\",\"@id\":\"https:\\\/\\\/beneggiassociati.com\\\/en\\\/sospensione-ad-agosto-piu-tempo-per-versare-con-f24\\\/#breadcrumb\",\"itemListElement\":[{\"@type\":\"ListItem\",\"position\":1,\"name\":\"Home\",\"item\":\"https:\\\/\\\/beneggiassociati.com\\\/en\\\/?page_id=24163\"},{\"@type\":\"ListItem\",\"position\":2,\"name\":\"Sospensione ad agosto, pi\u00f9 tempo per versare con F24\"}]},{\"@type\":\"WebSite\",\"@id\":\"https:\\\/\\\/beneggiassociati.com\\\/en\\\/#website\",\"url\":\"https:\\\/\\\/beneggiassociati.com\\\/en\\\/\",\"name\":\"Beneggi e associati\",\"description\":\"\",\"publisher\":{\"@id\":\"https:\\\/\\\/beneggiassociati.com\\\/en\\\/#organization\"},\"potentialAction\":[{\"@type\":\"SearchAction\",\"target\":{\"@type\":\"EntryPoint\",\"urlTemplate\":\"https:\\\/\\\/beneggiassociati.com\\\/en\\\/?s={search_term_string}\"},\"query-input\":{\"@type\":\"PropertyValueSpecification\",\"valueRequired\":true,\"valueName\":\"search_term_string\"}}],\"inLanguage\":\"en-US\"},{\"@type\":\"Organization\",\"@id\":\"https:\\\/\\\/beneggiassociati.com\\\/en\\\/#organization\",\"name\":\"Beneggi e associati\",\"url\":\"https:\\\/\\\/beneggiassociati.com\\\/en\\\/\",\"logo\":{\"@type\":\"ImageObject\",\"inLanguage\":\"en-US\",\"@id\":\"https:\\\/\\\/beneggiassociati.com\\\/en\\\/#\\\/schema\\\/logo\\\/image\\\/\",\"url\":\"https:\\\/\\\/beneggiassociati.com\\\/wp-content\\\/uploads\\\/2025\\\/07\\\/beneggi-logo.png\",\"contentUrl\":\"https:\\\/\\\/beneggiassociati.com\\\/wp-content\\\/uploads\\\/2025\\\/07\\\/beneggi-logo.png\",\"width\":141,\"height\":87,\"caption\":\"Beneggi e associati\"},\"image\":{\"@id\":\"https:\\\/\\\/beneggiassociati.com\\\/en\\\/#\\\/schema\\\/logo\\\/image\\\/\"}},{\"@type\":\"Person\",\"@id\":\"https:\\\/\\\/beneggiassociati.com\\\/en\\\/#\\\/schema\\\/person\\\/828daacfa37b359e89e981f920072004\",\"name\":\"Tiziano Beneggi\",\"url\":\"https:\\\/\\\/beneggiassociati.com\\\/en\\\/author\\\/tizianobeneggiassociati-com\\\/\"}]}<\/script>\n<!-- \/ Yoast SEO plugin. -->","yoast_head_json":{"title":"Sospensione ad agosto, pi\u00f9 tempo per versare con F24 - Beneggi &amp; Associati","description":"In agosto anche il Fisco va in ferie: verranno infatti sospesi gli adempimenti fiscali e i versamenti da fare con il modello F24 in scadenza dal 1\u00b0 al 20","robots":{"index":"index","follow":"follow","max-snippet":"max-snippet:-1","max-image-preview":"max-image-preview:large","max-video-preview":"max-video-preview:-1"},"canonical":"https:\/\/beneggiassociati.com\/en\/sospensione-ad-agosto-piu-tempo-per-versare-con-f24\/","og_locale":"en_US","og_type":"article","og_title":"Sospensione ad agosto, pi\u00f9 tempo per versare con F24 - Beneggi &amp; Associati","og_description":"In agosto anche il Fisco va in ferie: verranno infatti sospesi gli adempimenti fiscali e i versamenti da fare con il modello F24 in scadenza dal 1\u00b0 al 20","og_url":"https:\/\/beneggiassociati.com\/en\/sospensione-ad-agosto-piu-tempo-per-versare-con-f24\/","og_site_name":"Beneggi &amp; Associati","article_published_time":"2019-07-20T19:55:00+00:00","og_image":[{"width":1280,"height":823,"url":"https:\/\/beneggiassociati.com\/wp-content\/uploads\/2025\/07\/single-post-beneggi.jpg","type":"image\/jpeg"}],"author":"Tiziano Beneggi","twitter_card":"summary_large_image","twitter_misc":{"Written by":"Tiziano Beneggi","Est. reading time":"2 minutes"},"schema":{"@context":"https:\/\/schema.org","@graph":[{"@type":"Article","@id":"https:\/\/beneggiassociati.com\/en\/sospensione-ad-agosto-piu-tempo-per-versare-con-f24\/#article","isPartOf":{"@id":"https:\/\/beneggiassociati.com\/en\/sospensione-ad-agosto-piu-tempo-per-versare-con-f24\/"},"author":{"name":"Tiziano Beneggi","@id":"https:\/\/beneggiassociati.com\/en\/#\/schema\/person\/828daacfa37b359e89e981f920072004"},"headline":"Sospensione ad agosto, pi\u00f9 tempo per versare con F24","datePublished":"2019-07-20T19:55:00+00:00","mainEntityOfPage":{"@id":"https:\/\/beneggiassociati.com\/en\/sospensione-ad-agosto-piu-tempo-per-versare-con-f24\/"},"wordCount":414,"commentCount":0,"publisher":{"@id":"https:\/\/beneggiassociati.com\/en\/#organization"},"image":{"@id":"https:\/\/beneggiassociati.com\/en\/sospensione-ad-agosto-piu-tempo-per-versare-con-f24\/#primaryimage"},"thumbnailUrl":"https:\/\/beneggiassociati.com\/wp-content\/uploads\/2025\/07\/single-post-beneggi.jpg","articleSection":["ARCHIVIO"],"inLanguage":"en-US"},{"@type":"WebPage","@id":"https:\/\/beneggiassociati.com\/en\/sospensione-ad-agosto-piu-tempo-per-versare-con-f24\/","url":"https:\/\/beneggiassociati.com\/en\/sospensione-ad-agosto-piu-tempo-per-versare-con-f24\/","name":"Sospensione ad agosto, pi\u00f9 tempo per versare con F24 - Beneggi &amp; Associati","isPartOf":{"@id":"https:\/\/beneggiassociati.com\/en\/#website"},"primaryImageOfPage":{"@id":"https:\/\/beneggiassociati.com\/en\/sospensione-ad-agosto-piu-tempo-per-versare-con-f24\/#primaryimage"},"image":{"@id":"https:\/\/beneggiassociati.com\/en\/sospensione-ad-agosto-piu-tempo-per-versare-con-f24\/#primaryimage"},"thumbnailUrl":"https:\/\/beneggiassociati.com\/wp-content\/uploads\/2025\/07\/single-post-beneggi.jpg","datePublished":"2019-07-20T19:55:00+00:00","description":"In agosto anche il Fisco va in ferie: verranno infatti sospesi gli adempimenti fiscali e i versamenti da fare con il modello F24 in scadenza dal 1\u00b0 al 20","breadcrumb":{"@id":"https:\/\/beneggiassociati.com\/en\/sospensione-ad-agosto-piu-tempo-per-versare-con-f24\/#breadcrumb"},"inLanguage":"en-US","potentialAction":[{"@type":"ReadAction","target":["https:\/\/beneggiassociati.com\/en\/sospensione-ad-agosto-piu-tempo-per-versare-con-f24\/"]}]},{"@type":"ImageObject","inLanguage":"en-US","@id":"https:\/\/beneggiassociati.com\/en\/sospensione-ad-agosto-piu-tempo-per-versare-con-f24\/#primaryimage","url":"https:\/\/beneggiassociati.com\/wp-content\/uploads\/2025\/07\/single-post-beneggi.jpg","contentUrl":"https:\/\/beneggiassociati.com\/wp-content\/uploads\/2025\/07\/single-post-beneggi.jpg","width":1280,"height":823},{"@type":"BreadcrumbList","@id":"https:\/\/beneggiassociati.com\/en\/sospensione-ad-agosto-piu-tempo-per-versare-con-f24\/#breadcrumb","itemListElement":[{"@type":"ListItem","position":1,"name":"Home","item":"https:\/\/beneggiassociati.com\/en\/?page_id=24163"},{"@type":"ListItem","position":2,"name":"Sospensione ad agosto, pi\u00f9 tempo per versare con F24"}]},{"@type":"WebSite","@id":"https:\/\/beneggiassociati.com\/en\/#website","url":"https:\/\/beneggiassociati.com\/en\/","name":"Beneggi e associati","description":"","publisher":{"@id":"https:\/\/beneggiassociati.com\/en\/#organization"},"potentialAction":[{"@type":"SearchAction","target":{"@type":"EntryPoint","urlTemplate":"https:\/\/beneggiassociati.com\/en\/?s={search_term_string}"},"query-input":{"@type":"PropertyValueSpecification","valueRequired":true,"valueName":"search_term_string"}}],"inLanguage":"en-US"},{"@type":"Organization","@id":"https:\/\/beneggiassociati.com\/en\/#organization","name":"Beneggi e associati","url":"https:\/\/beneggiassociati.com\/en\/","logo":{"@type":"ImageObject","inLanguage":"en-US","@id":"https:\/\/beneggiassociati.com\/en\/#\/schema\/logo\/image\/","url":"https:\/\/beneggiassociati.com\/wp-content\/uploads\/2025\/07\/beneggi-logo.png","contentUrl":"https:\/\/beneggiassociati.com\/wp-content\/uploads\/2025\/07\/beneggi-logo.png","width":141,"height":87,"caption":"Beneggi e associati"},"image":{"@id":"https:\/\/beneggiassociati.com\/en\/#\/schema\/logo\/image\/"}},{"@type":"Person","@id":"https:\/\/beneggiassociati.com\/en\/#\/schema\/person\/828daacfa37b359e89e981f920072004","name":"Tiziano Beneggi","url":"https:\/\/beneggiassociati.com\/en\/author\/tizianobeneggiassociati-com\/"}]}},"_links":{"self":[{"href":"https:\/\/beneggiassociati.com\/en\/wp-json\/wp\/v2\/posts\/16605","targetHints":{"allow":["GET"]}}],"collection":[{"href":"https:\/\/beneggiassociati.com\/en\/wp-json\/wp\/v2\/posts"}],"about":[{"href":"https:\/\/beneggiassociati.com\/en\/wp-json\/wp\/v2\/types\/post"}],"author":[{"embeddable":true,"href":"https:\/\/beneggiassociati.com\/en\/wp-json\/wp\/v2\/users\/4"}],"replies":[{"embeddable":true,"href":"https:\/\/beneggiassociati.com\/en\/wp-json\/wp\/v2\/comments?post=16605"}],"version-history":[{"count":0,"href":"https:\/\/beneggiassociati.com\/en\/wp-json\/wp\/v2\/posts\/16605\/revisions"}],"wp:featuredmedia":[{"embeddable":true,"href":"https:\/\/beneggiassociati.com\/en\/wp-json\/wp\/v2\/media\/409"}],"wp:attachment":[{"href":"https:\/\/beneggiassociati.com\/en\/wp-json\/wp\/v2\/media?parent=16605"}],"wp:term":[{"taxonomy":"category","embeddable":true,"href":"https:\/\/beneggiassociati.com\/en\/wp-json\/wp\/v2\/categories?post=16605"},{"taxonomy":"post_tag","embeddable":true,"href":"https:\/\/beneggiassociati.com\/en\/wp-json\/wp\/v2\/tags?post=16605"}],"curies":[{"name":"wp","href":"https:\/\/api.w.org\/{rel}","templated":true}]}}