{"id":16608,"date":"2019-07-20T22:02:00","date_gmt":"2019-07-20T20:02:00","guid":{"rendered":"https:\/\/dev.beneggiassociati.com\/2019\/07\/20\/autotrasporto-aggiornate-le-deduzioni-forfettarie\/"},"modified":"2019-07-20T22:02:00","modified_gmt":"2019-07-20T20:02:00","slug":"autotrasporto-aggiornate-le-deduzioni-forfettarie","status":"publish","type":"post","link":"https:\/\/beneggiassociati.com\/en\/autotrasporto-aggiornate-le-deduzioni-forfettarie\/","title":{"rendered":"Autotrasporto, aggiornate le deduzioni forfettarie"},"content":{"rendered":"\n<p>Con un comunicato stampa diffuso ieri, il ministero dell\u2019Economia ha reso note le deduzioni forfettarie a favore degli autotrasportatori per l\u2019anno 2018, da indicare nei modelli Redditi 2019.<\/p>\n\n\n<p>Per i trasporti di merci per conto terzi effettuati personalmente dall\u2019imprenditore oltre il Comune in cui ha sede l\u2019impresa, \u00e8 prevista una deduzione forfettaria di spese non documentate, per il periodo d\u2019imposta 2018, nella misura di 48 euro. La deduzione spetta una sola volta per ogni giorno di effettuazione di trasporti, a prescindere dal numero dei viaggi. Il beneficio spetta anche per i trasporti effettuati personalmente dall\u2019imprenditore all\u2019interno del Comune in cui ha sede l\u2019impresa, per un importo pari al 35% di quello riconosciuto per gli stessi trasporti oltre il territorio comunale, pari cio\u00e8 a 16,80 euro (35% di 48 euro).&nbsp;<\/p>\n\n\n<p>Le nuove misure arrivano fuori tempo massimo, cio\u00e8 dopo la scadenza naturale del 30 giugno 2019, che slitta al 1\u00b0 luglio, per i pagamenti delle imposte sui redditi del 2018. Chi ha \u201csaltato\u201d la scadenza del 1\u00b0 luglio, potr\u00e0 ancora pagare il saldo del 2018 e il primo acconto per il 2019, entro il 31 luglio 2019 con lo 0,40% in pi\u00f9. Resta ferma la proroga dei pagamenti al 30 settembre 2019 per i contribuenti soggetti agli indici sintetici di affidabilit\u00e0 fiscale (Isa) e \u201ccollegati\u201d.<\/p>\n\n\n<p>A sua volta, in un altro comunicato stampa, l\u2019agenzia delle Entrate ha precisato precisa che la deduzione forfettaria per i trasporti effettuati personalmente dall\u2019imprenditore o dai soci di societ\u00e0 di persone deve essere riportata nei quadri RF e RG dei modelli Redditi 2019 persone fisiche e societ\u00e0 di persone, usando nel rigo RF55 i codici 43 e 44 e nel rigo RG22 i codici 16 e 17, cos\u00ec come indicato nelle istruzioni del modello Redditi. I codici si riferiscono, rispettivamente, alla deduzione per i trasporti all\u2019interno del Comune e alla deduzione per i trasporti oltre tale ambito.&nbsp;<\/p>\n\n\n<p><a href=\"mailto:info@beneggiassociati.com\" target=\"_blank\" rel=\"noreferrer noopener\">Sei interessato all\u2019articolo? Scrivici e verrai contattato da un nostro Consultant<\/a><\/p>\n\n\n<p><a href=\"https:\/\/beneggiassociati.com\/\" target=\"_blank\" rel=\"noreferrer noopener\">@ Beneggi e Associati | Commercialisti al servizio delle imprese | Meda | Milano<\/a><br \/><\/p>\n","protected":false},"excerpt":{"rendered":"<p>Con un comunicato stampa diffuso ieri, il ministero dell\u2019Economia ha reso note le deduzioni forfettarie a favore degli autotrasportatori per l\u2019anno 2018, da indicare nei modelli Redditi 2019. Per i trasporti di merci per conto terzi effettuati personalmente dall\u2019imprenditore oltre il Comune in cui ha sede l\u2019impresa, \u00e8 prevista una deduzione forfettaria di spese non [&hellip;]<\/p>\n","protected":false},"author":4,"featured_media":409,"comment_status":"open","ping_status":"open","sticky":false,"template":"","format":"standard","meta":{"_acf_changed":false,"content-type":"","footnotes":""},"categories":[16],"tags":[],"class_list":["post-16608","post","type-post","status-publish","format-standard","has-post-thumbnail","hentry","category-archivio"],"acf":[],"yoast_head":"<!-- This site is optimized with the Yoast SEO plugin v27.5 - https:\/\/yoast.com\/product\/yoast-seo-wordpress\/ -->\n<title>Autotrasporto, aggiornate le deduzioni forfettarie - Beneggi &amp; Associati<\/title>\n<meta name=\"description\" content=\"Con un comunicato stampa diffuso ieri, il ministero dell\u2019Economia ha reso note le deduzioni forfettarie a favore degli autotrasportatori per l\u2019anno 2018,\" \/>\n<meta name=\"robots\" content=\"index, follow, max-snippet:-1, max-image-preview:large, max-video-preview:-1\" \/>\n<link rel=\"canonical\" href=\"https:\/\/beneggiassociati.com\/en\/autotrasporto-aggiornate-le-deduzioni-forfettarie\/\" \/>\n<meta property=\"og:locale\" content=\"en_US\" \/>\n<meta property=\"og:type\" content=\"article\" \/>\n<meta property=\"og:title\" content=\"Autotrasporto, aggiornate le deduzioni forfettarie - Beneggi &amp; Associati\" \/>\n<meta property=\"og:description\" content=\"Con un comunicato stampa diffuso ieri, il ministero dell\u2019Economia ha reso note le deduzioni forfettarie a favore degli autotrasportatori per l\u2019anno 2018,\" \/>\n<meta property=\"og:url\" content=\"https:\/\/beneggiassociati.com\/en\/autotrasporto-aggiornate-le-deduzioni-forfettarie\/\" \/>\n<meta property=\"og:site_name\" content=\"Beneggi &amp; Associati\" \/>\n<meta property=\"article:published_time\" content=\"2019-07-20T20:02:00+00:00\" \/>\n<meta property=\"og:image\" content=\"https:\/\/beneggiassociati.com\/wp-content\/uploads\/2025\/07\/single-post-beneggi.jpg\" \/>\n\t<meta property=\"og:image:width\" content=\"1280\" \/>\n\t<meta property=\"og:image:height\" content=\"823\" \/>\n\t<meta property=\"og:image:type\" content=\"image\/jpeg\" \/>\n<meta name=\"author\" content=\"Tiziano Beneggi\" \/>\n<meta name=\"twitter:card\" content=\"summary_large_image\" \/>\n<meta name=\"twitter:label1\" content=\"Written by\" \/>\n\t<meta name=\"twitter:data1\" content=\"Tiziano Beneggi\" \/>\n\t<meta name=\"twitter:label2\" content=\"Est. reading time\" \/>\n\t<meta name=\"twitter:data2\" content=\"2 minutes\" \/>\n<script type=\"application\/ld+json\" class=\"yoast-schema-graph\">{\"@context\":\"https:\\\/\\\/schema.org\",\"@graph\":[{\"@type\":\"Article\",\"@id\":\"https:\\\/\\\/beneggiassociati.com\\\/en\\\/autotrasporto-aggiornate-le-deduzioni-forfettarie\\\/#article\",\"isPartOf\":{\"@id\":\"https:\\\/\\\/beneggiassociati.com\\\/en\\\/autotrasporto-aggiornate-le-deduzioni-forfettarie\\\/\"},\"author\":{\"name\":\"Tiziano Beneggi\",\"@id\":\"https:\\\/\\\/beneggiassociati.com\\\/en\\\/#\\\/schema\\\/person\\\/828daacfa37b359e89e981f920072004\"},\"headline\":\"Autotrasporto, aggiornate le deduzioni forfettarie\",\"datePublished\":\"2019-07-20T20:02:00+00:00\",\"mainEntityOfPage\":{\"@id\":\"https:\\\/\\\/beneggiassociati.com\\\/en\\\/autotrasporto-aggiornate-le-deduzioni-forfettarie\\\/\"},\"wordCount\":325,\"commentCount\":0,\"publisher\":{\"@id\":\"https:\\\/\\\/beneggiassociati.com\\\/en\\\/#organization\"},\"image\":{\"@id\":\"https:\\\/\\\/beneggiassociati.com\\\/en\\\/autotrasporto-aggiornate-le-deduzioni-forfettarie\\\/#primaryimage\"},\"thumbnailUrl\":\"https:\\\/\\\/beneggiassociati.com\\\/wp-content\\\/uploads\\\/2025\\\/07\\\/single-post-beneggi.jpg\",\"articleSection\":[\"ARCHIVIO\"],\"inLanguage\":\"en-US\"},{\"@type\":\"WebPage\",\"@id\":\"https:\\\/\\\/beneggiassociati.com\\\/en\\\/autotrasporto-aggiornate-le-deduzioni-forfettarie\\\/\",\"url\":\"https:\\\/\\\/beneggiassociati.com\\\/en\\\/autotrasporto-aggiornate-le-deduzioni-forfettarie\\\/\",\"name\":\"Autotrasporto, aggiornate le deduzioni forfettarie - Beneggi &amp; Associati\",\"isPartOf\":{\"@id\":\"https:\\\/\\\/beneggiassociati.com\\\/en\\\/#website\"},\"primaryImageOfPage\":{\"@id\":\"https:\\\/\\\/beneggiassociati.com\\\/en\\\/autotrasporto-aggiornate-le-deduzioni-forfettarie\\\/#primaryimage\"},\"image\":{\"@id\":\"https:\\\/\\\/beneggiassociati.com\\\/en\\\/autotrasporto-aggiornate-le-deduzioni-forfettarie\\\/#primaryimage\"},\"thumbnailUrl\":\"https:\\\/\\\/beneggiassociati.com\\\/wp-content\\\/uploads\\\/2025\\\/07\\\/single-post-beneggi.jpg\",\"datePublished\":\"2019-07-20T20:02:00+00:00\",\"description\":\"Con un comunicato stampa diffuso ieri, il ministero dell\u2019Economia ha reso note le deduzioni forfettarie a favore degli autotrasportatori per l\u2019anno 2018,\",\"breadcrumb\":{\"@id\":\"https:\\\/\\\/beneggiassociati.com\\\/en\\\/autotrasporto-aggiornate-le-deduzioni-forfettarie\\\/#breadcrumb\"},\"inLanguage\":\"en-US\",\"potentialAction\":[{\"@type\":\"ReadAction\",\"target\":[\"https:\\\/\\\/beneggiassociati.com\\\/en\\\/autotrasporto-aggiornate-le-deduzioni-forfettarie\\\/\"]}]},{\"@type\":\"ImageObject\",\"inLanguage\":\"en-US\",\"@id\":\"https:\\\/\\\/beneggiassociati.com\\\/en\\\/autotrasporto-aggiornate-le-deduzioni-forfettarie\\\/#primaryimage\",\"url\":\"https:\\\/\\\/beneggiassociati.com\\\/wp-content\\\/uploads\\\/2025\\\/07\\\/single-post-beneggi.jpg\",\"contentUrl\":\"https:\\\/\\\/beneggiassociati.com\\\/wp-content\\\/uploads\\\/2025\\\/07\\\/single-post-beneggi.jpg\",\"width\":1280,\"height\":823},{\"@type\":\"BreadcrumbList\",\"@id\":\"https:\\\/\\\/beneggiassociati.com\\\/en\\\/autotrasporto-aggiornate-le-deduzioni-forfettarie\\\/#breadcrumb\",\"itemListElement\":[{\"@type\":\"ListItem\",\"position\":1,\"name\":\"Home\",\"item\":\"https:\\\/\\\/beneggiassociati.com\\\/en\\\/?page_id=24163\"},{\"@type\":\"ListItem\",\"position\":2,\"name\":\"Autotrasporto, aggiornate le deduzioni forfettarie\"}]},{\"@type\":\"WebSite\",\"@id\":\"https:\\\/\\\/beneggiassociati.com\\\/en\\\/#website\",\"url\":\"https:\\\/\\\/beneggiassociati.com\\\/en\\\/\",\"name\":\"Beneggi e associati\",\"description\":\"\",\"publisher\":{\"@id\":\"https:\\\/\\\/beneggiassociati.com\\\/en\\\/#organization\"},\"potentialAction\":[{\"@type\":\"SearchAction\",\"target\":{\"@type\":\"EntryPoint\",\"urlTemplate\":\"https:\\\/\\\/beneggiassociati.com\\\/en\\\/?s={search_term_string}\"},\"query-input\":{\"@type\":\"PropertyValueSpecification\",\"valueRequired\":true,\"valueName\":\"search_term_string\"}}],\"inLanguage\":\"en-US\"},{\"@type\":\"Organization\",\"@id\":\"https:\\\/\\\/beneggiassociati.com\\\/en\\\/#organization\",\"name\":\"Beneggi e associati\",\"url\":\"https:\\\/\\\/beneggiassociati.com\\\/en\\\/\",\"logo\":{\"@type\":\"ImageObject\",\"inLanguage\":\"en-US\",\"@id\":\"https:\\\/\\\/beneggiassociati.com\\\/en\\\/#\\\/schema\\\/logo\\\/image\\\/\",\"url\":\"https:\\\/\\\/beneggiassociati.com\\\/wp-content\\\/uploads\\\/2025\\\/07\\\/beneggi-logo.png\",\"contentUrl\":\"https:\\\/\\\/beneggiassociati.com\\\/wp-content\\\/uploads\\\/2025\\\/07\\\/beneggi-logo.png\",\"width\":141,\"height\":87,\"caption\":\"Beneggi e associati\"},\"image\":{\"@id\":\"https:\\\/\\\/beneggiassociati.com\\\/en\\\/#\\\/schema\\\/logo\\\/image\\\/\"}},{\"@type\":\"Person\",\"@id\":\"https:\\\/\\\/beneggiassociati.com\\\/en\\\/#\\\/schema\\\/person\\\/828daacfa37b359e89e981f920072004\",\"name\":\"Tiziano Beneggi\",\"url\":\"https:\\\/\\\/beneggiassociati.com\\\/en\\\/author\\\/tizianobeneggiassociati-com\\\/\"}]}<\/script>\n<!-- \/ Yoast SEO plugin. -->","yoast_head_json":{"title":"Autotrasporto, aggiornate le deduzioni forfettarie - Beneggi &amp; Associati","description":"Con un comunicato stampa diffuso ieri, il ministero dell\u2019Economia ha reso note le deduzioni forfettarie a favore degli autotrasportatori per l\u2019anno 2018,","robots":{"index":"index","follow":"follow","max-snippet":"max-snippet:-1","max-image-preview":"max-image-preview:large","max-video-preview":"max-video-preview:-1"},"canonical":"https:\/\/beneggiassociati.com\/en\/autotrasporto-aggiornate-le-deduzioni-forfettarie\/","og_locale":"en_US","og_type":"article","og_title":"Autotrasporto, aggiornate le deduzioni forfettarie - Beneggi &amp; Associati","og_description":"Con un comunicato stampa diffuso ieri, il ministero dell\u2019Economia ha reso note le deduzioni forfettarie a favore degli autotrasportatori per l\u2019anno 2018,","og_url":"https:\/\/beneggiassociati.com\/en\/autotrasporto-aggiornate-le-deduzioni-forfettarie\/","og_site_name":"Beneggi &amp; Associati","article_published_time":"2019-07-20T20:02:00+00:00","og_image":[{"width":1280,"height":823,"url":"https:\/\/beneggiassociati.com\/wp-content\/uploads\/2025\/07\/single-post-beneggi.jpg","type":"image\/jpeg"}],"author":"Tiziano Beneggi","twitter_card":"summary_large_image","twitter_misc":{"Written by":"Tiziano Beneggi","Est. reading time":"2 minutes"},"schema":{"@context":"https:\/\/schema.org","@graph":[{"@type":"Article","@id":"https:\/\/beneggiassociati.com\/en\/autotrasporto-aggiornate-le-deduzioni-forfettarie\/#article","isPartOf":{"@id":"https:\/\/beneggiassociati.com\/en\/autotrasporto-aggiornate-le-deduzioni-forfettarie\/"},"author":{"name":"Tiziano Beneggi","@id":"https:\/\/beneggiassociati.com\/en\/#\/schema\/person\/828daacfa37b359e89e981f920072004"},"headline":"Autotrasporto, aggiornate le deduzioni forfettarie","datePublished":"2019-07-20T20:02:00+00:00","mainEntityOfPage":{"@id":"https:\/\/beneggiassociati.com\/en\/autotrasporto-aggiornate-le-deduzioni-forfettarie\/"},"wordCount":325,"commentCount":0,"publisher":{"@id":"https:\/\/beneggiassociati.com\/en\/#organization"},"image":{"@id":"https:\/\/beneggiassociati.com\/en\/autotrasporto-aggiornate-le-deduzioni-forfettarie\/#primaryimage"},"thumbnailUrl":"https:\/\/beneggiassociati.com\/wp-content\/uploads\/2025\/07\/single-post-beneggi.jpg","articleSection":["ARCHIVIO"],"inLanguage":"en-US"},{"@type":"WebPage","@id":"https:\/\/beneggiassociati.com\/en\/autotrasporto-aggiornate-le-deduzioni-forfettarie\/","url":"https:\/\/beneggiassociati.com\/en\/autotrasporto-aggiornate-le-deduzioni-forfettarie\/","name":"Autotrasporto, aggiornate le deduzioni forfettarie - Beneggi &amp; Associati","isPartOf":{"@id":"https:\/\/beneggiassociati.com\/en\/#website"},"primaryImageOfPage":{"@id":"https:\/\/beneggiassociati.com\/en\/autotrasporto-aggiornate-le-deduzioni-forfettarie\/#primaryimage"},"image":{"@id":"https:\/\/beneggiassociati.com\/en\/autotrasporto-aggiornate-le-deduzioni-forfettarie\/#primaryimage"},"thumbnailUrl":"https:\/\/beneggiassociati.com\/wp-content\/uploads\/2025\/07\/single-post-beneggi.jpg","datePublished":"2019-07-20T20:02:00+00:00","description":"Con un comunicato stampa diffuso ieri, il ministero dell\u2019Economia ha reso note le deduzioni forfettarie a favore degli autotrasportatori per l\u2019anno 2018,","breadcrumb":{"@id":"https:\/\/beneggiassociati.com\/en\/autotrasporto-aggiornate-le-deduzioni-forfettarie\/#breadcrumb"},"inLanguage":"en-US","potentialAction":[{"@type":"ReadAction","target":["https:\/\/beneggiassociati.com\/en\/autotrasporto-aggiornate-le-deduzioni-forfettarie\/"]}]},{"@type":"ImageObject","inLanguage":"en-US","@id":"https:\/\/beneggiassociati.com\/en\/autotrasporto-aggiornate-le-deduzioni-forfettarie\/#primaryimage","url":"https:\/\/beneggiassociati.com\/wp-content\/uploads\/2025\/07\/single-post-beneggi.jpg","contentUrl":"https:\/\/beneggiassociati.com\/wp-content\/uploads\/2025\/07\/single-post-beneggi.jpg","width":1280,"height":823},{"@type":"BreadcrumbList","@id":"https:\/\/beneggiassociati.com\/en\/autotrasporto-aggiornate-le-deduzioni-forfettarie\/#breadcrumb","itemListElement":[{"@type":"ListItem","position":1,"name":"Home","item":"https:\/\/beneggiassociati.com\/en\/?page_id=24163"},{"@type":"ListItem","position":2,"name":"Autotrasporto, aggiornate le deduzioni forfettarie"}]},{"@type":"WebSite","@id":"https:\/\/beneggiassociati.com\/en\/#website","url":"https:\/\/beneggiassociati.com\/en\/","name":"Beneggi e associati","description":"","publisher":{"@id":"https:\/\/beneggiassociati.com\/en\/#organization"},"potentialAction":[{"@type":"SearchAction","target":{"@type":"EntryPoint","urlTemplate":"https:\/\/beneggiassociati.com\/en\/?s={search_term_string}"},"query-input":{"@type":"PropertyValueSpecification","valueRequired":true,"valueName":"search_term_string"}}],"inLanguage":"en-US"},{"@type":"Organization","@id":"https:\/\/beneggiassociati.com\/en\/#organization","name":"Beneggi e associati","url":"https:\/\/beneggiassociati.com\/en\/","logo":{"@type":"ImageObject","inLanguage":"en-US","@id":"https:\/\/beneggiassociati.com\/en\/#\/schema\/logo\/image\/","url":"https:\/\/beneggiassociati.com\/wp-content\/uploads\/2025\/07\/beneggi-logo.png","contentUrl":"https:\/\/beneggiassociati.com\/wp-content\/uploads\/2025\/07\/beneggi-logo.png","width":141,"height":87,"caption":"Beneggi e associati"},"image":{"@id":"https:\/\/beneggiassociati.com\/en\/#\/schema\/logo\/image\/"}},{"@type":"Person","@id":"https:\/\/beneggiassociati.com\/en\/#\/schema\/person\/828daacfa37b359e89e981f920072004","name":"Tiziano Beneggi","url":"https:\/\/beneggiassociati.com\/en\/author\/tizianobeneggiassociati-com\/"}]}},"_links":{"self":[{"href":"https:\/\/beneggiassociati.com\/en\/wp-json\/wp\/v2\/posts\/16608","targetHints":{"allow":["GET"]}}],"collection":[{"href":"https:\/\/beneggiassociati.com\/en\/wp-json\/wp\/v2\/posts"}],"about":[{"href":"https:\/\/beneggiassociati.com\/en\/wp-json\/wp\/v2\/types\/post"}],"author":[{"embeddable":true,"href":"https:\/\/beneggiassociati.com\/en\/wp-json\/wp\/v2\/users\/4"}],"replies":[{"embeddable":true,"href":"https:\/\/beneggiassociati.com\/en\/wp-json\/wp\/v2\/comments?post=16608"}],"version-history":[{"count":0,"href":"https:\/\/beneggiassociati.com\/en\/wp-json\/wp\/v2\/posts\/16608\/revisions"}],"wp:featuredmedia":[{"embeddable":true,"href":"https:\/\/beneggiassociati.com\/en\/wp-json\/wp\/v2\/media\/409"}],"wp:attachment":[{"href":"https:\/\/beneggiassociati.com\/en\/wp-json\/wp\/v2\/media?parent=16608"}],"wp:term":[{"taxonomy":"category","embeddable":true,"href":"https:\/\/beneggiassociati.com\/en\/wp-json\/wp\/v2\/categories?post=16608"},{"taxonomy":"post_tag","embeddable":true,"href":"https:\/\/beneggiassociati.com\/en\/wp-json\/wp\/v2\/tags?post=16608"}],"curies":[{"name":"wp","href":"https:\/\/api.w.org\/{rel}","templated":true}]}}