{"id":16613,"date":"2019-07-20T22:40:00","date_gmt":"2019-07-20T20:40:00","guid":{"rendered":"https:\/\/dev.beneggiassociati.com\/2019\/07\/20\/imballaggi-sconti-di-prezzo-e-tax-credit-per-il-riciclo\/"},"modified":"2019-07-20T22:40:00","modified_gmt":"2019-07-20T20:40:00","slug":"imballaggi-sconti-di-prezzo-e-tax-credit-per-il-riciclo","status":"publish","type":"post","link":"https:\/\/beneggiassociati.com\/en\/imballaggi-sconti-di-prezzo-e-tax-credit-per-il-riciclo\/","title":{"rendered":"Imballaggi, sconti di prezzo e tax credit per il riciclo"},"content":{"rendered":"\n<p>Il decreto crescita estende gli interventi diretti a favorire l\u2019economia circolare con una particolare attenzione alla gestione degli imballaggi al quale riserva uno specifico incentivo fiscale.&nbsp;<\/p>\n\n\n<p>In particolare, l\u2019articolo 26-bis prevede un bonus ambientale per far s\u00ec che gli imballaggi destinati al riutilizzo o al riciclo non siano di fatto classificati come rifiuti. Nello specifico, la norma prevede che l\u2019impresa venditrice di merce contenuta in imballaggi possa riconoscere alla propria impresa acquirente un abbuono pari al 25% del prezzo degli imballaggi esposto in fattura, a condizione che vi sia la resa degli imballaggi stessi entro un mese dall\u2019acquisto. Lo \u201csconto\u201d poi sar\u00e0 riconosciuto sul prezzo degli acquisti successivi.&nbsp;<\/p>\n\n\n<p>A fronte di questo incentivo, l\u2019impresa venditrice che riutilizza tali imballaggi o effettua la raccolta differenziata degli stessi in vista di un futuro riciclo, viene premiata con un credito d\u2019imposta pari al doppio degli abbuoni riconosciuti all\u2019impresa acquirente, anche se da questa non utilizzati.&nbsp;<\/p>\n\n\n<p>Il tax credit \u00e8 poi utilizzabile esclusivamente in compensazione e a decorrere dal 1\u00b0 gennaio del periodo d\u2019imposta successivo a quello in cui sono stati riutilizzati gli imballaggi ovvero \u00e8 stata effettuata la raccolta differenziata ai fini del successivo avvio al riciclo. Il bonus ambientale viene riconosciuto fino a un importo massimo annuale pari a 10mila euro per ciascun beneficiario, nel limite complessivo di 10 milioni di euro per l&#8217;anno 2020.<\/p>\n\n\n<p>Nell\u2019ottica dell\u2019intervento normativo, si mira cos\u00ec ad evitare sprechi di risorse in diversi settori, come quello dell\u2019e-commerce, le cui modalit\u00e0 di vendita, basate sulla rapidit\u00e0 e facilit\u00e0 dell\u2019acquisto, accrescono la distribuzione di imballaggi usa e getta. L\u2019incentivo per\u00f2 per poter essere efficace, necessita di un dialogo maggiore tra i vari soggetti della filiera coinvolti in tali operazioni nonch\u00e9 di una mirata ridefinizione delle proprie politiche commerciali.<\/p>\n\n\n<p>\u00c8 evidente che la ratio degli interventi in esame (pi\u00f9 che apprezzabile) \u00e8 quella di ridurre al minimo l\u2019impatto ambientale degli imballaggi.<\/p>\n\n\n<p><a href=\"mailto:info@beneggiassociati.com\" target=\"_blank\" rel=\"noreferrer noopener\"><br \/>Sei interessato all\u2019articolo? Scrivici e verrai contattato da un nostro Consultant<\/a><\/p>\n\n\n<p><a href=\"https:\/\/beneggiassociati.com\/\" target=\"_blank\" rel=\"noreferrer noopener\">@ Beneggi e Associati | Commercialisti al servizio delle imprese | Meda | Milano<\/a><br \/><\/p>\n","protected":false},"excerpt":{"rendered":"<p>Il decreto crescita estende gli interventi diretti a favorire l\u2019economia circolare con una particolare attenzione alla gestione degli imballaggi al quale riserva uno specifico incentivo fiscale.&nbsp; In particolare, l\u2019articolo 26-bis prevede un bonus ambientale per far s\u00ec che gli imballaggi destinati al riutilizzo o al riciclo non siano di fatto classificati come rifiuti. Nello specifico, [&hellip;]<\/p>\n","protected":false},"author":4,"featured_media":409,"comment_status":"open","ping_status":"open","sticky":false,"template":"","format":"standard","meta":{"_acf_changed":false,"content-type":"","footnotes":""},"categories":[16],"tags":[],"class_list":["post-16613","post","type-post","status-publish","format-standard","has-post-thumbnail","hentry","category-archivio"],"acf":[],"yoast_head":"<!-- This site is optimized with the Yoast SEO plugin v27.5 - https:\/\/yoast.com\/product\/yoast-seo-wordpress\/ -->\n<title>Imballaggi, sconti di prezzo e tax credit per il riciclo - Beneggi &amp; Associati<\/title>\n<meta name=\"description\" content=\"Il decreto crescita estende gli interventi diretti a favorire l\u2019economia circolare con una particolare attenzione alla gestione degli imballaggi al quale\" \/>\n<meta name=\"robots\" content=\"index, follow, max-snippet:-1, max-image-preview:large, max-video-preview:-1\" \/>\n<link rel=\"canonical\" href=\"https:\/\/beneggiassociati.com\/en\/imballaggi-sconti-di-prezzo-e-tax-credit-per-il-riciclo\/\" \/>\n<meta property=\"og:locale\" content=\"en_US\" \/>\n<meta property=\"og:type\" content=\"article\" \/>\n<meta property=\"og:title\" content=\"Imballaggi, sconti di prezzo e tax credit per il riciclo - Beneggi &amp; Associati\" \/>\n<meta property=\"og:description\" content=\"Il decreto crescita estende gli interventi diretti a favorire l\u2019economia circolare con una particolare attenzione alla gestione degli imballaggi al quale\" \/>\n<meta property=\"og:url\" content=\"https:\/\/beneggiassociati.com\/en\/imballaggi-sconti-di-prezzo-e-tax-credit-per-il-riciclo\/\" \/>\n<meta property=\"og:site_name\" content=\"Beneggi &amp; Associati\" \/>\n<meta property=\"article:published_time\" content=\"2019-07-20T20:40:00+00:00\" \/>\n<meta property=\"og:image\" content=\"https:\/\/beneggiassociati.com\/wp-content\/uploads\/2025\/07\/single-post-beneggi.jpg\" \/>\n\t<meta property=\"og:image:width\" content=\"1280\" \/>\n\t<meta property=\"og:image:height\" content=\"823\" \/>\n\t<meta property=\"og:image:type\" content=\"image\/jpeg\" \/>\n<meta name=\"author\" content=\"Tiziano Beneggi\" \/>\n<meta name=\"twitter:card\" content=\"summary_large_image\" \/>\n<meta name=\"twitter:label1\" content=\"Written by\" \/>\n\t<meta name=\"twitter:data1\" content=\"Tiziano Beneggi\" \/>\n\t<meta name=\"twitter:label2\" content=\"Est. reading time\" \/>\n\t<meta name=\"twitter:data2\" content=\"2 minutes\" \/>\n<script type=\"application\/ld+json\" class=\"yoast-schema-graph\">{\"@context\":\"https:\\\/\\\/schema.org\",\"@graph\":[{\"@type\":\"Article\",\"@id\":\"https:\\\/\\\/beneggiassociati.com\\\/en\\\/imballaggi-sconti-di-prezzo-e-tax-credit-per-il-riciclo\\\/#article\",\"isPartOf\":{\"@id\":\"https:\\\/\\\/beneggiassociati.com\\\/en\\\/imballaggi-sconti-di-prezzo-e-tax-credit-per-il-riciclo\\\/\"},\"author\":{\"name\":\"Tiziano Beneggi\",\"@id\":\"https:\\\/\\\/beneggiassociati.com\\\/en\\\/#\\\/schema\\\/person\\\/828daacfa37b359e89e981f920072004\"},\"headline\":\"Imballaggi, sconti di prezzo e tax credit per il riciclo\",\"datePublished\":\"2019-07-20T20:40:00+00:00\",\"mainEntityOfPage\":{\"@id\":\"https:\\\/\\\/beneggiassociati.com\\\/en\\\/imballaggi-sconti-di-prezzo-e-tax-credit-per-il-riciclo\\\/\"},\"wordCount\":353,\"commentCount\":0,\"publisher\":{\"@id\":\"https:\\\/\\\/beneggiassociati.com\\\/en\\\/#organization\"},\"image\":{\"@id\":\"https:\\\/\\\/beneggiassociati.com\\\/en\\\/imballaggi-sconti-di-prezzo-e-tax-credit-per-il-riciclo\\\/#primaryimage\"},\"thumbnailUrl\":\"https:\\\/\\\/beneggiassociati.com\\\/wp-content\\\/uploads\\\/2025\\\/07\\\/single-post-beneggi.jpg\",\"articleSection\":[\"ARCHIVIO\"],\"inLanguage\":\"en-US\"},{\"@type\":\"WebPage\",\"@id\":\"https:\\\/\\\/beneggiassociati.com\\\/en\\\/imballaggi-sconti-di-prezzo-e-tax-credit-per-il-riciclo\\\/\",\"url\":\"https:\\\/\\\/beneggiassociati.com\\\/en\\\/imballaggi-sconti-di-prezzo-e-tax-credit-per-il-riciclo\\\/\",\"name\":\"Imballaggi, sconti di prezzo e tax credit per il riciclo - Beneggi &amp; Associati\",\"isPartOf\":{\"@id\":\"https:\\\/\\\/beneggiassociati.com\\\/en\\\/#website\"},\"primaryImageOfPage\":{\"@id\":\"https:\\\/\\\/beneggiassociati.com\\\/en\\\/imballaggi-sconti-di-prezzo-e-tax-credit-per-il-riciclo\\\/#primaryimage\"},\"image\":{\"@id\":\"https:\\\/\\\/beneggiassociati.com\\\/en\\\/imballaggi-sconti-di-prezzo-e-tax-credit-per-il-riciclo\\\/#primaryimage\"},\"thumbnailUrl\":\"https:\\\/\\\/beneggiassociati.com\\\/wp-content\\\/uploads\\\/2025\\\/07\\\/single-post-beneggi.jpg\",\"datePublished\":\"2019-07-20T20:40:00+00:00\",\"description\":\"Il decreto crescita estende gli interventi diretti a favorire l\u2019economia circolare con una particolare attenzione alla gestione degli imballaggi al quale\",\"breadcrumb\":{\"@id\":\"https:\\\/\\\/beneggiassociati.com\\\/en\\\/imballaggi-sconti-di-prezzo-e-tax-credit-per-il-riciclo\\\/#breadcrumb\"},\"inLanguage\":\"en-US\",\"potentialAction\":[{\"@type\":\"ReadAction\",\"target\":[\"https:\\\/\\\/beneggiassociati.com\\\/en\\\/imballaggi-sconti-di-prezzo-e-tax-credit-per-il-riciclo\\\/\"]}]},{\"@type\":\"ImageObject\",\"inLanguage\":\"en-US\",\"@id\":\"https:\\\/\\\/beneggiassociati.com\\\/en\\\/imballaggi-sconti-di-prezzo-e-tax-credit-per-il-riciclo\\\/#primaryimage\",\"url\":\"https:\\\/\\\/beneggiassociati.com\\\/wp-content\\\/uploads\\\/2025\\\/07\\\/single-post-beneggi.jpg\",\"contentUrl\":\"https:\\\/\\\/beneggiassociati.com\\\/wp-content\\\/uploads\\\/2025\\\/07\\\/single-post-beneggi.jpg\",\"width\":1280,\"height\":823},{\"@type\":\"BreadcrumbList\",\"@id\":\"https:\\\/\\\/beneggiassociati.com\\\/en\\\/imballaggi-sconti-di-prezzo-e-tax-credit-per-il-riciclo\\\/#breadcrumb\",\"itemListElement\":[{\"@type\":\"ListItem\",\"position\":1,\"name\":\"Home\",\"item\":\"https:\\\/\\\/beneggiassociati.com\\\/en\\\/?page_id=24163\"},{\"@type\":\"ListItem\",\"position\":2,\"name\":\"Imballaggi, sconti di prezzo e tax credit per il riciclo\"}]},{\"@type\":\"WebSite\",\"@id\":\"https:\\\/\\\/beneggiassociati.com\\\/en\\\/#website\",\"url\":\"https:\\\/\\\/beneggiassociati.com\\\/en\\\/\",\"name\":\"Beneggi e associati\",\"description\":\"\",\"publisher\":{\"@id\":\"https:\\\/\\\/beneggiassociati.com\\\/en\\\/#organization\"},\"potentialAction\":[{\"@type\":\"SearchAction\",\"target\":{\"@type\":\"EntryPoint\",\"urlTemplate\":\"https:\\\/\\\/beneggiassociati.com\\\/en\\\/?s={search_term_string}\"},\"query-input\":{\"@type\":\"PropertyValueSpecification\",\"valueRequired\":true,\"valueName\":\"search_term_string\"}}],\"inLanguage\":\"en-US\"},{\"@type\":\"Organization\",\"@id\":\"https:\\\/\\\/beneggiassociati.com\\\/en\\\/#organization\",\"name\":\"Beneggi e associati\",\"url\":\"https:\\\/\\\/beneggiassociati.com\\\/en\\\/\",\"logo\":{\"@type\":\"ImageObject\",\"inLanguage\":\"en-US\",\"@id\":\"https:\\\/\\\/beneggiassociati.com\\\/en\\\/#\\\/schema\\\/logo\\\/image\\\/\",\"url\":\"https:\\\/\\\/beneggiassociati.com\\\/wp-content\\\/uploads\\\/2025\\\/07\\\/beneggi-logo.png\",\"contentUrl\":\"https:\\\/\\\/beneggiassociati.com\\\/wp-content\\\/uploads\\\/2025\\\/07\\\/beneggi-logo.png\",\"width\":141,\"height\":87,\"caption\":\"Beneggi e associati\"},\"image\":{\"@id\":\"https:\\\/\\\/beneggiassociati.com\\\/en\\\/#\\\/schema\\\/logo\\\/image\\\/\"}},{\"@type\":\"Person\",\"@id\":\"https:\\\/\\\/beneggiassociati.com\\\/en\\\/#\\\/schema\\\/person\\\/828daacfa37b359e89e981f920072004\",\"name\":\"Tiziano Beneggi\",\"url\":\"https:\\\/\\\/beneggiassociati.com\\\/en\\\/author\\\/tizianobeneggiassociati-com\\\/\"}]}<\/script>\n<!-- \/ Yoast SEO plugin. -->","yoast_head_json":{"title":"Imballaggi, sconti di prezzo e tax credit per il riciclo - Beneggi &amp; Associati","description":"Il decreto crescita estende gli interventi diretti a favorire l\u2019economia circolare con una particolare attenzione alla gestione degli imballaggi al quale","robots":{"index":"index","follow":"follow","max-snippet":"max-snippet:-1","max-image-preview":"max-image-preview:large","max-video-preview":"max-video-preview:-1"},"canonical":"https:\/\/beneggiassociati.com\/en\/imballaggi-sconti-di-prezzo-e-tax-credit-per-il-riciclo\/","og_locale":"en_US","og_type":"article","og_title":"Imballaggi, sconti di prezzo e tax credit per il riciclo - Beneggi &amp; Associati","og_description":"Il decreto crescita estende gli interventi diretti a favorire l\u2019economia circolare con una particolare attenzione alla gestione degli imballaggi al quale","og_url":"https:\/\/beneggiassociati.com\/en\/imballaggi-sconti-di-prezzo-e-tax-credit-per-il-riciclo\/","og_site_name":"Beneggi &amp; Associati","article_published_time":"2019-07-20T20:40:00+00:00","og_image":[{"width":1280,"height":823,"url":"https:\/\/beneggiassociati.com\/wp-content\/uploads\/2025\/07\/single-post-beneggi.jpg","type":"image\/jpeg"}],"author":"Tiziano Beneggi","twitter_card":"summary_large_image","twitter_misc":{"Written by":"Tiziano Beneggi","Est. reading time":"2 minutes"},"schema":{"@context":"https:\/\/schema.org","@graph":[{"@type":"Article","@id":"https:\/\/beneggiassociati.com\/en\/imballaggi-sconti-di-prezzo-e-tax-credit-per-il-riciclo\/#article","isPartOf":{"@id":"https:\/\/beneggiassociati.com\/en\/imballaggi-sconti-di-prezzo-e-tax-credit-per-il-riciclo\/"},"author":{"name":"Tiziano Beneggi","@id":"https:\/\/beneggiassociati.com\/en\/#\/schema\/person\/828daacfa37b359e89e981f920072004"},"headline":"Imballaggi, sconti di prezzo e tax credit per il riciclo","datePublished":"2019-07-20T20:40:00+00:00","mainEntityOfPage":{"@id":"https:\/\/beneggiassociati.com\/en\/imballaggi-sconti-di-prezzo-e-tax-credit-per-il-riciclo\/"},"wordCount":353,"commentCount":0,"publisher":{"@id":"https:\/\/beneggiassociati.com\/en\/#organization"},"image":{"@id":"https:\/\/beneggiassociati.com\/en\/imballaggi-sconti-di-prezzo-e-tax-credit-per-il-riciclo\/#primaryimage"},"thumbnailUrl":"https:\/\/beneggiassociati.com\/wp-content\/uploads\/2025\/07\/single-post-beneggi.jpg","articleSection":["ARCHIVIO"],"inLanguage":"en-US"},{"@type":"WebPage","@id":"https:\/\/beneggiassociati.com\/en\/imballaggi-sconti-di-prezzo-e-tax-credit-per-il-riciclo\/","url":"https:\/\/beneggiassociati.com\/en\/imballaggi-sconti-di-prezzo-e-tax-credit-per-il-riciclo\/","name":"Imballaggi, sconti di prezzo e tax credit per il riciclo - Beneggi &amp; Associati","isPartOf":{"@id":"https:\/\/beneggiassociati.com\/en\/#website"},"primaryImageOfPage":{"@id":"https:\/\/beneggiassociati.com\/en\/imballaggi-sconti-di-prezzo-e-tax-credit-per-il-riciclo\/#primaryimage"},"image":{"@id":"https:\/\/beneggiassociati.com\/en\/imballaggi-sconti-di-prezzo-e-tax-credit-per-il-riciclo\/#primaryimage"},"thumbnailUrl":"https:\/\/beneggiassociati.com\/wp-content\/uploads\/2025\/07\/single-post-beneggi.jpg","datePublished":"2019-07-20T20:40:00+00:00","description":"Il decreto crescita estende gli interventi diretti a favorire l\u2019economia circolare con una particolare attenzione alla gestione degli imballaggi al quale","breadcrumb":{"@id":"https:\/\/beneggiassociati.com\/en\/imballaggi-sconti-di-prezzo-e-tax-credit-per-il-riciclo\/#breadcrumb"},"inLanguage":"en-US","potentialAction":[{"@type":"ReadAction","target":["https:\/\/beneggiassociati.com\/en\/imballaggi-sconti-di-prezzo-e-tax-credit-per-il-riciclo\/"]}]},{"@type":"ImageObject","inLanguage":"en-US","@id":"https:\/\/beneggiassociati.com\/en\/imballaggi-sconti-di-prezzo-e-tax-credit-per-il-riciclo\/#primaryimage","url":"https:\/\/beneggiassociati.com\/wp-content\/uploads\/2025\/07\/single-post-beneggi.jpg","contentUrl":"https:\/\/beneggiassociati.com\/wp-content\/uploads\/2025\/07\/single-post-beneggi.jpg","width":1280,"height":823},{"@type":"BreadcrumbList","@id":"https:\/\/beneggiassociati.com\/en\/imballaggi-sconti-di-prezzo-e-tax-credit-per-il-riciclo\/#breadcrumb","itemListElement":[{"@type":"ListItem","position":1,"name":"Home","item":"https:\/\/beneggiassociati.com\/en\/?page_id=24163"},{"@type":"ListItem","position":2,"name":"Imballaggi, sconti di prezzo e tax credit per il riciclo"}]},{"@type":"WebSite","@id":"https:\/\/beneggiassociati.com\/en\/#website","url":"https:\/\/beneggiassociati.com\/en\/","name":"Beneggi e associati","description":"","publisher":{"@id":"https:\/\/beneggiassociati.com\/en\/#organization"},"potentialAction":[{"@type":"SearchAction","target":{"@type":"EntryPoint","urlTemplate":"https:\/\/beneggiassociati.com\/en\/?s={search_term_string}"},"query-input":{"@type":"PropertyValueSpecification","valueRequired":true,"valueName":"search_term_string"}}],"inLanguage":"en-US"},{"@type":"Organization","@id":"https:\/\/beneggiassociati.com\/en\/#organization","name":"Beneggi e associati","url":"https:\/\/beneggiassociati.com\/en\/","logo":{"@type":"ImageObject","inLanguage":"en-US","@id":"https:\/\/beneggiassociati.com\/en\/#\/schema\/logo\/image\/","url":"https:\/\/beneggiassociati.com\/wp-content\/uploads\/2025\/07\/beneggi-logo.png","contentUrl":"https:\/\/beneggiassociati.com\/wp-content\/uploads\/2025\/07\/beneggi-logo.png","width":141,"height":87,"caption":"Beneggi e associati"},"image":{"@id":"https:\/\/beneggiassociati.com\/en\/#\/schema\/logo\/image\/"}},{"@type":"Person","@id":"https:\/\/beneggiassociati.com\/en\/#\/schema\/person\/828daacfa37b359e89e981f920072004","name":"Tiziano Beneggi","url":"https:\/\/beneggiassociati.com\/en\/author\/tizianobeneggiassociati-com\/"}]}},"_links":{"self":[{"href":"https:\/\/beneggiassociati.com\/en\/wp-json\/wp\/v2\/posts\/16613","targetHints":{"allow":["GET"]}}],"collection":[{"href":"https:\/\/beneggiassociati.com\/en\/wp-json\/wp\/v2\/posts"}],"about":[{"href":"https:\/\/beneggiassociati.com\/en\/wp-json\/wp\/v2\/types\/post"}],"author":[{"embeddable":true,"href":"https:\/\/beneggiassociati.com\/en\/wp-json\/wp\/v2\/users\/4"}],"replies":[{"embeddable":true,"href":"https:\/\/beneggiassociati.com\/en\/wp-json\/wp\/v2\/comments?post=16613"}],"version-history":[{"count":0,"href":"https:\/\/beneggiassociati.com\/en\/wp-json\/wp\/v2\/posts\/16613\/revisions"}],"wp:featuredmedia":[{"embeddable":true,"href":"https:\/\/beneggiassociati.com\/en\/wp-json\/wp\/v2\/media\/409"}],"wp:attachment":[{"href":"https:\/\/beneggiassociati.com\/en\/wp-json\/wp\/v2\/media?parent=16613"}],"wp:term":[{"taxonomy":"category","embeddable":true,"href":"https:\/\/beneggiassociati.com\/en\/wp-json\/wp\/v2\/categories?post=16613"},{"taxonomy":"post_tag","embeddable":true,"href":"https:\/\/beneggiassociati.com\/en\/wp-json\/wp\/v2\/tags?post=16613"}],"curies":[{"name":"wp","href":"https:\/\/api.w.org\/{rel}","templated":true}]}}