{"id":16620,"date":"2019-08-19T09:49:00","date_gmt":"2019-08-19T07:49:00","guid":{"rendered":"https:\/\/dev.beneggiassociati.com\/2019\/08\/19\/fondi-bilaterali-facolta-per-riscatto-laurea\/"},"modified":"2019-08-19T09:49:00","modified_gmt":"2019-08-19T07:49:00","slug":"fondi-bilaterali-facolta-per-riscatto-laurea","status":"publish","type":"post","link":"https:\/\/beneggiassociati.com\/en\/fondi-bilaterali-facolta-per-riscatto-laurea\/","title":{"rendered":"Fondi bilaterali, facolt\u00e0 per riscatto laurea"},"content":{"rendered":"\n<p>L\u2019Inps rende finalmente esecutiva la facolt\u00e0 di\nsostenere in modo stabile riscatti e ricongiunzioni da parte tutti i fondi di\nsolidariet\u00e0 bilaterale che prevedano l\u2019erogazione dell\u2019assegno straordinario di\nsostegno al reddito. Il decreto di riforma del Welfare ha generalizzato e reso\npermanente questa facolt\u00e0 allargando tale facolt\u00e0 a tutti i fondi di\nsolidariet\u00e0 bilaterali (escluso il Fis) gi\u00e0 costituiti o in corso di\ncostituzione.&nbsp;<\/p>\n\n\n<p>I datori di lavoro dei comparti dotati dei fondi di\nsolidariet\u00e0 potranno sostenere la spesa di riscatti e ricongiunzioni versando\nper il tramite del fondo gli oneri direttamente all\u2019istituto di previdenziale e\npotendo cos\u00ec fruire della deducibilit\u00e0 di tali spese.&nbsp;Il riscatto o la\nricongiunzione dovranno aumentare i contributi utili al diritto della\nprestazione pensionistica, escludendo pertanto i casi di riscatto utili ai soli\nfini della misura del futuro assegno (come nel caso del riscatto dei periodi di\npart-time orizzontale).&nbsp;Il riscatto o la ricongiunzione comporteranno in\nalcuni casi l\u2019ingresso (altrimenti precluso) del dipendente nel fondo per\nfruire dell\u2019assegno di solidariet\u00e0, mentre in altri casi accorcer\u00e0 la durata\ndella permanenza nel fondo medesimo, o &#8211; ancora &#8211; consentir\u00e0 ai dipendenti di\nacquisire direttamente la pensione senza passare dall\u2019assegno straordinario.<\/p>\n\n\n<p>I datori di lavoro dovranno prima acquisire l\u2019adesione\ndei lavoratori all\u2019esodo con assegno straordinario e una specifica\ndichiarazione di consenso al riscatto o alla ricongiunzione del lavoratore,\nnonch\u00e9 acquisire la documentazione ordinariamente richiesta per tali operazioni\n(ad esempio, il certificato di laurea con indicazione della durata del corso di\nstudi).<\/p>\n\n\n<p>In attesa della telematizzazione del processo, il\ndatore di lavoro dovr\u00e0 trasmettere alla sede il modello AP125 allegato alla\ncircolare, comprensivo degli allegati con un congruo anticipo rispetto alla\ndata di risoluzione del rapporto ed ingresso nel fondo in modo da consentire\nalla sede competente di lavorare la richiesta.<\/p>\n\n\n<p>L\u2019Inps ricorda, infine, che gli oneri di riscatto\ndovranno essere versati in unica soluzione.<\/p>\n\n\n<p><a href=\"mailto:info@beneggiassociati.com\" target=\"_blank\" rel=\"noreferrer noopener\"><br \/>\nSei interessato all\u2019articolo? Scrivici e verrai contattato da un nostro\nConsultant<\/a><\/p>\n\n\n<p><a href=\"https:\/\/beneggiassociati.com\/\" target=\"_blank\" rel=\"noreferrer noopener\">@ Beneggi e Associati | Commercialisti al servizio delle\nimprese | Meda | Milano<\/a><br \/><\/p>\n","protected":false},"excerpt":{"rendered":"<p>L\u2019Inps rende finalmente esecutiva la facolt\u00e0 di sostenere in modo stabile riscatti e ricongiunzioni da parte tutti i fondi di solidariet\u00e0 bilaterale che prevedano l\u2019erogazione dell\u2019assegno straordinario di sostegno al reddito. Il decreto di riforma del Welfare ha generalizzato e reso permanente questa facolt\u00e0 allargando tale facolt\u00e0 a tutti i fondi di solidariet\u00e0 bilaterali (escluso [&hellip;]<\/p>\n","protected":false},"author":4,"featured_media":409,"comment_status":"open","ping_status":"open","sticky":false,"template":"","format":"standard","meta":{"_acf_changed":false,"content-type":"","footnotes":""},"categories":[16],"tags":[],"class_list":["post-16620","post","type-post","status-publish","format-standard","has-post-thumbnail","hentry","category-archivio"],"acf":[],"yoast_head":"<!-- This site is optimized with the Yoast SEO plugin v27.5 - https:\/\/yoast.com\/product\/yoast-seo-wordpress\/ -->\n<title>Fondi bilaterali, facolt\u00e0 per riscatto laurea - Beneggi &amp; Associati<\/title>\n<meta name=\"description\" content=\"L\u2019Inps rende finalmente esecutiva la facolt\u00e0 di sostenere in modo stabile riscatti e ricongiunzioni da parte tutti i fondi di solidariet\u00e0 bilaterale che\" \/>\n<meta name=\"robots\" content=\"index, follow, max-snippet:-1, max-image-preview:large, max-video-preview:-1\" \/>\n<link rel=\"canonical\" href=\"https:\/\/beneggiassociati.com\/en\/fondi-bilaterali-facolta-per-riscatto-laurea\/\" \/>\n<meta property=\"og:locale\" content=\"en_US\" \/>\n<meta property=\"og:type\" content=\"article\" \/>\n<meta property=\"og:title\" content=\"Fondi bilaterali, facolt\u00e0 per riscatto laurea - Beneggi &amp; Associati\" \/>\n<meta property=\"og:description\" content=\"L\u2019Inps rende finalmente esecutiva la facolt\u00e0 di sostenere in modo stabile riscatti e ricongiunzioni da parte tutti i fondi di solidariet\u00e0 bilaterale che\" \/>\n<meta property=\"og:url\" content=\"https:\/\/beneggiassociati.com\/en\/fondi-bilaterali-facolta-per-riscatto-laurea\/\" \/>\n<meta property=\"og:site_name\" content=\"Beneggi &amp; Associati\" \/>\n<meta property=\"article:published_time\" content=\"2019-08-19T07:49:00+00:00\" \/>\n<meta property=\"og:image\" content=\"https:\/\/beneggiassociati.com\/wp-content\/uploads\/2025\/07\/single-post-beneggi.jpg\" \/>\n\t<meta property=\"og:image:width\" content=\"1280\" \/>\n\t<meta property=\"og:image:height\" content=\"823\" \/>\n\t<meta property=\"og:image:type\" content=\"image\/jpeg\" \/>\n<meta name=\"author\" content=\"Tiziano Beneggi\" \/>\n<meta name=\"twitter:card\" content=\"summary_large_image\" \/>\n<meta name=\"twitter:label1\" content=\"Written by\" \/>\n\t<meta name=\"twitter:data1\" content=\"Tiziano Beneggi\" \/>\n\t<meta name=\"twitter:label2\" content=\"Est. reading time\" \/>\n\t<meta name=\"twitter:data2\" content=\"2 minutes\" \/>\n<script type=\"application\/ld+json\" class=\"yoast-schema-graph\">{\"@context\":\"https:\\\/\\\/schema.org\",\"@graph\":[{\"@type\":\"Article\",\"@id\":\"https:\\\/\\\/beneggiassociati.com\\\/en\\\/fondi-bilaterali-facolta-per-riscatto-laurea\\\/#article\",\"isPartOf\":{\"@id\":\"https:\\\/\\\/beneggiassociati.com\\\/en\\\/fondi-bilaterali-facolta-per-riscatto-laurea\\\/\"},\"author\":{\"name\":\"Tiziano Beneggi\",\"@id\":\"https:\\\/\\\/beneggiassociati.com\\\/en\\\/#\\\/schema\\\/person\\\/828daacfa37b359e89e981f920072004\"},\"headline\":\"Fondi bilaterali, facolt\u00e0 per riscatto laurea\",\"datePublished\":\"2019-08-19T07:49:00+00:00\",\"mainEntityOfPage\":{\"@id\":\"https:\\\/\\\/beneggiassociati.com\\\/en\\\/fondi-bilaterali-facolta-per-riscatto-laurea\\\/\"},\"wordCount\":347,\"commentCount\":0,\"publisher\":{\"@id\":\"https:\\\/\\\/beneggiassociati.com\\\/en\\\/#organization\"},\"image\":{\"@id\":\"https:\\\/\\\/beneggiassociati.com\\\/en\\\/fondi-bilaterali-facolta-per-riscatto-laurea\\\/#primaryimage\"},\"thumbnailUrl\":\"https:\\\/\\\/beneggiassociati.com\\\/wp-content\\\/uploads\\\/2025\\\/07\\\/single-post-beneggi.jpg\",\"articleSection\":[\"ARCHIVIO\"],\"inLanguage\":\"en-US\"},{\"@type\":\"WebPage\",\"@id\":\"https:\\\/\\\/beneggiassociati.com\\\/en\\\/fondi-bilaterali-facolta-per-riscatto-laurea\\\/\",\"url\":\"https:\\\/\\\/beneggiassociati.com\\\/en\\\/fondi-bilaterali-facolta-per-riscatto-laurea\\\/\",\"name\":\"Fondi bilaterali, facolt\u00e0 per riscatto laurea - Beneggi &amp; Associati\",\"isPartOf\":{\"@id\":\"https:\\\/\\\/beneggiassociati.com\\\/en\\\/#website\"},\"primaryImageOfPage\":{\"@id\":\"https:\\\/\\\/beneggiassociati.com\\\/en\\\/fondi-bilaterali-facolta-per-riscatto-laurea\\\/#primaryimage\"},\"image\":{\"@id\":\"https:\\\/\\\/beneggiassociati.com\\\/en\\\/fondi-bilaterali-facolta-per-riscatto-laurea\\\/#primaryimage\"},\"thumbnailUrl\":\"https:\\\/\\\/beneggiassociati.com\\\/wp-content\\\/uploads\\\/2025\\\/07\\\/single-post-beneggi.jpg\",\"datePublished\":\"2019-08-19T07:49:00+00:00\",\"description\":\"L\u2019Inps rende finalmente esecutiva la facolt\u00e0 di sostenere in modo stabile riscatti e ricongiunzioni da parte tutti i fondi di solidariet\u00e0 bilaterale che\",\"breadcrumb\":{\"@id\":\"https:\\\/\\\/beneggiassociati.com\\\/en\\\/fondi-bilaterali-facolta-per-riscatto-laurea\\\/#breadcrumb\"},\"inLanguage\":\"en-US\",\"potentialAction\":[{\"@type\":\"ReadAction\",\"target\":[\"https:\\\/\\\/beneggiassociati.com\\\/en\\\/fondi-bilaterali-facolta-per-riscatto-laurea\\\/\"]}]},{\"@type\":\"ImageObject\",\"inLanguage\":\"en-US\",\"@id\":\"https:\\\/\\\/beneggiassociati.com\\\/en\\\/fondi-bilaterali-facolta-per-riscatto-laurea\\\/#primaryimage\",\"url\":\"https:\\\/\\\/beneggiassociati.com\\\/wp-content\\\/uploads\\\/2025\\\/07\\\/single-post-beneggi.jpg\",\"contentUrl\":\"https:\\\/\\\/beneggiassociati.com\\\/wp-content\\\/uploads\\\/2025\\\/07\\\/single-post-beneggi.jpg\",\"width\":1280,\"height\":823},{\"@type\":\"BreadcrumbList\",\"@id\":\"https:\\\/\\\/beneggiassociati.com\\\/en\\\/fondi-bilaterali-facolta-per-riscatto-laurea\\\/#breadcrumb\",\"itemListElement\":[{\"@type\":\"ListItem\",\"position\":1,\"name\":\"Home\",\"item\":\"https:\\\/\\\/beneggiassociati.com\\\/en\\\/?page_id=24163\"},{\"@type\":\"ListItem\",\"position\":2,\"name\":\"Fondi bilaterali, facolt\u00e0 per riscatto laurea\"}]},{\"@type\":\"WebSite\",\"@id\":\"https:\\\/\\\/beneggiassociati.com\\\/en\\\/#website\",\"url\":\"https:\\\/\\\/beneggiassociati.com\\\/en\\\/\",\"name\":\"Beneggi e associati\",\"description\":\"\",\"publisher\":{\"@id\":\"https:\\\/\\\/beneggiassociati.com\\\/en\\\/#organization\"},\"potentialAction\":[{\"@type\":\"SearchAction\",\"target\":{\"@type\":\"EntryPoint\",\"urlTemplate\":\"https:\\\/\\\/beneggiassociati.com\\\/en\\\/?s={search_term_string}\"},\"query-input\":{\"@type\":\"PropertyValueSpecification\",\"valueRequired\":true,\"valueName\":\"search_term_string\"}}],\"inLanguage\":\"en-US\"},{\"@type\":\"Organization\",\"@id\":\"https:\\\/\\\/beneggiassociati.com\\\/en\\\/#organization\",\"name\":\"Beneggi e associati\",\"url\":\"https:\\\/\\\/beneggiassociati.com\\\/en\\\/\",\"logo\":{\"@type\":\"ImageObject\",\"inLanguage\":\"en-US\",\"@id\":\"https:\\\/\\\/beneggiassociati.com\\\/en\\\/#\\\/schema\\\/logo\\\/image\\\/\",\"url\":\"https:\\\/\\\/beneggiassociati.com\\\/wp-content\\\/uploads\\\/2025\\\/07\\\/beneggi-logo.png\",\"contentUrl\":\"https:\\\/\\\/beneggiassociati.com\\\/wp-content\\\/uploads\\\/2025\\\/07\\\/beneggi-logo.png\",\"width\":141,\"height\":87,\"caption\":\"Beneggi e associati\"},\"image\":{\"@id\":\"https:\\\/\\\/beneggiassociati.com\\\/en\\\/#\\\/schema\\\/logo\\\/image\\\/\"}},{\"@type\":\"Person\",\"@id\":\"https:\\\/\\\/beneggiassociati.com\\\/en\\\/#\\\/schema\\\/person\\\/828daacfa37b359e89e981f920072004\",\"name\":\"Tiziano Beneggi\",\"url\":\"https:\\\/\\\/beneggiassociati.com\\\/en\\\/author\\\/tizianobeneggiassociati-com\\\/\"}]}<\/script>\n<!-- \/ Yoast SEO plugin. -->","yoast_head_json":{"title":"Fondi bilaterali, facolt\u00e0 per riscatto laurea - Beneggi &amp; Associati","description":"L\u2019Inps rende finalmente esecutiva la facolt\u00e0 di sostenere in modo stabile riscatti e ricongiunzioni da parte tutti i fondi di solidariet\u00e0 bilaterale che","robots":{"index":"index","follow":"follow","max-snippet":"max-snippet:-1","max-image-preview":"max-image-preview:large","max-video-preview":"max-video-preview:-1"},"canonical":"https:\/\/beneggiassociati.com\/en\/fondi-bilaterali-facolta-per-riscatto-laurea\/","og_locale":"en_US","og_type":"article","og_title":"Fondi bilaterali, facolt\u00e0 per riscatto laurea - Beneggi &amp; Associati","og_description":"L\u2019Inps rende finalmente esecutiva la facolt\u00e0 di sostenere in modo stabile riscatti e ricongiunzioni da parte tutti i fondi di solidariet\u00e0 bilaterale che","og_url":"https:\/\/beneggiassociati.com\/en\/fondi-bilaterali-facolta-per-riscatto-laurea\/","og_site_name":"Beneggi &amp; Associati","article_published_time":"2019-08-19T07:49:00+00:00","og_image":[{"width":1280,"height":823,"url":"https:\/\/beneggiassociati.com\/wp-content\/uploads\/2025\/07\/single-post-beneggi.jpg","type":"image\/jpeg"}],"author":"Tiziano Beneggi","twitter_card":"summary_large_image","twitter_misc":{"Written by":"Tiziano Beneggi","Est. reading time":"2 minutes"},"schema":{"@context":"https:\/\/schema.org","@graph":[{"@type":"Article","@id":"https:\/\/beneggiassociati.com\/en\/fondi-bilaterali-facolta-per-riscatto-laurea\/#article","isPartOf":{"@id":"https:\/\/beneggiassociati.com\/en\/fondi-bilaterali-facolta-per-riscatto-laurea\/"},"author":{"name":"Tiziano Beneggi","@id":"https:\/\/beneggiassociati.com\/en\/#\/schema\/person\/828daacfa37b359e89e981f920072004"},"headline":"Fondi bilaterali, facolt\u00e0 per riscatto laurea","datePublished":"2019-08-19T07:49:00+00:00","mainEntityOfPage":{"@id":"https:\/\/beneggiassociati.com\/en\/fondi-bilaterali-facolta-per-riscatto-laurea\/"},"wordCount":347,"commentCount":0,"publisher":{"@id":"https:\/\/beneggiassociati.com\/en\/#organization"},"image":{"@id":"https:\/\/beneggiassociati.com\/en\/fondi-bilaterali-facolta-per-riscatto-laurea\/#primaryimage"},"thumbnailUrl":"https:\/\/beneggiassociati.com\/wp-content\/uploads\/2025\/07\/single-post-beneggi.jpg","articleSection":["ARCHIVIO"],"inLanguage":"en-US"},{"@type":"WebPage","@id":"https:\/\/beneggiassociati.com\/en\/fondi-bilaterali-facolta-per-riscatto-laurea\/","url":"https:\/\/beneggiassociati.com\/en\/fondi-bilaterali-facolta-per-riscatto-laurea\/","name":"Fondi bilaterali, facolt\u00e0 per riscatto laurea - Beneggi &amp; Associati","isPartOf":{"@id":"https:\/\/beneggiassociati.com\/en\/#website"},"primaryImageOfPage":{"@id":"https:\/\/beneggiassociati.com\/en\/fondi-bilaterali-facolta-per-riscatto-laurea\/#primaryimage"},"image":{"@id":"https:\/\/beneggiassociati.com\/en\/fondi-bilaterali-facolta-per-riscatto-laurea\/#primaryimage"},"thumbnailUrl":"https:\/\/beneggiassociati.com\/wp-content\/uploads\/2025\/07\/single-post-beneggi.jpg","datePublished":"2019-08-19T07:49:00+00:00","description":"L\u2019Inps rende finalmente esecutiva la facolt\u00e0 di sostenere in modo stabile riscatti e ricongiunzioni da parte tutti i fondi di solidariet\u00e0 bilaterale che","breadcrumb":{"@id":"https:\/\/beneggiassociati.com\/en\/fondi-bilaterali-facolta-per-riscatto-laurea\/#breadcrumb"},"inLanguage":"en-US","potentialAction":[{"@type":"ReadAction","target":["https:\/\/beneggiassociati.com\/en\/fondi-bilaterali-facolta-per-riscatto-laurea\/"]}]},{"@type":"ImageObject","inLanguage":"en-US","@id":"https:\/\/beneggiassociati.com\/en\/fondi-bilaterali-facolta-per-riscatto-laurea\/#primaryimage","url":"https:\/\/beneggiassociati.com\/wp-content\/uploads\/2025\/07\/single-post-beneggi.jpg","contentUrl":"https:\/\/beneggiassociati.com\/wp-content\/uploads\/2025\/07\/single-post-beneggi.jpg","width":1280,"height":823},{"@type":"BreadcrumbList","@id":"https:\/\/beneggiassociati.com\/en\/fondi-bilaterali-facolta-per-riscatto-laurea\/#breadcrumb","itemListElement":[{"@type":"ListItem","position":1,"name":"Home","item":"https:\/\/beneggiassociati.com\/en\/?page_id=24163"},{"@type":"ListItem","position":2,"name":"Fondi bilaterali, facolt\u00e0 per riscatto laurea"}]},{"@type":"WebSite","@id":"https:\/\/beneggiassociati.com\/en\/#website","url":"https:\/\/beneggiassociati.com\/en\/","name":"Beneggi e associati","description":"","publisher":{"@id":"https:\/\/beneggiassociati.com\/en\/#organization"},"potentialAction":[{"@type":"SearchAction","target":{"@type":"EntryPoint","urlTemplate":"https:\/\/beneggiassociati.com\/en\/?s={search_term_string}"},"query-input":{"@type":"PropertyValueSpecification","valueRequired":true,"valueName":"search_term_string"}}],"inLanguage":"en-US"},{"@type":"Organization","@id":"https:\/\/beneggiassociati.com\/en\/#organization","name":"Beneggi e associati","url":"https:\/\/beneggiassociati.com\/en\/","logo":{"@type":"ImageObject","inLanguage":"en-US","@id":"https:\/\/beneggiassociati.com\/en\/#\/schema\/logo\/image\/","url":"https:\/\/beneggiassociati.com\/wp-content\/uploads\/2025\/07\/beneggi-logo.png","contentUrl":"https:\/\/beneggiassociati.com\/wp-content\/uploads\/2025\/07\/beneggi-logo.png","width":141,"height":87,"caption":"Beneggi e associati"},"image":{"@id":"https:\/\/beneggiassociati.com\/en\/#\/schema\/logo\/image\/"}},{"@type":"Person","@id":"https:\/\/beneggiassociati.com\/en\/#\/schema\/person\/828daacfa37b359e89e981f920072004","name":"Tiziano Beneggi","url":"https:\/\/beneggiassociati.com\/en\/author\/tizianobeneggiassociati-com\/"}]}},"_links":{"self":[{"href":"https:\/\/beneggiassociati.com\/en\/wp-json\/wp\/v2\/posts\/16620","targetHints":{"allow":["GET"]}}],"collection":[{"href":"https:\/\/beneggiassociati.com\/en\/wp-json\/wp\/v2\/posts"}],"about":[{"href":"https:\/\/beneggiassociati.com\/en\/wp-json\/wp\/v2\/types\/post"}],"author":[{"embeddable":true,"href":"https:\/\/beneggiassociati.com\/en\/wp-json\/wp\/v2\/users\/4"}],"replies":[{"embeddable":true,"href":"https:\/\/beneggiassociati.com\/en\/wp-json\/wp\/v2\/comments?post=16620"}],"version-history":[{"count":0,"href":"https:\/\/beneggiassociati.com\/en\/wp-json\/wp\/v2\/posts\/16620\/revisions"}],"wp:featuredmedia":[{"embeddable":true,"href":"https:\/\/beneggiassociati.com\/en\/wp-json\/wp\/v2\/media\/409"}],"wp:attachment":[{"href":"https:\/\/beneggiassociati.com\/en\/wp-json\/wp\/v2\/media?parent=16620"}],"wp:term":[{"taxonomy":"category","embeddable":true,"href":"https:\/\/beneggiassociati.com\/en\/wp-json\/wp\/v2\/categories?post=16620"},{"taxonomy":"post_tag","embeddable":true,"href":"https:\/\/beneggiassociati.com\/en\/wp-json\/wp\/v2\/tags?post=16620"}],"curies":[{"name":"wp","href":"https:\/\/api.w.org\/{rel}","templated":true}]}}