{"id":16640,"date":"2019-08-19T10:42:00","date_gmt":"2019-08-19T08:42:00","guid":{"rendered":"https:\/\/dev.beneggiassociati.com\/2019\/08\/19\/lavoro-occasionale-blocco-per-quota-100-anche-se-svolto-prima-della-pensione\/"},"modified":"2019-08-19T10:42:00","modified_gmt":"2019-08-19T08:42:00","slug":"lavoro-occasionale-blocco-per-quota-100-anche-se-svolto-prima-della-pensione","status":"publish","type":"post","link":"https:\/\/beneggiassociati.com\/en\/lavoro-occasionale-blocco-per-quota-100-anche-se-svolto-prima-della-pensione\/","title":{"rendered":"Lavoro occasionale, blocco per quota 100 anche se svolto prima della pensione"},"content":{"rendered":"\n<p>Ai fini del divieto di cumulo tra pensione con quota\n100 e redditi da lavoro, i compensi da lavoro autonomo occasionale rilevano\nanche se percepiti nei mesi antecedenti la decorrenza della pensione nonch\u00e9\nquelli successivi al compimento dell\u2019et\u00e0 prevista per la pensione di vecchiaia.\nPertanto, un lavoratore che accede a quota 100 il 1\u00b0 settembre 2019 e nei primi\notto mesi dell\u2019anno ha superato il limite dei 5mila euro annui, si trova in una\nsituazione di incumulabilit\u00e0.<\/p>\n\n\n<p>Come previsto dal decreto legge 4\/2019, la pensione\nnon \u00e8 cumulabile, dal giorno di decorrenza della stessa e fino al\nraggiungimento del requisito anagrafico previsto tempo per tempo per la\npensione di vecchiaia, con i redditi da lavoro dipendente o autonomo, a\neccezione di quelli derivanti da lavoro autonomo occasionale nei limiti di\n5mila euro lordi annui.<\/p>\n\n\n<p>Per accedere a quota 100 occorrono 62 anni di et\u00e0 e 38\nanni di contributi e attendere un differimento di tre mesi per i dipendenti del\nsettore privato e sei mesi per i pubblici (finestra mobile). Possono essere\nutilizzati i contributi accrediti nell\u2019assicurazione generale obbligatoria,\nnelle forme esclusive e sostitutive della medesima gestite dall\u2019Inps nonch\u00e9 i\nperiodi accreditati presso la gestione separata. I dipendenti devono cessare\nl\u2019attivit\u00e0 lavorativa. I redditi incumulabili sono quelli riconducibili ad\nattivit\u00e0 lavorativa svolta nel medesimo periodo in cui vige il divieto.<\/p>\n\n\n<p>I redditi da lavoro autonomo e d\u2019impresa rilevano al\nlordo delle ritenute erariali e al netto dei contributi previdenziali\nfinalizzati a costituire la posizione previdenziale dell&#8217;interessato. Rilevano,\nai fini del lavoro autonomo, i redditi comunque conseguiti ad attivit\u00e0\nlavorativa svolta senza il vincolo di subordinazione, prescindendo dalla\nmodalit\u00e0 di dichiarazione al Fisco. Valgono, a tal fine, i compensi percepiti\nper l\u2019esercizio di arti, quelli di impresa conseguiti a seguito di attivit\u00e0\nlavorativa, ivi comprese le partecipazioni agli utili derivanti da contratti di\nassociazione in partecipazione, salva l\u2019ipotesi in cui il pensionato dichiari\nche ha partecipato con il solo capitale senza svolgere attivit\u00e0 lavorativa, i\ndiritti di autore e i brevetti.<\/p>\n\n\n<p>I redditi che non rilevano ai fini della\nincumulabilit\u00e0 sono le indennit\u00e0 percepite dagli amministratori locali, i\nredditi di impresa non connessi ad attivit\u00e0 lavorativa, i compensi per\nl\u2019esercizio della funzione sacerdotale, le indennit\u00e0 per l\u2019esercizio della\nfunzione di giudice di pace nonch\u00e9 quelle percepite dai giudici onorari e dai\ngiudici tributari, l\u2019indennit\u00e0 sostitutiva del preavviso avente carattere\nrisarcitoria e non retributiva, i redditi derivanti da attivit\u00e0 svolte\nnell\u2019ambito di programmi di reinserimento degli anziani in attivit\u00e0 socialmente\nutili, le indennit\u00e0 di trasferta e missioni e l\u2019indennizzo per la cessazione\ndell&#8217;attivit\u00e0 commerciale.<\/p>\n\n\n<p>Onde evitare la sospensione del trattamento, durante\nil godimento della pensione non \u00e8 possibile percepire redditi per attivit\u00e0 di\nlavoro svolta nei periodi di percezione della pensione. Al contrario, durante\nil godimento della pensione, \u00e8 possibile riscuotere redditi per attivit\u00e0 di\nlavoro svolto prima dell\u2019accesso alla pensione.<\/p>\n\n\n<p>Superata l\u2019et\u00e0 anagrafica prevista per la pensione di\nvecchiaia, \u00e8 possibile riscuotere redditi per attivit\u00e0 di lavoro svolta durante\nil godimento della pensione. Nei casi dubbi, il lavoratore dovr\u00e0 presentare il\nmodello \u201cQuota 100\u201d al fine di consentire all&#8217;Inps la puntuale individuazione\ndelle fattispecie in cui opera\/non opera la sospensione della pensione. Nei\ncasi di incumulabilit\u00e0, la pensione dovr\u00e0 essere sospesa o recuperata, ove gi\u00e0\nposta in pagamento.<\/p>\n\n\n<p><a href=\"mailto:info@beneggiassociati.com\" target=\"_blank\" rel=\"noreferrer noopener\"><br \/>\nSei interessato all\u2019articolo? Scrivici e verrai contattato da un nostro\nConsultant<\/a><\/p>\n\n\n<p><a href=\"https:\/\/beneggiassociati.com\/\" target=\"_blank\" rel=\"noreferrer noopener\">@ Beneggi e Associati | Commercialisti al servizio delle\nimprese | Meda | Milano<\/a><br \/><\/p>\n","protected":false},"excerpt":{"rendered":"<p>Ai fini del divieto di cumulo tra pensione con quota 100 e redditi da lavoro, i compensi da lavoro autonomo occasionale rilevano anche se percepiti nei mesi antecedenti la decorrenza della pensione nonch\u00e9 quelli successivi al compimento dell\u2019et\u00e0 prevista per la pensione di vecchiaia. Pertanto, un lavoratore che accede a quota 100 il 1\u00b0 settembre [&hellip;]<\/p>\n","protected":false},"author":4,"featured_media":409,"comment_status":"open","ping_status":"open","sticky":false,"template":"","format":"standard","meta":{"_acf_changed":false,"content-type":"","footnotes":""},"categories":[16],"tags":[],"class_list":["post-16640","post","type-post","status-publish","format-standard","has-post-thumbnail","hentry","category-archivio"],"acf":[],"yoast_head":"<!-- This site is optimized with the Yoast SEO plugin v27.5 - https:\/\/yoast.com\/product\/yoast-seo-wordpress\/ -->\n<title>Lavoro occasionale, blocco per quota 100 anche se svolto prima della pensione - Beneggi &amp; Associati<\/title>\n<meta name=\"description\" content=\"Ai fini del divieto di cumulo tra pensione con quota 100 e redditi da lavoro, i compensi da lavoro autonomo occasionale rilevano anche se percepiti nei\" \/>\n<meta name=\"robots\" content=\"index, follow, max-snippet:-1, max-image-preview:large, max-video-preview:-1\" \/>\n<link rel=\"canonical\" href=\"https:\/\/beneggiassociati.com\/en\/lavoro-occasionale-blocco-per-quota-100-anche-se-svolto-prima-della-pensione\/\" \/>\n<meta property=\"og:locale\" content=\"en_US\" \/>\n<meta property=\"og:type\" content=\"article\" \/>\n<meta property=\"og:title\" content=\"Lavoro occasionale, blocco per quota 100 anche se svolto prima della pensione - Beneggi &amp; Associati\" \/>\n<meta property=\"og:description\" content=\"Ai fini del divieto di cumulo tra pensione con quota 100 e redditi da lavoro, i compensi da lavoro autonomo occasionale rilevano anche se percepiti nei\" \/>\n<meta property=\"og:url\" content=\"https:\/\/beneggiassociati.com\/en\/lavoro-occasionale-blocco-per-quota-100-anche-se-svolto-prima-della-pensione\/\" \/>\n<meta property=\"og:site_name\" content=\"Beneggi &amp; Associati\" \/>\n<meta property=\"article:published_time\" content=\"2019-08-19T08:42:00+00:00\" \/>\n<meta property=\"og:image\" content=\"https:\/\/beneggiassociati.com\/wp-content\/uploads\/2025\/07\/single-post-beneggi.jpg\" \/>\n\t<meta property=\"og:image:width\" content=\"1280\" \/>\n\t<meta property=\"og:image:height\" content=\"823\" \/>\n\t<meta property=\"og:image:type\" content=\"image\/jpeg\" \/>\n<meta name=\"author\" content=\"Tiziano Beneggi\" \/>\n<meta name=\"twitter:card\" content=\"summary_large_image\" \/>\n<meta name=\"twitter:label1\" content=\"Written by\" \/>\n\t<meta name=\"twitter:data1\" content=\"Tiziano Beneggi\" \/>\n\t<meta name=\"twitter:label2\" content=\"Est. reading time\" \/>\n\t<meta name=\"twitter:data2\" content=\"3 minutes\" \/>\n<script type=\"application\/ld+json\" class=\"yoast-schema-graph\">{\"@context\":\"https:\\\/\\\/schema.org\",\"@graph\":[{\"@type\":\"Article\",\"@id\":\"https:\\\/\\\/beneggiassociati.com\\\/en\\\/lavoro-occasionale-blocco-per-quota-100-anche-se-svolto-prima-della-pensione\\\/#article\",\"isPartOf\":{\"@id\":\"https:\\\/\\\/beneggiassociati.com\\\/en\\\/lavoro-occasionale-blocco-per-quota-100-anche-se-svolto-prima-della-pensione\\\/\"},\"author\":{\"name\":\"Tiziano Beneggi\",\"@id\":\"https:\\\/\\\/beneggiassociati.com\\\/en\\\/#\\\/schema\\\/person\\\/828daacfa37b359e89e981f920072004\"},\"headline\":\"Lavoro occasionale, blocco per quota 100 anche se svolto prima della pensione\",\"datePublished\":\"2019-08-19T08:42:00+00:00\",\"mainEntityOfPage\":{\"@id\":\"https:\\\/\\\/beneggiassociati.com\\\/en\\\/lavoro-occasionale-blocco-per-quota-100-anche-se-svolto-prima-della-pensione\\\/\"},\"wordCount\":576,\"commentCount\":0,\"publisher\":{\"@id\":\"https:\\\/\\\/beneggiassociati.com\\\/en\\\/#organization\"},\"image\":{\"@id\":\"https:\\\/\\\/beneggiassociati.com\\\/en\\\/lavoro-occasionale-blocco-per-quota-100-anche-se-svolto-prima-della-pensione\\\/#primaryimage\"},\"thumbnailUrl\":\"https:\\\/\\\/beneggiassociati.com\\\/wp-content\\\/uploads\\\/2025\\\/07\\\/single-post-beneggi.jpg\",\"articleSection\":[\"ARCHIVIO\"],\"inLanguage\":\"en-US\"},{\"@type\":\"WebPage\",\"@id\":\"https:\\\/\\\/beneggiassociati.com\\\/en\\\/lavoro-occasionale-blocco-per-quota-100-anche-se-svolto-prima-della-pensione\\\/\",\"url\":\"https:\\\/\\\/beneggiassociati.com\\\/en\\\/lavoro-occasionale-blocco-per-quota-100-anche-se-svolto-prima-della-pensione\\\/\",\"name\":\"Lavoro occasionale, blocco per quota 100 anche se svolto prima della pensione - Beneggi &amp; Associati\",\"isPartOf\":{\"@id\":\"https:\\\/\\\/beneggiassociati.com\\\/en\\\/#website\"},\"primaryImageOfPage\":{\"@id\":\"https:\\\/\\\/beneggiassociati.com\\\/en\\\/lavoro-occasionale-blocco-per-quota-100-anche-se-svolto-prima-della-pensione\\\/#primaryimage\"},\"image\":{\"@id\":\"https:\\\/\\\/beneggiassociati.com\\\/en\\\/lavoro-occasionale-blocco-per-quota-100-anche-se-svolto-prima-della-pensione\\\/#primaryimage\"},\"thumbnailUrl\":\"https:\\\/\\\/beneggiassociati.com\\\/wp-content\\\/uploads\\\/2025\\\/07\\\/single-post-beneggi.jpg\",\"datePublished\":\"2019-08-19T08:42:00+00:00\",\"description\":\"Ai fini del divieto di cumulo tra pensione con quota 100 e redditi da lavoro, i compensi da lavoro autonomo occasionale rilevano anche se percepiti nei\",\"breadcrumb\":{\"@id\":\"https:\\\/\\\/beneggiassociati.com\\\/en\\\/lavoro-occasionale-blocco-per-quota-100-anche-se-svolto-prima-della-pensione\\\/#breadcrumb\"},\"inLanguage\":\"en-US\",\"potentialAction\":[{\"@type\":\"ReadAction\",\"target\":[\"https:\\\/\\\/beneggiassociati.com\\\/en\\\/lavoro-occasionale-blocco-per-quota-100-anche-se-svolto-prima-della-pensione\\\/\"]}]},{\"@type\":\"ImageObject\",\"inLanguage\":\"en-US\",\"@id\":\"https:\\\/\\\/beneggiassociati.com\\\/en\\\/lavoro-occasionale-blocco-per-quota-100-anche-se-svolto-prima-della-pensione\\\/#primaryimage\",\"url\":\"https:\\\/\\\/beneggiassociati.com\\\/wp-content\\\/uploads\\\/2025\\\/07\\\/single-post-beneggi.jpg\",\"contentUrl\":\"https:\\\/\\\/beneggiassociati.com\\\/wp-content\\\/uploads\\\/2025\\\/07\\\/single-post-beneggi.jpg\",\"width\":1280,\"height\":823},{\"@type\":\"BreadcrumbList\",\"@id\":\"https:\\\/\\\/beneggiassociati.com\\\/en\\\/lavoro-occasionale-blocco-per-quota-100-anche-se-svolto-prima-della-pensione\\\/#breadcrumb\",\"itemListElement\":[{\"@type\":\"ListItem\",\"position\":1,\"name\":\"Home\",\"item\":\"https:\\\/\\\/beneggiassociati.com\\\/en\\\/?page_id=24163\"},{\"@type\":\"ListItem\",\"position\":2,\"name\":\"Lavoro occasionale, blocco per quota 100 anche se svolto prima della pensione\"}]},{\"@type\":\"WebSite\",\"@id\":\"https:\\\/\\\/beneggiassociati.com\\\/en\\\/#website\",\"url\":\"https:\\\/\\\/beneggiassociati.com\\\/en\\\/\",\"name\":\"Beneggi e associati\",\"description\":\"\",\"publisher\":{\"@id\":\"https:\\\/\\\/beneggiassociati.com\\\/en\\\/#organization\"},\"potentialAction\":[{\"@type\":\"SearchAction\",\"target\":{\"@type\":\"EntryPoint\",\"urlTemplate\":\"https:\\\/\\\/beneggiassociati.com\\\/en\\\/?s={search_term_string}\"},\"query-input\":{\"@type\":\"PropertyValueSpecification\",\"valueRequired\":true,\"valueName\":\"search_term_string\"}}],\"inLanguage\":\"en-US\"},{\"@type\":\"Organization\",\"@id\":\"https:\\\/\\\/beneggiassociati.com\\\/en\\\/#organization\",\"name\":\"Beneggi e associati\",\"url\":\"https:\\\/\\\/beneggiassociati.com\\\/en\\\/\",\"logo\":{\"@type\":\"ImageObject\",\"inLanguage\":\"en-US\",\"@id\":\"https:\\\/\\\/beneggiassociati.com\\\/en\\\/#\\\/schema\\\/logo\\\/image\\\/\",\"url\":\"https:\\\/\\\/beneggiassociati.com\\\/wp-content\\\/uploads\\\/2025\\\/07\\\/beneggi-logo.png\",\"contentUrl\":\"https:\\\/\\\/beneggiassociati.com\\\/wp-content\\\/uploads\\\/2025\\\/07\\\/beneggi-logo.png\",\"width\":141,\"height\":87,\"caption\":\"Beneggi e associati\"},\"image\":{\"@id\":\"https:\\\/\\\/beneggiassociati.com\\\/en\\\/#\\\/schema\\\/logo\\\/image\\\/\"}},{\"@type\":\"Person\",\"@id\":\"https:\\\/\\\/beneggiassociati.com\\\/en\\\/#\\\/schema\\\/person\\\/828daacfa37b359e89e981f920072004\",\"name\":\"Tiziano Beneggi\",\"url\":\"https:\\\/\\\/beneggiassociati.com\\\/en\\\/author\\\/tizianobeneggiassociati-com\\\/\"}]}<\/script>\n<!-- \/ Yoast SEO plugin. -->","yoast_head_json":{"title":"Lavoro occasionale, blocco per quota 100 anche se svolto prima della pensione - Beneggi &amp; Associati","description":"Ai fini del divieto di cumulo tra pensione con quota 100 e redditi da lavoro, i compensi da lavoro autonomo occasionale rilevano anche se percepiti nei","robots":{"index":"index","follow":"follow","max-snippet":"max-snippet:-1","max-image-preview":"max-image-preview:large","max-video-preview":"max-video-preview:-1"},"canonical":"https:\/\/beneggiassociati.com\/en\/lavoro-occasionale-blocco-per-quota-100-anche-se-svolto-prima-della-pensione\/","og_locale":"en_US","og_type":"article","og_title":"Lavoro occasionale, blocco per quota 100 anche se svolto prima della pensione - Beneggi &amp; Associati","og_description":"Ai fini del divieto di cumulo tra pensione con quota 100 e redditi da lavoro, i compensi da lavoro autonomo occasionale rilevano anche se percepiti nei","og_url":"https:\/\/beneggiassociati.com\/en\/lavoro-occasionale-blocco-per-quota-100-anche-se-svolto-prima-della-pensione\/","og_site_name":"Beneggi &amp; Associati","article_published_time":"2019-08-19T08:42:00+00:00","og_image":[{"width":1280,"height":823,"url":"https:\/\/beneggiassociati.com\/wp-content\/uploads\/2025\/07\/single-post-beneggi.jpg","type":"image\/jpeg"}],"author":"Tiziano Beneggi","twitter_card":"summary_large_image","twitter_misc":{"Written by":"Tiziano Beneggi","Est. reading time":"3 minutes"},"schema":{"@context":"https:\/\/schema.org","@graph":[{"@type":"Article","@id":"https:\/\/beneggiassociati.com\/en\/lavoro-occasionale-blocco-per-quota-100-anche-se-svolto-prima-della-pensione\/#article","isPartOf":{"@id":"https:\/\/beneggiassociati.com\/en\/lavoro-occasionale-blocco-per-quota-100-anche-se-svolto-prima-della-pensione\/"},"author":{"name":"Tiziano Beneggi","@id":"https:\/\/beneggiassociati.com\/en\/#\/schema\/person\/828daacfa37b359e89e981f920072004"},"headline":"Lavoro occasionale, blocco per quota 100 anche se svolto prima della pensione","datePublished":"2019-08-19T08:42:00+00:00","mainEntityOfPage":{"@id":"https:\/\/beneggiassociati.com\/en\/lavoro-occasionale-blocco-per-quota-100-anche-se-svolto-prima-della-pensione\/"},"wordCount":576,"commentCount":0,"publisher":{"@id":"https:\/\/beneggiassociati.com\/en\/#organization"},"image":{"@id":"https:\/\/beneggiassociati.com\/en\/lavoro-occasionale-blocco-per-quota-100-anche-se-svolto-prima-della-pensione\/#primaryimage"},"thumbnailUrl":"https:\/\/beneggiassociati.com\/wp-content\/uploads\/2025\/07\/single-post-beneggi.jpg","articleSection":["ARCHIVIO"],"inLanguage":"en-US"},{"@type":"WebPage","@id":"https:\/\/beneggiassociati.com\/en\/lavoro-occasionale-blocco-per-quota-100-anche-se-svolto-prima-della-pensione\/","url":"https:\/\/beneggiassociati.com\/en\/lavoro-occasionale-blocco-per-quota-100-anche-se-svolto-prima-della-pensione\/","name":"Lavoro occasionale, blocco per quota 100 anche se svolto prima della pensione - Beneggi &amp; Associati","isPartOf":{"@id":"https:\/\/beneggiassociati.com\/en\/#website"},"primaryImageOfPage":{"@id":"https:\/\/beneggiassociati.com\/en\/lavoro-occasionale-blocco-per-quota-100-anche-se-svolto-prima-della-pensione\/#primaryimage"},"image":{"@id":"https:\/\/beneggiassociati.com\/en\/lavoro-occasionale-blocco-per-quota-100-anche-se-svolto-prima-della-pensione\/#primaryimage"},"thumbnailUrl":"https:\/\/beneggiassociati.com\/wp-content\/uploads\/2025\/07\/single-post-beneggi.jpg","datePublished":"2019-08-19T08:42:00+00:00","description":"Ai fini del divieto di cumulo tra pensione con quota 100 e redditi da lavoro, i compensi da lavoro autonomo occasionale rilevano anche se percepiti nei","breadcrumb":{"@id":"https:\/\/beneggiassociati.com\/en\/lavoro-occasionale-blocco-per-quota-100-anche-se-svolto-prima-della-pensione\/#breadcrumb"},"inLanguage":"en-US","potentialAction":[{"@type":"ReadAction","target":["https:\/\/beneggiassociati.com\/en\/lavoro-occasionale-blocco-per-quota-100-anche-se-svolto-prima-della-pensione\/"]}]},{"@type":"ImageObject","inLanguage":"en-US","@id":"https:\/\/beneggiassociati.com\/en\/lavoro-occasionale-blocco-per-quota-100-anche-se-svolto-prima-della-pensione\/#primaryimage","url":"https:\/\/beneggiassociati.com\/wp-content\/uploads\/2025\/07\/single-post-beneggi.jpg","contentUrl":"https:\/\/beneggiassociati.com\/wp-content\/uploads\/2025\/07\/single-post-beneggi.jpg","width":1280,"height":823},{"@type":"BreadcrumbList","@id":"https:\/\/beneggiassociati.com\/en\/lavoro-occasionale-blocco-per-quota-100-anche-se-svolto-prima-della-pensione\/#breadcrumb","itemListElement":[{"@type":"ListItem","position":1,"name":"Home","item":"https:\/\/beneggiassociati.com\/en\/?page_id=24163"},{"@type":"ListItem","position":2,"name":"Lavoro occasionale, blocco per quota 100 anche se svolto prima della pensione"}]},{"@type":"WebSite","@id":"https:\/\/beneggiassociati.com\/en\/#website","url":"https:\/\/beneggiassociati.com\/en\/","name":"Beneggi e associati","description":"","publisher":{"@id":"https:\/\/beneggiassociati.com\/en\/#organization"},"potentialAction":[{"@type":"SearchAction","target":{"@type":"EntryPoint","urlTemplate":"https:\/\/beneggiassociati.com\/en\/?s={search_term_string}"},"query-input":{"@type":"PropertyValueSpecification","valueRequired":true,"valueName":"search_term_string"}}],"inLanguage":"en-US"},{"@type":"Organization","@id":"https:\/\/beneggiassociati.com\/en\/#organization","name":"Beneggi e associati","url":"https:\/\/beneggiassociati.com\/en\/","logo":{"@type":"ImageObject","inLanguage":"en-US","@id":"https:\/\/beneggiassociati.com\/en\/#\/schema\/logo\/image\/","url":"https:\/\/beneggiassociati.com\/wp-content\/uploads\/2025\/07\/beneggi-logo.png","contentUrl":"https:\/\/beneggiassociati.com\/wp-content\/uploads\/2025\/07\/beneggi-logo.png","width":141,"height":87,"caption":"Beneggi e associati"},"image":{"@id":"https:\/\/beneggiassociati.com\/en\/#\/schema\/logo\/image\/"}},{"@type":"Person","@id":"https:\/\/beneggiassociati.com\/en\/#\/schema\/person\/828daacfa37b359e89e981f920072004","name":"Tiziano Beneggi","url":"https:\/\/beneggiassociati.com\/en\/author\/tizianobeneggiassociati-com\/"}]}},"_links":{"self":[{"href":"https:\/\/beneggiassociati.com\/en\/wp-json\/wp\/v2\/posts\/16640","targetHints":{"allow":["GET"]}}],"collection":[{"href":"https:\/\/beneggiassociati.com\/en\/wp-json\/wp\/v2\/posts"}],"about":[{"href":"https:\/\/beneggiassociati.com\/en\/wp-json\/wp\/v2\/types\/post"}],"author":[{"embeddable":true,"href":"https:\/\/beneggiassociati.com\/en\/wp-json\/wp\/v2\/users\/4"}],"replies":[{"embeddable":true,"href":"https:\/\/beneggiassociati.com\/en\/wp-json\/wp\/v2\/comments?post=16640"}],"version-history":[{"count":0,"href":"https:\/\/beneggiassociati.com\/en\/wp-json\/wp\/v2\/posts\/16640\/revisions"}],"wp:featuredmedia":[{"embeddable":true,"href":"https:\/\/beneggiassociati.com\/en\/wp-json\/wp\/v2\/media\/409"}],"wp:attachment":[{"href":"https:\/\/beneggiassociati.com\/en\/wp-json\/wp\/v2\/media?parent=16640"}],"wp:term":[{"taxonomy":"category","embeddable":true,"href":"https:\/\/beneggiassociati.com\/en\/wp-json\/wp\/v2\/categories?post=16640"},{"taxonomy":"post_tag","embeddable":true,"href":"https:\/\/beneggiassociati.com\/en\/wp-json\/wp\/v2\/tags?post=16640"}],"curies":[{"name":"wp","href":"https:\/\/api.w.org\/{rel}","templated":true}]}}