{"id":16665,"date":"2019-08-31T09:11:00","date_gmt":"2019-08-31T07:11:00","guid":{"rendered":"https:\/\/dev.beneggiassociati.com\/2019\/08\/31\/fattura-descrizione-generica-esclude-detrazione\/"},"modified":"2019-08-31T09:11:00","modified_gmt":"2019-08-31T07:11:00","slug":"fattura-descrizione-generica-esclude-detrazione","status":"publish","type":"post","link":"https:\/\/beneggiassociati.com\/en\/fattura-descrizione-generica-esclude-detrazione\/","title":{"rendered":"Fattura, descrizione generica esclude detrazione"},"content":{"rendered":"\n<p>Per la Ctp Milano 2897\/05\/2019, in presenza di una fattura di acquisto riportante una descrizione generica del servizio effettuato, non pu\u00f2 essere operata la deduzione del costo ai fini delle imposte sui redditi, n\u00e9 pu\u00f2 essere esercitata la detrazione dell\u2019Iva afferente.<\/p>\n\n\n<p>Per la Ctp Milano la condotta del contribuente non legittima la deduzione dei costi e la detraibilit\u00e0 dell\u2019Iva, sia per la genericit\u00e0 dell\u2019oggetto indicato in fattura, sia per l\u2019assenza di elementi probatori di segno contrario offerti dalla parte. La condotta del contribuente viene censurata in quanto, in violazione dell\u2019obbligo previsto dall\u2019articolo 21, comma 1 lettera g), Dpr 633\/1972, l\u2019emittente della fattura aveva omesso di indicare in modo specifico la \u00abnatura, qualit\u00e0 e quantit\u00e0 dei beni e dei servizi formanti oggetto dell\u2019operazione\u00bb. L&#8217;oggetto dell&#8217;operazione \u00e8 un elemento essenziale della fattura, sicch\u00e9 l\u2019emittente ha l\u2019obbligo di indicare con esattezza i beni o i servizi ceduti (e il destinatario \u00e8 tenuto a essere vigile).&nbsp;<\/p>\n\n\n<p>Secondo la Ctp, in linea con la Cassazione, la descrizione generica dell\u2019operazione \u00abnon soddisfa le finalit\u00e0 conoscitive che la norma intende tutelare\u00bb. Una fattura priva di tale requisito essenziale non costituisce elemento probatorio a favore delle parti e, in particolare, del cessionario che intende contabilizzare i costi e detrarre l\u2019Iva afferente. E in presenza di una fattura generica \u2013 sia in formato cartaceo sia elettronica \u2013 l\u2019assolvimento dell\u2019onere probatorio incombente sul cessionario circa il servizio ricevuto sar\u00e0 particolarmente difficile.<\/p>\n\n\n<p>\u00c8 certamente consentito che il contribuente possa dimostrare l\u2019effettivit\u00e0 del servizio ricevuto, a dispetto della genericit\u00e0 della fattura di acquisto, ma gli elementi richiesi in tali ipotesi devono essere tali da fornire la prova univoca del nesso tra l\u2019operazione e il documento \u201cgenerico\u201d.<\/p>\n\n\n<p><a href=\"mailto:info@beneggiassociati.com\" target=\"_blank\" rel=\"noreferrer noopener\"><br \/>Sei interessato all\u2019articolo? Scrivici e verrai contattato da un nostro Consultant<\/a><\/p>\n\n\n<p><a href=\"https:\/\/beneggiassociati.com\/\" target=\"_blank\" rel=\"noreferrer noopener\">@ Beneggi e Associati | Commercialisti al servizio delle imprese | Meda | Milano<\/a><br \/><\/p>\n","protected":false},"excerpt":{"rendered":"<p>Per la Ctp Milano 2897\/05\/2019, in presenza di una fattura di acquisto riportante una descrizione generica del servizio effettuato, non pu\u00f2 essere operata la deduzione del costo ai fini delle imposte sui redditi, n\u00e9 pu\u00f2 essere esercitata la detrazione dell\u2019Iva afferente. Per la Ctp Milano la condotta del contribuente non legittima la deduzione dei costi [&hellip;]<\/p>\n","protected":false},"author":4,"featured_media":409,"comment_status":"open","ping_status":"open","sticky":false,"template":"","format":"standard","meta":{"_acf_changed":false,"content-type":"","footnotes":""},"categories":[16],"tags":[],"class_list":["post-16665","post","type-post","status-publish","format-standard","has-post-thumbnail","hentry","category-archivio"],"acf":[],"yoast_head":"<!-- This site is optimized with the Yoast SEO plugin v27.5 - https:\/\/yoast.com\/product\/yoast-seo-wordpress\/ -->\n<title>Fattura, descrizione generica esclude detrazione - Beneggi &amp; Associati<\/title>\n<meta name=\"description\" content=\"Per la Ctp Milano 2897\/05\/2019, in presenza di una fattura di acquisto riportante una descrizione generica del servizio effettuato, non pu\u00f2 essere operata\" \/>\n<meta name=\"robots\" content=\"index, follow, max-snippet:-1, max-image-preview:large, max-video-preview:-1\" \/>\n<link rel=\"canonical\" href=\"https:\/\/beneggiassociati.com\/en\/fattura-descrizione-generica-esclude-detrazione\/\" \/>\n<meta property=\"og:locale\" content=\"en_US\" \/>\n<meta property=\"og:type\" content=\"article\" \/>\n<meta property=\"og:title\" content=\"Fattura, descrizione generica esclude detrazione - Beneggi &amp; Associati\" \/>\n<meta property=\"og:description\" content=\"Per la Ctp Milano 2897\/05\/2019, in presenza di una fattura di acquisto riportante una descrizione generica del servizio effettuato, non pu\u00f2 essere operata\" \/>\n<meta property=\"og:url\" content=\"https:\/\/beneggiassociati.com\/en\/fattura-descrizione-generica-esclude-detrazione\/\" \/>\n<meta property=\"og:site_name\" content=\"Beneggi &amp; Associati\" \/>\n<meta property=\"article:published_time\" content=\"2019-08-31T07:11:00+00:00\" \/>\n<meta property=\"og:image\" content=\"https:\/\/beneggiassociati.com\/wp-content\/uploads\/2025\/07\/single-post-beneggi.jpg\" \/>\n\t<meta property=\"og:image:width\" content=\"1280\" \/>\n\t<meta property=\"og:image:height\" content=\"823\" \/>\n\t<meta property=\"og:image:type\" content=\"image\/jpeg\" \/>\n<meta name=\"author\" content=\"Tiziano Beneggi\" \/>\n<meta name=\"twitter:card\" content=\"summary_large_image\" \/>\n<meta name=\"twitter:label1\" content=\"Written by\" \/>\n\t<meta name=\"twitter:data1\" content=\"Tiziano Beneggi\" \/>\n\t<meta name=\"twitter:label2\" content=\"Est. reading time\" \/>\n\t<meta name=\"twitter:data2\" content=\"2 minutes\" \/>\n<script type=\"application\/ld+json\" class=\"yoast-schema-graph\">{\"@context\":\"https:\\\/\\\/schema.org\",\"@graph\":[{\"@type\":\"Article\",\"@id\":\"https:\\\/\\\/beneggiassociati.com\\\/en\\\/fattura-descrizione-generica-esclude-detrazione\\\/#article\",\"isPartOf\":{\"@id\":\"https:\\\/\\\/beneggiassociati.com\\\/en\\\/fattura-descrizione-generica-esclude-detrazione\\\/\"},\"author\":{\"name\":\"Tiziano Beneggi\",\"@id\":\"https:\\\/\\\/beneggiassociati.com\\\/en\\\/#\\\/schema\\\/person\\\/828daacfa37b359e89e981f920072004\"},\"headline\":\"Fattura, descrizione generica esclude detrazione\",\"datePublished\":\"2019-08-31T07:11:00+00:00\",\"mainEntityOfPage\":{\"@id\":\"https:\\\/\\\/beneggiassociati.com\\\/en\\\/fattura-descrizione-generica-esclude-detrazione\\\/\"},\"wordCount\":311,\"commentCount\":0,\"publisher\":{\"@id\":\"https:\\\/\\\/beneggiassociati.com\\\/en\\\/#organization\"},\"image\":{\"@id\":\"https:\\\/\\\/beneggiassociati.com\\\/en\\\/fattura-descrizione-generica-esclude-detrazione\\\/#primaryimage\"},\"thumbnailUrl\":\"https:\\\/\\\/beneggiassociati.com\\\/wp-content\\\/uploads\\\/2025\\\/07\\\/single-post-beneggi.jpg\",\"articleSection\":[\"ARCHIVIO\"],\"inLanguage\":\"en-US\"},{\"@type\":\"WebPage\",\"@id\":\"https:\\\/\\\/beneggiassociati.com\\\/en\\\/fattura-descrizione-generica-esclude-detrazione\\\/\",\"url\":\"https:\\\/\\\/beneggiassociati.com\\\/en\\\/fattura-descrizione-generica-esclude-detrazione\\\/\",\"name\":\"Fattura, descrizione generica esclude detrazione - Beneggi &amp; Associati\",\"isPartOf\":{\"@id\":\"https:\\\/\\\/beneggiassociati.com\\\/en\\\/#website\"},\"primaryImageOfPage\":{\"@id\":\"https:\\\/\\\/beneggiassociati.com\\\/en\\\/fattura-descrizione-generica-esclude-detrazione\\\/#primaryimage\"},\"image\":{\"@id\":\"https:\\\/\\\/beneggiassociati.com\\\/en\\\/fattura-descrizione-generica-esclude-detrazione\\\/#primaryimage\"},\"thumbnailUrl\":\"https:\\\/\\\/beneggiassociati.com\\\/wp-content\\\/uploads\\\/2025\\\/07\\\/single-post-beneggi.jpg\",\"datePublished\":\"2019-08-31T07:11:00+00:00\",\"description\":\"Per la Ctp Milano 2897\\\/05\\\/2019, in presenza di una fattura di acquisto riportante una descrizione generica del servizio effettuato, non pu\u00f2 essere operata\",\"breadcrumb\":{\"@id\":\"https:\\\/\\\/beneggiassociati.com\\\/en\\\/fattura-descrizione-generica-esclude-detrazione\\\/#breadcrumb\"},\"inLanguage\":\"en-US\",\"potentialAction\":[{\"@type\":\"ReadAction\",\"target\":[\"https:\\\/\\\/beneggiassociati.com\\\/en\\\/fattura-descrizione-generica-esclude-detrazione\\\/\"]}]},{\"@type\":\"ImageObject\",\"inLanguage\":\"en-US\",\"@id\":\"https:\\\/\\\/beneggiassociati.com\\\/en\\\/fattura-descrizione-generica-esclude-detrazione\\\/#primaryimage\",\"url\":\"https:\\\/\\\/beneggiassociati.com\\\/wp-content\\\/uploads\\\/2025\\\/07\\\/single-post-beneggi.jpg\",\"contentUrl\":\"https:\\\/\\\/beneggiassociati.com\\\/wp-content\\\/uploads\\\/2025\\\/07\\\/single-post-beneggi.jpg\",\"width\":1280,\"height\":823},{\"@type\":\"BreadcrumbList\",\"@id\":\"https:\\\/\\\/beneggiassociati.com\\\/en\\\/fattura-descrizione-generica-esclude-detrazione\\\/#breadcrumb\",\"itemListElement\":[{\"@type\":\"ListItem\",\"position\":1,\"name\":\"Home\",\"item\":\"https:\\\/\\\/beneggiassociati.com\\\/en\\\/?page_id=24163\"},{\"@type\":\"ListItem\",\"position\":2,\"name\":\"Fattura, descrizione generica esclude detrazione\"}]},{\"@type\":\"WebSite\",\"@id\":\"https:\\\/\\\/beneggiassociati.com\\\/en\\\/#website\",\"url\":\"https:\\\/\\\/beneggiassociati.com\\\/en\\\/\",\"name\":\"Beneggi e associati\",\"description\":\"\",\"publisher\":{\"@id\":\"https:\\\/\\\/beneggiassociati.com\\\/en\\\/#organization\"},\"potentialAction\":[{\"@type\":\"SearchAction\",\"target\":{\"@type\":\"EntryPoint\",\"urlTemplate\":\"https:\\\/\\\/beneggiassociati.com\\\/en\\\/?s={search_term_string}\"},\"query-input\":{\"@type\":\"PropertyValueSpecification\",\"valueRequired\":true,\"valueName\":\"search_term_string\"}}],\"inLanguage\":\"en-US\"},{\"@type\":\"Organization\",\"@id\":\"https:\\\/\\\/beneggiassociati.com\\\/en\\\/#organization\",\"name\":\"Beneggi e associati\",\"url\":\"https:\\\/\\\/beneggiassociati.com\\\/en\\\/\",\"logo\":{\"@type\":\"ImageObject\",\"inLanguage\":\"en-US\",\"@id\":\"https:\\\/\\\/beneggiassociati.com\\\/en\\\/#\\\/schema\\\/logo\\\/image\\\/\",\"url\":\"https:\\\/\\\/beneggiassociati.com\\\/wp-content\\\/uploads\\\/2025\\\/07\\\/beneggi-logo.png\",\"contentUrl\":\"https:\\\/\\\/beneggiassociati.com\\\/wp-content\\\/uploads\\\/2025\\\/07\\\/beneggi-logo.png\",\"width\":141,\"height\":87,\"caption\":\"Beneggi e associati\"},\"image\":{\"@id\":\"https:\\\/\\\/beneggiassociati.com\\\/en\\\/#\\\/schema\\\/logo\\\/image\\\/\"}},{\"@type\":\"Person\",\"@id\":\"https:\\\/\\\/beneggiassociati.com\\\/en\\\/#\\\/schema\\\/person\\\/828daacfa37b359e89e981f920072004\",\"name\":\"Tiziano Beneggi\",\"url\":\"https:\\\/\\\/beneggiassociati.com\\\/en\\\/author\\\/tizianobeneggiassociati-com\\\/\"}]}<\/script>\n<!-- \/ Yoast SEO plugin. -->","yoast_head_json":{"title":"Fattura, descrizione generica esclude detrazione - Beneggi &amp; Associati","description":"Per la Ctp Milano 2897\/05\/2019, in presenza di una fattura di acquisto riportante una descrizione generica del servizio effettuato, non pu\u00f2 essere operata","robots":{"index":"index","follow":"follow","max-snippet":"max-snippet:-1","max-image-preview":"max-image-preview:large","max-video-preview":"max-video-preview:-1"},"canonical":"https:\/\/beneggiassociati.com\/en\/fattura-descrizione-generica-esclude-detrazione\/","og_locale":"en_US","og_type":"article","og_title":"Fattura, descrizione generica esclude detrazione - Beneggi &amp; Associati","og_description":"Per la Ctp Milano 2897\/05\/2019, in presenza di una fattura di acquisto riportante una descrizione generica del servizio effettuato, non pu\u00f2 essere operata","og_url":"https:\/\/beneggiassociati.com\/en\/fattura-descrizione-generica-esclude-detrazione\/","og_site_name":"Beneggi &amp; Associati","article_published_time":"2019-08-31T07:11:00+00:00","og_image":[{"width":1280,"height":823,"url":"https:\/\/beneggiassociati.com\/wp-content\/uploads\/2025\/07\/single-post-beneggi.jpg","type":"image\/jpeg"}],"author":"Tiziano Beneggi","twitter_card":"summary_large_image","twitter_misc":{"Written by":"Tiziano Beneggi","Est. reading time":"2 minutes"},"schema":{"@context":"https:\/\/schema.org","@graph":[{"@type":"Article","@id":"https:\/\/beneggiassociati.com\/en\/fattura-descrizione-generica-esclude-detrazione\/#article","isPartOf":{"@id":"https:\/\/beneggiassociati.com\/en\/fattura-descrizione-generica-esclude-detrazione\/"},"author":{"name":"Tiziano Beneggi","@id":"https:\/\/beneggiassociati.com\/en\/#\/schema\/person\/828daacfa37b359e89e981f920072004"},"headline":"Fattura, descrizione generica esclude detrazione","datePublished":"2019-08-31T07:11:00+00:00","mainEntityOfPage":{"@id":"https:\/\/beneggiassociati.com\/en\/fattura-descrizione-generica-esclude-detrazione\/"},"wordCount":311,"commentCount":0,"publisher":{"@id":"https:\/\/beneggiassociati.com\/en\/#organization"},"image":{"@id":"https:\/\/beneggiassociati.com\/en\/fattura-descrizione-generica-esclude-detrazione\/#primaryimage"},"thumbnailUrl":"https:\/\/beneggiassociati.com\/wp-content\/uploads\/2025\/07\/single-post-beneggi.jpg","articleSection":["ARCHIVIO"],"inLanguage":"en-US"},{"@type":"WebPage","@id":"https:\/\/beneggiassociati.com\/en\/fattura-descrizione-generica-esclude-detrazione\/","url":"https:\/\/beneggiassociati.com\/en\/fattura-descrizione-generica-esclude-detrazione\/","name":"Fattura, descrizione generica esclude detrazione - Beneggi &amp; Associati","isPartOf":{"@id":"https:\/\/beneggiassociati.com\/en\/#website"},"primaryImageOfPage":{"@id":"https:\/\/beneggiassociati.com\/en\/fattura-descrizione-generica-esclude-detrazione\/#primaryimage"},"image":{"@id":"https:\/\/beneggiassociati.com\/en\/fattura-descrizione-generica-esclude-detrazione\/#primaryimage"},"thumbnailUrl":"https:\/\/beneggiassociati.com\/wp-content\/uploads\/2025\/07\/single-post-beneggi.jpg","datePublished":"2019-08-31T07:11:00+00:00","description":"Per la Ctp Milano 2897\/05\/2019, in presenza di una fattura di acquisto riportante una descrizione generica del servizio effettuato, non pu\u00f2 essere operata","breadcrumb":{"@id":"https:\/\/beneggiassociati.com\/en\/fattura-descrizione-generica-esclude-detrazione\/#breadcrumb"},"inLanguage":"en-US","potentialAction":[{"@type":"ReadAction","target":["https:\/\/beneggiassociati.com\/en\/fattura-descrizione-generica-esclude-detrazione\/"]}]},{"@type":"ImageObject","inLanguage":"en-US","@id":"https:\/\/beneggiassociati.com\/en\/fattura-descrizione-generica-esclude-detrazione\/#primaryimage","url":"https:\/\/beneggiassociati.com\/wp-content\/uploads\/2025\/07\/single-post-beneggi.jpg","contentUrl":"https:\/\/beneggiassociati.com\/wp-content\/uploads\/2025\/07\/single-post-beneggi.jpg","width":1280,"height":823},{"@type":"BreadcrumbList","@id":"https:\/\/beneggiassociati.com\/en\/fattura-descrizione-generica-esclude-detrazione\/#breadcrumb","itemListElement":[{"@type":"ListItem","position":1,"name":"Home","item":"https:\/\/beneggiassociati.com\/en\/?page_id=24163"},{"@type":"ListItem","position":2,"name":"Fattura, descrizione generica esclude detrazione"}]},{"@type":"WebSite","@id":"https:\/\/beneggiassociati.com\/en\/#website","url":"https:\/\/beneggiassociati.com\/en\/","name":"Beneggi e associati","description":"","publisher":{"@id":"https:\/\/beneggiassociati.com\/en\/#organization"},"potentialAction":[{"@type":"SearchAction","target":{"@type":"EntryPoint","urlTemplate":"https:\/\/beneggiassociati.com\/en\/?s={search_term_string}"},"query-input":{"@type":"PropertyValueSpecification","valueRequired":true,"valueName":"search_term_string"}}],"inLanguage":"en-US"},{"@type":"Organization","@id":"https:\/\/beneggiassociati.com\/en\/#organization","name":"Beneggi e associati","url":"https:\/\/beneggiassociati.com\/en\/","logo":{"@type":"ImageObject","inLanguage":"en-US","@id":"https:\/\/beneggiassociati.com\/en\/#\/schema\/logo\/image\/","url":"https:\/\/beneggiassociati.com\/wp-content\/uploads\/2025\/07\/beneggi-logo.png","contentUrl":"https:\/\/beneggiassociati.com\/wp-content\/uploads\/2025\/07\/beneggi-logo.png","width":141,"height":87,"caption":"Beneggi e associati"},"image":{"@id":"https:\/\/beneggiassociati.com\/en\/#\/schema\/logo\/image\/"}},{"@type":"Person","@id":"https:\/\/beneggiassociati.com\/en\/#\/schema\/person\/828daacfa37b359e89e981f920072004","name":"Tiziano Beneggi","url":"https:\/\/beneggiassociati.com\/en\/author\/tizianobeneggiassociati-com\/"}]}},"_links":{"self":[{"href":"https:\/\/beneggiassociati.com\/en\/wp-json\/wp\/v2\/posts\/16665","targetHints":{"allow":["GET"]}}],"collection":[{"href":"https:\/\/beneggiassociati.com\/en\/wp-json\/wp\/v2\/posts"}],"about":[{"href":"https:\/\/beneggiassociati.com\/en\/wp-json\/wp\/v2\/types\/post"}],"author":[{"embeddable":true,"href":"https:\/\/beneggiassociati.com\/en\/wp-json\/wp\/v2\/users\/4"}],"replies":[{"embeddable":true,"href":"https:\/\/beneggiassociati.com\/en\/wp-json\/wp\/v2\/comments?post=16665"}],"version-history":[{"count":0,"href":"https:\/\/beneggiassociati.com\/en\/wp-json\/wp\/v2\/posts\/16665\/revisions"}],"wp:featuredmedia":[{"embeddable":true,"href":"https:\/\/beneggiassociati.com\/en\/wp-json\/wp\/v2\/media\/409"}],"wp:attachment":[{"href":"https:\/\/beneggiassociati.com\/en\/wp-json\/wp\/v2\/media?parent=16665"}],"wp:term":[{"taxonomy":"category","embeddable":true,"href":"https:\/\/beneggiassociati.com\/en\/wp-json\/wp\/v2\/categories?post=16665"},{"taxonomy":"post_tag","embeddable":true,"href":"https:\/\/beneggiassociati.com\/en\/wp-json\/wp\/v2\/tags?post=16665"}],"curies":[{"name":"wp","href":"https:\/\/api.w.org\/{rel}","templated":true}]}}