{"id":16686,"date":"2019-09-11T20:32:00","date_gmt":"2019-09-11T18:32:00","guid":{"rendered":"https:\/\/dev.beneggiassociati.com\/2019\/09\/11\/critica-al-datore-di-lavoro-rispetto-verita-e-correttezza\/"},"modified":"2019-09-11T20:32:00","modified_gmt":"2019-09-11T18:32:00","slug":"critica-al-datore-di-lavoro-rispetto-verita-e-correttezza","status":"publish","type":"post","link":"https:\/\/beneggiassociati.com\/en\/critica-al-datore-di-lavoro-rispetto-verita-e-correttezza\/","title":{"rendered":"Critica al datore di lavoro, rispetto, verit\u00e0 e correttezza"},"content":{"rendered":"\n<p>L\u2019esercizio del diritto di critica del datore, costituzionalmente tutelato, incontra, nel rapporto di lavoro, limiti non dissimili da quelli previsti in generale per la manifestazione del pensiero: quello della continenza formale, relativo al modo di esposizione del pensiero critico, e quello della continenza sostanziale, attinente la veridicit\u00e0, pur valutata secondo il parametro soggettivo della verit\u00e0 percepita dall\u2019autore, dei fatti denunciati.&nbsp;<\/p>\n\n\n<p>Quel che rileva, infatti, \u00e8 l\u2019esposizione veritiera e corretta di un fatto nell\u2019esercizio del diritto di manifestazione del pensiero, sia dal punto di vista sostanziale, sia formale. I fatti narrati devono corrispondere a verit\u00e0, sia pure non assoluta ma soggettiva e, inoltre, l\u2019esposizione deve avvenire in modo misurato, cio\u00e8 deve essere contenuta negli spazi strettamente necessari all\u2019esercizio del diritto di critica. Tali limiti debbono essere valutati con particolare rigore laddove la critica sia avanzata nell\u2019ambito di una azione sindacale.<\/p>\n\n\n<p>Il diritto di critica del lavoratore nei confronti dell\u2019azienda per la quale \u00e8 impiegato ha dei limiti, violando i quali si pu\u00f2 rischiare il licenziamento per giusta causa. L\u2019esercizio di questo diritto da parte del lavoratore riguardo alle decisioni aziendali, sebbene sia garantito dall\u2019articolo 21 della Costituzione, incontra i limiti della correttezza formale imposti dall\u2019esigenza, anch\u2019essa costituzionalmente garantita, di tutela della persona umana.&nbsp;<\/p>\n\n\n<p>L\u2019esercizio del diritto di critica nei confronti del datore di lavoro, con modalit\u00e0 tali che superano i limiti del rispetto della verit\u00e0 oggettiva e si traducono in una condotta lesiva del decoro dell\u2019impresa, suscettibile di provocare con la caduta della sua immagine anche un danno economico in termini di perdita di commesse e di occasioni di lavoro, \u00e8 comportamento idoneo a ledere definitivamente la fiducia che sta alla base del rapporto di lavoro, integrando la violazione del dovere che scaturisce dall\u2019articolo 2105 del Codice civile e pu\u00f2 costituire giusta causa di licenziamento.<\/p>\n\n\n<p>La sanzione per il lavoratore che ha travalicato i limiti del diritto di critica, \u00e8, nella maggior parte dei casi, il licenziamento per giusta causa. \u00c8 molto ampio, per\u00f2, il margine di discrezionalit\u00e0 lasciato ai giudici nel valutare i modi in cui pu\u00f2 essere esercitato questo diritto.<\/p>\n\n\n<p><a href=\"mailto:info@beneggiassociati.com\" target=\"_blank\" rel=\"noreferrer noopener\"><br \/>Sei interessato all\u2019articolo? Scrivici e verrai contattato da un nostro Consultant<\/a><\/p>\n\n\n<p><a href=\"https:\/\/beneggiassociati.com\/\" target=\"_blank\" rel=\"noreferrer noopener\">@ Beneggi e Associati | Commercialisti al servizio delle imprese | Meda | Milano<\/a><br \/><\/p>\n","protected":false},"excerpt":{"rendered":"<p>L\u2019esercizio del diritto di critica del datore, costituzionalmente tutelato, incontra, nel rapporto di lavoro, limiti non dissimili da quelli previsti in generale per la manifestazione del pensiero: quello della continenza formale, relativo al modo di esposizione del pensiero critico, e quello della continenza sostanziale, attinente la veridicit\u00e0, pur valutata secondo il parametro soggettivo della verit\u00e0 [&hellip;]<\/p>\n","protected":false},"author":4,"featured_media":409,"comment_status":"open","ping_status":"open","sticky":false,"template":"","format":"standard","meta":{"_acf_changed":false,"content-type":"","footnotes":""},"categories":[16],"tags":[],"class_list":["post-16686","post","type-post","status-publish","format-standard","has-post-thumbnail","hentry","category-archivio"],"acf":[],"yoast_head":"<!-- This site is optimized with the Yoast SEO plugin v27.5 - https:\/\/yoast.com\/product\/yoast-seo-wordpress\/ -->\n<title>Critica al datore di lavoro, rispetto, verit\u00e0 e correttezza - Beneggi &amp; Associati<\/title>\n<meta name=\"description\" content=\"L\u2019esercizio del diritto di critica del datore, costituzionalmente tutelato, incontra, nel rapporto di lavoro, limiti non dissimili da quelli previsti in\" \/>\n<meta name=\"robots\" content=\"index, follow, max-snippet:-1, max-image-preview:large, max-video-preview:-1\" \/>\n<link rel=\"canonical\" href=\"https:\/\/beneggiassociati.com\/en\/critica-al-datore-di-lavoro-rispetto-verita-e-correttezza\/\" \/>\n<meta property=\"og:locale\" content=\"en_US\" \/>\n<meta property=\"og:type\" content=\"article\" \/>\n<meta property=\"og:title\" content=\"Critica al datore di lavoro, rispetto, verit\u00e0 e correttezza - Beneggi &amp; Associati\" \/>\n<meta property=\"og:description\" content=\"L\u2019esercizio del diritto di critica del datore, costituzionalmente tutelato, incontra, nel rapporto di lavoro, limiti non dissimili da quelli previsti in\" \/>\n<meta property=\"og:url\" content=\"https:\/\/beneggiassociati.com\/en\/critica-al-datore-di-lavoro-rispetto-verita-e-correttezza\/\" \/>\n<meta property=\"og:site_name\" content=\"Beneggi &amp; Associati\" \/>\n<meta property=\"article:published_time\" content=\"2019-09-11T18:32:00+00:00\" \/>\n<meta property=\"og:image\" content=\"https:\/\/beneggiassociati.com\/wp-content\/uploads\/2025\/07\/single-post-beneggi.jpg\" \/>\n\t<meta property=\"og:image:width\" content=\"1280\" \/>\n\t<meta property=\"og:image:height\" content=\"823\" \/>\n\t<meta property=\"og:image:type\" content=\"image\/jpeg\" \/>\n<meta name=\"author\" content=\"Tiziano Beneggi\" \/>\n<meta name=\"twitter:card\" content=\"summary_large_image\" \/>\n<meta name=\"twitter:label1\" content=\"Written by\" \/>\n\t<meta name=\"twitter:data1\" content=\"Tiziano Beneggi\" \/>\n\t<meta name=\"twitter:label2\" content=\"Est. reading time\" \/>\n\t<meta name=\"twitter:data2\" content=\"2 minutes\" \/>\n<script type=\"application\/ld+json\" class=\"yoast-schema-graph\">{\"@context\":\"https:\\\/\\\/schema.org\",\"@graph\":[{\"@type\":\"Article\",\"@id\":\"https:\\\/\\\/beneggiassociati.com\\\/en\\\/critica-al-datore-di-lavoro-rispetto-verita-e-correttezza\\\/#article\",\"isPartOf\":{\"@id\":\"https:\\\/\\\/beneggiassociati.com\\\/en\\\/critica-al-datore-di-lavoro-rispetto-verita-e-correttezza\\\/\"},\"author\":{\"name\":\"Tiziano Beneggi\",\"@id\":\"https:\\\/\\\/beneggiassociati.com\\\/en\\\/#\\\/schema\\\/person\\\/828daacfa37b359e89e981f920072004\"},\"headline\":\"Critica al datore di lavoro, rispetto, verit\u00e0 e correttezza\",\"datePublished\":\"2019-09-11T18:32:00+00:00\",\"mainEntityOfPage\":{\"@id\":\"https:\\\/\\\/beneggiassociati.com\\\/en\\\/critica-al-datore-di-lavoro-rispetto-verita-e-correttezza\\\/\"},\"wordCount\":382,\"commentCount\":0,\"publisher\":{\"@id\":\"https:\\\/\\\/beneggiassociati.com\\\/en\\\/#organization\"},\"image\":{\"@id\":\"https:\\\/\\\/beneggiassociati.com\\\/en\\\/critica-al-datore-di-lavoro-rispetto-verita-e-correttezza\\\/#primaryimage\"},\"thumbnailUrl\":\"https:\\\/\\\/beneggiassociati.com\\\/wp-content\\\/uploads\\\/2025\\\/07\\\/single-post-beneggi.jpg\",\"articleSection\":[\"ARCHIVIO\"],\"inLanguage\":\"en-US\"},{\"@type\":\"WebPage\",\"@id\":\"https:\\\/\\\/beneggiassociati.com\\\/en\\\/critica-al-datore-di-lavoro-rispetto-verita-e-correttezza\\\/\",\"url\":\"https:\\\/\\\/beneggiassociati.com\\\/en\\\/critica-al-datore-di-lavoro-rispetto-verita-e-correttezza\\\/\",\"name\":\"Critica al datore di lavoro, rispetto, verit\u00e0 e correttezza - Beneggi &amp; Associati\",\"isPartOf\":{\"@id\":\"https:\\\/\\\/beneggiassociati.com\\\/en\\\/#website\"},\"primaryImageOfPage\":{\"@id\":\"https:\\\/\\\/beneggiassociati.com\\\/en\\\/critica-al-datore-di-lavoro-rispetto-verita-e-correttezza\\\/#primaryimage\"},\"image\":{\"@id\":\"https:\\\/\\\/beneggiassociati.com\\\/en\\\/critica-al-datore-di-lavoro-rispetto-verita-e-correttezza\\\/#primaryimage\"},\"thumbnailUrl\":\"https:\\\/\\\/beneggiassociati.com\\\/wp-content\\\/uploads\\\/2025\\\/07\\\/single-post-beneggi.jpg\",\"datePublished\":\"2019-09-11T18:32:00+00:00\",\"description\":\"L\u2019esercizio del diritto di critica del datore, costituzionalmente tutelato, incontra, nel rapporto di lavoro, limiti non dissimili da quelli previsti in\",\"breadcrumb\":{\"@id\":\"https:\\\/\\\/beneggiassociati.com\\\/en\\\/critica-al-datore-di-lavoro-rispetto-verita-e-correttezza\\\/#breadcrumb\"},\"inLanguage\":\"en-US\",\"potentialAction\":[{\"@type\":\"ReadAction\",\"target\":[\"https:\\\/\\\/beneggiassociati.com\\\/en\\\/critica-al-datore-di-lavoro-rispetto-verita-e-correttezza\\\/\"]}]},{\"@type\":\"ImageObject\",\"inLanguage\":\"en-US\",\"@id\":\"https:\\\/\\\/beneggiassociati.com\\\/en\\\/critica-al-datore-di-lavoro-rispetto-verita-e-correttezza\\\/#primaryimage\",\"url\":\"https:\\\/\\\/beneggiassociati.com\\\/wp-content\\\/uploads\\\/2025\\\/07\\\/single-post-beneggi.jpg\",\"contentUrl\":\"https:\\\/\\\/beneggiassociati.com\\\/wp-content\\\/uploads\\\/2025\\\/07\\\/single-post-beneggi.jpg\",\"width\":1280,\"height\":823},{\"@type\":\"BreadcrumbList\",\"@id\":\"https:\\\/\\\/beneggiassociati.com\\\/en\\\/critica-al-datore-di-lavoro-rispetto-verita-e-correttezza\\\/#breadcrumb\",\"itemListElement\":[{\"@type\":\"ListItem\",\"position\":1,\"name\":\"Home\",\"item\":\"https:\\\/\\\/beneggiassociati.com\\\/en\\\/?page_id=24163\"},{\"@type\":\"ListItem\",\"position\":2,\"name\":\"Critica al datore di lavoro, rispetto, verit\u00e0 e correttezza\"}]},{\"@type\":\"WebSite\",\"@id\":\"https:\\\/\\\/beneggiassociati.com\\\/en\\\/#website\",\"url\":\"https:\\\/\\\/beneggiassociati.com\\\/en\\\/\",\"name\":\"Beneggi e associati\",\"description\":\"\",\"publisher\":{\"@id\":\"https:\\\/\\\/beneggiassociati.com\\\/en\\\/#organization\"},\"potentialAction\":[{\"@type\":\"SearchAction\",\"target\":{\"@type\":\"EntryPoint\",\"urlTemplate\":\"https:\\\/\\\/beneggiassociati.com\\\/en\\\/?s={search_term_string}\"},\"query-input\":{\"@type\":\"PropertyValueSpecification\",\"valueRequired\":true,\"valueName\":\"search_term_string\"}}],\"inLanguage\":\"en-US\"},{\"@type\":\"Organization\",\"@id\":\"https:\\\/\\\/beneggiassociati.com\\\/en\\\/#organization\",\"name\":\"Beneggi e associati\",\"url\":\"https:\\\/\\\/beneggiassociati.com\\\/en\\\/\",\"logo\":{\"@type\":\"ImageObject\",\"inLanguage\":\"en-US\",\"@id\":\"https:\\\/\\\/beneggiassociati.com\\\/en\\\/#\\\/schema\\\/logo\\\/image\\\/\",\"url\":\"https:\\\/\\\/beneggiassociati.com\\\/wp-content\\\/uploads\\\/2025\\\/07\\\/beneggi-logo.png\",\"contentUrl\":\"https:\\\/\\\/beneggiassociati.com\\\/wp-content\\\/uploads\\\/2025\\\/07\\\/beneggi-logo.png\",\"width\":141,\"height\":87,\"caption\":\"Beneggi e associati\"},\"image\":{\"@id\":\"https:\\\/\\\/beneggiassociati.com\\\/en\\\/#\\\/schema\\\/logo\\\/image\\\/\"}},{\"@type\":\"Person\",\"@id\":\"https:\\\/\\\/beneggiassociati.com\\\/en\\\/#\\\/schema\\\/person\\\/828daacfa37b359e89e981f920072004\",\"name\":\"Tiziano Beneggi\",\"url\":\"https:\\\/\\\/beneggiassociati.com\\\/en\\\/author\\\/tizianobeneggiassociati-com\\\/\"}]}<\/script>\n<!-- \/ Yoast SEO plugin. -->","yoast_head_json":{"title":"Critica al datore di lavoro, rispetto, verit\u00e0 e correttezza - Beneggi &amp; Associati","description":"L\u2019esercizio del diritto di critica del datore, costituzionalmente tutelato, incontra, nel rapporto di lavoro, limiti non dissimili da quelli previsti in","robots":{"index":"index","follow":"follow","max-snippet":"max-snippet:-1","max-image-preview":"max-image-preview:large","max-video-preview":"max-video-preview:-1"},"canonical":"https:\/\/beneggiassociati.com\/en\/critica-al-datore-di-lavoro-rispetto-verita-e-correttezza\/","og_locale":"en_US","og_type":"article","og_title":"Critica al datore di lavoro, rispetto, verit\u00e0 e correttezza - Beneggi &amp; Associati","og_description":"L\u2019esercizio del diritto di critica del datore, costituzionalmente tutelato, incontra, nel rapporto di lavoro, limiti non dissimili da quelli previsti in","og_url":"https:\/\/beneggiassociati.com\/en\/critica-al-datore-di-lavoro-rispetto-verita-e-correttezza\/","og_site_name":"Beneggi &amp; Associati","article_published_time":"2019-09-11T18:32:00+00:00","og_image":[{"width":1280,"height":823,"url":"https:\/\/beneggiassociati.com\/wp-content\/uploads\/2025\/07\/single-post-beneggi.jpg","type":"image\/jpeg"}],"author":"Tiziano Beneggi","twitter_card":"summary_large_image","twitter_misc":{"Written by":"Tiziano Beneggi","Est. reading time":"2 minutes"},"schema":{"@context":"https:\/\/schema.org","@graph":[{"@type":"Article","@id":"https:\/\/beneggiassociati.com\/en\/critica-al-datore-di-lavoro-rispetto-verita-e-correttezza\/#article","isPartOf":{"@id":"https:\/\/beneggiassociati.com\/en\/critica-al-datore-di-lavoro-rispetto-verita-e-correttezza\/"},"author":{"name":"Tiziano Beneggi","@id":"https:\/\/beneggiassociati.com\/en\/#\/schema\/person\/828daacfa37b359e89e981f920072004"},"headline":"Critica al datore di lavoro, rispetto, verit\u00e0 e correttezza","datePublished":"2019-09-11T18:32:00+00:00","mainEntityOfPage":{"@id":"https:\/\/beneggiassociati.com\/en\/critica-al-datore-di-lavoro-rispetto-verita-e-correttezza\/"},"wordCount":382,"commentCount":0,"publisher":{"@id":"https:\/\/beneggiassociati.com\/en\/#organization"},"image":{"@id":"https:\/\/beneggiassociati.com\/en\/critica-al-datore-di-lavoro-rispetto-verita-e-correttezza\/#primaryimage"},"thumbnailUrl":"https:\/\/beneggiassociati.com\/wp-content\/uploads\/2025\/07\/single-post-beneggi.jpg","articleSection":["ARCHIVIO"],"inLanguage":"en-US"},{"@type":"WebPage","@id":"https:\/\/beneggiassociati.com\/en\/critica-al-datore-di-lavoro-rispetto-verita-e-correttezza\/","url":"https:\/\/beneggiassociati.com\/en\/critica-al-datore-di-lavoro-rispetto-verita-e-correttezza\/","name":"Critica al datore di lavoro, rispetto, verit\u00e0 e correttezza - Beneggi &amp; Associati","isPartOf":{"@id":"https:\/\/beneggiassociati.com\/en\/#website"},"primaryImageOfPage":{"@id":"https:\/\/beneggiassociati.com\/en\/critica-al-datore-di-lavoro-rispetto-verita-e-correttezza\/#primaryimage"},"image":{"@id":"https:\/\/beneggiassociati.com\/en\/critica-al-datore-di-lavoro-rispetto-verita-e-correttezza\/#primaryimage"},"thumbnailUrl":"https:\/\/beneggiassociati.com\/wp-content\/uploads\/2025\/07\/single-post-beneggi.jpg","datePublished":"2019-09-11T18:32:00+00:00","description":"L\u2019esercizio del diritto di critica del datore, costituzionalmente tutelato, incontra, nel rapporto di lavoro, limiti non dissimili da quelli previsti in","breadcrumb":{"@id":"https:\/\/beneggiassociati.com\/en\/critica-al-datore-di-lavoro-rispetto-verita-e-correttezza\/#breadcrumb"},"inLanguage":"en-US","potentialAction":[{"@type":"ReadAction","target":["https:\/\/beneggiassociati.com\/en\/critica-al-datore-di-lavoro-rispetto-verita-e-correttezza\/"]}]},{"@type":"ImageObject","inLanguage":"en-US","@id":"https:\/\/beneggiassociati.com\/en\/critica-al-datore-di-lavoro-rispetto-verita-e-correttezza\/#primaryimage","url":"https:\/\/beneggiassociati.com\/wp-content\/uploads\/2025\/07\/single-post-beneggi.jpg","contentUrl":"https:\/\/beneggiassociati.com\/wp-content\/uploads\/2025\/07\/single-post-beneggi.jpg","width":1280,"height":823},{"@type":"BreadcrumbList","@id":"https:\/\/beneggiassociati.com\/en\/critica-al-datore-di-lavoro-rispetto-verita-e-correttezza\/#breadcrumb","itemListElement":[{"@type":"ListItem","position":1,"name":"Home","item":"https:\/\/beneggiassociati.com\/en\/?page_id=24163"},{"@type":"ListItem","position":2,"name":"Critica al datore di lavoro, rispetto, verit\u00e0 e correttezza"}]},{"@type":"WebSite","@id":"https:\/\/beneggiassociati.com\/en\/#website","url":"https:\/\/beneggiassociati.com\/en\/","name":"Beneggi e associati","description":"","publisher":{"@id":"https:\/\/beneggiassociati.com\/en\/#organization"},"potentialAction":[{"@type":"SearchAction","target":{"@type":"EntryPoint","urlTemplate":"https:\/\/beneggiassociati.com\/en\/?s={search_term_string}"},"query-input":{"@type":"PropertyValueSpecification","valueRequired":true,"valueName":"search_term_string"}}],"inLanguage":"en-US"},{"@type":"Organization","@id":"https:\/\/beneggiassociati.com\/en\/#organization","name":"Beneggi e associati","url":"https:\/\/beneggiassociati.com\/en\/","logo":{"@type":"ImageObject","inLanguage":"en-US","@id":"https:\/\/beneggiassociati.com\/en\/#\/schema\/logo\/image\/","url":"https:\/\/beneggiassociati.com\/wp-content\/uploads\/2025\/07\/beneggi-logo.png","contentUrl":"https:\/\/beneggiassociati.com\/wp-content\/uploads\/2025\/07\/beneggi-logo.png","width":141,"height":87,"caption":"Beneggi e associati"},"image":{"@id":"https:\/\/beneggiassociati.com\/en\/#\/schema\/logo\/image\/"}},{"@type":"Person","@id":"https:\/\/beneggiassociati.com\/en\/#\/schema\/person\/828daacfa37b359e89e981f920072004","name":"Tiziano Beneggi","url":"https:\/\/beneggiassociati.com\/en\/author\/tizianobeneggiassociati-com\/"}]}},"_links":{"self":[{"href":"https:\/\/beneggiassociati.com\/en\/wp-json\/wp\/v2\/posts\/16686","targetHints":{"allow":["GET"]}}],"collection":[{"href":"https:\/\/beneggiassociati.com\/en\/wp-json\/wp\/v2\/posts"}],"about":[{"href":"https:\/\/beneggiassociati.com\/en\/wp-json\/wp\/v2\/types\/post"}],"author":[{"embeddable":true,"href":"https:\/\/beneggiassociati.com\/en\/wp-json\/wp\/v2\/users\/4"}],"replies":[{"embeddable":true,"href":"https:\/\/beneggiassociati.com\/en\/wp-json\/wp\/v2\/comments?post=16686"}],"version-history":[{"count":0,"href":"https:\/\/beneggiassociati.com\/en\/wp-json\/wp\/v2\/posts\/16686\/revisions"}],"wp:featuredmedia":[{"embeddable":true,"href":"https:\/\/beneggiassociati.com\/en\/wp-json\/wp\/v2\/media\/409"}],"wp:attachment":[{"href":"https:\/\/beneggiassociati.com\/en\/wp-json\/wp\/v2\/media?parent=16686"}],"wp:term":[{"taxonomy":"category","embeddable":true,"href":"https:\/\/beneggiassociati.com\/en\/wp-json\/wp\/v2\/categories?post=16686"},{"taxonomy":"post_tag","embeddable":true,"href":"https:\/\/beneggiassociati.com\/en\/wp-json\/wp\/v2\/tags?post=16686"}],"curies":[{"name":"wp","href":"https:\/\/api.w.org\/{rel}","templated":true}]}}