{"id":16702,"date":"2019-09-11T20:49:00","date_gmt":"2019-09-11T18:49:00","guid":{"rendered":"https:\/\/dev.beneggiassociati.com\/2019\/09\/11\/contratto-a-termine-illegittimo-il-recesso-ante-tempus\/"},"modified":"2019-09-11T20:49:00","modified_gmt":"2019-09-11T18:49:00","slug":"contratto-a-termine-illegittimo-il-recesso-ante-tempus","status":"publish","type":"post","link":"https:\/\/beneggiassociati.com\/en\/contratto-a-termine-illegittimo-il-recesso-ante-tempus\/","title":{"rendered":"Contratto a termine, illegittimo il recesso ante tempus"},"content":{"rendered":"\n<p>L&#8217;indennit\u00e0 ex art. 32, comma 5, l. n. 183\/2010, ha la funzione di ristorare il lavoratore durante il periodo cd. intermedio, vale a dire quello che intercorre dalla scadenza del termine fino alla sentenza che accerta la nullit\u00e0 dello stesso e dichiara la conversione del rapporto.&nbsp;<\/p>\n\n\n<p>Conseguentemente, nell&#8217;ipotesi in cui il lavoratore rassegni le proprie dimissioni prima della scadenza naturale del termine, non avr\u00e0 diritto all&#8217;indennizzo ex art. 32, comma 5, atteso che il rapporto di lavoro si \u00e8 interrotto per volont\u00e0 del lavoratore e, dunque, manca il periodo cd. intermedio risarcibile per fatto imputabile al datore di lavoro.<\/p>\n\n\n<p><a href=\"mailto:info@beneggiassociati.com\" target=\"_blank\" rel=\"noreferrer noopener\"><br \/>Sei interessato all\u2019articolo? Scrivici e verrai contattato da un nostro Consultant<\/a><\/p>\n\n\n<p><a href=\"https:\/\/beneggiassociati.com\/\" target=\"_blank\" rel=\"noreferrer noopener\">@ Beneggi e Associati | Commercialisti al servizio delle imprese | Meda | Milano<\/a><br \/><\/p>\n","protected":false},"excerpt":{"rendered":"<p>L&#8217;indennit\u00e0 ex art. 32, comma 5, l. n. 183\/2010, ha la funzione di ristorare il lavoratore durante il periodo cd. intermedio, vale a dire quello che intercorre dalla scadenza del termine fino alla sentenza che accerta la nullit\u00e0 dello stesso e dichiara la conversione del rapporto.&nbsp; Conseguentemente, nell&#8217;ipotesi in cui il lavoratore rassegni le proprie [&hellip;]<\/p>\n","protected":false},"author":4,"featured_media":409,"comment_status":"open","ping_status":"open","sticky":false,"template":"","format":"standard","meta":{"_acf_changed":false,"content-type":"","footnotes":""},"categories":[16],"tags":[],"class_list":["post-16702","post","type-post","status-publish","format-standard","has-post-thumbnail","hentry","category-archivio"],"acf":[],"yoast_head":"<!-- This site is optimized with the Yoast SEO plugin v27.5 - https:\/\/yoast.com\/product\/yoast-seo-wordpress\/ -->\n<title>Contratto a termine, illegittimo il recesso ante tempus - Beneggi &amp; Associati<\/title>\n<meta name=\"description\" content=\"L&#039;indennit\u00e0 ex art. 32, comma 5, l. n. 183\/2010, ha la funzione di ristorare il lavoratore durante il periodo cd. intermedio, vale a dire quello che\" \/>\n<meta name=\"robots\" content=\"index, follow, max-snippet:-1, max-image-preview:large, max-video-preview:-1\" \/>\n<link rel=\"canonical\" href=\"https:\/\/beneggiassociati.com\/en\/contratto-a-termine-illegittimo-il-recesso-ante-tempus\/\" \/>\n<meta property=\"og:locale\" content=\"en_US\" \/>\n<meta property=\"og:type\" content=\"article\" \/>\n<meta property=\"og:title\" content=\"Contratto a termine, illegittimo il recesso ante tempus - Beneggi &amp; Associati\" \/>\n<meta property=\"og:description\" content=\"L&#039;indennit\u00e0 ex art. 32, comma 5, l. n. 183\/2010, ha la funzione di ristorare il lavoratore durante il periodo cd. intermedio, vale a dire quello che\" \/>\n<meta property=\"og:url\" content=\"https:\/\/beneggiassociati.com\/en\/contratto-a-termine-illegittimo-il-recesso-ante-tempus\/\" \/>\n<meta property=\"og:site_name\" content=\"Beneggi &amp; Associati\" \/>\n<meta property=\"article:published_time\" content=\"2019-09-11T18:49:00+00:00\" \/>\n<meta property=\"og:image\" content=\"https:\/\/beneggiassociati.com\/wp-content\/uploads\/2025\/07\/single-post-beneggi.jpg\" \/>\n\t<meta property=\"og:image:width\" content=\"1280\" \/>\n\t<meta property=\"og:image:height\" content=\"823\" \/>\n\t<meta property=\"og:image:type\" content=\"image\/jpeg\" \/>\n<meta name=\"author\" content=\"Tiziano Beneggi\" \/>\n<meta name=\"twitter:card\" content=\"summary_large_image\" \/>\n<meta name=\"twitter:label1\" content=\"Written by\" \/>\n\t<meta name=\"twitter:data1\" content=\"Tiziano Beneggi\" \/>\n\t<meta name=\"twitter:label2\" content=\"Est. reading time\" \/>\n\t<meta name=\"twitter:data2\" content=\"1 minute\" \/>\n<script type=\"application\/ld+json\" class=\"yoast-schema-graph\">{\"@context\":\"https:\\\/\\\/schema.org\",\"@graph\":[{\"@type\":\"Article\",\"@id\":\"https:\\\/\\\/beneggiassociati.com\\\/en\\\/contratto-a-termine-illegittimo-il-recesso-ante-tempus\\\/#article\",\"isPartOf\":{\"@id\":\"https:\\\/\\\/beneggiassociati.com\\\/en\\\/contratto-a-termine-illegittimo-il-recesso-ante-tempus\\\/\"},\"author\":{\"name\":\"Tiziano Beneggi\",\"@id\":\"https:\\\/\\\/beneggiassociati.com\\\/en\\\/#\\\/schema\\\/person\\\/828daacfa37b359e89e981f920072004\"},\"headline\":\"Contratto a termine, illegittimo il recesso ante tempus\",\"datePublished\":\"2019-09-11T18:49:00+00:00\",\"mainEntityOfPage\":{\"@id\":\"https:\\\/\\\/beneggiassociati.com\\\/en\\\/contratto-a-termine-illegittimo-il-recesso-ante-tempus\\\/\"},\"wordCount\":127,\"commentCount\":0,\"publisher\":{\"@id\":\"https:\\\/\\\/beneggiassociati.com\\\/en\\\/#organization\"},\"image\":{\"@id\":\"https:\\\/\\\/beneggiassociati.com\\\/en\\\/contratto-a-termine-illegittimo-il-recesso-ante-tempus\\\/#primaryimage\"},\"thumbnailUrl\":\"https:\\\/\\\/beneggiassociati.com\\\/wp-content\\\/uploads\\\/2025\\\/07\\\/single-post-beneggi.jpg\",\"articleSection\":[\"ARCHIVIO\"],\"inLanguage\":\"en-US\"},{\"@type\":\"WebPage\",\"@id\":\"https:\\\/\\\/beneggiassociati.com\\\/en\\\/contratto-a-termine-illegittimo-il-recesso-ante-tempus\\\/\",\"url\":\"https:\\\/\\\/beneggiassociati.com\\\/en\\\/contratto-a-termine-illegittimo-il-recesso-ante-tempus\\\/\",\"name\":\"Contratto a termine, illegittimo il recesso ante tempus - Beneggi &amp; Associati\",\"isPartOf\":{\"@id\":\"https:\\\/\\\/beneggiassociati.com\\\/en\\\/#website\"},\"primaryImageOfPage\":{\"@id\":\"https:\\\/\\\/beneggiassociati.com\\\/en\\\/contratto-a-termine-illegittimo-il-recesso-ante-tempus\\\/#primaryimage\"},\"image\":{\"@id\":\"https:\\\/\\\/beneggiassociati.com\\\/en\\\/contratto-a-termine-illegittimo-il-recesso-ante-tempus\\\/#primaryimage\"},\"thumbnailUrl\":\"https:\\\/\\\/beneggiassociati.com\\\/wp-content\\\/uploads\\\/2025\\\/07\\\/single-post-beneggi.jpg\",\"datePublished\":\"2019-09-11T18:49:00+00:00\",\"description\":\"L'indennit\u00e0 ex art. 32, comma 5, l. n. 183\\\/2010, ha la funzione di ristorare il lavoratore durante il periodo cd. intermedio, vale a dire quello che\",\"breadcrumb\":{\"@id\":\"https:\\\/\\\/beneggiassociati.com\\\/en\\\/contratto-a-termine-illegittimo-il-recesso-ante-tempus\\\/#breadcrumb\"},\"inLanguage\":\"en-US\",\"potentialAction\":[{\"@type\":\"ReadAction\",\"target\":[\"https:\\\/\\\/beneggiassociati.com\\\/en\\\/contratto-a-termine-illegittimo-il-recesso-ante-tempus\\\/\"]}]},{\"@type\":\"ImageObject\",\"inLanguage\":\"en-US\",\"@id\":\"https:\\\/\\\/beneggiassociati.com\\\/en\\\/contratto-a-termine-illegittimo-il-recesso-ante-tempus\\\/#primaryimage\",\"url\":\"https:\\\/\\\/beneggiassociati.com\\\/wp-content\\\/uploads\\\/2025\\\/07\\\/single-post-beneggi.jpg\",\"contentUrl\":\"https:\\\/\\\/beneggiassociati.com\\\/wp-content\\\/uploads\\\/2025\\\/07\\\/single-post-beneggi.jpg\",\"width\":1280,\"height\":823},{\"@type\":\"BreadcrumbList\",\"@id\":\"https:\\\/\\\/beneggiassociati.com\\\/en\\\/contratto-a-termine-illegittimo-il-recesso-ante-tempus\\\/#breadcrumb\",\"itemListElement\":[{\"@type\":\"ListItem\",\"position\":1,\"name\":\"Home\",\"item\":\"https:\\\/\\\/beneggiassociati.com\\\/en\\\/?page_id=24163\"},{\"@type\":\"ListItem\",\"position\":2,\"name\":\"Contratto a termine, illegittimo il recesso ante tempus\"}]},{\"@type\":\"WebSite\",\"@id\":\"https:\\\/\\\/beneggiassociati.com\\\/en\\\/#website\",\"url\":\"https:\\\/\\\/beneggiassociati.com\\\/en\\\/\",\"name\":\"Beneggi e associati\",\"description\":\"\",\"publisher\":{\"@id\":\"https:\\\/\\\/beneggiassociati.com\\\/en\\\/#organization\"},\"potentialAction\":[{\"@type\":\"SearchAction\",\"target\":{\"@type\":\"EntryPoint\",\"urlTemplate\":\"https:\\\/\\\/beneggiassociati.com\\\/en\\\/?s={search_term_string}\"},\"query-input\":{\"@type\":\"PropertyValueSpecification\",\"valueRequired\":true,\"valueName\":\"search_term_string\"}}],\"inLanguage\":\"en-US\"},{\"@type\":\"Organization\",\"@id\":\"https:\\\/\\\/beneggiassociati.com\\\/en\\\/#organization\",\"name\":\"Beneggi e associati\",\"url\":\"https:\\\/\\\/beneggiassociati.com\\\/en\\\/\",\"logo\":{\"@type\":\"ImageObject\",\"inLanguage\":\"en-US\",\"@id\":\"https:\\\/\\\/beneggiassociati.com\\\/en\\\/#\\\/schema\\\/logo\\\/image\\\/\",\"url\":\"https:\\\/\\\/beneggiassociati.com\\\/wp-content\\\/uploads\\\/2025\\\/07\\\/beneggi-logo.png\",\"contentUrl\":\"https:\\\/\\\/beneggiassociati.com\\\/wp-content\\\/uploads\\\/2025\\\/07\\\/beneggi-logo.png\",\"width\":141,\"height\":87,\"caption\":\"Beneggi e associati\"},\"image\":{\"@id\":\"https:\\\/\\\/beneggiassociati.com\\\/en\\\/#\\\/schema\\\/logo\\\/image\\\/\"}},{\"@type\":\"Person\",\"@id\":\"https:\\\/\\\/beneggiassociati.com\\\/en\\\/#\\\/schema\\\/person\\\/828daacfa37b359e89e981f920072004\",\"name\":\"Tiziano Beneggi\",\"url\":\"https:\\\/\\\/beneggiassociati.com\\\/en\\\/author\\\/tizianobeneggiassociati-com\\\/\"}]}<\/script>\n<!-- \/ Yoast SEO plugin. -->","yoast_head_json":{"title":"Contratto a termine, illegittimo il recesso ante tempus - Beneggi &amp; Associati","description":"L'indennit\u00e0 ex art. 32, comma 5, l. n. 183\/2010, ha la funzione di ristorare il lavoratore durante il periodo cd. intermedio, vale a dire quello che","robots":{"index":"index","follow":"follow","max-snippet":"max-snippet:-1","max-image-preview":"max-image-preview:large","max-video-preview":"max-video-preview:-1"},"canonical":"https:\/\/beneggiassociati.com\/en\/contratto-a-termine-illegittimo-il-recesso-ante-tempus\/","og_locale":"en_US","og_type":"article","og_title":"Contratto a termine, illegittimo il recesso ante tempus - Beneggi &amp; Associati","og_description":"L'indennit\u00e0 ex art. 32, comma 5, l. n. 183\/2010, ha la funzione di ristorare il lavoratore durante il periodo cd. intermedio, vale a dire quello che","og_url":"https:\/\/beneggiassociati.com\/en\/contratto-a-termine-illegittimo-il-recesso-ante-tempus\/","og_site_name":"Beneggi &amp; Associati","article_published_time":"2019-09-11T18:49:00+00:00","og_image":[{"width":1280,"height":823,"url":"https:\/\/beneggiassociati.com\/wp-content\/uploads\/2025\/07\/single-post-beneggi.jpg","type":"image\/jpeg"}],"author":"Tiziano Beneggi","twitter_card":"summary_large_image","twitter_misc":{"Written by":"Tiziano Beneggi","Est. reading time":"1 minute"},"schema":{"@context":"https:\/\/schema.org","@graph":[{"@type":"Article","@id":"https:\/\/beneggiassociati.com\/en\/contratto-a-termine-illegittimo-il-recesso-ante-tempus\/#article","isPartOf":{"@id":"https:\/\/beneggiassociati.com\/en\/contratto-a-termine-illegittimo-il-recesso-ante-tempus\/"},"author":{"name":"Tiziano Beneggi","@id":"https:\/\/beneggiassociati.com\/en\/#\/schema\/person\/828daacfa37b359e89e981f920072004"},"headline":"Contratto a termine, illegittimo il recesso ante tempus","datePublished":"2019-09-11T18:49:00+00:00","mainEntityOfPage":{"@id":"https:\/\/beneggiassociati.com\/en\/contratto-a-termine-illegittimo-il-recesso-ante-tempus\/"},"wordCount":127,"commentCount":0,"publisher":{"@id":"https:\/\/beneggiassociati.com\/en\/#organization"},"image":{"@id":"https:\/\/beneggiassociati.com\/en\/contratto-a-termine-illegittimo-il-recesso-ante-tempus\/#primaryimage"},"thumbnailUrl":"https:\/\/beneggiassociati.com\/wp-content\/uploads\/2025\/07\/single-post-beneggi.jpg","articleSection":["ARCHIVIO"],"inLanguage":"en-US"},{"@type":"WebPage","@id":"https:\/\/beneggiassociati.com\/en\/contratto-a-termine-illegittimo-il-recesso-ante-tempus\/","url":"https:\/\/beneggiassociati.com\/en\/contratto-a-termine-illegittimo-il-recesso-ante-tempus\/","name":"Contratto a termine, illegittimo il recesso ante tempus - Beneggi &amp; Associati","isPartOf":{"@id":"https:\/\/beneggiassociati.com\/en\/#website"},"primaryImageOfPage":{"@id":"https:\/\/beneggiassociati.com\/en\/contratto-a-termine-illegittimo-il-recesso-ante-tempus\/#primaryimage"},"image":{"@id":"https:\/\/beneggiassociati.com\/en\/contratto-a-termine-illegittimo-il-recesso-ante-tempus\/#primaryimage"},"thumbnailUrl":"https:\/\/beneggiassociati.com\/wp-content\/uploads\/2025\/07\/single-post-beneggi.jpg","datePublished":"2019-09-11T18:49:00+00:00","description":"L'indennit\u00e0 ex art. 32, comma 5, l. n. 183\/2010, ha la funzione di ristorare il lavoratore durante il periodo cd. intermedio, vale a dire quello che","breadcrumb":{"@id":"https:\/\/beneggiassociati.com\/en\/contratto-a-termine-illegittimo-il-recesso-ante-tempus\/#breadcrumb"},"inLanguage":"en-US","potentialAction":[{"@type":"ReadAction","target":["https:\/\/beneggiassociati.com\/en\/contratto-a-termine-illegittimo-il-recesso-ante-tempus\/"]}]},{"@type":"ImageObject","inLanguage":"en-US","@id":"https:\/\/beneggiassociati.com\/en\/contratto-a-termine-illegittimo-il-recesso-ante-tempus\/#primaryimage","url":"https:\/\/beneggiassociati.com\/wp-content\/uploads\/2025\/07\/single-post-beneggi.jpg","contentUrl":"https:\/\/beneggiassociati.com\/wp-content\/uploads\/2025\/07\/single-post-beneggi.jpg","width":1280,"height":823},{"@type":"BreadcrumbList","@id":"https:\/\/beneggiassociati.com\/en\/contratto-a-termine-illegittimo-il-recesso-ante-tempus\/#breadcrumb","itemListElement":[{"@type":"ListItem","position":1,"name":"Home","item":"https:\/\/beneggiassociati.com\/en\/?page_id=24163"},{"@type":"ListItem","position":2,"name":"Contratto a termine, illegittimo il recesso ante tempus"}]},{"@type":"WebSite","@id":"https:\/\/beneggiassociati.com\/en\/#website","url":"https:\/\/beneggiassociati.com\/en\/","name":"Beneggi e associati","description":"","publisher":{"@id":"https:\/\/beneggiassociati.com\/en\/#organization"},"potentialAction":[{"@type":"SearchAction","target":{"@type":"EntryPoint","urlTemplate":"https:\/\/beneggiassociati.com\/en\/?s={search_term_string}"},"query-input":{"@type":"PropertyValueSpecification","valueRequired":true,"valueName":"search_term_string"}}],"inLanguage":"en-US"},{"@type":"Organization","@id":"https:\/\/beneggiassociati.com\/en\/#organization","name":"Beneggi e associati","url":"https:\/\/beneggiassociati.com\/en\/","logo":{"@type":"ImageObject","inLanguage":"en-US","@id":"https:\/\/beneggiassociati.com\/en\/#\/schema\/logo\/image\/","url":"https:\/\/beneggiassociati.com\/wp-content\/uploads\/2025\/07\/beneggi-logo.png","contentUrl":"https:\/\/beneggiassociati.com\/wp-content\/uploads\/2025\/07\/beneggi-logo.png","width":141,"height":87,"caption":"Beneggi e associati"},"image":{"@id":"https:\/\/beneggiassociati.com\/en\/#\/schema\/logo\/image\/"}},{"@type":"Person","@id":"https:\/\/beneggiassociati.com\/en\/#\/schema\/person\/828daacfa37b359e89e981f920072004","name":"Tiziano Beneggi","url":"https:\/\/beneggiassociati.com\/en\/author\/tizianobeneggiassociati-com\/"}]}},"_links":{"self":[{"href":"https:\/\/beneggiassociati.com\/en\/wp-json\/wp\/v2\/posts\/16702","targetHints":{"allow":["GET"]}}],"collection":[{"href":"https:\/\/beneggiassociati.com\/en\/wp-json\/wp\/v2\/posts"}],"about":[{"href":"https:\/\/beneggiassociati.com\/en\/wp-json\/wp\/v2\/types\/post"}],"author":[{"embeddable":true,"href":"https:\/\/beneggiassociati.com\/en\/wp-json\/wp\/v2\/users\/4"}],"replies":[{"embeddable":true,"href":"https:\/\/beneggiassociati.com\/en\/wp-json\/wp\/v2\/comments?post=16702"}],"version-history":[{"count":0,"href":"https:\/\/beneggiassociati.com\/en\/wp-json\/wp\/v2\/posts\/16702\/revisions"}],"wp:featuredmedia":[{"embeddable":true,"href":"https:\/\/beneggiassociati.com\/en\/wp-json\/wp\/v2\/media\/409"}],"wp:attachment":[{"href":"https:\/\/beneggiassociati.com\/en\/wp-json\/wp\/v2\/media?parent=16702"}],"wp:term":[{"taxonomy":"category","embeddable":true,"href":"https:\/\/beneggiassociati.com\/en\/wp-json\/wp\/v2\/categories?post=16702"},{"taxonomy":"post_tag","embeddable":true,"href":"https:\/\/beneggiassociati.com\/en\/wp-json\/wp\/v2\/tags?post=16702"}],"curies":[{"name":"wp","href":"https:\/\/api.w.org\/{rel}","templated":true}]}}