{"id":16737,"date":"2019-09-28T16:21:00","date_gmt":"2019-09-28T14:21:00","guid":{"rendered":"https:\/\/dev.beneggiassociati.com\/2019\/09\/28\/erasmus-plus-aiuto-i-giovani-imprenditori\/"},"modified":"2019-09-28T16:21:00","modified_gmt":"2019-09-28T14:21:00","slug":"erasmus-plus-aiuto-i-giovani-imprenditori","status":"publish","type":"post","link":"https:\/\/beneggiassociati.com\/en\/erasmus-plus-aiuto-i-giovani-imprenditori\/","title":{"rendered":"Erasmus plus, aiuto i giovani imprenditori"},"content":{"rendered":"\n<p>L\u2019auto-impiego viene visto dall\u2019Unione europea come una risposta concreta alle difficolt\u00e0 di ingresso nel mercato del lavoro: tuttavia, solamente lo 0,3 % dei giovani gestisce una propria impresa.&nbsp;<\/p>\n\n\n<p>Il bando Erasmus Plus per i partenariati strategici nel settore della giovent\u00f9 fornisce alle organizzazioni attive nel settore della giovent\u00f9, nonch\u00e9 alle imprese, agli enti pubblici, alle organizzazioni della societ\u00e0 civile attive in diversi settori socio-economici, l\u2019opportunit\u00e0 di cooperare per attuare pratiche innovative che portino al raggiungimento di questi obiettivi: rafforzare l\u2019occupazione giovanile; facilitare la transizione e integrazione nel mercato del lavoro; promuovere l\u2019educazione imprenditoriale e l\u2019autoimpiego tra i giovani.&nbsp;<\/p>\n\n\n<p>I progetti sono suddivisi in partenariati per lo scambio di buone pratiche e partenariati per l\u2019innovazione, con budget compreso tra 150mila e 450mila euro e partenariato composto da almeno tre organizzazioni provenienti da tre paesi diversi.&nbsp;<\/p>\n\n\n<p>I progetti devono proporre soluzioni innovative, volte all\u2019inclusione dei giovani che hanno minori opportunit\u00e0 e allo sviluppo delle competenze di questo specifico target. Devono inoltre sviluppare nuovi metodi formativi che permettano a gruppi di giovani di mettere in pratica specifiche idee imprenditoriali.&nbsp;<\/p>\n\n\n<p>Questi temi appaiono particolarmente interessanti e sono stati gi\u00e0 stati oggetto di precedenti bandi Erasmus Plus: a solo titolo di esempio, si menziona il progetto \u00abYouth Re Working Rural\u00bb (<a href=\"http:\/\/www.youthreworking\/\">www.youthreworking<\/a>.eu), che ha permesso ad un gruppo di giovani provenienti da diverse aree rurali europee di acquisire competenze imprenditoriali lavorando alla riconversione di spazi abbandonati ed alla creazione di spazi di co-working.<\/p>\n\n\n<p><a href=\"mailto:info@beneggiassociati.com\" target=\"_blank\" rel=\"noreferrer noopener\"><br \/>Sei interessato all\u2019articolo? Scrivici e verrai contattato da un nostro Consultant<\/a><\/p>\n\n\n<p><a href=\"https:\/\/beneggiassociati.com\/\" target=\"_blank\" rel=\"noreferrer noopener\">@ Beneggi e Associati | Commercialisti al servizio delle imprese | Meda | Milano<\/a><br \/><\/p>\n","protected":false},"excerpt":{"rendered":"<p>L\u2019auto-impiego viene visto dall\u2019Unione europea come una risposta concreta alle difficolt\u00e0 di ingresso nel mercato del lavoro: tuttavia, solamente lo 0,3 % dei giovani gestisce una propria impresa.&nbsp; Il bando Erasmus Plus per i partenariati strategici nel settore della giovent\u00f9 fornisce alle organizzazioni attive nel settore della giovent\u00f9, nonch\u00e9 alle imprese, agli enti pubblici, alle [&hellip;]<\/p>\n","protected":false},"author":4,"featured_media":409,"comment_status":"open","ping_status":"open","sticky":false,"template":"","format":"standard","meta":{"_acf_changed":false,"content-type":"","footnotes":""},"categories":[16],"tags":[],"class_list":["post-16737","post","type-post","status-publish","format-standard","has-post-thumbnail","hentry","category-archivio"],"acf":[],"yoast_head":"<!-- This site is optimized with the Yoast SEO plugin v27.5 - https:\/\/yoast.com\/product\/yoast-seo-wordpress\/ -->\n<title>Erasmus plus, aiuto i giovani imprenditori - Beneggi &amp; Associati<\/title>\n<meta name=\"description\" content=\"L\u2019auto-impiego viene visto dall\u2019Unione europea come una risposta concreta alle difficolt\u00e0 di ingresso nel mercato del lavoro: tuttavia, solamente lo 0,3 %\" \/>\n<meta name=\"robots\" content=\"index, follow, max-snippet:-1, max-image-preview:large, max-video-preview:-1\" \/>\n<link rel=\"canonical\" href=\"https:\/\/beneggiassociati.com\/en\/erasmus-plus-aiuto-i-giovani-imprenditori\/\" \/>\n<meta property=\"og:locale\" content=\"en_US\" \/>\n<meta property=\"og:type\" content=\"article\" \/>\n<meta property=\"og:title\" content=\"Erasmus plus, aiuto i giovani imprenditori - Beneggi &amp; Associati\" \/>\n<meta property=\"og:description\" content=\"L\u2019auto-impiego viene visto dall\u2019Unione europea come una risposta concreta alle difficolt\u00e0 di ingresso nel mercato del lavoro: tuttavia, solamente lo 0,3 %\" \/>\n<meta property=\"og:url\" content=\"https:\/\/beneggiassociati.com\/en\/erasmus-plus-aiuto-i-giovani-imprenditori\/\" \/>\n<meta property=\"og:site_name\" content=\"Beneggi &amp; Associati\" \/>\n<meta property=\"article:published_time\" content=\"2019-09-28T14:21:00+00:00\" \/>\n<meta property=\"og:image\" content=\"https:\/\/beneggiassociati.com\/wp-content\/uploads\/2025\/07\/single-post-beneggi.jpg\" \/>\n\t<meta property=\"og:image:width\" content=\"1280\" \/>\n\t<meta property=\"og:image:height\" content=\"823\" \/>\n\t<meta property=\"og:image:type\" content=\"image\/jpeg\" \/>\n<meta name=\"author\" content=\"Tiziano Beneggi\" \/>\n<meta name=\"twitter:card\" content=\"summary_large_image\" \/>\n<meta name=\"twitter:label1\" content=\"Written by\" \/>\n\t<meta name=\"twitter:data1\" content=\"Tiziano Beneggi\" \/>\n\t<meta name=\"twitter:label2\" content=\"Est. reading time\" \/>\n\t<meta name=\"twitter:data2\" content=\"1 minute\" \/>\n<script type=\"application\/ld+json\" class=\"yoast-schema-graph\">{\"@context\":\"https:\\\/\\\/schema.org\",\"@graph\":[{\"@type\":\"Article\",\"@id\":\"https:\\\/\\\/beneggiassociati.com\\\/en\\\/erasmus-plus-aiuto-i-giovani-imprenditori\\\/#article\",\"isPartOf\":{\"@id\":\"https:\\\/\\\/beneggiassociati.com\\\/en\\\/erasmus-plus-aiuto-i-giovani-imprenditori\\\/\"},\"author\":{\"name\":\"Tiziano Beneggi\",\"@id\":\"https:\\\/\\\/beneggiassociati.com\\\/en\\\/#\\\/schema\\\/person\\\/828daacfa37b359e89e981f920072004\"},\"headline\":\"Erasmus plus, aiuto i giovani imprenditori\",\"datePublished\":\"2019-09-28T14:21:00+00:00\",\"mainEntityOfPage\":{\"@id\":\"https:\\\/\\\/beneggiassociati.com\\\/en\\\/erasmus-plus-aiuto-i-giovani-imprenditori\\\/\"},\"wordCount\":277,\"commentCount\":0,\"publisher\":{\"@id\":\"https:\\\/\\\/beneggiassociati.com\\\/en\\\/#organization\"},\"image\":{\"@id\":\"https:\\\/\\\/beneggiassociati.com\\\/en\\\/erasmus-plus-aiuto-i-giovani-imprenditori\\\/#primaryimage\"},\"thumbnailUrl\":\"https:\\\/\\\/beneggiassociati.com\\\/wp-content\\\/uploads\\\/2025\\\/07\\\/single-post-beneggi.jpg\",\"articleSection\":[\"ARCHIVIO\"],\"inLanguage\":\"en-US\"},{\"@type\":\"WebPage\",\"@id\":\"https:\\\/\\\/beneggiassociati.com\\\/en\\\/erasmus-plus-aiuto-i-giovani-imprenditori\\\/\",\"url\":\"https:\\\/\\\/beneggiassociati.com\\\/en\\\/erasmus-plus-aiuto-i-giovani-imprenditori\\\/\",\"name\":\"Erasmus plus, aiuto i giovani imprenditori - Beneggi &amp; Associati\",\"isPartOf\":{\"@id\":\"https:\\\/\\\/beneggiassociati.com\\\/en\\\/#website\"},\"primaryImageOfPage\":{\"@id\":\"https:\\\/\\\/beneggiassociati.com\\\/en\\\/erasmus-plus-aiuto-i-giovani-imprenditori\\\/#primaryimage\"},\"image\":{\"@id\":\"https:\\\/\\\/beneggiassociati.com\\\/en\\\/erasmus-plus-aiuto-i-giovani-imprenditori\\\/#primaryimage\"},\"thumbnailUrl\":\"https:\\\/\\\/beneggiassociati.com\\\/wp-content\\\/uploads\\\/2025\\\/07\\\/single-post-beneggi.jpg\",\"datePublished\":\"2019-09-28T14:21:00+00:00\",\"description\":\"L\u2019auto-impiego viene visto dall\u2019Unione europea come una risposta concreta alle difficolt\u00e0 di ingresso nel mercato del lavoro: tuttavia, solamente lo 0,3 %\",\"breadcrumb\":{\"@id\":\"https:\\\/\\\/beneggiassociati.com\\\/en\\\/erasmus-plus-aiuto-i-giovani-imprenditori\\\/#breadcrumb\"},\"inLanguage\":\"en-US\",\"potentialAction\":[{\"@type\":\"ReadAction\",\"target\":[\"https:\\\/\\\/beneggiassociati.com\\\/en\\\/erasmus-plus-aiuto-i-giovani-imprenditori\\\/\"]}]},{\"@type\":\"ImageObject\",\"inLanguage\":\"en-US\",\"@id\":\"https:\\\/\\\/beneggiassociati.com\\\/en\\\/erasmus-plus-aiuto-i-giovani-imprenditori\\\/#primaryimage\",\"url\":\"https:\\\/\\\/beneggiassociati.com\\\/wp-content\\\/uploads\\\/2025\\\/07\\\/single-post-beneggi.jpg\",\"contentUrl\":\"https:\\\/\\\/beneggiassociati.com\\\/wp-content\\\/uploads\\\/2025\\\/07\\\/single-post-beneggi.jpg\",\"width\":1280,\"height\":823},{\"@type\":\"BreadcrumbList\",\"@id\":\"https:\\\/\\\/beneggiassociati.com\\\/en\\\/erasmus-plus-aiuto-i-giovani-imprenditori\\\/#breadcrumb\",\"itemListElement\":[{\"@type\":\"ListItem\",\"position\":1,\"name\":\"Home\",\"item\":\"https:\\\/\\\/beneggiassociati.com\\\/en\\\/?page_id=24163\"},{\"@type\":\"ListItem\",\"position\":2,\"name\":\"Erasmus plus, aiuto i giovani imprenditori\"}]},{\"@type\":\"WebSite\",\"@id\":\"https:\\\/\\\/beneggiassociati.com\\\/en\\\/#website\",\"url\":\"https:\\\/\\\/beneggiassociati.com\\\/en\\\/\",\"name\":\"Beneggi e associati\",\"description\":\"\",\"publisher\":{\"@id\":\"https:\\\/\\\/beneggiassociati.com\\\/en\\\/#organization\"},\"potentialAction\":[{\"@type\":\"SearchAction\",\"target\":{\"@type\":\"EntryPoint\",\"urlTemplate\":\"https:\\\/\\\/beneggiassociati.com\\\/en\\\/?s={search_term_string}\"},\"query-input\":{\"@type\":\"PropertyValueSpecification\",\"valueRequired\":true,\"valueName\":\"search_term_string\"}}],\"inLanguage\":\"en-US\"},{\"@type\":\"Organization\",\"@id\":\"https:\\\/\\\/beneggiassociati.com\\\/en\\\/#organization\",\"name\":\"Beneggi e associati\",\"url\":\"https:\\\/\\\/beneggiassociati.com\\\/en\\\/\",\"logo\":{\"@type\":\"ImageObject\",\"inLanguage\":\"en-US\",\"@id\":\"https:\\\/\\\/beneggiassociati.com\\\/en\\\/#\\\/schema\\\/logo\\\/image\\\/\",\"url\":\"https:\\\/\\\/beneggiassociati.com\\\/wp-content\\\/uploads\\\/2025\\\/07\\\/beneggi-logo.png\",\"contentUrl\":\"https:\\\/\\\/beneggiassociati.com\\\/wp-content\\\/uploads\\\/2025\\\/07\\\/beneggi-logo.png\",\"width\":141,\"height\":87,\"caption\":\"Beneggi e associati\"},\"image\":{\"@id\":\"https:\\\/\\\/beneggiassociati.com\\\/en\\\/#\\\/schema\\\/logo\\\/image\\\/\"}},{\"@type\":\"Person\",\"@id\":\"https:\\\/\\\/beneggiassociati.com\\\/en\\\/#\\\/schema\\\/person\\\/828daacfa37b359e89e981f920072004\",\"name\":\"Tiziano Beneggi\",\"url\":\"https:\\\/\\\/beneggiassociati.com\\\/en\\\/author\\\/tizianobeneggiassociati-com\\\/\"}]}<\/script>\n<!-- \/ Yoast SEO plugin. -->","yoast_head_json":{"title":"Erasmus plus, aiuto i giovani imprenditori - Beneggi &amp; Associati","description":"L\u2019auto-impiego viene visto dall\u2019Unione europea come una risposta concreta alle difficolt\u00e0 di ingresso nel mercato del lavoro: tuttavia, solamente lo 0,3 %","robots":{"index":"index","follow":"follow","max-snippet":"max-snippet:-1","max-image-preview":"max-image-preview:large","max-video-preview":"max-video-preview:-1"},"canonical":"https:\/\/beneggiassociati.com\/en\/erasmus-plus-aiuto-i-giovani-imprenditori\/","og_locale":"en_US","og_type":"article","og_title":"Erasmus plus, aiuto i giovani imprenditori - Beneggi &amp; Associati","og_description":"L\u2019auto-impiego viene visto dall\u2019Unione europea come una risposta concreta alle difficolt\u00e0 di ingresso nel mercato del lavoro: tuttavia, solamente lo 0,3 %","og_url":"https:\/\/beneggiassociati.com\/en\/erasmus-plus-aiuto-i-giovani-imprenditori\/","og_site_name":"Beneggi &amp; Associati","article_published_time":"2019-09-28T14:21:00+00:00","og_image":[{"width":1280,"height":823,"url":"https:\/\/beneggiassociati.com\/wp-content\/uploads\/2025\/07\/single-post-beneggi.jpg","type":"image\/jpeg"}],"author":"Tiziano Beneggi","twitter_card":"summary_large_image","twitter_misc":{"Written by":"Tiziano Beneggi","Est. reading time":"1 minute"},"schema":{"@context":"https:\/\/schema.org","@graph":[{"@type":"Article","@id":"https:\/\/beneggiassociati.com\/en\/erasmus-plus-aiuto-i-giovani-imprenditori\/#article","isPartOf":{"@id":"https:\/\/beneggiassociati.com\/en\/erasmus-plus-aiuto-i-giovani-imprenditori\/"},"author":{"name":"Tiziano Beneggi","@id":"https:\/\/beneggiassociati.com\/en\/#\/schema\/person\/828daacfa37b359e89e981f920072004"},"headline":"Erasmus plus, aiuto i giovani imprenditori","datePublished":"2019-09-28T14:21:00+00:00","mainEntityOfPage":{"@id":"https:\/\/beneggiassociati.com\/en\/erasmus-plus-aiuto-i-giovani-imprenditori\/"},"wordCount":277,"commentCount":0,"publisher":{"@id":"https:\/\/beneggiassociati.com\/en\/#organization"},"image":{"@id":"https:\/\/beneggiassociati.com\/en\/erasmus-plus-aiuto-i-giovani-imprenditori\/#primaryimage"},"thumbnailUrl":"https:\/\/beneggiassociati.com\/wp-content\/uploads\/2025\/07\/single-post-beneggi.jpg","articleSection":["ARCHIVIO"],"inLanguage":"en-US"},{"@type":"WebPage","@id":"https:\/\/beneggiassociati.com\/en\/erasmus-plus-aiuto-i-giovani-imprenditori\/","url":"https:\/\/beneggiassociati.com\/en\/erasmus-plus-aiuto-i-giovani-imprenditori\/","name":"Erasmus plus, aiuto i giovani imprenditori - Beneggi &amp; Associati","isPartOf":{"@id":"https:\/\/beneggiassociati.com\/en\/#website"},"primaryImageOfPage":{"@id":"https:\/\/beneggiassociati.com\/en\/erasmus-plus-aiuto-i-giovani-imprenditori\/#primaryimage"},"image":{"@id":"https:\/\/beneggiassociati.com\/en\/erasmus-plus-aiuto-i-giovani-imprenditori\/#primaryimage"},"thumbnailUrl":"https:\/\/beneggiassociati.com\/wp-content\/uploads\/2025\/07\/single-post-beneggi.jpg","datePublished":"2019-09-28T14:21:00+00:00","description":"L\u2019auto-impiego viene visto dall\u2019Unione europea come una risposta concreta alle difficolt\u00e0 di ingresso nel mercato del lavoro: tuttavia, solamente lo 0,3 %","breadcrumb":{"@id":"https:\/\/beneggiassociati.com\/en\/erasmus-plus-aiuto-i-giovani-imprenditori\/#breadcrumb"},"inLanguage":"en-US","potentialAction":[{"@type":"ReadAction","target":["https:\/\/beneggiassociati.com\/en\/erasmus-plus-aiuto-i-giovani-imprenditori\/"]}]},{"@type":"ImageObject","inLanguage":"en-US","@id":"https:\/\/beneggiassociati.com\/en\/erasmus-plus-aiuto-i-giovani-imprenditori\/#primaryimage","url":"https:\/\/beneggiassociati.com\/wp-content\/uploads\/2025\/07\/single-post-beneggi.jpg","contentUrl":"https:\/\/beneggiassociati.com\/wp-content\/uploads\/2025\/07\/single-post-beneggi.jpg","width":1280,"height":823},{"@type":"BreadcrumbList","@id":"https:\/\/beneggiassociati.com\/en\/erasmus-plus-aiuto-i-giovani-imprenditori\/#breadcrumb","itemListElement":[{"@type":"ListItem","position":1,"name":"Home","item":"https:\/\/beneggiassociati.com\/en\/?page_id=24163"},{"@type":"ListItem","position":2,"name":"Erasmus plus, aiuto i giovani imprenditori"}]},{"@type":"WebSite","@id":"https:\/\/beneggiassociati.com\/en\/#website","url":"https:\/\/beneggiassociati.com\/en\/","name":"Beneggi e associati","description":"","publisher":{"@id":"https:\/\/beneggiassociati.com\/en\/#organization"},"potentialAction":[{"@type":"SearchAction","target":{"@type":"EntryPoint","urlTemplate":"https:\/\/beneggiassociati.com\/en\/?s={search_term_string}"},"query-input":{"@type":"PropertyValueSpecification","valueRequired":true,"valueName":"search_term_string"}}],"inLanguage":"en-US"},{"@type":"Organization","@id":"https:\/\/beneggiassociati.com\/en\/#organization","name":"Beneggi e associati","url":"https:\/\/beneggiassociati.com\/en\/","logo":{"@type":"ImageObject","inLanguage":"en-US","@id":"https:\/\/beneggiassociati.com\/en\/#\/schema\/logo\/image\/","url":"https:\/\/beneggiassociati.com\/wp-content\/uploads\/2025\/07\/beneggi-logo.png","contentUrl":"https:\/\/beneggiassociati.com\/wp-content\/uploads\/2025\/07\/beneggi-logo.png","width":141,"height":87,"caption":"Beneggi e associati"},"image":{"@id":"https:\/\/beneggiassociati.com\/en\/#\/schema\/logo\/image\/"}},{"@type":"Person","@id":"https:\/\/beneggiassociati.com\/en\/#\/schema\/person\/828daacfa37b359e89e981f920072004","name":"Tiziano Beneggi","url":"https:\/\/beneggiassociati.com\/en\/author\/tizianobeneggiassociati-com\/"}]}},"_links":{"self":[{"href":"https:\/\/beneggiassociati.com\/en\/wp-json\/wp\/v2\/posts\/16737","targetHints":{"allow":["GET"]}}],"collection":[{"href":"https:\/\/beneggiassociati.com\/en\/wp-json\/wp\/v2\/posts"}],"about":[{"href":"https:\/\/beneggiassociati.com\/en\/wp-json\/wp\/v2\/types\/post"}],"author":[{"embeddable":true,"href":"https:\/\/beneggiassociati.com\/en\/wp-json\/wp\/v2\/users\/4"}],"replies":[{"embeddable":true,"href":"https:\/\/beneggiassociati.com\/en\/wp-json\/wp\/v2\/comments?post=16737"}],"version-history":[{"count":0,"href":"https:\/\/beneggiassociati.com\/en\/wp-json\/wp\/v2\/posts\/16737\/revisions"}],"wp:featuredmedia":[{"embeddable":true,"href":"https:\/\/beneggiassociati.com\/en\/wp-json\/wp\/v2\/media\/409"}],"wp:attachment":[{"href":"https:\/\/beneggiassociati.com\/en\/wp-json\/wp\/v2\/media?parent=16737"}],"wp:term":[{"taxonomy":"category","embeddable":true,"href":"https:\/\/beneggiassociati.com\/en\/wp-json\/wp\/v2\/categories?post=16737"},{"taxonomy":"post_tag","embeddable":true,"href":"https:\/\/beneggiassociati.com\/en\/wp-json\/wp\/v2\/tags?post=16737"}],"curies":[{"name":"wp","href":"https:\/\/api.w.org\/{rel}","templated":true}]}}