{"id":16741,"date":"2019-09-28T16:26:00","date_gmt":"2019-09-28T14:26:00","guid":{"rendered":"https:\/\/dev.beneggiassociati.com\/2019\/09\/28\/vendita-di-opere-darte-gli-atti-collegati-fanno-scattare-lattivita-commerciale\/"},"modified":"2019-09-28T16:26:00","modified_gmt":"2019-09-28T14:26:00","slug":"vendita-di-opere-darte-gli-atti-collegati-fanno-scattare-lattivita-commerciale","status":"publish","type":"post","link":"https:\/\/beneggiassociati.com\/en\/vendita-di-opere-darte-gli-atti-collegati-fanno-scattare-lattivita-commerciale\/","title":{"rendered":"Vendita di opere d\u2019arte, gli atti collegati fanno scattare l\u2019attivit\u00e0 commerciale"},"content":{"rendered":"\n<p>L\u2019attivit\u00e0 di compravendita di opere d\u2019arte e di beni di antiquariato o da collezione si \u00e8 incrementata nel corso degli ultimi anni, anche in conseguenza della diffusione di piattaforme che consentono di effettuare gli scambi online, ma la mancanza di una disciplina fiscale ad hoc sta generando incertezza negli operatori e dando luogo ad un notevole contenzioso.<\/p>\n\n\n<p>I redditi derivanti dalla cessione di opere d\u2019arte possono risultare imponibili e che la dimostrazione del carattere occasionale o meno dell\u2019attivit\u00e0 commerciale \u00abimplica sovente complesse attivit\u00e0 di analisi, dagli esiti spesso incerti, finalizzate a ricostruire una pluralit\u00e0 di atti \u2013 anche compiuti nell\u2019arco di diversi anni \u2013 tra loro collegati e preordinati al conseguimento di un reddito\u00bb.<\/p>\n\n\n<p>Tale attivit\u00e0 pu\u00f2, per\u00f2, rientrare anche tra quelle produttive di reddito d\u2019impresa o risultare non imponibile qualora non sussistano i presupposti per considerarla commerciale.&nbsp;<\/p>\n\n\n<p>Nell\u2019ambito delle attivit\u00e0 commerciali svolte per professione abituale, che generano reddito d\u2019impresa, rientrano quelle dei mercanti d\u2019arte, che effettuano, anche in assenza di un\u2019organizzazione imprenditoriale, un\u2019attivit\u00e0 \u00abintermediaria di circolazione dei beni\u00bb.<\/p>\n\n\n<p>Tra le attivit\u00e0 commerciali non esercitate abitualmente \u2013 che danno luogo a redditi diversi \u2013 pu\u00f2, invece, collocarsi quella svolta dal contribuente che acquista e rivende le opere in via non abituale, ma comunque mediante una serie di atti preordinati e connessi tra di loro, posti in essere con finalit\u00e0 \u201cspeculativa\u201d. Se dall\u2019operazione deriva un reddito rilevante il requisito della \u201cfrequenza\u201d dell\u2019attivit\u00e0 pu\u00f2 essere apprezzato con minor rigore, purch\u00e9 venga comunque effettuata una serie coordinata di atti economici. In entrambe le ipotesi si ritiene che assumano rilievo, ai fini impositivi, l\u2019esistenza di un collegamento tra l\u2019acquisto dei beni e la loro successiva rivendita, con finalit\u00e0 di lucro.<\/p>\n\n\n<p>Nell\u2019attivit\u00e0 \u201camatoriale\u201d \u00e8, invece, assente una preordinazione di atti finalizzati all\u2019alienazione dei beni e al conseguimento del profitto (si tratta dei casi, ad esempio, dei collezionisti e di chi vende beni ricevuti a seguito di donazione o eredit\u00e0).&nbsp;Questa tipologia di attivit\u00e0 \u00e8 irrilevante ai fini reddituali perch\u00e9 le fattispecie imponibili sono soltanto quelle tassativamente indicate nel Tuir, nel quale non \u00e8 contenuta una norma analoga a quella presente, invece, nell\u2019articolo 76 del Dpr 597\/1973, che dava rilevanza alle plusvalenze derivanti da operazioni effettuate con fini speculativi (non rientranti nel reddito d\u2019impresa) e considerava tali, per presunzione assoluta, \u00abl\u2019acquisto e la vendita di oggetti d\u2019arte, di antiquariato o in genere da collezione\u00bb, se tra l\u2019acquisto e la vendita non fossero trascorsi pi\u00f9 di due anni.<\/p>\n\n\n<p>Non possono qualificarsi quali prodotti finanziari (idonei a generare redditi di natura finanziaria) le operazioni di investimento (compravendita di diamanti) in attivit\u00e0 reali o di consumo che, \u00abanche se concluse con l\u2019intento di investire il proprio patrimonio, sono essenzialmente dirette a procurare all\u2019investitore il godimento del bene, a trasformare le proprie disponibilit\u00e0 in beni reali idonei a soddisfare in via diretta i bisogni non finanziari del risparmiatore stesso\u00bb.&nbsp;<\/p>\n\n\n<p>Si \u00e8 in presenza, invece, di un \u00abinvestimento di natura finanziaria\u00bb se un\u2019opera d\u2019arte \u00e8 venduta a prezzo scontato ed \u00e8 concesso all\u2019acquirente di risolvere il contratto e restituirla ottenendo un importo pari al prezzo di listino del bene, perch\u00e8 il contratto non ha lo scopo di consentire il godimento dei beni da parte del contribuente.<\/p>\n\n\n<p>Non svolge un\u2019attivit\u00e0 commerciale un\u2019associazione che, dopo aver ricevuto in donazione delle opere d\u2019arte, le vende all\u2019asta \u00aballo scopo di assicurare all\u2019ente le risorse finanziarie necessarie per lo svolgimento delle attivit\u00e0 volte al raggiungimento dei propri fini istituzionali\u00bb, non sussistendo \u00abl\u2019elemento dell\u2019intermediazione nello scambio dei beni ma una semplice operazione di dismissione patrimoniale\u00bb.<\/p>\n\n\n<p><a href=\"mailto:info@beneggiassociati.com\" target=\"_blank\" rel=\"noreferrer noopener\"><br \/>Sei interessato all\u2019articolo? Scrivici e verrai contattato da un nostro Consultant<\/a><\/p>\n\n\n<p><a href=\"https:\/\/beneggiassociati.com\/\" target=\"_blank\" rel=\"noreferrer noopener\">@ Beneggi e Associati | Commercialisti al servizio delle imprese | Meda | Milano<\/a><br \/><\/p>\n","protected":false},"excerpt":{"rendered":"<p>L\u2019attivit\u00e0 di compravendita di opere d\u2019arte e di beni di antiquariato o da collezione si \u00e8 incrementata nel corso degli ultimi anni, anche in conseguenza della diffusione di piattaforme che consentono di effettuare gli scambi online, ma la mancanza di una disciplina fiscale ad hoc sta generando incertezza negli operatori e dando luogo ad un [&hellip;]<\/p>\n","protected":false},"author":4,"featured_media":409,"comment_status":"open","ping_status":"open","sticky":false,"template":"","format":"standard","meta":{"_acf_changed":false,"content-type":"","footnotes":""},"categories":[16],"tags":[],"class_list":["post-16741","post","type-post","status-publish","format-standard","has-post-thumbnail","hentry","category-archivio"],"acf":[],"yoast_head":"<!-- This site is optimized with the Yoast SEO plugin v27.5 - https:\/\/yoast.com\/product\/yoast-seo-wordpress\/ -->\n<title>Vendita di opere d\u2019arte, gli atti collegati fanno scattare l\u2019attivit\u00e0 commerciale - Beneggi &amp; Associati<\/title>\n<meta name=\"description\" content=\"L\u2019attivit\u00e0 di compravendita di opere d\u2019arte e di beni di antiquariato o da collezione si \u00e8 incrementata nel corso degli ultimi anni, anche in conseguenza\" \/>\n<meta name=\"robots\" content=\"index, follow, max-snippet:-1, max-image-preview:large, max-video-preview:-1\" \/>\n<link rel=\"canonical\" href=\"https:\/\/beneggiassociati.com\/en\/vendita-di-opere-darte-gli-atti-collegati-fanno-scattare-lattivita-commerciale\/\" \/>\n<meta property=\"og:locale\" content=\"en_US\" \/>\n<meta property=\"og:type\" content=\"article\" \/>\n<meta property=\"og:title\" content=\"Vendita di opere d\u2019arte, gli atti collegati fanno scattare l\u2019attivit\u00e0 commerciale - Beneggi &amp; Associati\" \/>\n<meta property=\"og:description\" content=\"L\u2019attivit\u00e0 di compravendita di opere d\u2019arte e di beni di antiquariato o da collezione si \u00e8 incrementata nel corso degli ultimi anni, anche in conseguenza\" \/>\n<meta property=\"og:url\" content=\"https:\/\/beneggiassociati.com\/en\/vendita-di-opere-darte-gli-atti-collegati-fanno-scattare-lattivita-commerciale\/\" \/>\n<meta property=\"og:site_name\" content=\"Beneggi &amp; Associati\" \/>\n<meta property=\"article:published_time\" content=\"2019-09-28T14:26:00+00:00\" \/>\n<meta property=\"og:image\" content=\"https:\/\/beneggiassociati.com\/wp-content\/uploads\/2025\/07\/single-post-beneggi.jpg\" \/>\n\t<meta property=\"og:image:width\" content=\"1280\" \/>\n\t<meta property=\"og:image:height\" content=\"823\" \/>\n\t<meta property=\"og:image:type\" content=\"image\/jpeg\" \/>\n<meta name=\"author\" content=\"Tiziano Beneggi\" \/>\n<meta name=\"twitter:card\" content=\"summary_large_image\" \/>\n<meta name=\"twitter:label1\" content=\"Written by\" \/>\n\t<meta name=\"twitter:data1\" content=\"Tiziano Beneggi\" \/>\n\t<meta name=\"twitter:label2\" content=\"Est. reading time\" \/>\n\t<meta name=\"twitter:data2\" content=\"3 minutes\" \/>\n<script type=\"application\/ld+json\" class=\"yoast-schema-graph\">{\"@context\":\"https:\\\/\\\/schema.org\",\"@graph\":[{\"@type\":\"Article\",\"@id\":\"https:\\\/\\\/beneggiassociati.com\\\/en\\\/vendita-di-opere-darte-gli-atti-collegati-fanno-scattare-lattivita-commerciale\\\/#article\",\"isPartOf\":{\"@id\":\"https:\\\/\\\/beneggiassociati.com\\\/en\\\/vendita-di-opere-darte-gli-atti-collegati-fanno-scattare-lattivita-commerciale\\\/\"},\"author\":{\"name\":\"Tiziano Beneggi\",\"@id\":\"https:\\\/\\\/beneggiassociati.com\\\/en\\\/#\\\/schema\\\/person\\\/828daacfa37b359e89e981f920072004\"},\"headline\":\"Vendita di opere d\u2019arte, gli atti collegati fanno scattare l\u2019attivit\u00e0 commerciale\",\"datePublished\":\"2019-09-28T14:26:00+00:00\",\"mainEntityOfPage\":{\"@id\":\"https:\\\/\\\/beneggiassociati.com\\\/en\\\/vendita-di-opere-darte-gli-atti-collegati-fanno-scattare-lattivita-commerciale\\\/\"},\"wordCount\":637,\"commentCount\":0,\"publisher\":{\"@id\":\"https:\\\/\\\/beneggiassociati.com\\\/en\\\/#organization\"},\"image\":{\"@id\":\"https:\\\/\\\/beneggiassociati.com\\\/en\\\/vendita-di-opere-darte-gli-atti-collegati-fanno-scattare-lattivita-commerciale\\\/#primaryimage\"},\"thumbnailUrl\":\"https:\\\/\\\/beneggiassociati.com\\\/wp-content\\\/uploads\\\/2025\\\/07\\\/single-post-beneggi.jpg\",\"articleSection\":[\"ARCHIVIO\"],\"inLanguage\":\"en-US\"},{\"@type\":\"WebPage\",\"@id\":\"https:\\\/\\\/beneggiassociati.com\\\/en\\\/vendita-di-opere-darte-gli-atti-collegati-fanno-scattare-lattivita-commerciale\\\/\",\"url\":\"https:\\\/\\\/beneggiassociati.com\\\/en\\\/vendita-di-opere-darte-gli-atti-collegati-fanno-scattare-lattivita-commerciale\\\/\",\"name\":\"Vendita di opere d\u2019arte, gli atti collegati fanno scattare l\u2019attivit\u00e0 commerciale - Beneggi &amp; Associati\",\"isPartOf\":{\"@id\":\"https:\\\/\\\/beneggiassociati.com\\\/en\\\/#website\"},\"primaryImageOfPage\":{\"@id\":\"https:\\\/\\\/beneggiassociati.com\\\/en\\\/vendita-di-opere-darte-gli-atti-collegati-fanno-scattare-lattivita-commerciale\\\/#primaryimage\"},\"image\":{\"@id\":\"https:\\\/\\\/beneggiassociati.com\\\/en\\\/vendita-di-opere-darte-gli-atti-collegati-fanno-scattare-lattivita-commerciale\\\/#primaryimage\"},\"thumbnailUrl\":\"https:\\\/\\\/beneggiassociati.com\\\/wp-content\\\/uploads\\\/2025\\\/07\\\/single-post-beneggi.jpg\",\"datePublished\":\"2019-09-28T14:26:00+00:00\",\"description\":\"L\u2019attivit\u00e0 di compravendita di opere d\u2019arte e di beni di antiquariato o da collezione si \u00e8 incrementata nel corso degli ultimi anni, anche in conseguenza\",\"breadcrumb\":{\"@id\":\"https:\\\/\\\/beneggiassociati.com\\\/en\\\/vendita-di-opere-darte-gli-atti-collegati-fanno-scattare-lattivita-commerciale\\\/#breadcrumb\"},\"inLanguage\":\"en-US\",\"potentialAction\":[{\"@type\":\"ReadAction\",\"target\":[\"https:\\\/\\\/beneggiassociati.com\\\/en\\\/vendita-di-opere-darte-gli-atti-collegati-fanno-scattare-lattivita-commerciale\\\/\"]}]},{\"@type\":\"ImageObject\",\"inLanguage\":\"en-US\",\"@id\":\"https:\\\/\\\/beneggiassociati.com\\\/en\\\/vendita-di-opere-darte-gli-atti-collegati-fanno-scattare-lattivita-commerciale\\\/#primaryimage\",\"url\":\"https:\\\/\\\/beneggiassociati.com\\\/wp-content\\\/uploads\\\/2025\\\/07\\\/single-post-beneggi.jpg\",\"contentUrl\":\"https:\\\/\\\/beneggiassociati.com\\\/wp-content\\\/uploads\\\/2025\\\/07\\\/single-post-beneggi.jpg\",\"width\":1280,\"height\":823},{\"@type\":\"BreadcrumbList\",\"@id\":\"https:\\\/\\\/beneggiassociati.com\\\/en\\\/vendita-di-opere-darte-gli-atti-collegati-fanno-scattare-lattivita-commerciale\\\/#breadcrumb\",\"itemListElement\":[{\"@type\":\"ListItem\",\"position\":1,\"name\":\"Home\",\"item\":\"https:\\\/\\\/beneggiassociati.com\\\/en\\\/?page_id=24163\"},{\"@type\":\"ListItem\",\"position\":2,\"name\":\"Vendita di opere d\u2019arte, gli atti collegati fanno scattare l\u2019attivit\u00e0 commerciale\"}]},{\"@type\":\"WebSite\",\"@id\":\"https:\\\/\\\/beneggiassociati.com\\\/en\\\/#website\",\"url\":\"https:\\\/\\\/beneggiassociati.com\\\/en\\\/\",\"name\":\"Beneggi e associati\",\"description\":\"\",\"publisher\":{\"@id\":\"https:\\\/\\\/beneggiassociati.com\\\/en\\\/#organization\"},\"potentialAction\":[{\"@type\":\"SearchAction\",\"target\":{\"@type\":\"EntryPoint\",\"urlTemplate\":\"https:\\\/\\\/beneggiassociati.com\\\/en\\\/?s={search_term_string}\"},\"query-input\":{\"@type\":\"PropertyValueSpecification\",\"valueRequired\":true,\"valueName\":\"search_term_string\"}}],\"inLanguage\":\"en-US\"},{\"@type\":\"Organization\",\"@id\":\"https:\\\/\\\/beneggiassociati.com\\\/en\\\/#organization\",\"name\":\"Beneggi e associati\",\"url\":\"https:\\\/\\\/beneggiassociati.com\\\/en\\\/\",\"logo\":{\"@type\":\"ImageObject\",\"inLanguage\":\"en-US\",\"@id\":\"https:\\\/\\\/beneggiassociati.com\\\/en\\\/#\\\/schema\\\/logo\\\/image\\\/\",\"url\":\"https:\\\/\\\/beneggiassociati.com\\\/wp-content\\\/uploads\\\/2025\\\/07\\\/beneggi-logo.png\",\"contentUrl\":\"https:\\\/\\\/beneggiassociati.com\\\/wp-content\\\/uploads\\\/2025\\\/07\\\/beneggi-logo.png\",\"width\":141,\"height\":87,\"caption\":\"Beneggi e associati\"},\"image\":{\"@id\":\"https:\\\/\\\/beneggiassociati.com\\\/en\\\/#\\\/schema\\\/logo\\\/image\\\/\"}},{\"@type\":\"Person\",\"@id\":\"https:\\\/\\\/beneggiassociati.com\\\/en\\\/#\\\/schema\\\/person\\\/828daacfa37b359e89e981f920072004\",\"name\":\"Tiziano Beneggi\",\"url\":\"https:\\\/\\\/beneggiassociati.com\\\/en\\\/author\\\/tizianobeneggiassociati-com\\\/\"}]}<\/script>\n<!-- \/ Yoast SEO plugin. -->","yoast_head_json":{"title":"Vendita di opere d\u2019arte, gli atti collegati fanno scattare l\u2019attivit\u00e0 commerciale - Beneggi &amp; Associati","description":"L\u2019attivit\u00e0 di compravendita di opere d\u2019arte e di beni di antiquariato o da collezione si \u00e8 incrementata nel corso degli ultimi anni, anche in conseguenza","robots":{"index":"index","follow":"follow","max-snippet":"max-snippet:-1","max-image-preview":"max-image-preview:large","max-video-preview":"max-video-preview:-1"},"canonical":"https:\/\/beneggiassociati.com\/en\/vendita-di-opere-darte-gli-atti-collegati-fanno-scattare-lattivita-commerciale\/","og_locale":"en_US","og_type":"article","og_title":"Vendita di opere d\u2019arte, gli atti collegati fanno scattare l\u2019attivit\u00e0 commerciale - Beneggi &amp; Associati","og_description":"L\u2019attivit\u00e0 di compravendita di opere d\u2019arte e di beni di antiquariato o da collezione si \u00e8 incrementata nel corso degli ultimi anni, anche in conseguenza","og_url":"https:\/\/beneggiassociati.com\/en\/vendita-di-opere-darte-gli-atti-collegati-fanno-scattare-lattivita-commerciale\/","og_site_name":"Beneggi &amp; Associati","article_published_time":"2019-09-28T14:26:00+00:00","og_image":[{"width":1280,"height":823,"url":"https:\/\/beneggiassociati.com\/wp-content\/uploads\/2025\/07\/single-post-beneggi.jpg","type":"image\/jpeg"}],"author":"Tiziano Beneggi","twitter_card":"summary_large_image","twitter_misc":{"Written by":"Tiziano Beneggi","Est. reading time":"3 minutes"},"schema":{"@context":"https:\/\/schema.org","@graph":[{"@type":"Article","@id":"https:\/\/beneggiassociati.com\/en\/vendita-di-opere-darte-gli-atti-collegati-fanno-scattare-lattivita-commerciale\/#article","isPartOf":{"@id":"https:\/\/beneggiassociati.com\/en\/vendita-di-opere-darte-gli-atti-collegati-fanno-scattare-lattivita-commerciale\/"},"author":{"name":"Tiziano Beneggi","@id":"https:\/\/beneggiassociati.com\/en\/#\/schema\/person\/828daacfa37b359e89e981f920072004"},"headline":"Vendita di opere d\u2019arte, gli atti collegati fanno scattare l\u2019attivit\u00e0 commerciale","datePublished":"2019-09-28T14:26:00+00:00","mainEntityOfPage":{"@id":"https:\/\/beneggiassociati.com\/en\/vendita-di-opere-darte-gli-atti-collegati-fanno-scattare-lattivita-commerciale\/"},"wordCount":637,"commentCount":0,"publisher":{"@id":"https:\/\/beneggiassociati.com\/en\/#organization"},"image":{"@id":"https:\/\/beneggiassociati.com\/en\/vendita-di-opere-darte-gli-atti-collegati-fanno-scattare-lattivita-commerciale\/#primaryimage"},"thumbnailUrl":"https:\/\/beneggiassociati.com\/wp-content\/uploads\/2025\/07\/single-post-beneggi.jpg","articleSection":["ARCHIVIO"],"inLanguage":"en-US"},{"@type":"WebPage","@id":"https:\/\/beneggiassociati.com\/en\/vendita-di-opere-darte-gli-atti-collegati-fanno-scattare-lattivita-commerciale\/","url":"https:\/\/beneggiassociati.com\/en\/vendita-di-opere-darte-gli-atti-collegati-fanno-scattare-lattivita-commerciale\/","name":"Vendita di opere d\u2019arte, gli atti collegati fanno scattare l\u2019attivit\u00e0 commerciale - Beneggi &amp; Associati","isPartOf":{"@id":"https:\/\/beneggiassociati.com\/en\/#website"},"primaryImageOfPage":{"@id":"https:\/\/beneggiassociati.com\/en\/vendita-di-opere-darte-gli-atti-collegati-fanno-scattare-lattivita-commerciale\/#primaryimage"},"image":{"@id":"https:\/\/beneggiassociati.com\/en\/vendita-di-opere-darte-gli-atti-collegati-fanno-scattare-lattivita-commerciale\/#primaryimage"},"thumbnailUrl":"https:\/\/beneggiassociati.com\/wp-content\/uploads\/2025\/07\/single-post-beneggi.jpg","datePublished":"2019-09-28T14:26:00+00:00","description":"L\u2019attivit\u00e0 di compravendita di opere d\u2019arte e di beni di antiquariato o da collezione si \u00e8 incrementata nel corso degli ultimi anni, anche in conseguenza","breadcrumb":{"@id":"https:\/\/beneggiassociati.com\/en\/vendita-di-opere-darte-gli-atti-collegati-fanno-scattare-lattivita-commerciale\/#breadcrumb"},"inLanguage":"en-US","potentialAction":[{"@type":"ReadAction","target":["https:\/\/beneggiassociati.com\/en\/vendita-di-opere-darte-gli-atti-collegati-fanno-scattare-lattivita-commerciale\/"]}]},{"@type":"ImageObject","inLanguage":"en-US","@id":"https:\/\/beneggiassociati.com\/en\/vendita-di-opere-darte-gli-atti-collegati-fanno-scattare-lattivita-commerciale\/#primaryimage","url":"https:\/\/beneggiassociati.com\/wp-content\/uploads\/2025\/07\/single-post-beneggi.jpg","contentUrl":"https:\/\/beneggiassociati.com\/wp-content\/uploads\/2025\/07\/single-post-beneggi.jpg","width":1280,"height":823},{"@type":"BreadcrumbList","@id":"https:\/\/beneggiassociati.com\/en\/vendita-di-opere-darte-gli-atti-collegati-fanno-scattare-lattivita-commerciale\/#breadcrumb","itemListElement":[{"@type":"ListItem","position":1,"name":"Home","item":"https:\/\/beneggiassociati.com\/en\/?page_id=24163"},{"@type":"ListItem","position":2,"name":"Vendita di opere d\u2019arte, gli atti collegati fanno scattare l\u2019attivit\u00e0 commerciale"}]},{"@type":"WebSite","@id":"https:\/\/beneggiassociati.com\/en\/#website","url":"https:\/\/beneggiassociati.com\/en\/","name":"Beneggi e associati","description":"","publisher":{"@id":"https:\/\/beneggiassociati.com\/en\/#organization"},"potentialAction":[{"@type":"SearchAction","target":{"@type":"EntryPoint","urlTemplate":"https:\/\/beneggiassociati.com\/en\/?s={search_term_string}"},"query-input":{"@type":"PropertyValueSpecification","valueRequired":true,"valueName":"search_term_string"}}],"inLanguage":"en-US"},{"@type":"Organization","@id":"https:\/\/beneggiassociati.com\/en\/#organization","name":"Beneggi e associati","url":"https:\/\/beneggiassociati.com\/en\/","logo":{"@type":"ImageObject","inLanguage":"en-US","@id":"https:\/\/beneggiassociati.com\/en\/#\/schema\/logo\/image\/","url":"https:\/\/beneggiassociati.com\/wp-content\/uploads\/2025\/07\/beneggi-logo.png","contentUrl":"https:\/\/beneggiassociati.com\/wp-content\/uploads\/2025\/07\/beneggi-logo.png","width":141,"height":87,"caption":"Beneggi e associati"},"image":{"@id":"https:\/\/beneggiassociati.com\/en\/#\/schema\/logo\/image\/"}},{"@type":"Person","@id":"https:\/\/beneggiassociati.com\/en\/#\/schema\/person\/828daacfa37b359e89e981f920072004","name":"Tiziano Beneggi","url":"https:\/\/beneggiassociati.com\/en\/author\/tizianobeneggiassociati-com\/"}]}},"_links":{"self":[{"href":"https:\/\/beneggiassociati.com\/en\/wp-json\/wp\/v2\/posts\/16741","targetHints":{"allow":["GET"]}}],"collection":[{"href":"https:\/\/beneggiassociati.com\/en\/wp-json\/wp\/v2\/posts"}],"about":[{"href":"https:\/\/beneggiassociati.com\/en\/wp-json\/wp\/v2\/types\/post"}],"author":[{"embeddable":true,"href":"https:\/\/beneggiassociati.com\/en\/wp-json\/wp\/v2\/users\/4"}],"replies":[{"embeddable":true,"href":"https:\/\/beneggiassociati.com\/en\/wp-json\/wp\/v2\/comments?post=16741"}],"version-history":[{"count":0,"href":"https:\/\/beneggiassociati.com\/en\/wp-json\/wp\/v2\/posts\/16741\/revisions"}],"wp:featuredmedia":[{"embeddable":true,"href":"https:\/\/beneggiassociati.com\/en\/wp-json\/wp\/v2\/media\/409"}],"wp:attachment":[{"href":"https:\/\/beneggiassociati.com\/en\/wp-json\/wp\/v2\/media?parent=16741"}],"wp:term":[{"taxonomy":"category","embeddable":true,"href":"https:\/\/beneggiassociati.com\/en\/wp-json\/wp\/v2\/categories?post=16741"},{"taxonomy":"post_tag","embeddable":true,"href":"https:\/\/beneggiassociati.com\/en\/wp-json\/wp\/v2\/tags?post=16741"}],"curies":[{"name":"wp","href":"https:\/\/api.w.org\/{rel}","templated":true}]}}