{"id":16747,"date":"2019-09-28T16:32:00","date_gmt":"2019-09-28T14:32:00","guid":{"rendered":"https:\/\/dev.beneggiassociati.com\/2019\/09\/28\/e-fattura-differita-data-di-fine-mese-a-prescindere-dallultima-consegna\/"},"modified":"2019-09-28T16:32:00","modified_gmt":"2019-09-28T14:32:00","slug":"e-fattura-differita-data-di-fine-mese-a-prescindere-dallultima-consegna","status":"publish","type":"post","link":"https:\/\/beneggiassociati.com\/en\/e-fattura-differita-data-di-fine-mese-a-prescindere-dallultima-consegna\/","title":{"rendered":"E-fattura differita, data di fine mese a prescindere dall\u2019ultima consegna"},"content":{"rendered":"\n<p>Risolto finalmente il tema della data fattura da indicare in caso di fatturazione differita: ammessa l&#8217;indicazione convenzionale dell&#8217;ultimo giorno del mese di effettuazione dell&#8217;operazione.&nbsp;<\/p>\n\n\n<p>Il contribuente pu\u00f2 emettere una fattura differita entro il 15 del mese successivo a quello di effettuazione dell&#8217;operazione. Effettuazione che coincide, in caso di cessione, con la data di consegna o spedizione dei beni al cliente.&nbsp;<\/p>\n\n\n<p>Operativamente le imprese sono solite emettere la fattura nei primi giorni del mese successivo, indicando in fattura la data dell&#8217;ultimo giorno del mese di effettuazione dell&#8217;operazione.&nbsp;<\/p>\n\n\n<p>Le Entrate puntualizzano meglio il pensiero e ribadiscono che il contribuente pu\u00f2 indicare alternativamente:<\/p>\n\n\n<ul class=\"wp-block-list\"><li>un giorno qualsiasi entro il 15 del mese successivo l\u2019operazione qualora la data di predisposizione sia contestuale a quella di invio allo SdI (\u201cdata emissione\u201d);&nbsp;<\/li><li>la data di almeno una delle operazioni e preferibilmente \u201cla data dell&#8217;ultima operazione\u201d. \u00c8 comunque possibile indicare convenzionalmente la data di fine mese, rappresentativa del momento di esigibilit\u00e0 dell&#8217;imposta, fermo restando che la fattura potr\u00e0 essere inviata allo SdI entro il 15 del mese successivo\u00bb.&nbsp;<\/li><\/ul>\n\n\n<p>Pertanto, in base a tale pronuncia, d&#8217;ora in poi non c&#8217;\u00e8 pi\u00f9 dubbio che gli operatori potranno predisporre la fattura nei primi giorni del mese successivo a quello di effettuazione dell&#8217;operazione, indicare in fattura la data dell&#8217;ultimo giorno del mese di esigibilit\u00e0 dell&#8217;imposta e trasmettere la fattura al SdI entro il 15 del mese successivo.<\/p>\n\n\n<p><a href=\"mailto:info@beneggiassociati.com\" target=\"_blank\" rel=\"noreferrer noopener\"><br \/>Sei interessato all\u2019articolo? Scrivici e verrai contattato da un nostro Consultant<\/a><\/p>\n\n\n<p><a href=\"https:\/\/beneggiassociati.com\/\" target=\"_blank\" rel=\"noreferrer noopener\">@ Beneggi e Associati | Commercialisti al servizio delle imprese | Meda | Milano<\/a><br \/><\/p>\n","protected":false},"excerpt":{"rendered":"<p>Risolto finalmente il tema della data fattura da indicare in caso di fatturazione differita: ammessa l&#8217;indicazione convenzionale dell&#8217;ultimo giorno del mese di effettuazione dell&#8217;operazione.&nbsp; Il contribuente pu\u00f2 emettere una fattura differita entro il 15 del mese successivo a quello di effettuazione dell&#8217;operazione. Effettuazione che coincide, in caso di cessione, con la data di consegna o [&hellip;]<\/p>\n","protected":false},"author":4,"featured_media":409,"comment_status":"open","ping_status":"open","sticky":false,"template":"","format":"standard","meta":{"_acf_changed":false,"content-type":"","footnotes":""},"categories":[16],"tags":[],"class_list":["post-16747","post","type-post","status-publish","format-standard","has-post-thumbnail","hentry","category-archivio"],"acf":[],"yoast_head":"<!-- This site is optimized with the Yoast SEO plugin v27.5 - https:\/\/yoast.com\/product\/yoast-seo-wordpress\/ -->\n<title>E-fattura differita, data di fine mese a prescindere dall\u2019ultima consegna - Beneggi &amp; Associati<\/title>\n<meta name=\"description\" content=\"Risolto finalmente il tema della data fattura da indicare in caso di fatturazione differita: ammessa l&#039;indicazione convenzionale dell&#039;ultimo giorno del\" \/>\n<meta name=\"robots\" content=\"index, follow, max-snippet:-1, max-image-preview:large, max-video-preview:-1\" \/>\n<link rel=\"canonical\" href=\"https:\/\/beneggiassociati.com\/en\/e-fattura-differita-data-di-fine-mese-a-prescindere-dallultima-consegna\/\" \/>\n<meta property=\"og:locale\" content=\"en_US\" \/>\n<meta property=\"og:type\" content=\"article\" \/>\n<meta property=\"og:title\" content=\"E-fattura differita, data di fine mese a prescindere dall\u2019ultima consegna - Beneggi &amp; Associati\" \/>\n<meta property=\"og:description\" content=\"Risolto finalmente il tema della data fattura da indicare in caso di fatturazione differita: ammessa l&#039;indicazione convenzionale dell&#039;ultimo giorno del\" \/>\n<meta property=\"og:url\" content=\"https:\/\/beneggiassociati.com\/en\/e-fattura-differita-data-di-fine-mese-a-prescindere-dallultima-consegna\/\" \/>\n<meta property=\"og:site_name\" content=\"Beneggi &amp; Associati\" \/>\n<meta property=\"article:published_time\" content=\"2019-09-28T14:32:00+00:00\" \/>\n<meta property=\"og:image\" content=\"https:\/\/beneggiassociati.com\/wp-content\/uploads\/2025\/07\/single-post-beneggi.jpg\" \/>\n\t<meta property=\"og:image:width\" content=\"1280\" \/>\n\t<meta property=\"og:image:height\" content=\"823\" \/>\n\t<meta property=\"og:image:type\" content=\"image\/jpeg\" \/>\n<meta name=\"author\" content=\"Tiziano Beneggi\" \/>\n<meta name=\"twitter:card\" content=\"summary_large_image\" \/>\n<meta name=\"twitter:label1\" content=\"Written by\" \/>\n\t<meta name=\"twitter:data1\" content=\"Tiziano Beneggi\" \/>\n\t<meta name=\"twitter:label2\" content=\"Est. reading time\" \/>\n\t<meta name=\"twitter:data2\" content=\"1 minute\" \/>\n<script type=\"application\/ld+json\" class=\"yoast-schema-graph\">{\"@context\":\"https:\\\/\\\/schema.org\",\"@graph\":[{\"@type\":\"Article\",\"@id\":\"https:\\\/\\\/beneggiassociati.com\\\/en\\\/e-fattura-differita-data-di-fine-mese-a-prescindere-dallultima-consegna\\\/#article\",\"isPartOf\":{\"@id\":\"https:\\\/\\\/beneggiassociati.com\\\/en\\\/e-fattura-differita-data-di-fine-mese-a-prescindere-dallultima-consegna\\\/\"},\"author\":{\"name\":\"Tiziano Beneggi\",\"@id\":\"https:\\\/\\\/beneggiassociati.com\\\/en\\\/#\\\/schema\\\/person\\\/828daacfa37b359e89e981f920072004\"},\"headline\":\"E-fattura differita, data di fine mese a prescindere dall\u2019ultima consegna\",\"datePublished\":\"2019-09-28T14:32:00+00:00\",\"mainEntityOfPage\":{\"@id\":\"https:\\\/\\\/beneggiassociati.com\\\/en\\\/e-fattura-differita-data-di-fine-mese-a-prescindere-dallultima-consegna\\\/\"},\"wordCount\":271,\"commentCount\":0,\"publisher\":{\"@id\":\"https:\\\/\\\/beneggiassociati.com\\\/en\\\/#organization\"},\"image\":{\"@id\":\"https:\\\/\\\/beneggiassociati.com\\\/en\\\/e-fattura-differita-data-di-fine-mese-a-prescindere-dallultima-consegna\\\/#primaryimage\"},\"thumbnailUrl\":\"https:\\\/\\\/beneggiassociati.com\\\/wp-content\\\/uploads\\\/2025\\\/07\\\/single-post-beneggi.jpg\",\"articleSection\":[\"ARCHIVIO\"],\"inLanguage\":\"en-US\"},{\"@type\":\"WebPage\",\"@id\":\"https:\\\/\\\/beneggiassociati.com\\\/en\\\/e-fattura-differita-data-di-fine-mese-a-prescindere-dallultima-consegna\\\/\",\"url\":\"https:\\\/\\\/beneggiassociati.com\\\/en\\\/e-fattura-differita-data-di-fine-mese-a-prescindere-dallultima-consegna\\\/\",\"name\":\"E-fattura differita, data di fine mese a prescindere dall\u2019ultima consegna - Beneggi &amp; Associati\",\"isPartOf\":{\"@id\":\"https:\\\/\\\/beneggiassociati.com\\\/en\\\/#website\"},\"primaryImageOfPage\":{\"@id\":\"https:\\\/\\\/beneggiassociati.com\\\/en\\\/e-fattura-differita-data-di-fine-mese-a-prescindere-dallultima-consegna\\\/#primaryimage\"},\"image\":{\"@id\":\"https:\\\/\\\/beneggiassociati.com\\\/en\\\/e-fattura-differita-data-di-fine-mese-a-prescindere-dallultima-consegna\\\/#primaryimage\"},\"thumbnailUrl\":\"https:\\\/\\\/beneggiassociati.com\\\/wp-content\\\/uploads\\\/2025\\\/07\\\/single-post-beneggi.jpg\",\"datePublished\":\"2019-09-28T14:32:00+00:00\",\"description\":\"Risolto finalmente il tema della data fattura da indicare in caso di fatturazione differita: ammessa l'indicazione convenzionale dell'ultimo giorno del\",\"breadcrumb\":{\"@id\":\"https:\\\/\\\/beneggiassociati.com\\\/en\\\/e-fattura-differita-data-di-fine-mese-a-prescindere-dallultima-consegna\\\/#breadcrumb\"},\"inLanguage\":\"en-US\",\"potentialAction\":[{\"@type\":\"ReadAction\",\"target\":[\"https:\\\/\\\/beneggiassociati.com\\\/en\\\/e-fattura-differita-data-di-fine-mese-a-prescindere-dallultima-consegna\\\/\"]}]},{\"@type\":\"ImageObject\",\"inLanguage\":\"en-US\",\"@id\":\"https:\\\/\\\/beneggiassociati.com\\\/en\\\/e-fattura-differita-data-di-fine-mese-a-prescindere-dallultima-consegna\\\/#primaryimage\",\"url\":\"https:\\\/\\\/beneggiassociati.com\\\/wp-content\\\/uploads\\\/2025\\\/07\\\/single-post-beneggi.jpg\",\"contentUrl\":\"https:\\\/\\\/beneggiassociati.com\\\/wp-content\\\/uploads\\\/2025\\\/07\\\/single-post-beneggi.jpg\",\"width\":1280,\"height\":823},{\"@type\":\"BreadcrumbList\",\"@id\":\"https:\\\/\\\/beneggiassociati.com\\\/en\\\/e-fattura-differita-data-di-fine-mese-a-prescindere-dallultima-consegna\\\/#breadcrumb\",\"itemListElement\":[{\"@type\":\"ListItem\",\"position\":1,\"name\":\"Home\",\"item\":\"https:\\\/\\\/beneggiassociati.com\\\/en\\\/?page_id=24163\"},{\"@type\":\"ListItem\",\"position\":2,\"name\":\"E-fattura differita, data di fine mese a prescindere dall\u2019ultima consegna\"}]},{\"@type\":\"WebSite\",\"@id\":\"https:\\\/\\\/beneggiassociati.com\\\/en\\\/#website\",\"url\":\"https:\\\/\\\/beneggiassociati.com\\\/en\\\/\",\"name\":\"Beneggi e associati\",\"description\":\"\",\"publisher\":{\"@id\":\"https:\\\/\\\/beneggiassociati.com\\\/en\\\/#organization\"},\"potentialAction\":[{\"@type\":\"SearchAction\",\"target\":{\"@type\":\"EntryPoint\",\"urlTemplate\":\"https:\\\/\\\/beneggiassociati.com\\\/en\\\/?s={search_term_string}\"},\"query-input\":{\"@type\":\"PropertyValueSpecification\",\"valueRequired\":true,\"valueName\":\"search_term_string\"}}],\"inLanguage\":\"en-US\"},{\"@type\":\"Organization\",\"@id\":\"https:\\\/\\\/beneggiassociati.com\\\/en\\\/#organization\",\"name\":\"Beneggi e associati\",\"url\":\"https:\\\/\\\/beneggiassociati.com\\\/en\\\/\",\"logo\":{\"@type\":\"ImageObject\",\"inLanguage\":\"en-US\",\"@id\":\"https:\\\/\\\/beneggiassociati.com\\\/en\\\/#\\\/schema\\\/logo\\\/image\\\/\",\"url\":\"https:\\\/\\\/beneggiassociati.com\\\/wp-content\\\/uploads\\\/2025\\\/07\\\/beneggi-logo.png\",\"contentUrl\":\"https:\\\/\\\/beneggiassociati.com\\\/wp-content\\\/uploads\\\/2025\\\/07\\\/beneggi-logo.png\",\"width\":141,\"height\":87,\"caption\":\"Beneggi e associati\"},\"image\":{\"@id\":\"https:\\\/\\\/beneggiassociati.com\\\/en\\\/#\\\/schema\\\/logo\\\/image\\\/\"}},{\"@type\":\"Person\",\"@id\":\"https:\\\/\\\/beneggiassociati.com\\\/en\\\/#\\\/schema\\\/person\\\/828daacfa37b359e89e981f920072004\",\"name\":\"Tiziano Beneggi\",\"url\":\"https:\\\/\\\/beneggiassociati.com\\\/en\\\/author\\\/tizianobeneggiassociati-com\\\/\"}]}<\/script>\n<!-- \/ Yoast SEO plugin. -->","yoast_head_json":{"title":"E-fattura differita, data di fine mese a prescindere dall\u2019ultima consegna - Beneggi &amp; Associati","description":"Risolto finalmente il tema della data fattura da indicare in caso di fatturazione differita: ammessa l'indicazione convenzionale dell'ultimo giorno del","robots":{"index":"index","follow":"follow","max-snippet":"max-snippet:-1","max-image-preview":"max-image-preview:large","max-video-preview":"max-video-preview:-1"},"canonical":"https:\/\/beneggiassociati.com\/en\/e-fattura-differita-data-di-fine-mese-a-prescindere-dallultima-consegna\/","og_locale":"en_US","og_type":"article","og_title":"E-fattura differita, data di fine mese a prescindere dall\u2019ultima consegna - Beneggi &amp; Associati","og_description":"Risolto finalmente il tema della data fattura da indicare in caso di fatturazione differita: ammessa l'indicazione convenzionale dell'ultimo giorno del","og_url":"https:\/\/beneggiassociati.com\/en\/e-fattura-differita-data-di-fine-mese-a-prescindere-dallultima-consegna\/","og_site_name":"Beneggi &amp; Associati","article_published_time":"2019-09-28T14:32:00+00:00","og_image":[{"width":1280,"height":823,"url":"https:\/\/beneggiassociati.com\/wp-content\/uploads\/2025\/07\/single-post-beneggi.jpg","type":"image\/jpeg"}],"author":"Tiziano Beneggi","twitter_card":"summary_large_image","twitter_misc":{"Written by":"Tiziano Beneggi","Est. reading time":"1 minute"},"schema":{"@context":"https:\/\/schema.org","@graph":[{"@type":"Article","@id":"https:\/\/beneggiassociati.com\/en\/e-fattura-differita-data-di-fine-mese-a-prescindere-dallultima-consegna\/#article","isPartOf":{"@id":"https:\/\/beneggiassociati.com\/en\/e-fattura-differita-data-di-fine-mese-a-prescindere-dallultima-consegna\/"},"author":{"name":"Tiziano Beneggi","@id":"https:\/\/beneggiassociati.com\/en\/#\/schema\/person\/828daacfa37b359e89e981f920072004"},"headline":"E-fattura differita, data di fine mese a prescindere dall\u2019ultima consegna","datePublished":"2019-09-28T14:32:00+00:00","mainEntityOfPage":{"@id":"https:\/\/beneggiassociati.com\/en\/e-fattura-differita-data-di-fine-mese-a-prescindere-dallultima-consegna\/"},"wordCount":271,"commentCount":0,"publisher":{"@id":"https:\/\/beneggiassociati.com\/en\/#organization"},"image":{"@id":"https:\/\/beneggiassociati.com\/en\/e-fattura-differita-data-di-fine-mese-a-prescindere-dallultima-consegna\/#primaryimage"},"thumbnailUrl":"https:\/\/beneggiassociati.com\/wp-content\/uploads\/2025\/07\/single-post-beneggi.jpg","articleSection":["ARCHIVIO"],"inLanguage":"en-US"},{"@type":"WebPage","@id":"https:\/\/beneggiassociati.com\/en\/e-fattura-differita-data-di-fine-mese-a-prescindere-dallultima-consegna\/","url":"https:\/\/beneggiassociati.com\/en\/e-fattura-differita-data-di-fine-mese-a-prescindere-dallultima-consegna\/","name":"E-fattura differita, data di fine mese a prescindere dall\u2019ultima consegna - Beneggi &amp; Associati","isPartOf":{"@id":"https:\/\/beneggiassociati.com\/en\/#website"},"primaryImageOfPage":{"@id":"https:\/\/beneggiassociati.com\/en\/e-fattura-differita-data-di-fine-mese-a-prescindere-dallultima-consegna\/#primaryimage"},"image":{"@id":"https:\/\/beneggiassociati.com\/en\/e-fattura-differita-data-di-fine-mese-a-prescindere-dallultima-consegna\/#primaryimage"},"thumbnailUrl":"https:\/\/beneggiassociati.com\/wp-content\/uploads\/2025\/07\/single-post-beneggi.jpg","datePublished":"2019-09-28T14:32:00+00:00","description":"Risolto finalmente il tema della data fattura da indicare in caso di fatturazione differita: ammessa l'indicazione convenzionale dell'ultimo giorno del","breadcrumb":{"@id":"https:\/\/beneggiassociati.com\/en\/e-fattura-differita-data-di-fine-mese-a-prescindere-dallultima-consegna\/#breadcrumb"},"inLanguage":"en-US","potentialAction":[{"@type":"ReadAction","target":["https:\/\/beneggiassociati.com\/en\/e-fattura-differita-data-di-fine-mese-a-prescindere-dallultima-consegna\/"]}]},{"@type":"ImageObject","inLanguage":"en-US","@id":"https:\/\/beneggiassociati.com\/en\/e-fattura-differita-data-di-fine-mese-a-prescindere-dallultima-consegna\/#primaryimage","url":"https:\/\/beneggiassociati.com\/wp-content\/uploads\/2025\/07\/single-post-beneggi.jpg","contentUrl":"https:\/\/beneggiassociati.com\/wp-content\/uploads\/2025\/07\/single-post-beneggi.jpg","width":1280,"height":823},{"@type":"BreadcrumbList","@id":"https:\/\/beneggiassociati.com\/en\/e-fattura-differita-data-di-fine-mese-a-prescindere-dallultima-consegna\/#breadcrumb","itemListElement":[{"@type":"ListItem","position":1,"name":"Home","item":"https:\/\/beneggiassociati.com\/en\/?page_id=24163"},{"@type":"ListItem","position":2,"name":"E-fattura differita, data di fine mese a prescindere dall\u2019ultima consegna"}]},{"@type":"WebSite","@id":"https:\/\/beneggiassociati.com\/en\/#website","url":"https:\/\/beneggiassociati.com\/en\/","name":"Beneggi e associati","description":"","publisher":{"@id":"https:\/\/beneggiassociati.com\/en\/#organization"},"potentialAction":[{"@type":"SearchAction","target":{"@type":"EntryPoint","urlTemplate":"https:\/\/beneggiassociati.com\/en\/?s={search_term_string}"},"query-input":{"@type":"PropertyValueSpecification","valueRequired":true,"valueName":"search_term_string"}}],"inLanguage":"en-US"},{"@type":"Organization","@id":"https:\/\/beneggiassociati.com\/en\/#organization","name":"Beneggi e associati","url":"https:\/\/beneggiassociati.com\/en\/","logo":{"@type":"ImageObject","inLanguage":"en-US","@id":"https:\/\/beneggiassociati.com\/en\/#\/schema\/logo\/image\/","url":"https:\/\/beneggiassociati.com\/wp-content\/uploads\/2025\/07\/beneggi-logo.png","contentUrl":"https:\/\/beneggiassociati.com\/wp-content\/uploads\/2025\/07\/beneggi-logo.png","width":141,"height":87,"caption":"Beneggi e associati"},"image":{"@id":"https:\/\/beneggiassociati.com\/en\/#\/schema\/logo\/image\/"}},{"@type":"Person","@id":"https:\/\/beneggiassociati.com\/en\/#\/schema\/person\/828daacfa37b359e89e981f920072004","name":"Tiziano Beneggi","url":"https:\/\/beneggiassociati.com\/en\/author\/tizianobeneggiassociati-com\/"}]}},"_links":{"self":[{"href":"https:\/\/beneggiassociati.com\/en\/wp-json\/wp\/v2\/posts\/16747","targetHints":{"allow":["GET"]}}],"collection":[{"href":"https:\/\/beneggiassociati.com\/en\/wp-json\/wp\/v2\/posts"}],"about":[{"href":"https:\/\/beneggiassociati.com\/en\/wp-json\/wp\/v2\/types\/post"}],"author":[{"embeddable":true,"href":"https:\/\/beneggiassociati.com\/en\/wp-json\/wp\/v2\/users\/4"}],"replies":[{"embeddable":true,"href":"https:\/\/beneggiassociati.com\/en\/wp-json\/wp\/v2\/comments?post=16747"}],"version-history":[{"count":0,"href":"https:\/\/beneggiassociati.com\/en\/wp-json\/wp\/v2\/posts\/16747\/revisions"}],"wp:featuredmedia":[{"embeddable":true,"href":"https:\/\/beneggiassociati.com\/en\/wp-json\/wp\/v2\/media\/409"}],"wp:attachment":[{"href":"https:\/\/beneggiassociati.com\/en\/wp-json\/wp\/v2\/media?parent=16747"}],"wp:term":[{"taxonomy":"category","embeddable":true,"href":"https:\/\/beneggiassociati.com\/en\/wp-json\/wp\/v2\/categories?post=16747"},{"taxonomy":"post_tag","embeddable":true,"href":"https:\/\/beneggiassociati.com\/en\/wp-json\/wp\/v2\/tags?post=16747"}],"curies":[{"name":"wp","href":"https:\/\/api.w.org\/{rel}","templated":true}]}}