{"id":16750,"date":"2019-10-07T09:26:00","date_gmt":"2019-10-07T07:26:00","guid":{"rendered":"https:\/\/dev.beneggiassociati.com\/2019\/10\/07\/srl-estensione-dei-controlli-interni-ed-esterni-prossima-scadenza-16-12-2019\/"},"modified":"2019-10-07T09:26:00","modified_gmt":"2019-10-07T07:26:00","slug":"srl-estensione-dei-controlli-interni-ed-esterni-prossima-scadenza-16-12-2019","status":"publish","type":"post","link":"https:\/\/beneggiassociati.com\/en\/srl-estensione-dei-controlli-interni-ed-esterni-prossima-scadenza-16-12-2019\/","title":{"rendered":"Srl, estensione dei controlli interni ed esterni &#124; prossima scadenza 16\/12\/2019"},"content":{"rendered":"\n<p>E\u2019\nstato pubblicato in Gazzetta Ufficiale il D.Lgs. n. 14\/2019 attuativo del Testo\nUnico della crisi d\u2019impresa e dell\u2019insolvenza (CCII) che riforma la precedente\nLegge Fallimentare del 1942. <\/p>\n\n\n<p>Le\nfinalit\u00e0 principale della riforma \u00e8 quella di rilevare tempestivamente lo\nstato di crisi delle imprese prima che arrivi lo stadio di \u201cinsolvenza irreversibile\u201d\nnella prospettiva del risanamento e comunque del pi\u00f9 elevato soddisfacimento\ndei creditori (sistema di allerta).<\/p>\n\n\n<p>Il\nsistema di allerta, modificato dal decreto \u201csblocca-cantieri\u201d \u00e8 rafforzato\ndall\u2019obbligo della nomina dal 16\/12\/2019 dell\u2019organo di controllo\n(Collegio Sindacale \u2013 Sindaco Unico \u2013 Revisore contabile) per le SRL che\nsuperino per due anni consecutivi uno dei seguenti parametri:<\/p>\n\n\n<ul class=\"wp-block-list\"><li><strong>4 milioni di attivo di stato patrimoniale;<\/strong><\/li><li><strong>4 milioni di ricavi;&nbsp;<\/strong><\/li><li><strong>20 dipendenti occupati in media durante l\u2019esercizio.&nbsp;<\/strong><\/li><\/ul>\n\n\n<p>Il\nsistema di allerta \u00e8 altres\u00ec completato con l\u2019istituzione degli OCRI\n(Organismo di Composizione Crisi Imprese) da costituiti presso la CCIAA ai\nquali le situazioni di crisi dovranno essere segnalate sia dagli organi sociali\n(amministratori e \u2019organo di controllo interno) sia dai creditori qualificati\n(Agenzia delle Entrate \u2013 INPS \u2013 Agenzie delle riscossioni). La mancata\ntempestivit\u00e0 della rilevazione della crisi e richiesta di assistenza all\u2019OCRI,\ncomporter\u00e0 il ricorso alle normali procedure concorsuali che normalmente\nportano all\u2019estinzione dell\u2019impresa ed alla responsabilit\u00e0 solidale degli\namministratori e dell\u2019organo di controllo sia verso i soci della societ\u00e0 sia\nverso i creditori sociali. A regime l\u2019intero impianto del sistema di\nallerta entrer\u00e0 in vigore il 14\/08\/2020 con l\u2019effettiva istituzione degli OCRI\ne con la determinazione degli indici quantitativi di rilevazione della crisi determinati\ndal CNDCEC e approvati dal MISE. <\/p>\n\n\n<p>Alcuni\nobblighi sono sorti per\u00f2 dal 16\/03\/2019 (30 giorni dalla pubblicazione sulla\nG.U. del D.Lgs. 14\/2019):<\/p>\n\n\n<ul class=\"wp-block-list\"><li>Art. 375 &#8211; assetti organizzativi impresa<\/li><li>Art. 377 &#8211; assetti organizzativi societari<\/li><li>Art. 378 &#8211; responsabilit\u00e0 degli amministratori<\/li><li>Art. 379 &#8211; nomina organo di controllo<\/li><li>Assetti organizzativi &#8211; Responsabilit\u00e0 degli amministratori (Artt. 375 \u2013 377 \u2013 378) <\/li><\/ul>\n\n\n<p>La\ncombinazione delle significative novit\u00e0 normative impone l\u2019adozione di\nsistemi organizzativi orientati non pi\u00f9 a fornire soli dati storici, la\ncui analisi serve solo a constatare o meno lo stato di crisi dell\u2019impresa, ma\nanche fornire fondati dati prospettici che la possano prevenire. L\u2019impresa\npertanto non pu\u00f2 pi\u00f9 essere gestita sulle mere capacit\u00e0 e sensibilit\u00e0\ndell\u2019imprenditore ma dovr\u00e0 obbligatoriamente dotarsi di un adeguato assetto\norganizzativo amministrativo e contabile, ovvero predisporre e utilizzare i\nseguenti strumenti e\/o procedure:<\/p>\n\n\n<ul class=\"wp-block-list\"><li>budget e\/o business plan<\/li><li>sistema di Pianificazione e Controllo di Gestione (P&amp;C) orientato, oltre al controllo economico patrimoniale, anche al controllo finanziario<\/li><li>monitoraggio dell\u2019andamentale finanziario (Centrale Rischi).<\/li><\/ul>\n\n\n<p>La\ngestione degli strumenti atti a adeguare gli assetti organizzativi sopracitati\ne degli eventuali strumenti correlati (tesoreria, analisi margini di\ncontribuzione, analisi scostamenti, etc.) necessita di figure specializzate e\nil ricorso a nuova managerialit\u00e0 e all\u2019assunzione del relativo costo fisso e\nvincolo contrattuale. Per molte imprese sarebbe pertanto molto pi\u00f9 economico e\nfunzionale il ricorso a specialisti esterni; personalmente ho elaborato\ndegli strumenti per gestire e monitorare quanto in causa con la massima\nefficienza e con costi notevolmente inferiori a quelli di una risorsa interna.<\/p>\n\n\n<p><strong>A mio avviso, conviene fissare un incontro per valutare gli strumenti da utilizzare per gestire e monitorare quanto in causa con la massima efficienza.<\/strong><\/p>\n\n\n<p><strong>Lo Studio \u00e8 ovviamente a disposizione per tutti gli adempimenti connessi.<\/strong><\/p>\n\n\n<p><a href=\"mailto:info@beneggiassociati.com\" target=\"_blank\" rel=\"noreferrer noopener\"><br \/>Sei interessato all\u2019articolo? Scrivici e verrai contattato da un nostro Consultant<\/a><\/p>\n\n\n<p><a href=\"https:\/\/beneggiassociati.com\/\" target=\"_blank\" rel=\"noreferrer noopener\">@ Beneggi e Associati | Commercialisti al servizio delle imprese | Meda | Milano<\/a><\/p>\n","protected":false},"excerpt":{"rendered":"<p>E\u2019 stato pubblicato in Gazzetta Ufficiale il D.Lgs. n. 14\/2019 attuativo del Testo Unico della crisi d\u2019impresa e dell\u2019insolvenza (CCII) che riforma la precedente Legge Fallimentare del 1942. Le finalit\u00e0 principale della riforma \u00e8 quella di rilevare tempestivamente lo stato di crisi delle imprese prima che arrivi lo stadio di \u201cinsolvenza irreversibile\u201d nella prospettiva del [&hellip;]<\/p>\n","protected":false},"author":4,"featured_media":409,"comment_status":"open","ping_status":"open","sticky":false,"template":"","format":"standard","meta":{"_acf_changed":false,"content-type":"","footnotes":""},"categories":[16],"tags":[],"class_list":["post-16750","post","type-post","status-publish","format-standard","has-post-thumbnail","hentry","category-archivio"],"acf":[],"yoast_head":"<!-- This site is optimized with the Yoast SEO plugin v27.5 - https:\/\/yoast.com\/product\/yoast-seo-wordpress\/ -->\n<title>Srl, estensione dei controlli interni ed esterni &#124; prossima scadenza 16\/12\/2019 - Beneggi &amp; Associati<\/title>\n<meta name=\"description\" content=\"E\u2019 stato pubblicato in Gazzetta Ufficiale il D.Lgs. n. 14\/2019 attuativo del Testo Unico della crisi d\u2019impresa e dell\u2019insolvenza (CCII) che riforma la\" \/>\n<meta name=\"robots\" content=\"index, follow, max-snippet:-1, max-image-preview:large, max-video-preview:-1\" \/>\n<link rel=\"canonical\" href=\"https:\/\/beneggiassociati.com\/en\/srl-estensione-dei-controlli-interni-ed-esterni-prossima-scadenza-16-12-2019\/\" \/>\n<meta property=\"og:locale\" content=\"en_US\" \/>\n<meta property=\"og:type\" content=\"article\" \/>\n<meta property=\"og:title\" content=\"Srl, estensione dei controlli interni ed esterni &#124; prossima scadenza 16\/12\/2019 - Beneggi &amp; Associati\" \/>\n<meta property=\"og:description\" content=\"E\u2019 stato pubblicato in Gazzetta Ufficiale il D.Lgs. n. 14\/2019 attuativo del Testo Unico della crisi d\u2019impresa e dell\u2019insolvenza (CCII) che riforma la\" \/>\n<meta property=\"og:url\" content=\"https:\/\/beneggiassociati.com\/en\/srl-estensione-dei-controlli-interni-ed-esterni-prossima-scadenza-16-12-2019\/\" \/>\n<meta property=\"og:site_name\" content=\"Beneggi &amp; Associati\" \/>\n<meta property=\"article:published_time\" content=\"2019-10-07T07:26:00+00:00\" \/>\n<meta property=\"og:image\" content=\"https:\/\/beneggiassociati.com\/wp-content\/uploads\/2025\/07\/single-post-beneggi.jpg\" \/>\n\t<meta property=\"og:image:width\" content=\"1280\" \/>\n\t<meta property=\"og:image:height\" content=\"823\" \/>\n\t<meta property=\"og:image:type\" content=\"image\/jpeg\" \/>\n<meta name=\"author\" content=\"Tiziano Beneggi\" \/>\n<meta name=\"twitter:card\" content=\"summary_large_image\" \/>\n<meta name=\"twitter:label1\" content=\"Written by\" \/>\n\t<meta name=\"twitter:data1\" content=\"Tiziano Beneggi\" \/>\n\t<meta name=\"twitter:label2\" content=\"Est. reading time\" \/>\n\t<meta name=\"twitter:data2\" content=\"3 minutes\" \/>\n<script type=\"application\/ld+json\" class=\"yoast-schema-graph\">{\"@context\":\"https:\\\/\\\/schema.org\",\"@graph\":[{\"@type\":\"Article\",\"@id\":\"https:\\\/\\\/beneggiassociati.com\\\/en\\\/srl-estensione-dei-controlli-interni-ed-esterni-prossima-scadenza-16-12-2019\\\/#article\",\"isPartOf\":{\"@id\":\"https:\\\/\\\/beneggiassociati.com\\\/en\\\/srl-estensione-dei-controlli-interni-ed-esterni-prossima-scadenza-16-12-2019\\\/\"},\"author\":{\"name\":\"Tiziano Beneggi\",\"@id\":\"https:\\\/\\\/beneggiassociati.com\\\/en\\\/#\\\/schema\\\/person\\\/828daacfa37b359e89e981f920072004\"},\"headline\":\"Srl, estensione dei controlli interni ed esterni &#124; prossima scadenza 16\\\/12\\\/2019\",\"datePublished\":\"2019-10-07T07:26:00+00:00\",\"mainEntityOfPage\":{\"@id\":\"https:\\\/\\\/beneggiassociati.com\\\/en\\\/srl-estensione-dei-controlli-interni-ed-esterni-prossima-scadenza-16-12-2019\\\/\"},\"wordCount\":566,\"commentCount\":0,\"publisher\":{\"@id\":\"https:\\\/\\\/beneggiassociati.com\\\/en\\\/#organization\"},\"image\":{\"@id\":\"https:\\\/\\\/beneggiassociati.com\\\/en\\\/srl-estensione-dei-controlli-interni-ed-esterni-prossima-scadenza-16-12-2019\\\/#primaryimage\"},\"thumbnailUrl\":\"https:\\\/\\\/beneggiassociati.com\\\/wp-content\\\/uploads\\\/2025\\\/07\\\/single-post-beneggi.jpg\",\"articleSection\":[\"ARCHIVIO\"],\"inLanguage\":\"en-US\"},{\"@type\":\"WebPage\",\"@id\":\"https:\\\/\\\/beneggiassociati.com\\\/en\\\/srl-estensione-dei-controlli-interni-ed-esterni-prossima-scadenza-16-12-2019\\\/\",\"url\":\"https:\\\/\\\/beneggiassociati.com\\\/en\\\/srl-estensione-dei-controlli-interni-ed-esterni-prossima-scadenza-16-12-2019\\\/\",\"name\":\"Srl, estensione dei controlli interni ed esterni &#124; prossima scadenza 16\\\/12\\\/2019 - Beneggi &amp; Associati\",\"isPartOf\":{\"@id\":\"https:\\\/\\\/beneggiassociati.com\\\/en\\\/#website\"},\"primaryImageOfPage\":{\"@id\":\"https:\\\/\\\/beneggiassociati.com\\\/en\\\/srl-estensione-dei-controlli-interni-ed-esterni-prossima-scadenza-16-12-2019\\\/#primaryimage\"},\"image\":{\"@id\":\"https:\\\/\\\/beneggiassociati.com\\\/en\\\/srl-estensione-dei-controlli-interni-ed-esterni-prossima-scadenza-16-12-2019\\\/#primaryimage\"},\"thumbnailUrl\":\"https:\\\/\\\/beneggiassociati.com\\\/wp-content\\\/uploads\\\/2025\\\/07\\\/single-post-beneggi.jpg\",\"datePublished\":\"2019-10-07T07:26:00+00:00\",\"description\":\"E\u2019 stato pubblicato in Gazzetta Ufficiale il D.Lgs. n. 14\\\/2019 attuativo del Testo Unico della crisi d\u2019impresa e dell\u2019insolvenza (CCII) che riforma la\",\"breadcrumb\":{\"@id\":\"https:\\\/\\\/beneggiassociati.com\\\/en\\\/srl-estensione-dei-controlli-interni-ed-esterni-prossima-scadenza-16-12-2019\\\/#breadcrumb\"},\"inLanguage\":\"en-US\",\"potentialAction\":[{\"@type\":\"ReadAction\",\"target\":[\"https:\\\/\\\/beneggiassociati.com\\\/en\\\/srl-estensione-dei-controlli-interni-ed-esterni-prossima-scadenza-16-12-2019\\\/\"]}]},{\"@type\":\"ImageObject\",\"inLanguage\":\"en-US\",\"@id\":\"https:\\\/\\\/beneggiassociati.com\\\/en\\\/srl-estensione-dei-controlli-interni-ed-esterni-prossima-scadenza-16-12-2019\\\/#primaryimage\",\"url\":\"https:\\\/\\\/beneggiassociati.com\\\/wp-content\\\/uploads\\\/2025\\\/07\\\/single-post-beneggi.jpg\",\"contentUrl\":\"https:\\\/\\\/beneggiassociati.com\\\/wp-content\\\/uploads\\\/2025\\\/07\\\/single-post-beneggi.jpg\",\"width\":1280,\"height\":823},{\"@type\":\"BreadcrumbList\",\"@id\":\"https:\\\/\\\/beneggiassociati.com\\\/en\\\/srl-estensione-dei-controlli-interni-ed-esterni-prossima-scadenza-16-12-2019\\\/#breadcrumb\",\"itemListElement\":[{\"@type\":\"ListItem\",\"position\":1,\"name\":\"Home\",\"item\":\"https:\\\/\\\/beneggiassociati.com\\\/en\\\/?page_id=24163\"},{\"@type\":\"ListItem\",\"position\":2,\"name\":\"Srl, estensione dei controlli interni ed esterni &#124; prossima scadenza 16\\\/12\\\/2019\"}]},{\"@type\":\"WebSite\",\"@id\":\"https:\\\/\\\/beneggiassociati.com\\\/en\\\/#website\",\"url\":\"https:\\\/\\\/beneggiassociati.com\\\/en\\\/\",\"name\":\"Beneggi e associati\",\"description\":\"\",\"publisher\":{\"@id\":\"https:\\\/\\\/beneggiassociati.com\\\/en\\\/#organization\"},\"potentialAction\":[{\"@type\":\"SearchAction\",\"target\":{\"@type\":\"EntryPoint\",\"urlTemplate\":\"https:\\\/\\\/beneggiassociati.com\\\/en\\\/?s={search_term_string}\"},\"query-input\":{\"@type\":\"PropertyValueSpecification\",\"valueRequired\":true,\"valueName\":\"search_term_string\"}}],\"inLanguage\":\"en-US\"},{\"@type\":\"Organization\",\"@id\":\"https:\\\/\\\/beneggiassociati.com\\\/en\\\/#organization\",\"name\":\"Beneggi e associati\",\"url\":\"https:\\\/\\\/beneggiassociati.com\\\/en\\\/\",\"logo\":{\"@type\":\"ImageObject\",\"inLanguage\":\"en-US\",\"@id\":\"https:\\\/\\\/beneggiassociati.com\\\/en\\\/#\\\/schema\\\/logo\\\/image\\\/\",\"url\":\"https:\\\/\\\/beneggiassociati.com\\\/wp-content\\\/uploads\\\/2025\\\/07\\\/beneggi-logo.png\",\"contentUrl\":\"https:\\\/\\\/beneggiassociati.com\\\/wp-content\\\/uploads\\\/2025\\\/07\\\/beneggi-logo.png\",\"width\":141,\"height\":87,\"caption\":\"Beneggi e associati\"},\"image\":{\"@id\":\"https:\\\/\\\/beneggiassociati.com\\\/en\\\/#\\\/schema\\\/logo\\\/image\\\/\"}},{\"@type\":\"Person\",\"@id\":\"https:\\\/\\\/beneggiassociati.com\\\/en\\\/#\\\/schema\\\/person\\\/828daacfa37b359e89e981f920072004\",\"name\":\"Tiziano Beneggi\",\"url\":\"https:\\\/\\\/beneggiassociati.com\\\/en\\\/author\\\/tizianobeneggiassociati-com\\\/\"}]}<\/script>\n<!-- \/ Yoast SEO plugin. -->","yoast_head_json":{"title":"Srl, estensione dei controlli interni ed esterni &#124; prossima scadenza 16\/12\/2019 - Beneggi &amp; Associati","description":"E\u2019 stato pubblicato in Gazzetta Ufficiale il D.Lgs. n. 14\/2019 attuativo del Testo Unico della crisi d\u2019impresa e dell\u2019insolvenza (CCII) che riforma la","robots":{"index":"index","follow":"follow","max-snippet":"max-snippet:-1","max-image-preview":"max-image-preview:large","max-video-preview":"max-video-preview:-1"},"canonical":"https:\/\/beneggiassociati.com\/en\/srl-estensione-dei-controlli-interni-ed-esterni-prossima-scadenza-16-12-2019\/","og_locale":"en_US","og_type":"article","og_title":"Srl, estensione dei controlli interni ed esterni &#124; prossima scadenza 16\/12\/2019 - Beneggi &amp; Associati","og_description":"E\u2019 stato pubblicato in Gazzetta Ufficiale il D.Lgs. n. 14\/2019 attuativo del Testo Unico della crisi d\u2019impresa e dell\u2019insolvenza (CCII) che riforma la","og_url":"https:\/\/beneggiassociati.com\/en\/srl-estensione-dei-controlli-interni-ed-esterni-prossima-scadenza-16-12-2019\/","og_site_name":"Beneggi &amp; Associati","article_published_time":"2019-10-07T07:26:00+00:00","og_image":[{"width":1280,"height":823,"url":"https:\/\/beneggiassociati.com\/wp-content\/uploads\/2025\/07\/single-post-beneggi.jpg","type":"image\/jpeg"}],"author":"Tiziano Beneggi","twitter_card":"summary_large_image","twitter_misc":{"Written by":"Tiziano Beneggi","Est. reading time":"3 minutes"},"schema":{"@context":"https:\/\/schema.org","@graph":[{"@type":"Article","@id":"https:\/\/beneggiassociati.com\/en\/srl-estensione-dei-controlli-interni-ed-esterni-prossima-scadenza-16-12-2019\/#article","isPartOf":{"@id":"https:\/\/beneggiassociati.com\/en\/srl-estensione-dei-controlli-interni-ed-esterni-prossima-scadenza-16-12-2019\/"},"author":{"name":"Tiziano Beneggi","@id":"https:\/\/beneggiassociati.com\/en\/#\/schema\/person\/828daacfa37b359e89e981f920072004"},"headline":"Srl, estensione dei controlli interni ed esterni &#124; prossima scadenza 16\/12\/2019","datePublished":"2019-10-07T07:26:00+00:00","mainEntityOfPage":{"@id":"https:\/\/beneggiassociati.com\/en\/srl-estensione-dei-controlli-interni-ed-esterni-prossima-scadenza-16-12-2019\/"},"wordCount":566,"commentCount":0,"publisher":{"@id":"https:\/\/beneggiassociati.com\/en\/#organization"},"image":{"@id":"https:\/\/beneggiassociati.com\/en\/srl-estensione-dei-controlli-interni-ed-esterni-prossima-scadenza-16-12-2019\/#primaryimage"},"thumbnailUrl":"https:\/\/beneggiassociati.com\/wp-content\/uploads\/2025\/07\/single-post-beneggi.jpg","articleSection":["ARCHIVIO"],"inLanguage":"en-US"},{"@type":"WebPage","@id":"https:\/\/beneggiassociati.com\/en\/srl-estensione-dei-controlli-interni-ed-esterni-prossima-scadenza-16-12-2019\/","url":"https:\/\/beneggiassociati.com\/en\/srl-estensione-dei-controlli-interni-ed-esterni-prossima-scadenza-16-12-2019\/","name":"Srl, estensione dei controlli interni ed esterni &#124; prossima scadenza 16\/12\/2019 - Beneggi &amp; Associati","isPartOf":{"@id":"https:\/\/beneggiassociati.com\/en\/#website"},"primaryImageOfPage":{"@id":"https:\/\/beneggiassociati.com\/en\/srl-estensione-dei-controlli-interni-ed-esterni-prossima-scadenza-16-12-2019\/#primaryimage"},"image":{"@id":"https:\/\/beneggiassociati.com\/en\/srl-estensione-dei-controlli-interni-ed-esterni-prossima-scadenza-16-12-2019\/#primaryimage"},"thumbnailUrl":"https:\/\/beneggiassociati.com\/wp-content\/uploads\/2025\/07\/single-post-beneggi.jpg","datePublished":"2019-10-07T07:26:00+00:00","description":"E\u2019 stato pubblicato in Gazzetta Ufficiale il D.Lgs. n. 14\/2019 attuativo del Testo Unico della crisi d\u2019impresa e dell\u2019insolvenza (CCII) che riforma la","breadcrumb":{"@id":"https:\/\/beneggiassociati.com\/en\/srl-estensione-dei-controlli-interni-ed-esterni-prossima-scadenza-16-12-2019\/#breadcrumb"},"inLanguage":"en-US","potentialAction":[{"@type":"ReadAction","target":["https:\/\/beneggiassociati.com\/en\/srl-estensione-dei-controlli-interni-ed-esterni-prossima-scadenza-16-12-2019\/"]}]},{"@type":"ImageObject","inLanguage":"en-US","@id":"https:\/\/beneggiassociati.com\/en\/srl-estensione-dei-controlli-interni-ed-esterni-prossima-scadenza-16-12-2019\/#primaryimage","url":"https:\/\/beneggiassociati.com\/wp-content\/uploads\/2025\/07\/single-post-beneggi.jpg","contentUrl":"https:\/\/beneggiassociati.com\/wp-content\/uploads\/2025\/07\/single-post-beneggi.jpg","width":1280,"height":823},{"@type":"BreadcrumbList","@id":"https:\/\/beneggiassociati.com\/en\/srl-estensione-dei-controlli-interni-ed-esterni-prossima-scadenza-16-12-2019\/#breadcrumb","itemListElement":[{"@type":"ListItem","position":1,"name":"Home","item":"https:\/\/beneggiassociati.com\/en\/?page_id=24163"},{"@type":"ListItem","position":2,"name":"Srl, estensione dei controlli interni ed esterni &#124; prossima scadenza 16\/12\/2019"}]},{"@type":"WebSite","@id":"https:\/\/beneggiassociati.com\/en\/#website","url":"https:\/\/beneggiassociati.com\/en\/","name":"Beneggi e associati","description":"","publisher":{"@id":"https:\/\/beneggiassociati.com\/en\/#organization"},"potentialAction":[{"@type":"SearchAction","target":{"@type":"EntryPoint","urlTemplate":"https:\/\/beneggiassociati.com\/en\/?s={search_term_string}"},"query-input":{"@type":"PropertyValueSpecification","valueRequired":true,"valueName":"search_term_string"}}],"inLanguage":"en-US"},{"@type":"Organization","@id":"https:\/\/beneggiassociati.com\/en\/#organization","name":"Beneggi e associati","url":"https:\/\/beneggiassociati.com\/en\/","logo":{"@type":"ImageObject","inLanguage":"en-US","@id":"https:\/\/beneggiassociati.com\/en\/#\/schema\/logo\/image\/","url":"https:\/\/beneggiassociati.com\/wp-content\/uploads\/2025\/07\/beneggi-logo.png","contentUrl":"https:\/\/beneggiassociati.com\/wp-content\/uploads\/2025\/07\/beneggi-logo.png","width":141,"height":87,"caption":"Beneggi e associati"},"image":{"@id":"https:\/\/beneggiassociati.com\/en\/#\/schema\/logo\/image\/"}},{"@type":"Person","@id":"https:\/\/beneggiassociati.com\/en\/#\/schema\/person\/828daacfa37b359e89e981f920072004","name":"Tiziano Beneggi","url":"https:\/\/beneggiassociati.com\/en\/author\/tizianobeneggiassociati-com\/"}]}},"_links":{"self":[{"href":"https:\/\/beneggiassociati.com\/en\/wp-json\/wp\/v2\/posts\/16750","targetHints":{"allow":["GET"]}}],"collection":[{"href":"https:\/\/beneggiassociati.com\/en\/wp-json\/wp\/v2\/posts"}],"about":[{"href":"https:\/\/beneggiassociati.com\/en\/wp-json\/wp\/v2\/types\/post"}],"author":[{"embeddable":true,"href":"https:\/\/beneggiassociati.com\/en\/wp-json\/wp\/v2\/users\/4"}],"replies":[{"embeddable":true,"href":"https:\/\/beneggiassociati.com\/en\/wp-json\/wp\/v2\/comments?post=16750"}],"version-history":[{"count":0,"href":"https:\/\/beneggiassociati.com\/en\/wp-json\/wp\/v2\/posts\/16750\/revisions"}],"wp:featuredmedia":[{"embeddable":true,"href":"https:\/\/beneggiassociati.com\/en\/wp-json\/wp\/v2\/media\/409"}],"wp:attachment":[{"href":"https:\/\/beneggiassociati.com\/en\/wp-json\/wp\/v2\/media?parent=16750"}],"wp:term":[{"taxonomy":"category","embeddable":true,"href":"https:\/\/beneggiassociati.com\/en\/wp-json\/wp\/v2\/categories?post=16750"},{"taxonomy":"post_tag","embeddable":true,"href":"https:\/\/beneggiassociati.com\/en\/wp-json\/wp\/v2\/tags?post=16750"}],"curies":[{"name":"wp","href":"https:\/\/api.w.org\/{rel}","templated":true}]}}