{"id":16768,"date":"2019-10-19T13:16:00","date_gmt":"2019-10-19T11:16:00","guid":{"rendered":"https:\/\/dev.beneggiassociati.com\/2019\/10\/19\/iva-lomesso-versamento-prescinde-dallincasso\/"},"modified":"2019-10-19T13:16:00","modified_gmt":"2019-10-19T11:16:00","slug":"iva-lomesso-versamento-prescinde-dallincasso","status":"publish","type":"post","link":"https:\/\/beneggiassociati.com\/en\/iva-lomesso-versamento-prescinde-dallincasso\/","title":{"rendered":"Iva, l\u2019omesso versamento prescinde dall\u2019incasso"},"content":{"rendered":"\n<p>Il reato di omesso versamento Iva scatta anche se il debito di imposta \u00e8 generato dall\u2019emissione di fatture che seguono il regime di competenza e, quindi, a prescindere dall\u2019effettivo incasso.&nbsp;<\/p>\n\n\n<p>Si tratta di un reato omissivo a carattere istantaneo, consistente nel mancato versamento all\u2019erario delle somme dovute sulla base della dichiarazione annuale ed \u00e8 ordinariamente svincolato dalla effettiva riscossione dei corrispettivi indicati in fattura. L\u2019obbligo di indicazione della dichiarazione annuale e conseguentemente del versamento \u00e8 stato soprattutto sino ad oggi, secondo i giudici, ordinariamente svincolato (fatta salva l\u2019applicazione dei regimi per cassa) dall\u2019effettiva riscossione delle somme. Ne consegue che se, l\u2019emissione della fattura \u00e8 antecedente al pagamento del corrispettivo, il contribuente si espone all\u2019obbligo di versamento, non potendo dedurre il mancato pagamento della fattura quale causa di forza maggiore o assenza dell\u2019elemento soggettivo.<\/p>\n\n\n<p>Solo nelle procedure esecutive e fallimentari opera il principio della par condicio creditorum e quindi l\u2019ordine di preferenza in tema di crediti prededucibili che impone l\u2019adempimento prioritario dei crediti da lavoro dipendente rispetto a i crediti erariali. Detto principio non pu\u00f2 essere richiamato in contesti diversi.<\/p>\n\n\n<p>Il regime per competenza sia quasi opzionale: con la conseguenza che &#8211; avendolo scelto &#8211; il contribuente si \u00e8 assunto anche il rischio di dover dichiarare (e versare) ci\u00f2 che non ha incassato. \u00c8 noto invece che, ad esempio, i titolari di reddito di impresa sono obbligati all\u2019osservanza di detto principio.&nbsp;<\/p>\n\n\n<p><a href=\"mailto:info@beneggiassociati.com\" target=\"_blank\" rel=\"noreferrer noopener\"><br \/>Sei interessato all\u2019articolo? Scrivici e verrai contattato da un nostro Consultant<\/a><\/p>\n\n\n<p><a href=\"https:\/\/beneggiassociati.com\/\" target=\"_blank\" rel=\"noreferrer noopener\">@ Beneggi e Associati | Commercialisti al servizio delle imprese | Meda | Milano<\/a><br \/><\/p>\n","protected":false},"excerpt":{"rendered":"<p>Il reato di omesso versamento Iva scatta anche se il debito di imposta \u00e8 generato dall\u2019emissione di fatture che seguono il regime di competenza e, quindi, a prescindere dall\u2019effettivo incasso.&nbsp; Si tratta di un reato omissivo a carattere istantaneo, consistente nel mancato versamento all\u2019erario delle somme dovute sulla base della dichiarazione annuale ed \u00e8 ordinariamente [&hellip;]<\/p>\n","protected":false},"author":4,"featured_media":409,"comment_status":"open","ping_status":"open","sticky":false,"template":"","format":"standard","meta":{"_acf_changed":false,"content-type":"","footnotes":""},"categories":[16],"tags":[],"class_list":["post-16768","post","type-post","status-publish","format-standard","has-post-thumbnail","hentry","category-archivio"],"acf":[],"yoast_head":"<!-- This site is optimized with the Yoast SEO plugin v27.4 - https:\/\/yoast.com\/product\/yoast-seo-wordpress\/ -->\n<title>Iva, l\u2019omesso versamento prescinde dall\u2019incasso - Beneggi &amp; Associati<\/title>\n<meta name=\"description\" content=\"Il reato di omesso versamento Iva scatta anche se il debito di imposta \u00e8 generato dall\u2019emissione di fatture che seguono il regime di competenza e, quindi,\" \/>\n<meta name=\"robots\" content=\"index, follow, max-snippet:-1, max-image-preview:large, max-video-preview:-1\" \/>\n<link rel=\"canonical\" href=\"https:\/\/beneggiassociati.com\/en\/iva-lomesso-versamento-prescinde-dallincasso\/\" \/>\n<meta property=\"og:locale\" content=\"en_US\" \/>\n<meta property=\"og:type\" content=\"article\" \/>\n<meta property=\"og:title\" content=\"Iva, l\u2019omesso versamento prescinde dall\u2019incasso - Beneggi &amp; Associati\" \/>\n<meta property=\"og:description\" content=\"Il reato di omesso versamento Iva scatta anche se il debito di imposta \u00e8 generato dall\u2019emissione di fatture che seguono il regime di competenza e, quindi,\" \/>\n<meta property=\"og:url\" content=\"https:\/\/beneggiassociati.com\/en\/iva-lomesso-versamento-prescinde-dallincasso\/\" \/>\n<meta property=\"og:site_name\" content=\"Beneggi &amp; Associati\" \/>\n<meta property=\"article:published_time\" content=\"2019-10-19T11:16:00+00:00\" \/>\n<meta property=\"og:image\" content=\"https:\/\/beneggiassociati.com\/wp-content\/uploads\/2025\/07\/single-post-beneggi.jpg\" \/>\n\t<meta property=\"og:image:width\" content=\"1280\" \/>\n\t<meta property=\"og:image:height\" content=\"823\" \/>\n\t<meta property=\"og:image:type\" content=\"image\/jpeg\" \/>\n<meta name=\"author\" content=\"Tiziano Beneggi\" \/>\n<meta name=\"twitter:card\" content=\"summary_large_image\" \/>\n<meta name=\"twitter:label1\" content=\"Written by\" \/>\n\t<meta name=\"twitter:data1\" content=\"Tiziano Beneggi\" \/>\n\t<meta name=\"twitter:label2\" content=\"Est. reading time\" \/>\n\t<meta name=\"twitter:data2\" content=\"1 minute\" \/>\n<script type=\"application\/ld+json\" class=\"yoast-schema-graph\">{\"@context\":\"https:\\\/\\\/schema.org\",\"@graph\":[{\"@type\":\"Article\",\"@id\":\"https:\\\/\\\/beneggiassociati.com\\\/en\\\/iva-lomesso-versamento-prescinde-dallincasso\\\/#article\",\"isPartOf\":{\"@id\":\"https:\\\/\\\/beneggiassociati.com\\\/en\\\/iva-lomesso-versamento-prescinde-dallincasso\\\/\"},\"author\":{\"name\":\"Tiziano Beneggi\",\"@id\":\"https:\\\/\\\/beneggiassociati.com\\\/en\\\/#\\\/schema\\\/person\\\/828daacfa37b359e89e981f920072004\"},\"headline\":\"Iva, l\u2019omesso versamento prescinde dall\u2019incasso\",\"datePublished\":\"2019-10-19T11:16:00+00:00\",\"mainEntityOfPage\":{\"@id\":\"https:\\\/\\\/beneggiassociati.com\\\/en\\\/iva-lomesso-versamento-prescinde-dallincasso\\\/\"},\"wordCount\":267,\"commentCount\":0,\"publisher\":{\"@id\":\"https:\\\/\\\/beneggiassociati.com\\\/en\\\/#organization\"},\"image\":{\"@id\":\"https:\\\/\\\/beneggiassociati.com\\\/en\\\/iva-lomesso-versamento-prescinde-dallincasso\\\/#primaryimage\"},\"thumbnailUrl\":\"https:\\\/\\\/beneggiassociati.com\\\/wp-content\\\/uploads\\\/2025\\\/07\\\/single-post-beneggi.jpg\",\"articleSection\":[\"ARCHIVIO\"],\"inLanguage\":\"en-US\"},{\"@type\":\"WebPage\",\"@id\":\"https:\\\/\\\/beneggiassociati.com\\\/en\\\/iva-lomesso-versamento-prescinde-dallincasso\\\/\",\"url\":\"https:\\\/\\\/beneggiassociati.com\\\/en\\\/iva-lomesso-versamento-prescinde-dallincasso\\\/\",\"name\":\"Iva, l\u2019omesso versamento prescinde dall\u2019incasso - Beneggi &amp; Associati\",\"isPartOf\":{\"@id\":\"https:\\\/\\\/beneggiassociati.com\\\/en\\\/#website\"},\"primaryImageOfPage\":{\"@id\":\"https:\\\/\\\/beneggiassociati.com\\\/en\\\/iva-lomesso-versamento-prescinde-dallincasso\\\/#primaryimage\"},\"image\":{\"@id\":\"https:\\\/\\\/beneggiassociati.com\\\/en\\\/iva-lomesso-versamento-prescinde-dallincasso\\\/#primaryimage\"},\"thumbnailUrl\":\"https:\\\/\\\/beneggiassociati.com\\\/wp-content\\\/uploads\\\/2025\\\/07\\\/single-post-beneggi.jpg\",\"datePublished\":\"2019-10-19T11:16:00+00:00\",\"description\":\"Il reato di omesso versamento Iva scatta anche se il debito di imposta \u00e8 generato dall\u2019emissione di fatture che seguono il regime di competenza e, quindi,\",\"breadcrumb\":{\"@id\":\"https:\\\/\\\/beneggiassociati.com\\\/en\\\/iva-lomesso-versamento-prescinde-dallincasso\\\/#breadcrumb\"},\"inLanguage\":\"en-US\",\"potentialAction\":[{\"@type\":\"ReadAction\",\"target\":[\"https:\\\/\\\/beneggiassociati.com\\\/en\\\/iva-lomesso-versamento-prescinde-dallincasso\\\/\"]}]},{\"@type\":\"ImageObject\",\"inLanguage\":\"en-US\",\"@id\":\"https:\\\/\\\/beneggiassociati.com\\\/en\\\/iva-lomesso-versamento-prescinde-dallincasso\\\/#primaryimage\",\"url\":\"https:\\\/\\\/beneggiassociati.com\\\/wp-content\\\/uploads\\\/2025\\\/07\\\/single-post-beneggi.jpg\",\"contentUrl\":\"https:\\\/\\\/beneggiassociati.com\\\/wp-content\\\/uploads\\\/2025\\\/07\\\/single-post-beneggi.jpg\",\"width\":1280,\"height\":823},{\"@type\":\"BreadcrumbList\",\"@id\":\"https:\\\/\\\/beneggiassociati.com\\\/en\\\/iva-lomesso-versamento-prescinde-dallincasso\\\/#breadcrumb\",\"itemListElement\":[{\"@type\":\"ListItem\",\"position\":1,\"name\":\"Home\",\"item\":\"https:\\\/\\\/beneggiassociati.com\\\/en\\\/?page_id=24163\"},{\"@type\":\"ListItem\",\"position\":2,\"name\":\"Iva, l\u2019omesso versamento prescinde dall\u2019incasso\"}]},{\"@type\":\"WebSite\",\"@id\":\"https:\\\/\\\/beneggiassociati.com\\\/en\\\/#website\",\"url\":\"https:\\\/\\\/beneggiassociati.com\\\/en\\\/\",\"name\":\"Beneggi e associati\",\"description\":\"\",\"publisher\":{\"@id\":\"https:\\\/\\\/beneggiassociati.com\\\/en\\\/#organization\"},\"potentialAction\":[{\"@type\":\"SearchAction\",\"target\":{\"@type\":\"EntryPoint\",\"urlTemplate\":\"https:\\\/\\\/beneggiassociati.com\\\/en\\\/?s={search_term_string}\"},\"query-input\":{\"@type\":\"PropertyValueSpecification\",\"valueRequired\":true,\"valueName\":\"search_term_string\"}}],\"inLanguage\":\"en-US\"},{\"@type\":\"Organization\",\"@id\":\"https:\\\/\\\/beneggiassociati.com\\\/en\\\/#organization\",\"name\":\"Beneggi e associati\",\"url\":\"https:\\\/\\\/beneggiassociati.com\\\/en\\\/\",\"logo\":{\"@type\":\"ImageObject\",\"inLanguage\":\"en-US\",\"@id\":\"https:\\\/\\\/beneggiassociati.com\\\/en\\\/#\\\/schema\\\/logo\\\/image\\\/\",\"url\":\"https:\\\/\\\/beneggiassociati.com\\\/wp-content\\\/uploads\\\/2025\\\/07\\\/beneggi-logo.png\",\"contentUrl\":\"https:\\\/\\\/beneggiassociati.com\\\/wp-content\\\/uploads\\\/2025\\\/07\\\/beneggi-logo.png\",\"width\":141,\"height\":87,\"caption\":\"Beneggi e associati\"},\"image\":{\"@id\":\"https:\\\/\\\/beneggiassociati.com\\\/en\\\/#\\\/schema\\\/logo\\\/image\\\/\"}},{\"@type\":\"Person\",\"@id\":\"https:\\\/\\\/beneggiassociati.com\\\/en\\\/#\\\/schema\\\/person\\\/828daacfa37b359e89e981f920072004\",\"name\":\"Tiziano Beneggi\",\"url\":\"https:\\\/\\\/beneggiassociati.com\\\/en\\\/author\\\/tizianobeneggiassociati-com\\\/\"}]}<\/script>\n<!-- \/ Yoast SEO plugin. -->","yoast_head_json":{"title":"Iva, l\u2019omesso versamento prescinde dall\u2019incasso - Beneggi &amp; Associati","description":"Il reato di omesso versamento Iva scatta anche se il debito di imposta \u00e8 generato dall\u2019emissione di fatture che seguono il regime di competenza e, quindi,","robots":{"index":"index","follow":"follow","max-snippet":"max-snippet:-1","max-image-preview":"max-image-preview:large","max-video-preview":"max-video-preview:-1"},"canonical":"https:\/\/beneggiassociati.com\/en\/iva-lomesso-versamento-prescinde-dallincasso\/","og_locale":"en_US","og_type":"article","og_title":"Iva, l\u2019omesso versamento prescinde dall\u2019incasso - Beneggi &amp; Associati","og_description":"Il reato di omesso versamento Iva scatta anche se il debito di imposta \u00e8 generato dall\u2019emissione di fatture che seguono il regime di competenza e, quindi,","og_url":"https:\/\/beneggiassociati.com\/en\/iva-lomesso-versamento-prescinde-dallincasso\/","og_site_name":"Beneggi &amp; Associati","article_published_time":"2019-10-19T11:16:00+00:00","og_image":[{"width":1280,"height":823,"url":"https:\/\/beneggiassociati.com\/wp-content\/uploads\/2025\/07\/single-post-beneggi.jpg","type":"image\/jpeg"}],"author":"Tiziano Beneggi","twitter_card":"summary_large_image","twitter_misc":{"Written by":"Tiziano Beneggi","Est. reading time":"1 minute"},"schema":{"@context":"https:\/\/schema.org","@graph":[{"@type":"Article","@id":"https:\/\/beneggiassociati.com\/en\/iva-lomesso-versamento-prescinde-dallincasso\/#article","isPartOf":{"@id":"https:\/\/beneggiassociati.com\/en\/iva-lomesso-versamento-prescinde-dallincasso\/"},"author":{"name":"Tiziano Beneggi","@id":"https:\/\/beneggiassociati.com\/en\/#\/schema\/person\/828daacfa37b359e89e981f920072004"},"headline":"Iva, l\u2019omesso versamento prescinde dall\u2019incasso","datePublished":"2019-10-19T11:16:00+00:00","mainEntityOfPage":{"@id":"https:\/\/beneggiassociati.com\/en\/iva-lomesso-versamento-prescinde-dallincasso\/"},"wordCount":267,"commentCount":0,"publisher":{"@id":"https:\/\/beneggiassociati.com\/en\/#organization"},"image":{"@id":"https:\/\/beneggiassociati.com\/en\/iva-lomesso-versamento-prescinde-dallincasso\/#primaryimage"},"thumbnailUrl":"https:\/\/beneggiassociati.com\/wp-content\/uploads\/2025\/07\/single-post-beneggi.jpg","articleSection":["ARCHIVIO"],"inLanguage":"en-US"},{"@type":"WebPage","@id":"https:\/\/beneggiassociati.com\/en\/iva-lomesso-versamento-prescinde-dallincasso\/","url":"https:\/\/beneggiassociati.com\/en\/iva-lomesso-versamento-prescinde-dallincasso\/","name":"Iva, l\u2019omesso versamento prescinde dall\u2019incasso - Beneggi &amp; Associati","isPartOf":{"@id":"https:\/\/beneggiassociati.com\/en\/#website"},"primaryImageOfPage":{"@id":"https:\/\/beneggiassociati.com\/en\/iva-lomesso-versamento-prescinde-dallincasso\/#primaryimage"},"image":{"@id":"https:\/\/beneggiassociati.com\/en\/iva-lomesso-versamento-prescinde-dallincasso\/#primaryimage"},"thumbnailUrl":"https:\/\/beneggiassociati.com\/wp-content\/uploads\/2025\/07\/single-post-beneggi.jpg","datePublished":"2019-10-19T11:16:00+00:00","description":"Il reato di omesso versamento Iva scatta anche se il debito di imposta \u00e8 generato dall\u2019emissione di fatture che seguono il regime di competenza e, quindi,","breadcrumb":{"@id":"https:\/\/beneggiassociati.com\/en\/iva-lomesso-versamento-prescinde-dallincasso\/#breadcrumb"},"inLanguage":"en-US","potentialAction":[{"@type":"ReadAction","target":["https:\/\/beneggiassociati.com\/en\/iva-lomesso-versamento-prescinde-dallincasso\/"]}]},{"@type":"ImageObject","inLanguage":"en-US","@id":"https:\/\/beneggiassociati.com\/en\/iva-lomesso-versamento-prescinde-dallincasso\/#primaryimage","url":"https:\/\/beneggiassociati.com\/wp-content\/uploads\/2025\/07\/single-post-beneggi.jpg","contentUrl":"https:\/\/beneggiassociati.com\/wp-content\/uploads\/2025\/07\/single-post-beneggi.jpg","width":1280,"height":823},{"@type":"BreadcrumbList","@id":"https:\/\/beneggiassociati.com\/en\/iva-lomesso-versamento-prescinde-dallincasso\/#breadcrumb","itemListElement":[{"@type":"ListItem","position":1,"name":"Home","item":"https:\/\/beneggiassociati.com\/en\/?page_id=24163"},{"@type":"ListItem","position":2,"name":"Iva, l\u2019omesso versamento prescinde dall\u2019incasso"}]},{"@type":"WebSite","@id":"https:\/\/beneggiassociati.com\/en\/#website","url":"https:\/\/beneggiassociati.com\/en\/","name":"Beneggi e associati","description":"","publisher":{"@id":"https:\/\/beneggiassociati.com\/en\/#organization"},"potentialAction":[{"@type":"SearchAction","target":{"@type":"EntryPoint","urlTemplate":"https:\/\/beneggiassociati.com\/en\/?s={search_term_string}"},"query-input":{"@type":"PropertyValueSpecification","valueRequired":true,"valueName":"search_term_string"}}],"inLanguage":"en-US"},{"@type":"Organization","@id":"https:\/\/beneggiassociati.com\/en\/#organization","name":"Beneggi e associati","url":"https:\/\/beneggiassociati.com\/en\/","logo":{"@type":"ImageObject","inLanguage":"en-US","@id":"https:\/\/beneggiassociati.com\/en\/#\/schema\/logo\/image\/","url":"https:\/\/beneggiassociati.com\/wp-content\/uploads\/2025\/07\/beneggi-logo.png","contentUrl":"https:\/\/beneggiassociati.com\/wp-content\/uploads\/2025\/07\/beneggi-logo.png","width":141,"height":87,"caption":"Beneggi e associati"},"image":{"@id":"https:\/\/beneggiassociati.com\/en\/#\/schema\/logo\/image\/"}},{"@type":"Person","@id":"https:\/\/beneggiassociati.com\/en\/#\/schema\/person\/828daacfa37b359e89e981f920072004","name":"Tiziano Beneggi","url":"https:\/\/beneggiassociati.com\/en\/author\/tizianobeneggiassociati-com\/"}]}},"_links":{"self":[{"href":"https:\/\/beneggiassociati.com\/en\/wp-json\/wp\/v2\/posts\/16768","targetHints":{"allow":["GET"]}}],"collection":[{"href":"https:\/\/beneggiassociati.com\/en\/wp-json\/wp\/v2\/posts"}],"about":[{"href":"https:\/\/beneggiassociati.com\/en\/wp-json\/wp\/v2\/types\/post"}],"author":[{"embeddable":true,"href":"https:\/\/beneggiassociati.com\/en\/wp-json\/wp\/v2\/users\/4"}],"replies":[{"embeddable":true,"href":"https:\/\/beneggiassociati.com\/en\/wp-json\/wp\/v2\/comments?post=16768"}],"version-history":[{"count":0,"href":"https:\/\/beneggiassociati.com\/en\/wp-json\/wp\/v2\/posts\/16768\/revisions"}],"wp:featuredmedia":[{"embeddable":true,"href":"https:\/\/beneggiassociati.com\/en\/wp-json\/wp\/v2\/media\/409"}],"wp:attachment":[{"href":"https:\/\/beneggiassociati.com\/en\/wp-json\/wp\/v2\/media?parent=16768"}],"wp:term":[{"taxonomy":"category","embeddable":true,"href":"https:\/\/beneggiassociati.com\/en\/wp-json\/wp\/v2\/categories?post=16768"},{"taxonomy":"post_tag","embeddable":true,"href":"https:\/\/beneggiassociati.com\/en\/wp-json\/wp\/v2\/tags?post=16768"}],"curies":[{"name":"wp","href":"https:\/\/api.w.org\/{rel}","templated":true}]}}