{"id":16805,"date":"2019-11-03T09:28:00","date_gmt":"2019-11-03T08:28:00","guid":{"rendered":"https:\/\/dev.beneggiassociati.com\/2019\/11\/03\/imposte-acconti-2019-rimodulati\/"},"modified":"2019-11-03T09:28:00","modified_gmt":"2019-11-03T08:28:00","slug":"imposte-acconti-2019-rimodulati","status":"publish","type":"post","link":"https:\/\/beneggiassociati.com\/en\/imposte-acconti-2019-rimodulati\/","title":{"rendered":"Imposte, acconti 2019 rimodulati"},"content":{"rendered":"\n<p>La misura dell\u2019acconto da versare entro il 2 dicembre 2019 si ricalcola per i contribuenti soggetti agli indici sintetici di affidabilit\u00e0 fiscale (Isa).&nbsp;<\/p>\n\n\n<p>Il ricalcolo dell\u2019acconto riguarda l\u2019Irpef, l\u2019Ires e l\u2019Irap dovuti dai soggetti Isa, nonch\u00e9 dai contribuenti \u201ccollegati\u201d come, ad esempio, i soci di societ\u00e0 di persone e quelli delle societ\u00e0 a responsabilit\u00e0 limitata in trasparenza o i collaboratori di imprese familiari. Dal prossimo anno sar\u00e0 pi\u00f9 alta la prima rata dell\u2019acconto dovuta nella misura del 50%, invece dell\u2019attuale 40 per cento.&nbsp;<\/p>\n\n\n<p>A regime, la norma prevede il versamento dell\u2019acconto \u00abin due rate ciascuna nella misura del 50 per cento\u00bb. Considerato che, di norma, l\u2019acconto si versa in due rate, di cui la prima nella misura del 40% e la seconda nella restante misura del 60%, \u00e8 ora previsto di pagare l\u2019acconto in due rate ciascuna nella misura del 50 per cento.&nbsp;<\/p>\n\n\n<p>Considerato che la norma sulla rimodulazione dell\u2019acconto fa riferimento solo ai contribuenti soggetti agli Isa, \u00e8 indispensabile e urgente chiarire che, cos\u00ec come per la proroga dei versamenti, anche la rimodulazione degli acconti riguarda pure i forfettari.<\/p>\n\n\n<p><a href=\"mailto:info@beneggiassociati.com\" target=\"_blank\" rel=\"noreferrer noopener\"><br \/>Sei interessato all\u2019articolo? Scrivici e verrai contattato da un nostro Consultant<\/a><\/p>\n\n\n<p><a href=\"https:\/\/beneggiassociati.com\/\" target=\"_blank\" rel=\"noreferrer noopener\">@ Beneggi e Associati | Commercialisti al servizio delle imprese | Meda | Milano<\/a><br \/><\/p>\n","protected":false},"excerpt":{"rendered":"<p>La misura dell\u2019acconto da versare entro il 2 dicembre 2019 si ricalcola per i contribuenti soggetti agli indici sintetici di affidabilit\u00e0 fiscale (Isa).&nbsp; Il ricalcolo dell\u2019acconto riguarda l\u2019Irpef, l\u2019Ires e l\u2019Irap dovuti dai soggetti Isa, nonch\u00e9 dai contribuenti \u201ccollegati\u201d come, ad esempio, i soci di societ\u00e0 di persone e quelli delle societ\u00e0 a responsabilit\u00e0 limitata [&hellip;]<\/p>\n","protected":false},"author":4,"featured_media":409,"comment_status":"open","ping_status":"open","sticky":false,"template":"","format":"standard","meta":{"_acf_changed":false,"content-type":"","footnotes":""},"categories":[16],"tags":[],"class_list":["post-16805","post","type-post","status-publish","format-standard","has-post-thumbnail","hentry","category-archivio"],"acf":[],"yoast_head":"<!-- This site is optimized with the Yoast SEO plugin v27.4 - https:\/\/yoast.com\/product\/yoast-seo-wordpress\/ -->\n<title>Imposte, acconti 2019 rimodulati - Beneggi &amp; Associati<\/title>\n<meta name=\"description\" content=\"La misura dell\u2019acconto da versare entro il 2 dicembre 2019 si ricalcola per i contribuenti soggetti agli indici sintetici di affidabilit\u00e0 fiscale\" \/>\n<meta name=\"robots\" content=\"index, follow, max-snippet:-1, max-image-preview:large, max-video-preview:-1\" \/>\n<link rel=\"canonical\" href=\"https:\/\/beneggiassociati.com\/en\/imposte-acconti-2019-rimodulati\/\" \/>\n<meta property=\"og:locale\" content=\"en_US\" \/>\n<meta property=\"og:type\" content=\"article\" \/>\n<meta property=\"og:title\" content=\"Imposte, acconti 2019 rimodulati - Beneggi &amp; Associati\" \/>\n<meta property=\"og:description\" content=\"La misura dell\u2019acconto da versare entro il 2 dicembre 2019 si ricalcola per i contribuenti soggetti agli indici sintetici di affidabilit\u00e0 fiscale\" \/>\n<meta property=\"og:url\" content=\"https:\/\/beneggiassociati.com\/en\/imposte-acconti-2019-rimodulati\/\" \/>\n<meta property=\"og:site_name\" content=\"Beneggi &amp; Associati\" \/>\n<meta property=\"article:published_time\" content=\"2019-11-03T08:28:00+00:00\" \/>\n<meta property=\"og:image\" content=\"https:\/\/beneggiassociati.com\/wp-content\/uploads\/2025\/07\/single-post-beneggi.jpg\" \/>\n\t<meta property=\"og:image:width\" content=\"1280\" \/>\n\t<meta property=\"og:image:height\" content=\"823\" \/>\n\t<meta property=\"og:image:type\" content=\"image\/jpeg\" \/>\n<meta name=\"author\" content=\"Tiziano Beneggi\" \/>\n<meta name=\"twitter:card\" content=\"summary_large_image\" \/>\n<meta name=\"twitter:label1\" content=\"Written by\" \/>\n\t<meta name=\"twitter:data1\" content=\"Tiziano Beneggi\" \/>\n\t<meta name=\"twitter:label2\" content=\"Est. reading time\" \/>\n\t<meta name=\"twitter:data2\" content=\"1 minute\" \/>\n<script type=\"application\/ld+json\" class=\"yoast-schema-graph\">{\"@context\":\"https:\\\/\\\/schema.org\",\"@graph\":[{\"@type\":\"Article\",\"@id\":\"https:\\\/\\\/beneggiassociati.com\\\/en\\\/imposte-acconti-2019-rimodulati\\\/#article\",\"isPartOf\":{\"@id\":\"https:\\\/\\\/beneggiassociati.com\\\/en\\\/imposte-acconti-2019-rimodulati\\\/\"},\"author\":{\"name\":\"Tiziano Beneggi\",\"@id\":\"https:\\\/\\\/beneggiassociati.com\\\/en\\\/#\\\/schema\\\/person\\\/828daacfa37b359e89e981f920072004\"},\"headline\":\"Imposte, acconti 2019 rimodulati\",\"datePublished\":\"2019-11-03T08:28:00+00:00\",\"mainEntityOfPage\":{\"@id\":\"https:\\\/\\\/beneggiassociati.com\\\/en\\\/imposte-acconti-2019-rimodulati\\\/\"},\"wordCount\":209,\"commentCount\":0,\"publisher\":{\"@id\":\"https:\\\/\\\/beneggiassociati.com\\\/en\\\/#organization\"},\"image\":{\"@id\":\"https:\\\/\\\/beneggiassociati.com\\\/en\\\/imposte-acconti-2019-rimodulati\\\/#primaryimage\"},\"thumbnailUrl\":\"https:\\\/\\\/beneggiassociati.com\\\/wp-content\\\/uploads\\\/2025\\\/07\\\/single-post-beneggi.jpg\",\"articleSection\":[\"ARCHIVIO\"],\"inLanguage\":\"en-US\"},{\"@type\":\"WebPage\",\"@id\":\"https:\\\/\\\/beneggiassociati.com\\\/en\\\/imposte-acconti-2019-rimodulati\\\/\",\"url\":\"https:\\\/\\\/beneggiassociati.com\\\/en\\\/imposte-acconti-2019-rimodulati\\\/\",\"name\":\"Imposte, acconti 2019 rimodulati - Beneggi &amp; Associati\",\"isPartOf\":{\"@id\":\"https:\\\/\\\/beneggiassociati.com\\\/en\\\/#website\"},\"primaryImageOfPage\":{\"@id\":\"https:\\\/\\\/beneggiassociati.com\\\/en\\\/imposte-acconti-2019-rimodulati\\\/#primaryimage\"},\"image\":{\"@id\":\"https:\\\/\\\/beneggiassociati.com\\\/en\\\/imposte-acconti-2019-rimodulati\\\/#primaryimage\"},\"thumbnailUrl\":\"https:\\\/\\\/beneggiassociati.com\\\/wp-content\\\/uploads\\\/2025\\\/07\\\/single-post-beneggi.jpg\",\"datePublished\":\"2019-11-03T08:28:00+00:00\",\"description\":\"La misura dell\u2019acconto da versare entro il 2 dicembre 2019 si ricalcola per i contribuenti soggetti agli indici sintetici di affidabilit\u00e0 fiscale\",\"breadcrumb\":{\"@id\":\"https:\\\/\\\/beneggiassociati.com\\\/en\\\/imposte-acconti-2019-rimodulati\\\/#breadcrumb\"},\"inLanguage\":\"en-US\",\"potentialAction\":[{\"@type\":\"ReadAction\",\"target\":[\"https:\\\/\\\/beneggiassociati.com\\\/en\\\/imposte-acconti-2019-rimodulati\\\/\"]}]},{\"@type\":\"ImageObject\",\"inLanguage\":\"en-US\",\"@id\":\"https:\\\/\\\/beneggiassociati.com\\\/en\\\/imposte-acconti-2019-rimodulati\\\/#primaryimage\",\"url\":\"https:\\\/\\\/beneggiassociati.com\\\/wp-content\\\/uploads\\\/2025\\\/07\\\/single-post-beneggi.jpg\",\"contentUrl\":\"https:\\\/\\\/beneggiassociati.com\\\/wp-content\\\/uploads\\\/2025\\\/07\\\/single-post-beneggi.jpg\",\"width\":1280,\"height\":823},{\"@type\":\"BreadcrumbList\",\"@id\":\"https:\\\/\\\/beneggiassociati.com\\\/en\\\/imposte-acconti-2019-rimodulati\\\/#breadcrumb\",\"itemListElement\":[{\"@type\":\"ListItem\",\"position\":1,\"name\":\"Home\",\"item\":\"https:\\\/\\\/beneggiassociati.com\\\/en\\\/?page_id=24163\"},{\"@type\":\"ListItem\",\"position\":2,\"name\":\"Imposte, acconti 2019 rimodulati\"}]},{\"@type\":\"WebSite\",\"@id\":\"https:\\\/\\\/beneggiassociati.com\\\/en\\\/#website\",\"url\":\"https:\\\/\\\/beneggiassociati.com\\\/en\\\/\",\"name\":\"Beneggi e associati\",\"description\":\"\",\"publisher\":{\"@id\":\"https:\\\/\\\/beneggiassociati.com\\\/en\\\/#organization\"},\"potentialAction\":[{\"@type\":\"SearchAction\",\"target\":{\"@type\":\"EntryPoint\",\"urlTemplate\":\"https:\\\/\\\/beneggiassociati.com\\\/en\\\/?s={search_term_string}\"},\"query-input\":{\"@type\":\"PropertyValueSpecification\",\"valueRequired\":true,\"valueName\":\"search_term_string\"}}],\"inLanguage\":\"en-US\"},{\"@type\":\"Organization\",\"@id\":\"https:\\\/\\\/beneggiassociati.com\\\/en\\\/#organization\",\"name\":\"Beneggi e associati\",\"url\":\"https:\\\/\\\/beneggiassociati.com\\\/en\\\/\",\"logo\":{\"@type\":\"ImageObject\",\"inLanguage\":\"en-US\",\"@id\":\"https:\\\/\\\/beneggiassociati.com\\\/en\\\/#\\\/schema\\\/logo\\\/image\\\/\",\"url\":\"https:\\\/\\\/beneggiassociati.com\\\/wp-content\\\/uploads\\\/2025\\\/07\\\/beneggi-logo.png\",\"contentUrl\":\"https:\\\/\\\/beneggiassociati.com\\\/wp-content\\\/uploads\\\/2025\\\/07\\\/beneggi-logo.png\",\"width\":141,\"height\":87,\"caption\":\"Beneggi e associati\"},\"image\":{\"@id\":\"https:\\\/\\\/beneggiassociati.com\\\/en\\\/#\\\/schema\\\/logo\\\/image\\\/\"}},{\"@type\":\"Person\",\"@id\":\"https:\\\/\\\/beneggiassociati.com\\\/en\\\/#\\\/schema\\\/person\\\/828daacfa37b359e89e981f920072004\",\"name\":\"Tiziano Beneggi\",\"url\":\"https:\\\/\\\/beneggiassociati.com\\\/en\\\/author\\\/tizianobeneggiassociati-com\\\/\"}]}<\/script>\n<!-- \/ Yoast SEO plugin. -->","yoast_head_json":{"title":"Imposte, acconti 2019 rimodulati - Beneggi &amp; Associati","description":"La misura dell\u2019acconto da versare entro il 2 dicembre 2019 si ricalcola per i contribuenti soggetti agli indici sintetici di affidabilit\u00e0 fiscale","robots":{"index":"index","follow":"follow","max-snippet":"max-snippet:-1","max-image-preview":"max-image-preview:large","max-video-preview":"max-video-preview:-1"},"canonical":"https:\/\/beneggiassociati.com\/en\/imposte-acconti-2019-rimodulati\/","og_locale":"en_US","og_type":"article","og_title":"Imposte, acconti 2019 rimodulati - Beneggi &amp; Associati","og_description":"La misura dell\u2019acconto da versare entro il 2 dicembre 2019 si ricalcola per i contribuenti soggetti agli indici sintetici di affidabilit\u00e0 fiscale","og_url":"https:\/\/beneggiassociati.com\/en\/imposte-acconti-2019-rimodulati\/","og_site_name":"Beneggi &amp; Associati","article_published_time":"2019-11-03T08:28:00+00:00","og_image":[{"width":1280,"height":823,"url":"https:\/\/beneggiassociati.com\/wp-content\/uploads\/2025\/07\/single-post-beneggi.jpg","type":"image\/jpeg"}],"author":"Tiziano Beneggi","twitter_card":"summary_large_image","twitter_misc":{"Written by":"Tiziano Beneggi","Est. reading time":"1 minute"},"schema":{"@context":"https:\/\/schema.org","@graph":[{"@type":"Article","@id":"https:\/\/beneggiassociati.com\/en\/imposte-acconti-2019-rimodulati\/#article","isPartOf":{"@id":"https:\/\/beneggiassociati.com\/en\/imposte-acconti-2019-rimodulati\/"},"author":{"name":"Tiziano Beneggi","@id":"https:\/\/beneggiassociati.com\/en\/#\/schema\/person\/828daacfa37b359e89e981f920072004"},"headline":"Imposte, acconti 2019 rimodulati","datePublished":"2019-11-03T08:28:00+00:00","mainEntityOfPage":{"@id":"https:\/\/beneggiassociati.com\/en\/imposte-acconti-2019-rimodulati\/"},"wordCount":209,"commentCount":0,"publisher":{"@id":"https:\/\/beneggiassociati.com\/en\/#organization"},"image":{"@id":"https:\/\/beneggiassociati.com\/en\/imposte-acconti-2019-rimodulati\/#primaryimage"},"thumbnailUrl":"https:\/\/beneggiassociati.com\/wp-content\/uploads\/2025\/07\/single-post-beneggi.jpg","articleSection":["ARCHIVIO"],"inLanguage":"en-US"},{"@type":"WebPage","@id":"https:\/\/beneggiassociati.com\/en\/imposte-acconti-2019-rimodulati\/","url":"https:\/\/beneggiassociati.com\/en\/imposte-acconti-2019-rimodulati\/","name":"Imposte, acconti 2019 rimodulati - Beneggi &amp; Associati","isPartOf":{"@id":"https:\/\/beneggiassociati.com\/en\/#website"},"primaryImageOfPage":{"@id":"https:\/\/beneggiassociati.com\/en\/imposte-acconti-2019-rimodulati\/#primaryimage"},"image":{"@id":"https:\/\/beneggiassociati.com\/en\/imposte-acconti-2019-rimodulati\/#primaryimage"},"thumbnailUrl":"https:\/\/beneggiassociati.com\/wp-content\/uploads\/2025\/07\/single-post-beneggi.jpg","datePublished":"2019-11-03T08:28:00+00:00","description":"La misura dell\u2019acconto da versare entro il 2 dicembre 2019 si ricalcola per i contribuenti soggetti agli indici sintetici di affidabilit\u00e0 fiscale","breadcrumb":{"@id":"https:\/\/beneggiassociati.com\/en\/imposte-acconti-2019-rimodulati\/#breadcrumb"},"inLanguage":"en-US","potentialAction":[{"@type":"ReadAction","target":["https:\/\/beneggiassociati.com\/en\/imposte-acconti-2019-rimodulati\/"]}]},{"@type":"ImageObject","inLanguage":"en-US","@id":"https:\/\/beneggiassociati.com\/en\/imposte-acconti-2019-rimodulati\/#primaryimage","url":"https:\/\/beneggiassociati.com\/wp-content\/uploads\/2025\/07\/single-post-beneggi.jpg","contentUrl":"https:\/\/beneggiassociati.com\/wp-content\/uploads\/2025\/07\/single-post-beneggi.jpg","width":1280,"height":823},{"@type":"BreadcrumbList","@id":"https:\/\/beneggiassociati.com\/en\/imposte-acconti-2019-rimodulati\/#breadcrumb","itemListElement":[{"@type":"ListItem","position":1,"name":"Home","item":"https:\/\/beneggiassociati.com\/en\/?page_id=24163"},{"@type":"ListItem","position":2,"name":"Imposte, acconti 2019 rimodulati"}]},{"@type":"WebSite","@id":"https:\/\/beneggiassociati.com\/en\/#website","url":"https:\/\/beneggiassociati.com\/en\/","name":"Beneggi e associati","description":"","publisher":{"@id":"https:\/\/beneggiassociati.com\/en\/#organization"},"potentialAction":[{"@type":"SearchAction","target":{"@type":"EntryPoint","urlTemplate":"https:\/\/beneggiassociati.com\/en\/?s={search_term_string}"},"query-input":{"@type":"PropertyValueSpecification","valueRequired":true,"valueName":"search_term_string"}}],"inLanguage":"en-US"},{"@type":"Organization","@id":"https:\/\/beneggiassociati.com\/en\/#organization","name":"Beneggi e associati","url":"https:\/\/beneggiassociati.com\/en\/","logo":{"@type":"ImageObject","inLanguage":"en-US","@id":"https:\/\/beneggiassociati.com\/en\/#\/schema\/logo\/image\/","url":"https:\/\/beneggiassociati.com\/wp-content\/uploads\/2025\/07\/beneggi-logo.png","contentUrl":"https:\/\/beneggiassociati.com\/wp-content\/uploads\/2025\/07\/beneggi-logo.png","width":141,"height":87,"caption":"Beneggi e associati"},"image":{"@id":"https:\/\/beneggiassociati.com\/en\/#\/schema\/logo\/image\/"}},{"@type":"Person","@id":"https:\/\/beneggiassociati.com\/en\/#\/schema\/person\/828daacfa37b359e89e981f920072004","name":"Tiziano Beneggi","url":"https:\/\/beneggiassociati.com\/en\/author\/tizianobeneggiassociati-com\/"}]}},"_links":{"self":[{"href":"https:\/\/beneggiassociati.com\/en\/wp-json\/wp\/v2\/posts\/16805","targetHints":{"allow":["GET"]}}],"collection":[{"href":"https:\/\/beneggiassociati.com\/en\/wp-json\/wp\/v2\/posts"}],"about":[{"href":"https:\/\/beneggiassociati.com\/en\/wp-json\/wp\/v2\/types\/post"}],"author":[{"embeddable":true,"href":"https:\/\/beneggiassociati.com\/en\/wp-json\/wp\/v2\/users\/4"}],"replies":[{"embeddable":true,"href":"https:\/\/beneggiassociati.com\/en\/wp-json\/wp\/v2\/comments?post=16805"}],"version-history":[{"count":0,"href":"https:\/\/beneggiassociati.com\/en\/wp-json\/wp\/v2\/posts\/16805\/revisions"}],"wp:featuredmedia":[{"embeddable":true,"href":"https:\/\/beneggiassociati.com\/en\/wp-json\/wp\/v2\/media\/409"}],"wp:attachment":[{"href":"https:\/\/beneggiassociati.com\/en\/wp-json\/wp\/v2\/media?parent=16805"}],"wp:term":[{"taxonomy":"category","embeddable":true,"href":"https:\/\/beneggiassociati.com\/en\/wp-json\/wp\/v2\/categories?post=16805"},{"taxonomy":"post_tag","embeddable":true,"href":"https:\/\/beneggiassociati.com\/en\/wp-json\/wp\/v2\/tags?post=16805"}],"curies":[{"name":"wp","href":"https:\/\/api.w.org\/{rel}","templated":true}]}}