{"id":16809,"date":"2019-11-03T10:02:00","date_gmt":"2019-11-03T09:02:00","guid":{"rendered":"https:\/\/dev.beneggiassociati.com\/2019\/11\/03\/autotrasporto-decreto-investimenti-2019-25-milioni-di-euro-per-rinnovare-il-parco-mezzi\/"},"modified":"2019-11-03T10:02:00","modified_gmt":"2019-11-03T09:02:00","slug":"autotrasporto-decreto-investimenti-2019-25-milioni-di-euro-per-rinnovare-il-parco-mezzi","status":"publish","type":"post","link":"https:\/\/beneggiassociati.com\/en\/autotrasporto-decreto-investimenti-2019-25-milioni-di-euro-per-rinnovare-il-parco-mezzi\/","title":{"rendered":"Autotrasporto, decreto investimenti 2019, 25 milioni di euro per rinnovare il parco mezzi"},"content":{"rendered":"\n<p>E&#8217; stato pubblicato il Decreto investimenti 2019 del Mit che d\u00e0 il via libera alla presentazione delle domande per accedere agli&nbsp;incentivi per il rinnovo e l\u2019adeguamento del parco veicoli&nbsp;a favore delle imprese di autotrasporto.<\/p>\n\n\n<p>A partire dalle ore 10.00 del 26 ottobre 2019 e fino alle ore 16.00 del 31 marzo 2020, sar\u00e0 possibile presentare istanza che avr\u00e0 validit\u00e0 di prenotazione finalizzata ad accantonare l\u2019importo destinato alle singole&nbsp;imprese di autotrasporto di cose per conto terzi richiedenti. Le domande potranno essere presentate fino alle ore 16.00 del 12 dicembre 2019 esclusivamente attraverso posta elettronica certificata (pec).<\/p>\n\n\n<p>Il decreto finanzia le acquisizioni, anche mediante locazione finanziaria, di&nbsp;automezzi industriali pesanti nuovi di fabbrica a trazione alternativa&nbsp;per complessivi 9,5 milioni di euro con un contributo di:<\/p>\n\n\n<ul class=\"wp-block-list\"><li>\u20ac 4.000 per ogni veicolo CNG e a motorizzazione ibrida (diesel\/ elettrico).<\/li><li>\u20ac 10.000 per ogni veicolo elettrico di massa complessiva a pieno carico superiore a 3,5t e fino alle 7t.<\/li><li>\u20ac 20.000 per ogni veicolo elettrico superiore a 7t.<\/li><li>\u20ac 8.000 per ogni veicolo a trazione alternativa ibrida (diesel\/ elettrico) e a metano CNG di massa complessiva a pieno carico pari o superiore a 7t fino alle 16t.<\/li><li>\u20ac 20.000 per ogni veicolo a trazione alternativa a gas naturale liquefatto LNG e CNG ovvero a motorizzazione ibrida (diesel\/elettrico) di massa pari o superiore a 16t.<\/li><li>40% dei costi ammissibili, con un tetto massimo di \u20ac 1.000 comprensivi del dispositivo e dell\u2019allestimento, per dispositivi idonei ad operare la riconversione di autoveicoli di massa complessiva pari a 3,5 ton, per il trasporto di merci come veicoli elettrici.<\/li><\/ul>\n\n\n<p>I finanziamenti riguardano anche la radiazione per&nbsp;rottamazione con contestuale acquisizione,&nbsp;anche mediante locazione finanziaria, di automezzi industriali pesanti nuovi di fabbrica conformi alla normativa&nbsp;anti-inquinamento euro VI e veicoli commerciali leggeri euro 6 D TEMP,&nbsp;per complessivi 9 milioni di euro, con contributo di:<\/p>\n\n\n<ul class=\"wp-block-list\"><li>\u20ac 2.000 per ogni veicolo commerciale leggero pari o superiore a 3,5t e inferiore a 7t.&nbsp;<\/li><li>\u20ac 5.000 per ogni veicolo di massa complessiva a pieno carico da 7t a 16t.&nbsp;<\/li><li>\u20ac 12.000 per ogni veicolo di massa complessiva a pieno carico superiore a 16t.<\/li><\/ul>\n\n\n<p>Sono inoltre finanziabili&nbsp;le acquisizioni, anche mediante locazione finanziaria, di&nbsp;rimorchi e semirimorchi nuovi di fabbrica&nbsp;per il&nbsp;trasporto combinato ferroviario&nbsp;rispondenti alla normativa UIC 596-5, per il trasporto combinato marittimo dotati di ganci nave rispondenti alla normativa IMO, dotati di almeno un dispositivo innovativo come indicato nell\u2019allegato 1 del decreto;&nbsp;rimorchi, semirimorchi o equipaggiamenti per autoveicoli specifici superiori alle 7t allestiti per il trasporto ATP; le sostituzioni nei rimorchi, semirimorchi o autoveicoli specifici superiori alle 7t allestiti per il trasporto in regime ATP.&nbsp;<\/p>\n\n\n<p>Sono infine finanziabili le acquisizioni, anche mediante locazione finanziaria, di gruppi di 8 casse mobili ed 1 rimorchio o semirimorchio portacasse, come meglio specificato nel decreto allegato, per complessivi 0,5 milioni di euro, con contributo di \u20ac 8.500 per ciascun insieme.<\/p>\n\n\n<p>I contributi sono maggiorati del 10% in caso di acquisizioni effettuate da piccole e medie imprese su specifica richiesta.<\/p>\n\n\n<p>&nbsp;<br \/>Ogni singola impresa ha diritto di presentare una sola domanda e l\u2019importo massimo ammissibile per gli investimenti non potr\u00e0 superare \u20ac 550.000,00.<\/p>\n\n\n<p><a href=\"mailto:info@beneggiassociati.com\" target=\"_blank\" rel=\"noreferrer noopener\"><br \/>Sei interessato all\u2019articolo? Scrivici e verrai contattato da un nostro Consultant<\/a><\/p>\n\n\n<p><a href=\"https:\/\/beneggiassociati.com\/\" target=\"_blank\" rel=\"noreferrer noopener\">@ Beneggi e Associati | Commercialisti al servizio delle imprese | Meda | Milano<\/a><br \/><\/p>\n","protected":false},"excerpt":{"rendered":"<p>E&#8217; stato pubblicato il Decreto investimenti 2019 del Mit che d\u00e0 il via libera alla presentazione delle domande per accedere agli&nbsp;incentivi per il rinnovo e l\u2019adeguamento del parco veicoli&nbsp;a favore delle imprese di autotrasporto. A partire dalle ore 10.00 del 26 ottobre 2019 e fino alle ore 16.00 del 31 marzo 2020, sar\u00e0 possibile presentare [&hellip;]<\/p>\n","protected":false},"author":4,"featured_media":409,"comment_status":"open","ping_status":"open","sticky":false,"template":"","format":"standard","meta":{"_acf_changed":false,"content-type":"","footnotes":""},"categories":[16],"tags":[],"class_list":["post-16809","post","type-post","status-publish","format-standard","has-post-thumbnail","hentry","category-archivio"],"acf":[],"yoast_head":"<!-- This site is optimized with the Yoast SEO plugin v27.4 - https:\/\/yoast.com\/product\/yoast-seo-wordpress\/ -->\n<title>Autotrasporto, decreto investimenti 2019, 25 milioni di euro per rinnovare il parco mezzi - Beneggi &amp; Associati<\/title>\n<meta name=\"description\" content=\"E&#039; stato pubblicato il Decreto investimenti 2019 del Mit che d\u00e0 il via libera alla presentazione delle domande per accedere agli&nbsp;incentivi per il\" \/>\n<meta name=\"robots\" content=\"index, follow, max-snippet:-1, max-image-preview:large, max-video-preview:-1\" \/>\n<link rel=\"canonical\" href=\"https:\/\/beneggiassociati.com\/en\/autotrasporto-decreto-investimenti-2019-25-milioni-di-euro-per-rinnovare-il-parco-mezzi\/\" \/>\n<meta property=\"og:locale\" content=\"en_US\" \/>\n<meta property=\"og:type\" content=\"article\" \/>\n<meta property=\"og:title\" content=\"Autotrasporto, decreto investimenti 2019, 25 milioni di euro per rinnovare il parco mezzi - Beneggi &amp; Associati\" \/>\n<meta property=\"og:description\" content=\"E&#039; stato pubblicato il Decreto investimenti 2019 del Mit che d\u00e0 il via libera alla presentazione delle domande per accedere agli&nbsp;incentivi per il\" \/>\n<meta property=\"og:url\" content=\"https:\/\/beneggiassociati.com\/en\/autotrasporto-decreto-investimenti-2019-25-milioni-di-euro-per-rinnovare-il-parco-mezzi\/\" \/>\n<meta property=\"og:site_name\" content=\"Beneggi &amp; Associati\" \/>\n<meta property=\"article:published_time\" content=\"2019-11-03T09:02:00+00:00\" \/>\n<meta property=\"og:image\" content=\"https:\/\/beneggiassociati.com\/wp-content\/uploads\/2025\/07\/single-post-beneggi.jpg\" \/>\n\t<meta property=\"og:image:width\" content=\"1280\" \/>\n\t<meta property=\"og:image:height\" content=\"823\" \/>\n\t<meta property=\"og:image:type\" content=\"image\/jpeg\" \/>\n<meta name=\"author\" content=\"Tiziano Beneggi\" \/>\n<meta name=\"twitter:card\" content=\"summary_large_image\" \/>\n<meta name=\"twitter:label1\" content=\"Written by\" \/>\n\t<meta name=\"twitter:data1\" content=\"Tiziano Beneggi\" \/>\n\t<meta name=\"twitter:label2\" content=\"Est. reading time\" \/>\n\t<meta name=\"twitter:data2\" content=\"3 minutes\" \/>\n<script type=\"application\/ld+json\" class=\"yoast-schema-graph\">{\"@context\":\"https:\\\/\\\/schema.org\",\"@graph\":[{\"@type\":\"Article\",\"@id\":\"https:\\\/\\\/beneggiassociati.com\\\/en\\\/autotrasporto-decreto-investimenti-2019-25-milioni-di-euro-per-rinnovare-il-parco-mezzi\\\/#article\",\"isPartOf\":{\"@id\":\"https:\\\/\\\/beneggiassociati.com\\\/en\\\/autotrasporto-decreto-investimenti-2019-25-milioni-di-euro-per-rinnovare-il-parco-mezzi\\\/\"},\"author\":{\"name\":\"Tiziano Beneggi\",\"@id\":\"https:\\\/\\\/beneggiassociati.com\\\/en\\\/#\\\/schema\\\/person\\\/828daacfa37b359e89e981f920072004\"},\"headline\":\"Autotrasporto, decreto investimenti 2019, 25 milioni di euro per rinnovare il parco mezzi\",\"datePublished\":\"2019-11-03T09:02:00+00:00\",\"mainEntityOfPage\":{\"@id\":\"https:\\\/\\\/beneggiassociati.com\\\/en\\\/autotrasporto-decreto-investimenti-2019-25-milioni-di-euro-per-rinnovare-il-parco-mezzi\\\/\"},\"wordCount\":535,\"commentCount\":0,\"publisher\":{\"@id\":\"https:\\\/\\\/beneggiassociati.com\\\/en\\\/#organization\"},\"image\":{\"@id\":\"https:\\\/\\\/beneggiassociati.com\\\/en\\\/autotrasporto-decreto-investimenti-2019-25-milioni-di-euro-per-rinnovare-il-parco-mezzi\\\/#primaryimage\"},\"thumbnailUrl\":\"https:\\\/\\\/beneggiassociati.com\\\/wp-content\\\/uploads\\\/2025\\\/07\\\/single-post-beneggi.jpg\",\"articleSection\":[\"ARCHIVIO\"],\"inLanguage\":\"en-US\"},{\"@type\":\"WebPage\",\"@id\":\"https:\\\/\\\/beneggiassociati.com\\\/en\\\/autotrasporto-decreto-investimenti-2019-25-milioni-di-euro-per-rinnovare-il-parco-mezzi\\\/\",\"url\":\"https:\\\/\\\/beneggiassociati.com\\\/en\\\/autotrasporto-decreto-investimenti-2019-25-milioni-di-euro-per-rinnovare-il-parco-mezzi\\\/\",\"name\":\"Autotrasporto, decreto investimenti 2019, 25 milioni di euro per rinnovare il parco mezzi - Beneggi &amp; Associati\",\"isPartOf\":{\"@id\":\"https:\\\/\\\/beneggiassociati.com\\\/en\\\/#website\"},\"primaryImageOfPage\":{\"@id\":\"https:\\\/\\\/beneggiassociati.com\\\/en\\\/autotrasporto-decreto-investimenti-2019-25-milioni-di-euro-per-rinnovare-il-parco-mezzi\\\/#primaryimage\"},\"image\":{\"@id\":\"https:\\\/\\\/beneggiassociati.com\\\/en\\\/autotrasporto-decreto-investimenti-2019-25-milioni-di-euro-per-rinnovare-il-parco-mezzi\\\/#primaryimage\"},\"thumbnailUrl\":\"https:\\\/\\\/beneggiassociati.com\\\/wp-content\\\/uploads\\\/2025\\\/07\\\/single-post-beneggi.jpg\",\"datePublished\":\"2019-11-03T09:02:00+00:00\",\"description\":\"E' stato pubblicato il Decreto investimenti 2019 del Mit che d\u00e0 il via libera alla presentazione delle domande per accedere agli&nbsp;incentivi per il\",\"breadcrumb\":{\"@id\":\"https:\\\/\\\/beneggiassociati.com\\\/en\\\/autotrasporto-decreto-investimenti-2019-25-milioni-di-euro-per-rinnovare-il-parco-mezzi\\\/#breadcrumb\"},\"inLanguage\":\"en-US\",\"potentialAction\":[{\"@type\":\"ReadAction\",\"target\":[\"https:\\\/\\\/beneggiassociati.com\\\/en\\\/autotrasporto-decreto-investimenti-2019-25-milioni-di-euro-per-rinnovare-il-parco-mezzi\\\/\"]}]},{\"@type\":\"ImageObject\",\"inLanguage\":\"en-US\",\"@id\":\"https:\\\/\\\/beneggiassociati.com\\\/en\\\/autotrasporto-decreto-investimenti-2019-25-milioni-di-euro-per-rinnovare-il-parco-mezzi\\\/#primaryimage\",\"url\":\"https:\\\/\\\/beneggiassociati.com\\\/wp-content\\\/uploads\\\/2025\\\/07\\\/single-post-beneggi.jpg\",\"contentUrl\":\"https:\\\/\\\/beneggiassociati.com\\\/wp-content\\\/uploads\\\/2025\\\/07\\\/single-post-beneggi.jpg\",\"width\":1280,\"height\":823},{\"@type\":\"BreadcrumbList\",\"@id\":\"https:\\\/\\\/beneggiassociati.com\\\/en\\\/autotrasporto-decreto-investimenti-2019-25-milioni-di-euro-per-rinnovare-il-parco-mezzi\\\/#breadcrumb\",\"itemListElement\":[{\"@type\":\"ListItem\",\"position\":1,\"name\":\"Home\",\"item\":\"https:\\\/\\\/beneggiassociati.com\\\/en\\\/?page_id=24163\"},{\"@type\":\"ListItem\",\"position\":2,\"name\":\"Autotrasporto, decreto investimenti 2019, 25 milioni di euro per rinnovare il parco mezzi\"}]},{\"@type\":\"WebSite\",\"@id\":\"https:\\\/\\\/beneggiassociati.com\\\/en\\\/#website\",\"url\":\"https:\\\/\\\/beneggiassociati.com\\\/en\\\/\",\"name\":\"Beneggi e associati\",\"description\":\"\",\"publisher\":{\"@id\":\"https:\\\/\\\/beneggiassociati.com\\\/en\\\/#organization\"},\"potentialAction\":[{\"@type\":\"SearchAction\",\"target\":{\"@type\":\"EntryPoint\",\"urlTemplate\":\"https:\\\/\\\/beneggiassociati.com\\\/en\\\/?s={search_term_string}\"},\"query-input\":{\"@type\":\"PropertyValueSpecification\",\"valueRequired\":true,\"valueName\":\"search_term_string\"}}],\"inLanguage\":\"en-US\"},{\"@type\":\"Organization\",\"@id\":\"https:\\\/\\\/beneggiassociati.com\\\/en\\\/#organization\",\"name\":\"Beneggi e associati\",\"url\":\"https:\\\/\\\/beneggiassociati.com\\\/en\\\/\",\"logo\":{\"@type\":\"ImageObject\",\"inLanguage\":\"en-US\",\"@id\":\"https:\\\/\\\/beneggiassociati.com\\\/en\\\/#\\\/schema\\\/logo\\\/image\\\/\",\"url\":\"https:\\\/\\\/beneggiassociati.com\\\/wp-content\\\/uploads\\\/2025\\\/07\\\/beneggi-logo.png\",\"contentUrl\":\"https:\\\/\\\/beneggiassociati.com\\\/wp-content\\\/uploads\\\/2025\\\/07\\\/beneggi-logo.png\",\"width\":141,\"height\":87,\"caption\":\"Beneggi e associati\"},\"image\":{\"@id\":\"https:\\\/\\\/beneggiassociati.com\\\/en\\\/#\\\/schema\\\/logo\\\/image\\\/\"}},{\"@type\":\"Person\",\"@id\":\"https:\\\/\\\/beneggiassociati.com\\\/en\\\/#\\\/schema\\\/person\\\/828daacfa37b359e89e981f920072004\",\"name\":\"Tiziano Beneggi\",\"url\":\"https:\\\/\\\/beneggiassociati.com\\\/en\\\/author\\\/tizianobeneggiassociati-com\\\/\"}]}<\/script>\n<!-- \/ Yoast SEO plugin. -->","yoast_head_json":{"title":"Autotrasporto, decreto investimenti 2019, 25 milioni di euro per rinnovare il parco mezzi - Beneggi &amp; Associati","description":"E' stato pubblicato il Decreto investimenti 2019 del Mit che d\u00e0 il via libera alla presentazione delle domande per accedere agli&nbsp;incentivi per il","robots":{"index":"index","follow":"follow","max-snippet":"max-snippet:-1","max-image-preview":"max-image-preview:large","max-video-preview":"max-video-preview:-1"},"canonical":"https:\/\/beneggiassociati.com\/en\/autotrasporto-decreto-investimenti-2019-25-milioni-di-euro-per-rinnovare-il-parco-mezzi\/","og_locale":"en_US","og_type":"article","og_title":"Autotrasporto, decreto investimenti 2019, 25 milioni di euro per rinnovare il parco mezzi - Beneggi &amp; Associati","og_description":"E' stato pubblicato il Decreto investimenti 2019 del Mit che d\u00e0 il via libera alla presentazione delle domande per accedere agli&nbsp;incentivi per il","og_url":"https:\/\/beneggiassociati.com\/en\/autotrasporto-decreto-investimenti-2019-25-milioni-di-euro-per-rinnovare-il-parco-mezzi\/","og_site_name":"Beneggi &amp; Associati","article_published_time":"2019-11-03T09:02:00+00:00","og_image":[{"width":1280,"height":823,"url":"https:\/\/beneggiassociati.com\/wp-content\/uploads\/2025\/07\/single-post-beneggi.jpg","type":"image\/jpeg"}],"author":"Tiziano Beneggi","twitter_card":"summary_large_image","twitter_misc":{"Written by":"Tiziano Beneggi","Est. reading time":"3 minutes"},"schema":{"@context":"https:\/\/schema.org","@graph":[{"@type":"Article","@id":"https:\/\/beneggiassociati.com\/en\/autotrasporto-decreto-investimenti-2019-25-milioni-di-euro-per-rinnovare-il-parco-mezzi\/#article","isPartOf":{"@id":"https:\/\/beneggiassociati.com\/en\/autotrasporto-decreto-investimenti-2019-25-milioni-di-euro-per-rinnovare-il-parco-mezzi\/"},"author":{"name":"Tiziano Beneggi","@id":"https:\/\/beneggiassociati.com\/en\/#\/schema\/person\/828daacfa37b359e89e981f920072004"},"headline":"Autotrasporto, decreto investimenti 2019, 25 milioni di euro per rinnovare il parco mezzi","datePublished":"2019-11-03T09:02:00+00:00","mainEntityOfPage":{"@id":"https:\/\/beneggiassociati.com\/en\/autotrasporto-decreto-investimenti-2019-25-milioni-di-euro-per-rinnovare-il-parco-mezzi\/"},"wordCount":535,"commentCount":0,"publisher":{"@id":"https:\/\/beneggiassociati.com\/en\/#organization"},"image":{"@id":"https:\/\/beneggiassociati.com\/en\/autotrasporto-decreto-investimenti-2019-25-milioni-di-euro-per-rinnovare-il-parco-mezzi\/#primaryimage"},"thumbnailUrl":"https:\/\/beneggiassociati.com\/wp-content\/uploads\/2025\/07\/single-post-beneggi.jpg","articleSection":["ARCHIVIO"],"inLanguage":"en-US"},{"@type":"WebPage","@id":"https:\/\/beneggiassociati.com\/en\/autotrasporto-decreto-investimenti-2019-25-milioni-di-euro-per-rinnovare-il-parco-mezzi\/","url":"https:\/\/beneggiassociati.com\/en\/autotrasporto-decreto-investimenti-2019-25-milioni-di-euro-per-rinnovare-il-parco-mezzi\/","name":"Autotrasporto, decreto investimenti 2019, 25 milioni di euro per rinnovare il parco mezzi - Beneggi &amp; Associati","isPartOf":{"@id":"https:\/\/beneggiassociati.com\/en\/#website"},"primaryImageOfPage":{"@id":"https:\/\/beneggiassociati.com\/en\/autotrasporto-decreto-investimenti-2019-25-milioni-di-euro-per-rinnovare-il-parco-mezzi\/#primaryimage"},"image":{"@id":"https:\/\/beneggiassociati.com\/en\/autotrasporto-decreto-investimenti-2019-25-milioni-di-euro-per-rinnovare-il-parco-mezzi\/#primaryimage"},"thumbnailUrl":"https:\/\/beneggiassociati.com\/wp-content\/uploads\/2025\/07\/single-post-beneggi.jpg","datePublished":"2019-11-03T09:02:00+00:00","description":"E' stato pubblicato il Decreto investimenti 2019 del Mit che d\u00e0 il via libera alla presentazione delle domande per accedere agli&nbsp;incentivi per il","breadcrumb":{"@id":"https:\/\/beneggiassociati.com\/en\/autotrasporto-decreto-investimenti-2019-25-milioni-di-euro-per-rinnovare-il-parco-mezzi\/#breadcrumb"},"inLanguage":"en-US","potentialAction":[{"@type":"ReadAction","target":["https:\/\/beneggiassociati.com\/en\/autotrasporto-decreto-investimenti-2019-25-milioni-di-euro-per-rinnovare-il-parco-mezzi\/"]}]},{"@type":"ImageObject","inLanguage":"en-US","@id":"https:\/\/beneggiassociati.com\/en\/autotrasporto-decreto-investimenti-2019-25-milioni-di-euro-per-rinnovare-il-parco-mezzi\/#primaryimage","url":"https:\/\/beneggiassociati.com\/wp-content\/uploads\/2025\/07\/single-post-beneggi.jpg","contentUrl":"https:\/\/beneggiassociati.com\/wp-content\/uploads\/2025\/07\/single-post-beneggi.jpg","width":1280,"height":823},{"@type":"BreadcrumbList","@id":"https:\/\/beneggiassociati.com\/en\/autotrasporto-decreto-investimenti-2019-25-milioni-di-euro-per-rinnovare-il-parco-mezzi\/#breadcrumb","itemListElement":[{"@type":"ListItem","position":1,"name":"Home","item":"https:\/\/beneggiassociati.com\/en\/?page_id=24163"},{"@type":"ListItem","position":2,"name":"Autotrasporto, decreto investimenti 2019, 25 milioni di euro per rinnovare il parco mezzi"}]},{"@type":"WebSite","@id":"https:\/\/beneggiassociati.com\/en\/#website","url":"https:\/\/beneggiassociati.com\/en\/","name":"Beneggi e associati","description":"","publisher":{"@id":"https:\/\/beneggiassociati.com\/en\/#organization"},"potentialAction":[{"@type":"SearchAction","target":{"@type":"EntryPoint","urlTemplate":"https:\/\/beneggiassociati.com\/en\/?s={search_term_string}"},"query-input":{"@type":"PropertyValueSpecification","valueRequired":true,"valueName":"search_term_string"}}],"inLanguage":"en-US"},{"@type":"Organization","@id":"https:\/\/beneggiassociati.com\/en\/#organization","name":"Beneggi e associati","url":"https:\/\/beneggiassociati.com\/en\/","logo":{"@type":"ImageObject","inLanguage":"en-US","@id":"https:\/\/beneggiassociati.com\/en\/#\/schema\/logo\/image\/","url":"https:\/\/beneggiassociati.com\/wp-content\/uploads\/2025\/07\/beneggi-logo.png","contentUrl":"https:\/\/beneggiassociati.com\/wp-content\/uploads\/2025\/07\/beneggi-logo.png","width":141,"height":87,"caption":"Beneggi e associati"},"image":{"@id":"https:\/\/beneggiassociati.com\/en\/#\/schema\/logo\/image\/"}},{"@type":"Person","@id":"https:\/\/beneggiassociati.com\/en\/#\/schema\/person\/828daacfa37b359e89e981f920072004","name":"Tiziano Beneggi","url":"https:\/\/beneggiassociati.com\/en\/author\/tizianobeneggiassociati-com\/"}]}},"_links":{"self":[{"href":"https:\/\/beneggiassociati.com\/en\/wp-json\/wp\/v2\/posts\/16809","targetHints":{"allow":["GET"]}}],"collection":[{"href":"https:\/\/beneggiassociati.com\/en\/wp-json\/wp\/v2\/posts"}],"about":[{"href":"https:\/\/beneggiassociati.com\/en\/wp-json\/wp\/v2\/types\/post"}],"author":[{"embeddable":true,"href":"https:\/\/beneggiassociati.com\/en\/wp-json\/wp\/v2\/users\/4"}],"replies":[{"embeddable":true,"href":"https:\/\/beneggiassociati.com\/en\/wp-json\/wp\/v2\/comments?post=16809"}],"version-history":[{"count":0,"href":"https:\/\/beneggiassociati.com\/en\/wp-json\/wp\/v2\/posts\/16809\/revisions"}],"wp:featuredmedia":[{"embeddable":true,"href":"https:\/\/beneggiassociati.com\/en\/wp-json\/wp\/v2\/media\/409"}],"wp:attachment":[{"href":"https:\/\/beneggiassociati.com\/en\/wp-json\/wp\/v2\/media?parent=16809"}],"wp:term":[{"taxonomy":"category","embeddable":true,"href":"https:\/\/beneggiassociati.com\/en\/wp-json\/wp\/v2\/categories?post=16809"},{"taxonomy":"post_tag","embeddable":true,"href":"https:\/\/beneggiassociati.com\/en\/wp-json\/wp\/v2\/tags?post=16809"}],"curies":[{"name":"wp","href":"https:\/\/api.w.org\/{rel}","templated":true}]}}