{"id":16816,"date":"2019-11-03T11:19:00","date_gmt":"2019-11-03T10:19:00","guid":{"rendered":"https:\/\/dev.beneggiassociati.com\/2019\/11\/03\/riders-compenso-minimo-orario-e-copertura-assicurativa-inail\/"},"modified":"2019-11-03T11:19:00","modified_gmt":"2019-11-03T10:19:00","slug":"riders-compenso-minimo-orario-e-copertura-assicurativa-inail","status":"publish","type":"post","link":"https:\/\/beneggiassociati.com\/en\/riders-compenso-minimo-orario-e-copertura-assicurativa-inail\/","title":{"rendered":"Riders, compenso minimo orario e copertura assicurativa Inail"},"content":{"rendered":"\n<p>Per i collaboratori parasubordinati (anche delle piattaforme digitali) viene cancellato il riferimento alla natura \u00abesclusivamente\u00bb personale del rapporto di collaborazione coordinata e continuativa, e scompare l\u2019inciso che individuava come forma di etero-organizzazione del committente la predisposizione dei tempi e del luogo di lavoro.&nbsp;<\/p>\n\n\n<p>Quanto ai riders, la legge di conversione individua dei livelli minimi di tutela che devono essere applicati a tutti i lavoratori autonomi che svolgono attivit\u00e0 di consegna di beni per conto altrui, in ambito urbano e con l\u2019ausilio di bici e veicoli a motore, attraverso piattaforme anche digitali.&nbsp;<\/p>\n\n\n<p>I contratti di lavoro con questi lavoratori devono essere stipulati per iscritto; inoltre, deve essere fornita ogni informazione utile per la tutela dei loro interessi, dei loro diritti e della loro sicurezza. La violazione di tali impegni d\u00e0 diritto a ricevere una indennit\u00e0 risarcitoria ed \u00e8 valutata come elemento di prova delle condizioni effettivamente applicate al rapporto di lavoro.<\/p>\n\n\n<p>Novit\u00e0 importanti riguardano il compenso, che deve essere definito dai contratti collettivi; in mancanza di accordo collettivo, i rider non possono essere retribuiti in base alle consegne effettuate, ma deve essere garantito un compenso minimo orario parametrato ai minimi tabellari stabiliti da contratti collettivi nazionali affini. Tale previsione entrer\u00e0 in vigore dopo 12 mesi dalla data di entrata in vigore della legge di conversione. Inoltre, deve essere garantita una indennit\u00e0 integrativa per il lavoro svolto di notte, durante le festivit\u00e0 o in condizioni metereologiche sfavorevoli.<\/p>\n\n\n<p>Viene anche stabilito a favore dei riders la copertura assicurativa obbligatoria Inail contro gli infortuni e le malattie professionali, con premio che verr\u00e0 determinato in base al tasso di rischio corrispondente alla attivit\u00e0 svolta. Sempre ai fini assicurativi, il committente che utilizza la piattaforma anche digitale sar\u00e0 tenuto a compiere tutti gli adempimenti del datore di lavoro previsti dal Dpr 1124\/1965. Nei confronti di questi lavoratori, sempre il committente sar\u00e0 tenuto a propria cura e spese al rispetto della normativa in materia di salute e sicurezza nei luoghi di lavoro di cui al Dlgs 81\/2008.<\/p>\n\n\n<p><a href=\"mailto:info@beneggiassociati.com\" target=\"_blank\" rel=\"noreferrer noopener\"><br \/>Sei interessato all\u2019articolo? Scrivici e verrai contattato da un nostro Consultant<\/a><\/p>\n\n\n<p><a href=\"https:\/\/beneggiassociati.com\/\" target=\"_blank\" rel=\"noreferrer noopener\">@ Beneggi e Associati | Commercialisti al servizio delle imprese | Meda | Milano<\/a><br \/><\/p>\n","protected":false},"excerpt":{"rendered":"<p>Per i collaboratori parasubordinati (anche delle piattaforme digitali) viene cancellato il riferimento alla natura \u00abesclusivamente\u00bb personale del rapporto di collaborazione coordinata e continuativa, e scompare l\u2019inciso che individuava come forma di etero-organizzazione del committente la predisposizione dei tempi e del luogo di lavoro.&nbsp; Quanto ai riders, la legge di conversione individua dei livelli minimi di [&hellip;]<\/p>\n","protected":false},"author":4,"featured_media":409,"comment_status":"open","ping_status":"open","sticky":false,"template":"","format":"standard","meta":{"_acf_changed":false,"content-type":"","footnotes":""},"categories":[16],"tags":[],"class_list":["post-16816","post","type-post","status-publish","format-standard","has-post-thumbnail","hentry","category-archivio"],"acf":[],"yoast_head":"<!-- This site is optimized with the Yoast SEO plugin v27.4 - https:\/\/yoast.com\/product\/yoast-seo-wordpress\/ -->\n<title>Riders, compenso minimo orario e copertura assicurativa Inail - Beneggi &amp; Associati<\/title>\n<meta name=\"description\" content=\"Per i collaboratori parasubordinati (anche delle piattaforme digitali) viene cancellato il riferimento alla natura \u00abesclusivamente\u00bb personale del rapporto\" \/>\n<meta name=\"robots\" content=\"index, follow, max-snippet:-1, max-image-preview:large, max-video-preview:-1\" \/>\n<link rel=\"canonical\" href=\"https:\/\/beneggiassociati.com\/en\/riders-compenso-minimo-orario-e-copertura-assicurativa-inail\/\" \/>\n<meta property=\"og:locale\" content=\"en_US\" \/>\n<meta property=\"og:type\" content=\"article\" \/>\n<meta property=\"og:title\" content=\"Riders, compenso minimo orario e copertura assicurativa Inail - Beneggi &amp; Associati\" \/>\n<meta property=\"og:description\" content=\"Per i collaboratori parasubordinati (anche delle piattaforme digitali) viene cancellato il riferimento alla natura \u00abesclusivamente\u00bb personale del rapporto\" \/>\n<meta property=\"og:url\" content=\"https:\/\/beneggiassociati.com\/en\/riders-compenso-minimo-orario-e-copertura-assicurativa-inail\/\" \/>\n<meta property=\"og:site_name\" content=\"Beneggi &amp; Associati\" \/>\n<meta property=\"article:published_time\" content=\"2019-11-03T10:19:00+00:00\" \/>\n<meta property=\"og:image\" content=\"https:\/\/beneggiassociati.com\/wp-content\/uploads\/2025\/07\/single-post-beneggi.jpg\" \/>\n\t<meta property=\"og:image:width\" content=\"1280\" \/>\n\t<meta property=\"og:image:height\" content=\"823\" \/>\n\t<meta property=\"og:image:type\" content=\"image\/jpeg\" \/>\n<meta name=\"author\" content=\"Tiziano Beneggi\" \/>\n<meta name=\"twitter:card\" content=\"summary_large_image\" \/>\n<meta name=\"twitter:label1\" content=\"Written by\" \/>\n\t<meta name=\"twitter:data1\" content=\"Tiziano Beneggi\" \/>\n\t<meta name=\"twitter:label2\" content=\"Est. reading time\" \/>\n\t<meta name=\"twitter:data2\" content=\"2 minutes\" \/>\n<script type=\"application\/ld+json\" class=\"yoast-schema-graph\">{\"@context\":\"https:\\\/\\\/schema.org\",\"@graph\":[{\"@type\":\"Article\",\"@id\":\"https:\\\/\\\/beneggiassociati.com\\\/en\\\/riders-compenso-minimo-orario-e-copertura-assicurativa-inail\\\/#article\",\"isPartOf\":{\"@id\":\"https:\\\/\\\/beneggiassociati.com\\\/en\\\/riders-compenso-minimo-orario-e-copertura-assicurativa-inail\\\/\"},\"author\":{\"name\":\"Tiziano Beneggi\",\"@id\":\"https:\\\/\\\/beneggiassociati.com\\\/en\\\/#\\\/schema\\\/person\\\/828daacfa37b359e89e981f920072004\"},\"headline\":\"Riders, compenso minimo orario e copertura assicurativa Inail\",\"datePublished\":\"2019-11-03T10:19:00+00:00\",\"mainEntityOfPage\":{\"@id\":\"https:\\\/\\\/beneggiassociati.com\\\/en\\\/riders-compenso-minimo-orario-e-copertura-assicurativa-inail\\\/\"},\"wordCount\":360,\"commentCount\":0,\"publisher\":{\"@id\":\"https:\\\/\\\/beneggiassociati.com\\\/en\\\/#organization\"},\"image\":{\"@id\":\"https:\\\/\\\/beneggiassociati.com\\\/en\\\/riders-compenso-minimo-orario-e-copertura-assicurativa-inail\\\/#primaryimage\"},\"thumbnailUrl\":\"https:\\\/\\\/beneggiassociati.com\\\/wp-content\\\/uploads\\\/2025\\\/07\\\/single-post-beneggi.jpg\",\"articleSection\":[\"ARCHIVIO\"],\"inLanguage\":\"en-US\"},{\"@type\":\"WebPage\",\"@id\":\"https:\\\/\\\/beneggiassociati.com\\\/en\\\/riders-compenso-minimo-orario-e-copertura-assicurativa-inail\\\/\",\"url\":\"https:\\\/\\\/beneggiassociati.com\\\/en\\\/riders-compenso-minimo-orario-e-copertura-assicurativa-inail\\\/\",\"name\":\"Riders, compenso minimo orario e copertura assicurativa Inail - Beneggi &amp; Associati\",\"isPartOf\":{\"@id\":\"https:\\\/\\\/beneggiassociati.com\\\/en\\\/#website\"},\"primaryImageOfPage\":{\"@id\":\"https:\\\/\\\/beneggiassociati.com\\\/en\\\/riders-compenso-minimo-orario-e-copertura-assicurativa-inail\\\/#primaryimage\"},\"image\":{\"@id\":\"https:\\\/\\\/beneggiassociati.com\\\/en\\\/riders-compenso-minimo-orario-e-copertura-assicurativa-inail\\\/#primaryimage\"},\"thumbnailUrl\":\"https:\\\/\\\/beneggiassociati.com\\\/wp-content\\\/uploads\\\/2025\\\/07\\\/single-post-beneggi.jpg\",\"datePublished\":\"2019-11-03T10:19:00+00:00\",\"description\":\"Per i collaboratori parasubordinati (anche delle piattaforme digitali) viene cancellato il riferimento alla natura \u00abesclusivamente\u00bb personale del rapporto\",\"breadcrumb\":{\"@id\":\"https:\\\/\\\/beneggiassociati.com\\\/en\\\/riders-compenso-minimo-orario-e-copertura-assicurativa-inail\\\/#breadcrumb\"},\"inLanguage\":\"en-US\",\"potentialAction\":[{\"@type\":\"ReadAction\",\"target\":[\"https:\\\/\\\/beneggiassociati.com\\\/en\\\/riders-compenso-minimo-orario-e-copertura-assicurativa-inail\\\/\"]}]},{\"@type\":\"ImageObject\",\"inLanguage\":\"en-US\",\"@id\":\"https:\\\/\\\/beneggiassociati.com\\\/en\\\/riders-compenso-minimo-orario-e-copertura-assicurativa-inail\\\/#primaryimage\",\"url\":\"https:\\\/\\\/beneggiassociati.com\\\/wp-content\\\/uploads\\\/2025\\\/07\\\/single-post-beneggi.jpg\",\"contentUrl\":\"https:\\\/\\\/beneggiassociati.com\\\/wp-content\\\/uploads\\\/2025\\\/07\\\/single-post-beneggi.jpg\",\"width\":1280,\"height\":823},{\"@type\":\"BreadcrumbList\",\"@id\":\"https:\\\/\\\/beneggiassociati.com\\\/en\\\/riders-compenso-minimo-orario-e-copertura-assicurativa-inail\\\/#breadcrumb\",\"itemListElement\":[{\"@type\":\"ListItem\",\"position\":1,\"name\":\"Home\",\"item\":\"https:\\\/\\\/beneggiassociati.com\\\/en\\\/?page_id=24163\"},{\"@type\":\"ListItem\",\"position\":2,\"name\":\"Riders, compenso minimo orario e copertura assicurativa Inail\"}]},{\"@type\":\"WebSite\",\"@id\":\"https:\\\/\\\/beneggiassociati.com\\\/en\\\/#website\",\"url\":\"https:\\\/\\\/beneggiassociati.com\\\/en\\\/\",\"name\":\"Beneggi e associati\",\"description\":\"\",\"publisher\":{\"@id\":\"https:\\\/\\\/beneggiassociati.com\\\/en\\\/#organization\"},\"potentialAction\":[{\"@type\":\"SearchAction\",\"target\":{\"@type\":\"EntryPoint\",\"urlTemplate\":\"https:\\\/\\\/beneggiassociati.com\\\/en\\\/?s={search_term_string}\"},\"query-input\":{\"@type\":\"PropertyValueSpecification\",\"valueRequired\":true,\"valueName\":\"search_term_string\"}}],\"inLanguage\":\"en-US\"},{\"@type\":\"Organization\",\"@id\":\"https:\\\/\\\/beneggiassociati.com\\\/en\\\/#organization\",\"name\":\"Beneggi e associati\",\"url\":\"https:\\\/\\\/beneggiassociati.com\\\/en\\\/\",\"logo\":{\"@type\":\"ImageObject\",\"inLanguage\":\"en-US\",\"@id\":\"https:\\\/\\\/beneggiassociati.com\\\/en\\\/#\\\/schema\\\/logo\\\/image\\\/\",\"url\":\"https:\\\/\\\/beneggiassociati.com\\\/wp-content\\\/uploads\\\/2025\\\/07\\\/beneggi-logo.png\",\"contentUrl\":\"https:\\\/\\\/beneggiassociati.com\\\/wp-content\\\/uploads\\\/2025\\\/07\\\/beneggi-logo.png\",\"width\":141,\"height\":87,\"caption\":\"Beneggi e associati\"},\"image\":{\"@id\":\"https:\\\/\\\/beneggiassociati.com\\\/en\\\/#\\\/schema\\\/logo\\\/image\\\/\"}},{\"@type\":\"Person\",\"@id\":\"https:\\\/\\\/beneggiassociati.com\\\/en\\\/#\\\/schema\\\/person\\\/828daacfa37b359e89e981f920072004\",\"name\":\"Tiziano Beneggi\",\"url\":\"https:\\\/\\\/beneggiassociati.com\\\/en\\\/author\\\/tizianobeneggiassociati-com\\\/\"}]}<\/script>\n<!-- \/ Yoast SEO plugin. -->","yoast_head_json":{"title":"Riders, compenso minimo orario e copertura assicurativa Inail - Beneggi &amp; Associati","description":"Per i collaboratori parasubordinati (anche delle piattaforme digitali) viene cancellato il riferimento alla natura \u00abesclusivamente\u00bb personale del rapporto","robots":{"index":"index","follow":"follow","max-snippet":"max-snippet:-1","max-image-preview":"max-image-preview:large","max-video-preview":"max-video-preview:-1"},"canonical":"https:\/\/beneggiassociati.com\/en\/riders-compenso-minimo-orario-e-copertura-assicurativa-inail\/","og_locale":"en_US","og_type":"article","og_title":"Riders, compenso minimo orario e copertura assicurativa Inail - Beneggi &amp; Associati","og_description":"Per i collaboratori parasubordinati (anche delle piattaforme digitali) viene cancellato il riferimento alla natura \u00abesclusivamente\u00bb personale del rapporto","og_url":"https:\/\/beneggiassociati.com\/en\/riders-compenso-minimo-orario-e-copertura-assicurativa-inail\/","og_site_name":"Beneggi &amp; Associati","article_published_time":"2019-11-03T10:19:00+00:00","og_image":[{"width":1280,"height":823,"url":"https:\/\/beneggiassociati.com\/wp-content\/uploads\/2025\/07\/single-post-beneggi.jpg","type":"image\/jpeg"}],"author":"Tiziano Beneggi","twitter_card":"summary_large_image","twitter_misc":{"Written by":"Tiziano Beneggi","Est. reading time":"2 minutes"},"schema":{"@context":"https:\/\/schema.org","@graph":[{"@type":"Article","@id":"https:\/\/beneggiassociati.com\/en\/riders-compenso-minimo-orario-e-copertura-assicurativa-inail\/#article","isPartOf":{"@id":"https:\/\/beneggiassociati.com\/en\/riders-compenso-minimo-orario-e-copertura-assicurativa-inail\/"},"author":{"name":"Tiziano Beneggi","@id":"https:\/\/beneggiassociati.com\/en\/#\/schema\/person\/828daacfa37b359e89e981f920072004"},"headline":"Riders, compenso minimo orario e copertura assicurativa Inail","datePublished":"2019-11-03T10:19:00+00:00","mainEntityOfPage":{"@id":"https:\/\/beneggiassociati.com\/en\/riders-compenso-minimo-orario-e-copertura-assicurativa-inail\/"},"wordCount":360,"commentCount":0,"publisher":{"@id":"https:\/\/beneggiassociati.com\/en\/#organization"},"image":{"@id":"https:\/\/beneggiassociati.com\/en\/riders-compenso-minimo-orario-e-copertura-assicurativa-inail\/#primaryimage"},"thumbnailUrl":"https:\/\/beneggiassociati.com\/wp-content\/uploads\/2025\/07\/single-post-beneggi.jpg","articleSection":["ARCHIVIO"],"inLanguage":"en-US"},{"@type":"WebPage","@id":"https:\/\/beneggiassociati.com\/en\/riders-compenso-minimo-orario-e-copertura-assicurativa-inail\/","url":"https:\/\/beneggiassociati.com\/en\/riders-compenso-minimo-orario-e-copertura-assicurativa-inail\/","name":"Riders, compenso minimo orario e copertura assicurativa Inail - Beneggi &amp; Associati","isPartOf":{"@id":"https:\/\/beneggiassociati.com\/en\/#website"},"primaryImageOfPage":{"@id":"https:\/\/beneggiassociati.com\/en\/riders-compenso-minimo-orario-e-copertura-assicurativa-inail\/#primaryimage"},"image":{"@id":"https:\/\/beneggiassociati.com\/en\/riders-compenso-minimo-orario-e-copertura-assicurativa-inail\/#primaryimage"},"thumbnailUrl":"https:\/\/beneggiassociati.com\/wp-content\/uploads\/2025\/07\/single-post-beneggi.jpg","datePublished":"2019-11-03T10:19:00+00:00","description":"Per i collaboratori parasubordinati (anche delle piattaforme digitali) viene cancellato il riferimento alla natura \u00abesclusivamente\u00bb personale del rapporto","breadcrumb":{"@id":"https:\/\/beneggiassociati.com\/en\/riders-compenso-minimo-orario-e-copertura-assicurativa-inail\/#breadcrumb"},"inLanguage":"en-US","potentialAction":[{"@type":"ReadAction","target":["https:\/\/beneggiassociati.com\/en\/riders-compenso-minimo-orario-e-copertura-assicurativa-inail\/"]}]},{"@type":"ImageObject","inLanguage":"en-US","@id":"https:\/\/beneggiassociati.com\/en\/riders-compenso-minimo-orario-e-copertura-assicurativa-inail\/#primaryimage","url":"https:\/\/beneggiassociati.com\/wp-content\/uploads\/2025\/07\/single-post-beneggi.jpg","contentUrl":"https:\/\/beneggiassociati.com\/wp-content\/uploads\/2025\/07\/single-post-beneggi.jpg","width":1280,"height":823},{"@type":"BreadcrumbList","@id":"https:\/\/beneggiassociati.com\/en\/riders-compenso-minimo-orario-e-copertura-assicurativa-inail\/#breadcrumb","itemListElement":[{"@type":"ListItem","position":1,"name":"Home","item":"https:\/\/beneggiassociati.com\/en\/?page_id=24163"},{"@type":"ListItem","position":2,"name":"Riders, compenso minimo orario e copertura assicurativa Inail"}]},{"@type":"WebSite","@id":"https:\/\/beneggiassociati.com\/en\/#website","url":"https:\/\/beneggiassociati.com\/en\/","name":"Beneggi e associati","description":"","publisher":{"@id":"https:\/\/beneggiassociati.com\/en\/#organization"},"potentialAction":[{"@type":"SearchAction","target":{"@type":"EntryPoint","urlTemplate":"https:\/\/beneggiassociati.com\/en\/?s={search_term_string}"},"query-input":{"@type":"PropertyValueSpecification","valueRequired":true,"valueName":"search_term_string"}}],"inLanguage":"en-US"},{"@type":"Organization","@id":"https:\/\/beneggiassociati.com\/en\/#organization","name":"Beneggi e associati","url":"https:\/\/beneggiassociati.com\/en\/","logo":{"@type":"ImageObject","inLanguage":"en-US","@id":"https:\/\/beneggiassociati.com\/en\/#\/schema\/logo\/image\/","url":"https:\/\/beneggiassociati.com\/wp-content\/uploads\/2025\/07\/beneggi-logo.png","contentUrl":"https:\/\/beneggiassociati.com\/wp-content\/uploads\/2025\/07\/beneggi-logo.png","width":141,"height":87,"caption":"Beneggi e associati"},"image":{"@id":"https:\/\/beneggiassociati.com\/en\/#\/schema\/logo\/image\/"}},{"@type":"Person","@id":"https:\/\/beneggiassociati.com\/en\/#\/schema\/person\/828daacfa37b359e89e981f920072004","name":"Tiziano Beneggi","url":"https:\/\/beneggiassociati.com\/en\/author\/tizianobeneggiassociati-com\/"}]}},"_links":{"self":[{"href":"https:\/\/beneggiassociati.com\/en\/wp-json\/wp\/v2\/posts\/16816","targetHints":{"allow":["GET"]}}],"collection":[{"href":"https:\/\/beneggiassociati.com\/en\/wp-json\/wp\/v2\/posts"}],"about":[{"href":"https:\/\/beneggiassociati.com\/en\/wp-json\/wp\/v2\/types\/post"}],"author":[{"embeddable":true,"href":"https:\/\/beneggiassociati.com\/en\/wp-json\/wp\/v2\/users\/4"}],"replies":[{"embeddable":true,"href":"https:\/\/beneggiassociati.com\/en\/wp-json\/wp\/v2\/comments?post=16816"}],"version-history":[{"count":0,"href":"https:\/\/beneggiassociati.com\/en\/wp-json\/wp\/v2\/posts\/16816\/revisions"}],"wp:featuredmedia":[{"embeddable":true,"href":"https:\/\/beneggiassociati.com\/en\/wp-json\/wp\/v2\/media\/409"}],"wp:attachment":[{"href":"https:\/\/beneggiassociati.com\/en\/wp-json\/wp\/v2\/media?parent=16816"}],"wp:term":[{"taxonomy":"category","embeddable":true,"href":"https:\/\/beneggiassociati.com\/en\/wp-json\/wp\/v2\/categories?post=16816"},{"taxonomy":"post_tag","embeddable":true,"href":"https:\/\/beneggiassociati.com\/en\/wp-json\/wp\/v2\/tags?post=16816"}],"curies":[{"name":"wp","href":"https:\/\/api.w.org\/{rel}","templated":true}]}}