{"id":16826,"date":"2019-11-11T21:29:00","date_gmt":"2019-11-11T20:29:00","guid":{"rendered":"https:\/\/dev.beneggiassociati.com\/2019\/11\/11\/licenza-e-cessione-di-un-marchio-registrato-da-privato\/"},"modified":"2019-11-11T21:29:00","modified_gmt":"2019-11-11T20:29:00","slug":"licenza-e-cessione-di-un-marchio-registrato-da-privato","status":"publish","type":"post","link":"https:\/\/beneggiassociati.com\/en\/licenza-e-cessione-di-un-marchio-registrato-da-privato\/","title":{"rendered":"Licenza e cessione di un marchio registrato da privato"},"content":{"rendered":"\n<p>Il marchio \u00e8 quel\u00a0<strong>segno distintivo<\/strong>\u00a0che ha lo scopo di contraddistinguere tra loro tutti i prodotti ed i servizi messi in commercio nel territorio dello Stato; si tratta di un\u00a0<strong>bene immateriale<\/strong>\u00a0che gode di una\u00a0<strong>protezione illimitata<\/strong>\u00a0nel tempo e che pu\u00f2 essere\u00a0<strong>trasferito\u00a0<\/strong>sia a titolo definitivo, tramite\u00a0<strong>cessione<\/strong>, sia a titolo temporaneo, tramite\u00a0<strong>licenza d\u2019uso<\/strong>:\u00a0\u00abil\u00a0marchio registrato\u00a0pu\u00f2 essere trasferito o concesso in\u00a0licenza\u00a0per la totalit\u00e0 o per una parte dei prodotti o servizi per i quali \u00e8 stato registrato, purch\u00e9 in ogni caso dal\u00a0trasferimento\u00a0o dalla\u00a0licenza\u00a0non derivi inganno in quei caratteri dei prodotti o servizi che sono essenziali nell\u2019apprezzamento del pubblico\u00bb.<\/p>\n\n\n<p>Il marchio \u00e8&nbsp;<strong>liberamente trasferibile<\/strong>, indipendentemente dall\u2019azienda o da un suo ramo particolare, per la totalit\u00e0 o per una parte dei prodotti o servizi per i quali \u00e8 stato registrato. A queste variazioni civilistiche&nbsp;<strong>non<\/strong>&nbsp;ha corrisposto alcuna variazione della normativa fiscale.<\/p>\n\n\n<p>Ai fini delle imposte dirette, con l\u2019introduzione del&nbsp;T.U.I.R., la formulazione dell\u2019art. 53, co. 2, lett. b), relativo ai redditi di lavoro autonomo \u00e8 cambiata radicalmente; ora sono considerati redditi di lavoro autonomo \u00abi redditi derivanti dall\u2019utilizzazione economica, da parte dell\u2019autore o inventore, di opere dell\u2019ingegno, di brevetti industriali e di processi, formule o informazioni relativi ad esperienze acquisite in campo industriale, commerciale o scientifico, se non sono conseguiti nell\u2019esercizio di imprese commerciali\u00bb.<\/p>\n\n\n<p>L\u2019art.&nbsp;53 del D.P.R. 917\/1986&nbsp;non menziona pi\u00f9, tra i redditi di lavoro autonomo, quelli derivanti \u00abdall\u2019utilizzazione economica dei marchi di fabbrica e di commercio\u00bb. Pertanto, qualsiasi corrispettivo derivante dallo sfruttamento economico del marchio, tramite&nbsp;cessione&nbsp;o concessione, sembrerebbe aver&nbsp;<strong>perso<\/strong>&nbsp;i&nbsp;<strong>requisiti<\/strong>&nbsp;necessari per essere qualificato come&nbsp;<strong>reddito di lavoro autonomo<\/strong>.<\/p>\n\n\n<p>La dottrina, invero non molto copiosa, ha cercato di interpretare il silenzio della legge al riguardo, tenuto anche conto che si \u00e8 trattato di una variazione del testo precedente. Sono emerse delle ipotesi, e cio\u00e8 che non si \u00e8 in presenza di&nbsp;<strong>alcun reddito<\/strong>&nbsp;oppure che si tratta di&nbsp;<strong>reddito diverso<\/strong>.<\/p>\n\n\n<p>Il reddito generato dalla&nbsp;cessione&nbsp;o dalla concessione in uso di un marchio configurava,&nbsp;<strong>fino al 1987<\/strong>, una tipologia di&nbsp;<strong>reddito di lavoro autonomo<\/strong>, con diritto all\u2019abbattimento forfetario del 25%;&nbsp;<strong>dal 1988<\/strong>&nbsp;la definitiva eliminazione di entrambe le fattispecie dal dettato normativo lascia aperte&nbsp;<strong>due strade alternative<\/strong>.<\/p>\n\n\n<p>Il corrispettivo derivante dalla&nbsp;licenza&nbsp;o dalla vendita di un marchio da parte del titolare soggetto non imprenditore configura, allora, un\u2019ipotesi di:<\/p>\n\n\n<ul class=\"wp-block-list\"><li><strong>reddito diverso<\/strong>&nbsp;derivante da un obbligo di permettere (Quadro RL16 \u2013 Modello Redditi 2019 PF);<\/li><li>oppure&nbsp;<strong>nessun reddito<\/strong>.<\/li><\/ul>\n\n\n<p>La lett. c), co. 2 dell\u2019art.&nbsp;23 del D.P.R. 917\/1986&nbsp;prevede, invece, esplicitamente la&nbsp;<strong>rilevanza impositiva<\/strong>&nbsp;degli&nbsp;<strong>atti economici<\/strong>&nbsp;relativi al&nbsp;<strong>marchio<\/strong>&nbsp;compiuti da soggetti&nbsp;<strong>non residenti<\/strong>. La norma \u00e8 applicata&nbsp;<strong>solamente<\/strong>&nbsp;quando il&nbsp;<strong>compenso<\/strong>&nbsp;pagato pu\u00f2 essere&nbsp;<strong>qualificato<\/strong>&nbsp;come&nbsp;<strong>royalty<\/strong>&nbsp;e, pertanto, solamente nell\u2019ipotesi in cui sia connesso all\u2019utilizzazione e allo sfruttamento del bene immateriale.<\/p>\n\n\n<table class=\"wp-block-table\"><tbody><tr><td><strong>&nbsp;<\/strong><\/td><td>Ante&nbsp;<a href=\"idp:2545;1\">Tuir<\/a>&nbsp;(<a href=\"idp:3806;1\">D.P.R. 597\/1973<\/a>)<\/td><td>Tuir (<a href=\"idp:2545;1\">D.P.R. 917\/1986<\/a>)<\/td><\/tr><tr><td>&nbsp;&nbsp;&nbsp;&nbsp;<strong>Soggetti residenti<\/strong><strong>non imprenditori<\/strong><\/td><td>&#8211;&nbsp;<strong>concessione in uso del marchio<\/strong>: reddito di lavoro autonomo ex art. 49, co. 2, lett. b).<\/td><td>&#8211;&nbsp;<strong>concessione in uso del marchio<\/strong>: fattispecie scomparsa dal dettato normativo; due le alternative:reddito diverso ex art. 67, lett. l) \u2013 \u00abobbligo di permettere\u00bb;nessun reddito.<\/td><\/tr><tr><td>&#8211;&nbsp;<strong>cessione<\/strong><strong>del marchio<\/strong>: reddito di lavoro autonomo ex art. 49, co. 2, lett. b).<\/td><td>&#8211;&nbsp;<strong>cessione<\/strong><strong>del marchio<\/strong>: fattispecie scomparsa dal dettato normativo; due le alternative:reddito diverso ex art. 67, lett. l) \u2013 \u00abobbligo di permettere\u00bb;nessun reddito.<\/td><\/tr><tr><td>&nbsp;<strong>Soggetti non residenti<\/strong><\/td><td>&#8211;&nbsp;<strong>concessione in uso del marchio<\/strong>: reddito ex art. 19, co. 1, n. 9.<\/td><td>&#8211;&nbsp;<strong>concessione in uso del marchio<\/strong>: reddito ex art. 23, co. 2, lett. c).<\/td><\/tr><tr><td>&#8211;&nbsp;<strong>cessione<\/strong><strong>del marchio<\/strong>: non costituisce reddito.<\/td><td>&#8211;&nbsp;<strong>cessione<\/strong><strong>del marchio<\/strong>: non costituisce reddito.<\/td><\/tr><\/tbody><\/table>\n\n\n<p><a href=\"mailto:info@beneggiassociati.com\" target=\"_blank\" rel=\"noreferrer noopener\"><br \/>Sei interessato all\u2019articolo? Scrivici e verrai contattato da un nostro Consultant<\/a><\/p>\n\n\n<p><a href=\"https:\/\/beneggiassociati.com\/\" target=\"_blank\" rel=\"noreferrer noopener\">@ Beneggi e Associati | Commercialisti al servizio delle imprese | Meda | Milano<\/a><\/p>\n","protected":false},"excerpt":{"rendered":"<p>Il marchio \u00e8 quel\u00a0segno distintivo\u00a0che ha lo scopo di contraddistinguere tra loro tutti i prodotti ed i servizi messi in commercio nel territorio dello Stato; si tratta di un\u00a0bene immateriale\u00a0che gode di una\u00a0protezione illimitata\u00a0nel tempo e che pu\u00f2 essere\u00a0trasferito\u00a0sia a titolo definitivo, tramite\u00a0cessione, sia a titolo temporaneo, tramite\u00a0licenza d\u2019uso:\u00a0\u00abil\u00a0marchio registrato\u00a0pu\u00f2 essere trasferito o concesso in\u00a0licenza\u00a0per [&hellip;]<\/p>\n","protected":false},"author":4,"featured_media":409,"comment_status":"open","ping_status":"open","sticky":false,"template":"","format":"standard","meta":{"_acf_changed":false,"content-type":"","footnotes":""},"categories":[16],"tags":[],"class_list":["post-16826","post","type-post","status-publish","format-standard","has-post-thumbnail","hentry","category-archivio"],"acf":[],"yoast_head":"<!-- This site is optimized with the Yoast SEO plugin v27.4 - https:\/\/yoast.com\/product\/yoast-seo-wordpress\/ -->\n<title>Licenza e cessione di un marchio registrato da privato - Beneggi &amp; Associati<\/title>\n<meta name=\"description\" content=\"Il marchio \u00e8 quel\u00a0segno distintivo\u00a0che ha lo scopo di contraddistinguere tra loro tutti i prodotti ed i servizi messi in commercio nel territorio dello\" \/>\n<meta name=\"robots\" content=\"index, follow, max-snippet:-1, max-image-preview:large, max-video-preview:-1\" \/>\n<link rel=\"canonical\" href=\"https:\/\/beneggiassociati.com\/en\/licenza-e-cessione-di-un-marchio-registrato-da-privato\/\" \/>\n<meta property=\"og:locale\" content=\"en_US\" \/>\n<meta property=\"og:type\" content=\"article\" \/>\n<meta property=\"og:title\" content=\"Licenza e cessione di un marchio registrato da privato - Beneggi &amp; Associati\" \/>\n<meta property=\"og:description\" content=\"Il marchio \u00e8 quel\u00a0segno distintivo\u00a0che ha lo scopo di contraddistinguere tra loro tutti i prodotti ed i servizi messi in commercio nel territorio dello\" \/>\n<meta property=\"og:url\" content=\"https:\/\/beneggiassociati.com\/en\/licenza-e-cessione-di-un-marchio-registrato-da-privato\/\" \/>\n<meta property=\"og:site_name\" content=\"Beneggi &amp; Associati\" \/>\n<meta property=\"article:published_time\" content=\"2019-11-11T20:29:00+00:00\" \/>\n<meta property=\"og:image\" content=\"https:\/\/beneggiassociati.com\/wp-content\/uploads\/2025\/07\/single-post-beneggi.jpg\" \/>\n\t<meta property=\"og:image:width\" content=\"1280\" \/>\n\t<meta property=\"og:image:height\" content=\"823\" \/>\n\t<meta property=\"og:image:type\" content=\"image\/jpeg\" \/>\n<meta name=\"author\" content=\"Tiziano Beneggi\" \/>\n<meta name=\"twitter:card\" content=\"summary_large_image\" \/>\n<meta name=\"twitter:label1\" content=\"Written by\" \/>\n\t<meta name=\"twitter:data1\" content=\"Tiziano Beneggi\" \/>\n\t<meta name=\"twitter:label2\" content=\"Est. reading time\" \/>\n\t<meta name=\"twitter:data2\" content=\"3 minutes\" \/>\n<script type=\"application\/ld+json\" class=\"yoast-schema-graph\">{\"@context\":\"https:\\\/\\\/schema.org\",\"@graph\":[{\"@type\":\"Article\",\"@id\":\"https:\\\/\\\/beneggiassociati.com\\\/en\\\/licenza-e-cessione-di-un-marchio-registrato-da-privato\\\/#article\",\"isPartOf\":{\"@id\":\"https:\\\/\\\/beneggiassociati.com\\\/en\\\/licenza-e-cessione-di-un-marchio-registrato-da-privato\\\/\"},\"author\":{\"name\":\"Tiziano Beneggi\",\"@id\":\"https:\\\/\\\/beneggiassociati.com\\\/en\\\/#\\\/schema\\\/person\\\/828daacfa37b359e89e981f920072004\"},\"headline\":\"Licenza e cessione di un marchio registrato da privato\",\"datePublished\":\"2019-11-11T20:29:00+00:00\",\"mainEntityOfPage\":{\"@id\":\"https:\\\/\\\/beneggiassociati.com\\\/en\\\/licenza-e-cessione-di-un-marchio-registrato-da-privato\\\/\"},\"wordCount\":695,\"commentCount\":0,\"publisher\":{\"@id\":\"https:\\\/\\\/beneggiassociati.com\\\/en\\\/#organization\"},\"image\":{\"@id\":\"https:\\\/\\\/beneggiassociati.com\\\/en\\\/licenza-e-cessione-di-un-marchio-registrato-da-privato\\\/#primaryimage\"},\"thumbnailUrl\":\"https:\\\/\\\/beneggiassociati.com\\\/wp-content\\\/uploads\\\/2025\\\/07\\\/single-post-beneggi.jpg\",\"articleSection\":[\"ARCHIVIO\"],\"inLanguage\":\"en-US\"},{\"@type\":\"WebPage\",\"@id\":\"https:\\\/\\\/beneggiassociati.com\\\/en\\\/licenza-e-cessione-di-un-marchio-registrato-da-privato\\\/\",\"url\":\"https:\\\/\\\/beneggiassociati.com\\\/en\\\/licenza-e-cessione-di-un-marchio-registrato-da-privato\\\/\",\"name\":\"Licenza e cessione di un marchio registrato da privato - Beneggi &amp; Associati\",\"isPartOf\":{\"@id\":\"https:\\\/\\\/beneggiassociati.com\\\/en\\\/#website\"},\"primaryImageOfPage\":{\"@id\":\"https:\\\/\\\/beneggiassociati.com\\\/en\\\/licenza-e-cessione-di-un-marchio-registrato-da-privato\\\/#primaryimage\"},\"image\":{\"@id\":\"https:\\\/\\\/beneggiassociati.com\\\/en\\\/licenza-e-cessione-di-un-marchio-registrato-da-privato\\\/#primaryimage\"},\"thumbnailUrl\":\"https:\\\/\\\/beneggiassociati.com\\\/wp-content\\\/uploads\\\/2025\\\/07\\\/single-post-beneggi.jpg\",\"datePublished\":\"2019-11-11T20:29:00+00:00\",\"description\":\"Il marchio \u00e8 quel\u00a0segno distintivo\u00a0che ha lo scopo di contraddistinguere tra loro tutti i prodotti ed i servizi messi in commercio nel territorio dello\",\"breadcrumb\":{\"@id\":\"https:\\\/\\\/beneggiassociati.com\\\/en\\\/licenza-e-cessione-di-un-marchio-registrato-da-privato\\\/#breadcrumb\"},\"inLanguage\":\"en-US\",\"potentialAction\":[{\"@type\":\"ReadAction\",\"target\":[\"https:\\\/\\\/beneggiassociati.com\\\/en\\\/licenza-e-cessione-di-un-marchio-registrato-da-privato\\\/\"]}]},{\"@type\":\"ImageObject\",\"inLanguage\":\"en-US\",\"@id\":\"https:\\\/\\\/beneggiassociati.com\\\/en\\\/licenza-e-cessione-di-un-marchio-registrato-da-privato\\\/#primaryimage\",\"url\":\"https:\\\/\\\/beneggiassociati.com\\\/wp-content\\\/uploads\\\/2025\\\/07\\\/single-post-beneggi.jpg\",\"contentUrl\":\"https:\\\/\\\/beneggiassociati.com\\\/wp-content\\\/uploads\\\/2025\\\/07\\\/single-post-beneggi.jpg\",\"width\":1280,\"height\":823},{\"@type\":\"BreadcrumbList\",\"@id\":\"https:\\\/\\\/beneggiassociati.com\\\/en\\\/licenza-e-cessione-di-un-marchio-registrato-da-privato\\\/#breadcrumb\",\"itemListElement\":[{\"@type\":\"ListItem\",\"position\":1,\"name\":\"Home\",\"item\":\"https:\\\/\\\/beneggiassociati.com\\\/en\\\/?page_id=24163\"},{\"@type\":\"ListItem\",\"position\":2,\"name\":\"Licenza e cessione di un marchio registrato da privato\"}]},{\"@type\":\"WebSite\",\"@id\":\"https:\\\/\\\/beneggiassociati.com\\\/en\\\/#website\",\"url\":\"https:\\\/\\\/beneggiassociati.com\\\/en\\\/\",\"name\":\"Beneggi e associati\",\"description\":\"\",\"publisher\":{\"@id\":\"https:\\\/\\\/beneggiassociati.com\\\/en\\\/#organization\"},\"potentialAction\":[{\"@type\":\"SearchAction\",\"target\":{\"@type\":\"EntryPoint\",\"urlTemplate\":\"https:\\\/\\\/beneggiassociati.com\\\/en\\\/?s={search_term_string}\"},\"query-input\":{\"@type\":\"PropertyValueSpecification\",\"valueRequired\":true,\"valueName\":\"search_term_string\"}}],\"inLanguage\":\"en-US\"},{\"@type\":\"Organization\",\"@id\":\"https:\\\/\\\/beneggiassociati.com\\\/en\\\/#organization\",\"name\":\"Beneggi e associati\",\"url\":\"https:\\\/\\\/beneggiassociati.com\\\/en\\\/\",\"logo\":{\"@type\":\"ImageObject\",\"inLanguage\":\"en-US\",\"@id\":\"https:\\\/\\\/beneggiassociati.com\\\/en\\\/#\\\/schema\\\/logo\\\/image\\\/\",\"url\":\"https:\\\/\\\/beneggiassociati.com\\\/wp-content\\\/uploads\\\/2025\\\/07\\\/beneggi-logo.png\",\"contentUrl\":\"https:\\\/\\\/beneggiassociati.com\\\/wp-content\\\/uploads\\\/2025\\\/07\\\/beneggi-logo.png\",\"width\":141,\"height\":87,\"caption\":\"Beneggi e associati\"},\"image\":{\"@id\":\"https:\\\/\\\/beneggiassociati.com\\\/en\\\/#\\\/schema\\\/logo\\\/image\\\/\"}},{\"@type\":\"Person\",\"@id\":\"https:\\\/\\\/beneggiassociati.com\\\/en\\\/#\\\/schema\\\/person\\\/828daacfa37b359e89e981f920072004\",\"name\":\"Tiziano Beneggi\",\"url\":\"https:\\\/\\\/beneggiassociati.com\\\/en\\\/author\\\/tizianobeneggiassociati-com\\\/\"}]}<\/script>\n<!-- \/ Yoast SEO plugin. -->","yoast_head_json":{"title":"Licenza e cessione di un marchio registrato da privato - Beneggi &amp; Associati","description":"Il marchio \u00e8 quel\u00a0segno distintivo\u00a0che ha lo scopo di contraddistinguere tra loro tutti i prodotti ed i servizi messi in commercio nel territorio dello","robots":{"index":"index","follow":"follow","max-snippet":"max-snippet:-1","max-image-preview":"max-image-preview:large","max-video-preview":"max-video-preview:-1"},"canonical":"https:\/\/beneggiassociati.com\/en\/licenza-e-cessione-di-un-marchio-registrato-da-privato\/","og_locale":"en_US","og_type":"article","og_title":"Licenza e cessione di un marchio registrato da privato - Beneggi &amp; Associati","og_description":"Il marchio \u00e8 quel\u00a0segno distintivo\u00a0che ha lo scopo di contraddistinguere tra loro tutti i prodotti ed i servizi messi in commercio nel territorio dello","og_url":"https:\/\/beneggiassociati.com\/en\/licenza-e-cessione-di-un-marchio-registrato-da-privato\/","og_site_name":"Beneggi &amp; Associati","article_published_time":"2019-11-11T20:29:00+00:00","og_image":[{"width":1280,"height":823,"url":"https:\/\/beneggiassociati.com\/wp-content\/uploads\/2025\/07\/single-post-beneggi.jpg","type":"image\/jpeg"}],"author":"Tiziano Beneggi","twitter_card":"summary_large_image","twitter_misc":{"Written by":"Tiziano Beneggi","Est. reading time":"3 minutes"},"schema":{"@context":"https:\/\/schema.org","@graph":[{"@type":"Article","@id":"https:\/\/beneggiassociati.com\/en\/licenza-e-cessione-di-un-marchio-registrato-da-privato\/#article","isPartOf":{"@id":"https:\/\/beneggiassociati.com\/en\/licenza-e-cessione-di-un-marchio-registrato-da-privato\/"},"author":{"name":"Tiziano Beneggi","@id":"https:\/\/beneggiassociati.com\/en\/#\/schema\/person\/828daacfa37b359e89e981f920072004"},"headline":"Licenza e cessione di un marchio registrato da privato","datePublished":"2019-11-11T20:29:00+00:00","mainEntityOfPage":{"@id":"https:\/\/beneggiassociati.com\/en\/licenza-e-cessione-di-un-marchio-registrato-da-privato\/"},"wordCount":695,"commentCount":0,"publisher":{"@id":"https:\/\/beneggiassociati.com\/en\/#organization"},"image":{"@id":"https:\/\/beneggiassociati.com\/en\/licenza-e-cessione-di-un-marchio-registrato-da-privato\/#primaryimage"},"thumbnailUrl":"https:\/\/beneggiassociati.com\/wp-content\/uploads\/2025\/07\/single-post-beneggi.jpg","articleSection":["ARCHIVIO"],"inLanguage":"en-US"},{"@type":"WebPage","@id":"https:\/\/beneggiassociati.com\/en\/licenza-e-cessione-di-un-marchio-registrato-da-privato\/","url":"https:\/\/beneggiassociati.com\/en\/licenza-e-cessione-di-un-marchio-registrato-da-privato\/","name":"Licenza e cessione di un marchio registrato da privato - Beneggi &amp; Associati","isPartOf":{"@id":"https:\/\/beneggiassociati.com\/en\/#website"},"primaryImageOfPage":{"@id":"https:\/\/beneggiassociati.com\/en\/licenza-e-cessione-di-un-marchio-registrato-da-privato\/#primaryimage"},"image":{"@id":"https:\/\/beneggiassociati.com\/en\/licenza-e-cessione-di-un-marchio-registrato-da-privato\/#primaryimage"},"thumbnailUrl":"https:\/\/beneggiassociati.com\/wp-content\/uploads\/2025\/07\/single-post-beneggi.jpg","datePublished":"2019-11-11T20:29:00+00:00","description":"Il marchio \u00e8 quel\u00a0segno distintivo\u00a0che ha lo scopo di contraddistinguere tra loro tutti i prodotti ed i servizi messi in commercio nel territorio dello","breadcrumb":{"@id":"https:\/\/beneggiassociati.com\/en\/licenza-e-cessione-di-un-marchio-registrato-da-privato\/#breadcrumb"},"inLanguage":"en-US","potentialAction":[{"@type":"ReadAction","target":["https:\/\/beneggiassociati.com\/en\/licenza-e-cessione-di-un-marchio-registrato-da-privato\/"]}]},{"@type":"ImageObject","inLanguage":"en-US","@id":"https:\/\/beneggiassociati.com\/en\/licenza-e-cessione-di-un-marchio-registrato-da-privato\/#primaryimage","url":"https:\/\/beneggiassociati.com\/wp-content\/uploads\/2025\/07\/single-post-beneggi.jpg","contentUrl":"https:\/\/beneggiassociati.com\/wp-content\/uploads\/2025\/07\/single-post-beneggi.jpg","width":1280,"height":823},{"@type":"BreadcrumbList","@id":"https:\/\/beneggiassociati.com\/en\/licenza-e-cessione-di-un-marchio-registrato-da-privato\/#breadcrumb","itemListElement":[{"@type":"ListItem","position":1,"name":"Home","item":"https:\/\/beneggiassociati.com\/en\/?page_id=24163"},{"@type":"ListItem","position":2,"name":"Licenza e cessione di un marchio registrato da privato"}]},{"@type":"WebSite","@id":"https:\/\/beneggiassociati.com\/en\/#website","url":"https:\/\/beneggiassociati.com\/en\/","name":"Beneggi e associati","description":"","publisher":{"@id":"https:\/\/beneggiassociati.com\/en\/#organization"},"potentialAction":[{"@type":"SearchAction","target":{"@type":"EntryPoint","urlTemplate":"https:\/\/beneggiassociati.com\/en\/?s={search_term_string}"},"query-input":{"@type":"PropertyValueSpecification","valueRequired":true,"valueName":"search_term_string"}}],"inLanguage":"en-US"},{"@type":"Organization","@id":"https:\/\/beneggiassociati.com\/en\/#organization","name":"Beneggi e associati","url":"https:\/\/beneggiassociati.com\/en\/","logo":{"@type":"ImageObject","inLanguage":"en-US","@id":"https:\/\/beneggiassociati.com\/en\/#\/schema\/logo\/image\/","url":"https:\/\/beneggiassociati.com\/wp-content\/uploads\/2025\/07\/beneggi-logo.png","contentUrl":"https:\/\/beneggiassociati.com\/wp-content\/uploads\/2025\/07\/beneggi-logo.png","width":141,"height":87,"caption":"Beneggi e associati"},"image":{"@id":"https:\/\/beneggiassociati.com\/en\/#\/schema\/logo\/image\/"}},{"@type":"Person","@id":"https:\/\/beneggiassociati.com\/en\/#\/schema\/person\/828daacfa37b359e89e981f920072004","name":"Tiziano Beneggi","url":"https:\/\/beneggiassociati.com\/en\/author\/tizianobeneggiassociati-com\/"}]}},"_links":{"self":[{"href":"https:\/\/beneggiassociati.com\/en\/wp-json\/wp\/v2\/posts\/16826","targetHints":{"allow":["GET"]}}],"collection":[{"href":"https:\/\/beneggiassociati.com\/en\/wp-json\/wp\/v2\/posts"}],"about":[{"href":"https:\/\/beneggiassociati.com\/en\/wp-json\/wp\/v2\/types\/post"}],"author":[{"embeddable":true,"href":"https:\/\/beneggiassociati.com\/en\/wp-json\/wp\/v2\/users\/4"}],"replies":[{"embeddable":true,"href":"https:\/\/beneggiassociati.com\/en\/wp-json\/wp\/v2\/comments?post=16826"}],"version-history":[{"count":0,"href":"https:\/\/beneggiassociati.com\/en\/wp-json\/wp\/v2\/posts\/16826\/revisions"}],"wp:featuredmedia":[{"embeddable":true,"href":"https:\/\/beneggiassociati.com\/en\/wp-json\/wp\/v2\/media\/409"}],"wp:attachment":[{"href":"https:\/\/beneggiassociati.com\/en\/wp-json\/wp\/v2\/media?parent=16826"}],"wp:term":[{"taxonomy":"category","embeddable":true,"href":"https:\/\/beneggiassociati.com\/en\/wp-json\/wp\/v2\/categories?post=16826"},{"taxonomy":"post_tag","embeddable":true,"href":"https:\/\/beneggiassociati.com\/en\/wp-json\/wp\/v2\/tags?post=16826"}],"curies":[{"name":"wp","href":"https:\/\/api.w.org\/{rel}","templated":true}]}}