{"id":16834,"date":"2019-11-23T21:29:00","date_gmt":"2019-11-23T20:29:00","guid":{"rendered":"https:\/\/dev.beneggiassociati.com\/2019\/11\/23\/proprieta-intellettuale-bandi-brevetti-disegni-e-marchi\/"},"modified":"2019-11-23T21:29:00","modified_gmt":"2019-11-23T20:29:00","slug":"proprieta-intellettuale-bandi-brevetti-disegni-e-marchi","status":"publish","type":"post","link":"https:\/\/beneggiassociati.com\/en\/proprieta-intellettuale-bandi-brevetti-disegni-e-marchi\/","title":{"rendered":"Propriet\u00e0 intellettuale, bandi Brevetti+, Disegni+ e Marchi+"},"content":{"rendered":"\n<p>Nuove risorse per i bandi Brevetti+, Disegni+ e Marchi+.<\/p>\n\n\n<ul class=\"wp-block-list\"><li><strong>Brevetti+<\/strong>&nbsp;si propone di sostenere la valorizzazione economica dei brevetti da parte delle Pmi con sede in Italia. Gli aspiranti beneficiari sono titolari o licenziatari di un brevetto o hanno depositato una domanda di brevetto; analogamente, possono accedere ai benefici i soggetti in possesso di una opzione d\u2019uso o di un accordo preliminare di acquisto o di acquisizione in licenza di un brevetto e gli spin-off accademici costituiti da meno di dodici mesi e titolari di un brevetto. Risultano, in particolare, agevolabili le spese per l\u2019acquisizione di servizi specialistici per la valorizzazione economica del brevetto, le fasi di industrializzazione e ingegnerizzazione, organizzazione e sviluppo e trasferimento tecnologico. Il contributo concesso varia dall\u201980% al 100% delle spese sostenute.<\/li><li>Quanto al bando&nbsp;<strong>Disegni+<\/strong>, questo sostiene l\u2019acquisto di servizi specialistici per favorire la messa in produzione di nuovi prodotti correlati ad un disegno\/modello registrato e alla sua commercializzazione. Per il primo aspetto, sono ammissibili le spese sostenute, ad esempio, per la ricerca sull\u2019utilizzo dei nuovi materiali, la realizzazione di prototipi e stampi e la consulenza specializzata nell\u2019approccio al mercato (strategia, marketing, vendita, comunicazione). Per la seconda fase, invece, sono, ad esempio, ammissibili le spese sostenute per la consulenza specializzata nella valutazione tecnico-economica del disegno\/modello e per l\u2019analisi di mercato, ai fini della cessione o della licenza del titolo di propriet\u00e0 industriale, ma anche la consulenza legale per la stesura di accordi di cessione della titolarit\u00e0 o della licenza del titolo di propriet\u00e0 industriale.<\/li><li>Infine, l\u2019incentivo&nbsp;<strong>Marchi+<\/strong>&nbsp;\u00e8 finalizzato a rinforzare la tutela dei marchi all\u2019estero attraverso specifiche misure di sostegno alla capacit\u00e0 innovativa e competitiva delle imprese.&nbsp;Dovrebbero essere confermate due linee di intervento. Una prima per favorire la registrazione di marchi dell\u2019Unione europea presso Euipo (Ufficio dell\u2019Unione europea per la propriet\u00e0 intellettuale) attraverso l\u2019acquisto di servizi specialistici. Una seconda, per favorire la registrazione di marchi internazionali presso Ompi (Organizzazione mondiale per la propriet\u00e0 intellettuale) attraverso l\u2019acquisto di servizi specialistici di consulenza legale per la stesura di eventuali accordi di segretezza.<\/li><\/ul>\n\n\n<p><a href=\"mailto:info@beneggiassociati.com\" target=\"_blank\" rel=\"noreferrer noopener\"><br \/>Sei interessato all\u2019articolo? Scrivici e verrai contattato da un nostro Consultant<\/a><\/p>\n\n\n<p><a href=\"https:\/\/beneggiassociati.com\/\" target=\"_blank\" rel=\"noreferrer noopener\">@ Beneggi e Associati | Commercialisti al servizio delle imprese | Meda | Milano<\/a><br \/><\/p>\n","protected":false},"excerpt":{"rendered":"<p>Nuove risorse per i bandi Brevetti+, Disegni+ e Marchi+. Brevetti+&nbsp;si propone di sostenere la valorizzazione economica dei brevetti da parte delle Pmi con sede in Italia. Gli aspiranti beneficiari sono titolari o licenziatari di un brevetto o hanno depositato una domanda di brevetto; analogamente, possono accedere ai benefici i soggetti in possesso di una opzione [&hellip;]<\/p>\n","protected":false},"author":4,"featured_media":409,"comment_status":"open","ping_status":"open","sticky":false,"template":"","format":"standard","meta":{"_acf_changed":false,"content-type":"","footnotes":""},"categories":[16],"tags":[],"class_list":["post-16834","post","type-post","status-publish","format-standard","has-post-thumbnail","hentry","category-archivio"],"acf":[],"yoast_head":"<!-- This site is optimized with the Yoast SEO plugin v27.4 - https:\/\/yoast.com\/product\/yoast-seo-wordpress\/ -->\n<title>Propriet\u00e0 intellettuale, bandi Brevetti+, Disegni+ e Marchi+ - Beneggi &amp; Associati<\/title>\n<meta name=\"description\" content=\"Nuove risorse per i bandi Brevetti+, Disegni+ e Marchi+. Brevetti+&nbsp;si propone di sostenere la valorizzazione economica dei brevetti da parte delle\" \/>\n<meta name=\"robots\" content=\"index, follow, max-snippet:-1, max-image-preview:large, max-video-preview:-1\" \/>\n<link rel=\"canonical\" href=\"https:\/\/beneggiassociati.com\/en\/proprieta-intellettuale-bandi-brevetti-disegni-e-marchi\/\" \/>\n<meta property=\"og:locale\" content=\"en_US\" \/>\n<meta property=\"og:type\" content=\"article\" \/>\n<meta property=\"og:title\" content=\"Propriet\u00e0 intellettuale, bandi Brevetti+, Disegni+ e Marchi+ - Beneggi &amp; Associati\" \/>\n<meta property=\"og:description\" content=\"Nuove risorse per i bandi Brevetti+, Disegni+ e Marchi+. Brevetti+&nbsp;si propone di sostenere la valorizzazione economica dei brevetti da parte delle\" \/>\n<meta property=\"og:url\" content=\"https:\/\/beneggiassociati.com\/en\/proprieta-intellettuale-bandi-brevetti-disegni-e-marchi\/\" \/>\n<meta property=\"og:site_name\" content=\"Beneggi &amp; Associati\" \/>\n<meta property=\"article:published_time\" content=\"2019-11-23T20:29:00+00:00\" \/>\n<meta property=\"og:image\" content=\"https:\/\/beneggiassociati.com\/wp-content\/uploads\/2025\/07\/single-post-beneggi.jpg\" \/>\n\t<meta property=\"og:image:width\" content=\"1280\" \/>\n\t<meta property=\"og:image:height\" content=\"823\" \/>\n\t<meta property=\"og:image:type\" content=\"image\/jpeg\" \/>\n<meta name=\"author\" content=\"Tiziano Beneggi\" \/>\n<meta name=\"twitter:card\" content=\"summary_large_image\" \/>\n<meta name=\"twitter:label1\" content=\"Written by\" \/>\n\t<meta name=\"twitter:data1\" content=\"Tiziano Beneggi\" \/>\n\t<meta name=\"twitter:label2\" content=\"Est. reading time\" \/>\n\t<meta name=\"twitter:data2\" content=\"2 minutes\" \/>\n<script type=\"application\/ld+json\" class=\"yoast-schema-graph\">{\"@context\":\"https:\\\/\\\/schema.org\",\"@graph\":[{\"@type\":\"Article\",\"@id\":\"https:\\\/\\\/beneggiassociati.com\\\/en\\\/proprieta-intellettuale-bandi-brevetti-disegni-e-marchi\\\/#article\",\"isPartOf\":{\"@id\":\"https:\\\/\\\/beneggiassociati.com\\\/en\\\/proprieta-intellettuale-bandi-brevetti-disegni-e-marchi\\\/\"},\"author\":{\"name\":\"Tiziano Beneggi\",\"@id\":\"https:\\\/\\\/beneggiassociati.com\\\/en\\\/#\\\/schema\\\/person\\\/828daacfa37b359e89e981f920072004\"},\"headline\":\"Propriet\u00e0 intellettuale, bandi Brevetti+, Disegni+ e Marchi+\",\"datePublished\":\"2019-11-23T20:29:00+00:00\",\"mainEntityOfPage\":{\"@id\":\"https:\\\/\\\/beneggiassociati.com\\\/en\\\/proprieta-intellettuale-bandi-brevetti-disegni-e-marchi\\\/\"},\"wordCount\":383,\"commentCount\":0,\"publisher\":{\"@id\":\"https:\\\/\\\/beneggiassociati.com\\\/en\\\/#organization\"},\"image\":{\"@id\":\"https:\\\/\\\/beneggiassociati.com\\\/en\\\/proprieta-intellettuale-bandi-brevetti-disegni-e-marchi\\\/#primaryimage\"},\"thumbnailUrl\":\"https:\\\/\\\/beneggiassociati.com\\\/wp-content\\\/uploads\\\/2025\\\/07\\\/single-post-beneggi.jpg\",\"articleSection\":[\"ARCHIVIO\"],\"inLanguage\":\"en-US\"},{\"@type\":\"WebPage\",\"@id\":\"https:\\\/\\\/beneggiassociati.com\\\/en\\\/proprieta-intellettuale-bandi-brevetti-disegni-e-marchi\\\/\",\"url\":\"https:\\\/\\\/beneggiassociati.com\\\/en\\\/proprieta-intellettuale-bandi-brevetti-disegni-e-marchi\\\/\",\"name\":\"Propriet\u00e0 intellettuale, bandi Brevetti+, Disegni+ e Marchi+ - Beneggi &amp; Associati\",\"isPartOf\":{\"@id\":\"https:\\\/\\\/beneggiassociati.com\\\/en\\\/#website\"},\"primaryImageOfPage\":{\"@id\":\"https:\\\/\\\/beneggiassociati.com\\\/en\\\/proprieta-intellettuale-bandi-brevetti-disegni-e-marchi\\\/#primaryimage\"},\"image\":{\"@id\":\"https:\\\/\\\/beneggiassociati.com\\\/en\\\/proprieta-intellettuale-bandi-brevetti-disegni-e-marchi\\\/#primaryimage\"},\"thumbnailUrl\":\"https:\\\/\\\/beneggiassociati.com\\\/wp-content\\\/uploads\\\/2025\\\/07\\\/single-post-beneggi.jpg\",\"datePublished\":\"2019-11-23T20:29:00+00:00\",\"description\":\"Nuove risorse per i bandi Brevetti+, Disegni+ e Marchi+. Brevetti+&nbsp;si propone di sostenere la valorizzazione economica dei brevetti da parte delle\",\"breadcrumb\":{\"@id\":\"https:\\\/\\\/beneggiassociati.com\\\/en\\\/proprieta-intellettuale-bandi-brevetti-disegni-e-marchi\\\/#breadcrumb\"},\"inLanguage\":\"en-US\",\"potentialAction\":[{\"@type\":\"ReadAction\",\"target\":[\"https:\\\/\\\/beneggiassociati.com\\\/en\\\/proprieta-intellettuale-bandi-brevetti-disegni-e-marchi\\\/\"]}]},{\"@type\":\"ImageObject\",\"inLanguage\":\"en-US\",\"@id\":\"https:\\\/\\\/beneggiassociati.com\\\/en\\\/proprieta-intellettuale-bandi-brevetti-disegni-e-marchi\\\/#primaryimage\",\"url\":\"https:\\\/\\\/beneggiassociati.com\\\/wp-content\\\/uploads\\\/2025\\\/07\\\/single-post-beneggi.jpg\",\"contentUrl\":\"https:\\\/\\\/beneggiassociati.com\\\/wp-content\\\/uploads\\\/2025\\\/07\\\/single-post-beneggi.jpg\",\"width\":1280,\"height\":823},{\"@type\":\"BreadcrumbList\",\"@id\":\"https:\\\/\\\/beneggiassociati.com\\\/en\\\/proprieta-intellettuale-bandi-brevetti-disegni-e-marchi\\\/#breadcrumb\",\"itemListElement\":[{\"@type\":\"ListItem\",\"position\":1,\"name\":\"Home\",\"item\":\"https:\\\/\\\/beneggiassociati.com\\\/en\\\/?page_id=24163\"},{\"@type\":\"ListItem\",\"position\":2,\"name\":\"Propriet\u00e0 intellettuale, bandi Brevetti+, Disegni+ e Marchi+\"}]},{\"@type\":\"WebSite\",\"@id\":\"https:\\\/\\\/beneggiassociati.com\\\/en\\\/#website\",\"url\":\"https:\\\/\\\/beneggiassociati.com\\\/en\\\/\",\"name\":\"Beneggi e associati\",\"description\":\"\",\"publisher\":{\"@id\":\"https:\\\/\\\/beneggiassociati.com\\\/en\\\/#organization\"},\"potentialAction\":[{\"@type\":\"SearchAction\",\"target\":{\"@type\":\"EntryPoint\",\"urlTemplate\":\"https:\\\/\\\/beneggiassociati.com\\\/en\\\/?s={search_term_string}\"},\"query-input\":{\"@type\":\"PropertyValueSpecification\",\"valueRequired\":true,\"valueName\":\"search_term_string\"}}],\"inLanguage\":\"en-US\"},{\"@type\":\"Organization\",\"@id\":\"https:\\\/\\\/beneggiassociati.com\\\/en\\\/#organization\",\"name\":\"Beneggi e associati\",\"url\":\"https:\\\/\\\/beneggiassociati.com\\\/en\\\/\",\"logo\":{\"@type\":\"ImageObject\",\"inLanguage\":\"en-US\",\"@id\":\"https:\\\/\\\/beneggiassociati.com\\\/en\\\/#\\\/schema\\\/logo\\\/image\\\/\",\"url\":\"https:\\\/\\\/beneggiassociati.com\\\/wp-content\\\/uploads\\\/2025\\\/07\\\/beneggi-logo.png\",\"contentUrl\":\"https:\\\/\\\/beneggiassociati.com\\\/wp-content\\\/uploads\\\/2025\\\/07\\\/beneggi-logo.png\",\"width\":141,\"height\":87,\"caption\":\"Beneggi e associati\"},\"image\":{\"@id\":\"https:\\\/\\\/beneggiassociati.com\\\/en\\\/#\\\/schema\\\/logo\\\/image\\\/\"}},{\"@type\":\"Person\",\"@id\":\"https:\\\/\\\/beneggiassociati.com\\\/en\\\/#\\\/schema\\\/person\\\/828daacfa37b359e89e981f920072004\",\"name\":\"Tiziano Beneggi\",\"url\":\"https:\\\/\\\/beneggiassociati.com\\\/en\\\/author\\\/tizianobeneggiassociati-com\\\/\"}]}<\/script>\n<!-- \/ Yoast SEO plugin. -->","yoast_head_json":{"title":"Propriet\u00e0 intellettuale, bandi Brevetti+, Disegni+ e Marchi+ - Beneggi &amp; Associati","description":"Nuove risorse per i bandi Brevetti+, Disegni+ e Marchi+. Brevetti+&nbsp;si propone di sostenere la valorizzazione economica dei brevetti da parte delle","robots":{"index":"index","follow":"follow","max-snippet":"max-snippet:-1","max-image-preview":"max-image-preview:large","max-video-preview":"max-video-preview:-1"},"canonical":"https:\/\/beneggiassociati.com\/en\/proprieta-intellettuale-bandi-brevetti-disegni-e-marchi\/","og_locale":"en_US","og_type":"article","og_title":"Propriet\u00e0 intellettuale, bandi Brevetti+, Disegni+ e Marchi+ - Beneggi &amp; Associati","og_description":"Nuove risorse per i bandi Brevetti+, Disegni+ e Marchi+. Brevetti+&nbsp;si propone di sostenere la valorizzazione economica dei brevetti da parte delle","og_url":"https:\/\/beneggiassociati.com\/en\/proprieta-intellettuale-bandi-brevetti-disegni-e-marchi\/","og_site_name":"Beneggi &amp; Associati","article_published_time":"2019-11-23T20:29:00+00:00","og_image":[{"width":1280,"height":823,"url":"https:\/\/beneggiassociati.com\/wp-content\/uploads\/2025\/07\/single-post-beneggi.jpg","type":"image\/jpeg"}],"author":"Tiziano Beneggi","twitter_card":"summary_large_image","twitter_misc":{"Written by":"Tiziano Beneggi","Est. reading time":"2 minutes"},"schema":{"@context":"https:\/\/schema.org","@graph":[{"@type":"Article","@id":"https:\/\/beneggiassociati.com\/en\/proprieta-intellettuale-bandi-brevetti-disegni-e-marchi\/#article","isPartOf":{"@id":"https:\/\/beneggiassociati.com\/en\/proprieta-intellettuale-bandi-brevetti-disegni-e-marchi\/"},"author":{"name":"Tiziano Beneggi","@id":"https:\/\/beneggiassociati.com\/en\/#\/schema\/person\/828daacfa37b359e89e981f920072004"},"headline":"Propriet\u00e0 intellettuale, bandi Brevetti+, Disegni+ e Marchi+","datePublished":"2019-11-23T20:29:00+00:00","mainEntityOfPage":{"@id":"https:\/\/beneggiassociati.com\/en\/proprieta-intellettuale-bandi-brevetti-disegni-e-marchi\/"},"wordCount":383,"commentCount":0,"publisher":{"@id":"https:\/\/beneggiassociati.com\/en\/#organization"},"image":{"@id":"https:\/\/beneggiassociati.com\/en\/proprieta-intellettuale-bandi-brevetti-disegni-e-marchi\/#primaryimage"},"thumbnailUrl":"https:\/\/beneggiassociati.com\/wp-content\/uploads\/2025\/07\/single-post-beneggi.jpg","articleSection":["ARCHIVIO"],"inLanguage":"en-US"},{"@type":"WebPage","@id":"https:\/\/beneggiassociati.com\/en\/proprieta-intellettuale-bandi-brevetti-disegni-e-marchi\/","url":"https:\/\/beneggiassociati.com\/en\/proprieta-intellettuale-bandi-brevetti-disegni-e-marchi\/","name":"Propriet\u00e0 intellettuale, bandi Brevetti+, Disegni+ e Marchi+ - Beneggi &amp; Associati","isPartOf":{"@id":"https:\/\/beneggiassociati.com\/en\/#website"},"primaryImageOfPage":{"@id":"https:\/\/beneggiassociati.com\/en\/proprieta-intellettuale-bandi-brevetti-disegni-e-marchi\/#primaryimage"},"image":{"@id":"https:\/\/beneggiassociati.com\/en\/proprieta-intellettuale-bandi-brevetti-disegni-e-marchi\/#primaryimage"},"thumbnailUrl":"https:\/\/beneggiassociati.com\/wp-content\/uploads\/2025\/07\/single-post-beneggi.jpg","datePublished":"2019-11-23T20:29:00+00:00","description":"Nuove risorse per i bandi Brevetti+, Disegni+ e Marchi+. Brevetti+&nbsp;si propone di sostenere la valorizzazione economica dei brevetti da parte delle","breadcrumb":{"@id":"https:\/\/beneggiassociati.com\/en\/proprieta-intellettuale-bandi-brevetti-disegni-e-marchi\/#breadcrumb"},"inLanguage":"en-US","potentialAction":[{"@type":"ReadAction","target":["https:\/\/beneggiassociati.com\/en\/proprieta-intellettuale-bandi-brevetti-disegni-e-marchi\/"]}]},{"@type":"ImageObject","inLanguage":"en-US","@id":"https:\/\/beneggiassociati.com\/en\/proprieta-intellettuale-bandi-brevetti-disegni-e-marchi\/#primaryimage","url":"https:\/\/beneggiassociati.com\/wp-content\/uploads\/2025\/07\/single-post-beneggi.jpg","contentUrl":"https:\/\/beneggiassociati.com\/wp-content\/uploads\/2025\/07\/single-post-beneggi.jpg","width":1280,"height":823},{"@type":"BreadcrumbList","@id":"https:\/\/beneggiassociati.com\/en\/proprieta-intellettuale-bandi-brevetti-disegni-e-marchi\/#breadcrumb","itemListElement":[{"@type":"ListItem","position":1,"name":"Home","item":"https:\/\/beneggiassociati.com\/en\/?page_id=24163"},{"@type":"ListItem","position":2,"name":"Propriet\u00e0 intellettuale, bandi Brevetti+, Disegni+ e Marchi+"}]},{"@type":"WebSite","@id":"https:\/\/beneggiassociati.com\/en\/#website","url":"https:\/\/beneggiassociati.com\/en\/","name":"Beneggi e associati","description":"","publisher":{"@id":"https:\/\/beneggiassociati.com\/en\/#organization"},"potentialAction":[{"@type":"SearchAction","target":{"@type":"EntryPoint","urlTemplate":"https:\/\/beneggiassociati.com\/en\/?s={search_term_string}"},"query-input":{"@type":"PropertyValueSpecification","valueRequired":true,"valueName":"search_term_string"}}],"inLanguage":"en-US"},{"@type":"Organization","@id":"https:\/\/beneggiassociati.com\/en\/#organization","name":"Beneggi e associati","url":"https:\/\/beneggiassociati.com\/en\/","logo":{"@type":"ImageObject","inLanguage":"en-US","@id":"https:\/\/beneggiassociati.com\/en\/#\/schema\/logo\/image\/","url":"https:\/\/beneggiassociati.com\/wp-content\/uploads\/2025\/07\/beneggi-logo.png","contentUrl":"https:\/\/beneggiassociati.com\/wp-content\/uploads\/2025\/07\/beneggi-logo.png","width":141,"height":87,"caption":"Beneggi e associati"},"image":{"@id":"https:\/\/beneggiassociati.com\/en\/#\/schema\/logo\/image\/"}},{"@type":"Person","@id":"https:\/\/beneggiassociati.com\/en\/#\/schema\/person\/828daacfa37b359e89e981f920072004","name":"Tiziano Beneggi","url":"https:\/\/beneggiassociati.com\/en\/author\/tizianobeneggiassociati-com\/"}]}},"_links":{"self":[{"href":"https:\/\/beneggiassociati.com\/en\/wp-json\/wp\/v2\/posts\/16834","targetHints":{"allow":["GET"]}}],"collection":[{"href":"https:\/\/beneggiassociati.com\/en\/wp-json\/wp\/v2\/posts"}],"about":[{"href":"https:\/\/beneggiassociati.com\/en\/wp-json\/wp\/v2\/types\/post"}],"author":[{"embeddable":true,"href":"https:\/\/beneggiassociati.com\/en\/wp-json\/wp\/v2\/users\/4"}],"replies":[{"embeddable":true,"href":"https:\/\/beneggiassociati.com\/en\/wp-json\/wp\/v2\/comments?post=16834"}],"version-history":[{"count":0,"href":"https:\/\/beneggiassociati.com\/en\/wp-json\/wp\/v2\/posts\/16834\/revisions"}],"wp:featuredmedia":[{"embeddable":true,"href":"https:\/\/beneggiassociati.com\/en\/wp-json\/wp\/v2\/media\/409"}],"wp:attachment":[{"href":"https:\/\/beneggiassociati.com\/en\/wp-json\/wp\/v2\/media?parent=16834"}],"wp:term":[{"taxonomy":"category","embeddable":true,"href":"https:\/\/beneggiassociati.com\/en\/wp-json\/wp\/v2\/categories?post=16834"},{"taxonomy":"post_tag","embeddable":true,"href":"https:\/\/beneggiassociati.com\/en\/wp-json\/wp\/v2\/tags?post=16834"}],"curies":[{"name":"wp","href":"https:\/\/api.w.org\/{rel}","templated":true}]}}