{"id":16839,"date":"2019-11-23T21:53:00","date_gmt":"2019-11-23T20:53:00","guid":{"rendered":"https:\/\/dev.beneggiassociati.com\/2019\/11\/23\/bonus-bebe-ultima-chiamata-per-il-2019\/"},"modified":"2019-11-23T21:53:00","modified_gmt":"2019-11-23T20:53:00","slug":"bonus-bebe-ultima-chiamata-per-il-2019","status":"publish","type":"post","link":"https:\/\/beneggiassociati.com\/en\/bonus-bebe-ultima-chiamata-per-il-2019\/","title":{"rendered":"Bonus beb\u00e8, ultima chiamata per il 2019"},"content":{"rendered":"\n<p>Occorre presentare una dichiarazione sostitutiva unica (Dsu) e ottenere un Isee entro il 31 dicembre se non si vogliono perdere le mensilit\u00e0 del bonus beb\u00e8 riferite a quest\u2019anno. Lo ricorda l\u2019Inps con il messaggio 4144\/2019 pubblicato ieri, a fronte del fatto che numerosi beneficiari non hanno ancora presentato la Dsu, adempimento da ripetere ogni anno.<\/p>\n\n\n<p>Una prima conseguenza \u00e8 che l\u2019erogazione mensile del bonus \u00e8 stata sospesa. L\u2019altra \u00e8 che, se non ci sar\u00e0 una \u201cregolarizzazione\u201d entro fine anno, non si avr\u00e0 la possibilit\u00e0 di recuperare gli importi arretrati.<\/p>\n\n\n<p>L\u2019assegno di natalit\u00e0, o bonus beb\u00e8, \u00e8 di 80 euro a fronte di un Isee minorenni fino a 25mila euro ma diventa di 160 euro se l\u2019Isee \u00e8 inferiore a 7mila euro. Per i bambini nati, adottati o affidati nel periodo 2015-2017 ha durata triennale, per quelli del 2018 dura solo 12 mesi. Quest\u2019anno, quindi, sono in pagamento gli assegni riferiti agli eventi del 2018 e a quelli del 2016-2017.<\/p>\n\n\n<p>Per il bonus triennale, se si presenta una Dsu entro il 31 dicembre si possono ottenere tutte le rate di quest\u2019anno. Se si attende il 2020, verranno pagate solo le mensilit\u00e0 residue. Per il bonus annuale, invece, chi non si mette in regola nel 2019, perde tutti gli arretrati.<\/p>\n\n\n<p>L\u2019anno prossimo andr\u00e0 comunque rinnovato l\u2019indicatore della situazione economica equivalente per continuare a incassare le relative mensilit\u00e0, anche per gli eventi avvenuti nel 2019 (in tal caso gli importi sono maggiorati del 20% per figli successivi al primo).<\/p>\n\n\n<p><a href=\"mailto:info@beneggiassociati.com\" target=\"_blank\" rel=\"noreferrer noopener\"><br \/>Sei interessato all\u2019articolo? Scrivici e verrai contattato da un nostro Consultant<\/a><\/p>\n\n\n<p><a href=\"https:\/\/beneggiassociati.com\/\" target=\"_blank\" rel=\"noreferrer noopener\">@ Beneggi e Associati | Commercialisti al servizio delle imprese | Meda | Milano<\/a><br \/><\/p>\n","protected":false},"excerpt":{"rendered":"<p>Occorre presentare una dichiarazione sostitutiva unica (Dsu) e ottenere un Isee entro il 31 dicembre se non si vogliono perdere le mensilit\u00e0 del bonus beb\u00e8 riferite a quest\u2019anno. Lo ricorda l\u2019Inps con il messaggio 4144\/2019 pubblicato ieri, a fronte del fatto che numerosi beneficiari non hanno ancora presentato la Dsu, adempimento da ripetere ogni anno. [&hellip;]<\/p>\n","protected":false},"author":4,"featured_media":409,"comment_status":"open","ping_status":"open","sticky":false,"template":"","format":"standard","meta":{"_acf_changed":false,"content-type":"","footnotes":""},"categories":[16],"tags":[],"class_list":["post-16839","post","type-post","status-publish","format-standard","has-post-thumbnail","hentry","category-archivio"],"acf":[],"yoast_head":"<!-- This site is optimized with the Yoast SEO plugin v27.4 - https:\/\/yoast.com\/product\/yoast-seo-wordpress\/ -->\n<title>Bonus beb\u00e8, ultima chiamata per il 2019 - Beneggi &amp; Associati<\/title>\n<meta name=\"description\" content=\"Occorre presentare una dichiarazione sostitutiva unica (Dsu) e ottenere un Isee entro il 31 dicembre se non si vogliono perdere le mensilit\u00e0 del bonus\" \/>\n<meta name=\"robots\" content=\"index, follow, max-snippet:-1, max-image-preview:large, max-video-preview:-1\" \/>\n<link rel=\"canonical\" href=\"https:\/\/beneggiassociati.com\/en\/bonus-bebe-ultima-chiamata-per-il-2019\/\" \/>\n<meta property=\"og:locale\" content=\"en_US\" \/>\n<meta property=\"og:type\" content=\"article\" \/>\n<meta property=\"og:title\" content=\"Bonus beb\u00e8, ultima chiamata per il 2019 - Beneggi &amp; Associati\" \/>\n<meta property=\"og:description\" content=\"Occorre presentare una dichiarazione sostitutiva unica (Dsu) e ottenere un Isee entro il 31 dicembre se non si vogliono perdere le mensilit\u00e0 del bonus\" \/>\n<meta property=\"og:url\" content=\"https:\/\/beneggiassociati.com\/en\/bonus-bebe-ultima-chiamata-per-il-2019\/\" \/>\n<meta property=\"og:site_name\" content=\"Beneggi &amp; Associati\" \/>\n<meta property=\"article:published_time\" content=\"2019-11-23T20:53:00+00:00\" \/>\n<meta property=\"og:image\" content=\"https:\/\/beneggiassociati.com\/wp-content\/uploads\/2025\/07\/single-post-beneggi.jpg\" \/>\n\t<meta property=\"og:image:width\" content=\"1280\" \/>\n\t<meta property=\"og:image:height\" content=\"823\" \/>\n\t<meta property=\"og:image:type\" content=\"image\/jpeg\" \/>\n<meta name=\"author\" content=\"Tiziano Beneggi\" \/>\n<meta name=\"twitter:card\" content=\"summary_large_image\" \/>\n<meta name=\"twitter:label1\" content=\"Written by\" \/>\n\t<meta name=\"twitter:data1\" content=\"Tiziano Beneggi\" \/>\n\t<meta name=\"twitter:label2\" content=\"Est. reading time\" \/>\n\t<meta name=\"twitter:data2\" content=\"1 minute\" \/>\n<script type=\"application\/ld+json\" class=\"yoast-schema-graph\">{\"@context\":\"https:\\\/\\\/schema.org\",\"@graph\":[{\"@type\":\"Article\",\"@id\":\"https:\\\/\\\/beneggiassociati.com\\\/en\\\/bonus-bebe-ultima-chiamata-per-il-2019\\\/#article\",\"isPartOf\":{\"@id\":\"https:\\\/\\\/beneggiassociati.com\\\/en\\\/bonus-bebe-ultima-chiamata-per-il-2019\\\/\"},\"author\":{\"name\":\"Tiziano Beneggi\",\"@id\":\"https:\\\/\\\/beneggiassociati.com\\\/en\\\/#\\\/schema\\\/person\\\/828daacfa37b359e89e981f920072004\"},\"headline\":\"Bonus beb\u00e8, ultima chiamata per il 2019\",\"datePublished\":\"2019-11-23T20:53:00+00:00\",\"mainEntityOfPage\":{\"@id\":\"https:\\\/\\\/beneggiassociati.com\\\/en\\\/bonus-bebe-ultima-chiamata-per-il-2019\\\/\"},\"wordCount\":267,\"commentCount\":0,\"publisher\":{\"@id\":\"https:\\\/\\\/beneggiassociati.com\\\/en\\\/#organization\"},\"image\":{\"@id\":\"https:\\\/\\\/beneggiassociati.com\\\/en\\\/bonus-bebe-ultima-chiamata-per-il-2019\\\/#primaryimage\"},\"thumbnailUrl\":\"https:\\\/\\\/beneggiassociati.com\\\/wp-content\\\/uploads\\\/2025\\\/07\\\/single-post-beneggi.jpg\",\"articleSection\":[\"ARCHIVIO\"],\"inLanguage\":\"en-US\"},{\"@type\":\"WebPage\",\"@id\":\"https:\\\/\\\/beneggiassociati.com\\\/en\\\/bonus-bebe-ultima-chiamata-per-il-2019\\\/\",\"url\":\"https:\\\/\\\/beneggiassociati.com\\\/en\\\/bonus-bebe-ultima-chiamata-per-il-2019\\\/\",\"name\":\"Bonus beb\u00e8, ultima chiamata per il 2019 - Beneggi &amp; Associati\",\"isPartOf\":{\"@id\":\"https:\\\/\\\/beneggiassociati.com\\\/en\\\/#website\"},\"primaryImageOfPage\":{\"@id\":\"https:\\\/\\\/beneggiassociati.com\\\/en\\\/bonus-bebe-ultima-chiamata-per-il-2019\\\/#primaryimage\"},\"image\":{\"@id\":\"https:\\\/\\\/beneggiassociati.com\\\/en\\\/bonus-bebe-ultima-chiamata-per-il-2019\\\/#primaryimage\"},\"thumbnailUrl\":\"https:\\\/\\\/beneggiassociati.com\\\/wp-content\\\/uploads\\\/2025\\\/07\\\/single-post-beneggi.jpg\",\"datePublished\":\"2019-11-23T20:53:00+00:00\",\"description\":\"Occorre presentare una dichiarazione sostitutiva unica (Dsu) e ottenere un Isee entro il 31 dicembre se non si vogliono perdere le mensilit\u00e0 del bonus\",\"breadcrumb\":{\"@id\":\"https:\\\/\\\/beneggiassociati.com\\\/en\\\/bonus-bebe-ultima-chiamata-per-il-2019\\\/#breadcrumb\"},\"inLanguage\":\"en-US\",\"potentialAction\":[{\"@type\":\"ReadAction\",\"target\":[\"https:\\\/\\\/beneggiassociati.com\\\/en\\\/bonus-bebe-ultima-chiamata-per-il-2019\\\/\"]}]},{\"@type\":\"ImageObject\",\"inLanguage\":\"en-US\",\"@id\":\"https:\\\/\\\/beneggiassociati.com\\\/en\\\/bonus-bebe-ultima-chiamata-per-il-2019\\\/#primaryimage\",\"url\":\"https:\\\/\\\/beneggiassociati.com\\\/wp-content\\\/uploads\\\/2025\\\/07\\\/single-post-beneggi.jpg\",\"contentUrl\":\"https:\\\/\\\/beneggiassociati.com\\\/wp-content\\\/uploads\\\/2025\\\/07\\\/single-post-beneggi.jpg\",\"width\":1280,\"height\":823},{\"@type\":\"BreadcrumbList\",\"@id\":\"https:\\\/\\\/beneggiassociati.com\\\/en\\\/bonus-bebe-ultima-chiamata-per-il-2019\\\/#breadcrumb\",\"itemListElement\":[{\"@type\":\"ListItem\",\"position\":1,\"name\":\"Home\",\"item\":\"https:\\\/\\\/beneggiassociati.com\\\/en\\\/?page_id=24163\"},{\"@type\":\"ListItem\",\"position\":2,\"name\":\"Bonus beb\u00e8, ultima chiamata per il 2019\"}]},{\"@type\":\"WebSite\",\"@id\":\"https:\\\/\\\/beneggiassociati.com\\\/en\\\/#website\",\"url\":\"https:\\\/\\\/beneggiassociati.com\\\/en\\\/\",\"name\":\"Beneggi e associati\",\"description\":\"\",\"publisher\":{\"@id\":\"https:\\\/\\\/beneggiassociati.com\\\/en\\\/#organization\"},\"potentialAction\":[{\"@type\":\"SearchAction\",\"target\":{\"@type\":\"EntryPoint\",\"urlTemplate\":\"https:\\\/\\\/beneggiassociati.com\\\/en\\\/?s={search_term_string}\"},\"query-input\":{\"@type\":\"PropertyValueSpecification\",\"valueRequired\":true,\"valueName\":\"search_term_string\"}}],\"inLanguage\":\"en-US\"},{\"@type\":\"Organization\",\"@id\":\"https:\\\/\\\/beneggiassociati.com\\\/en\\\/#organization\",\"name\":\"Beneggi e associati\",\"url\":\"https:\\\/\\\/beneggiassociati.com\\\/en\\\/\",\"logo\":{\"@type\":\"ImageObject\",\"inLanguage\":\"en-US\",\"@id\":\"https:\\\/\\\/beneggiassociati.com\\\/en\\\/#\\\/schema\\\/logo\\\/image\\\/\",\"url\":\"https:\\\/\\\/beneggiassociati.com\\\/wp-content\\\/uploads\\\/2025\\\/07\\\/beneggi-logo.png\",\"contentUrl\":\"https:\\\/\\\/beneggiassociati.com\\\/wp-content\\\/uploads\\\/2025\\\/07\\\/beneggi-logo.png\",\"width\":141,\"height\":87,\"caption\":\"Beneggi e associati\"},\"image\":{\"@id\":\"https:\\\/\\\/beneggiassociati.com\\\/en\\\/#\\\/schema\\\/logo\\\/image\\\/\"}},{\"@type\":\"Person\",\"@id\":\"https:\\\/\\\/beneggiassociati.com\\\/en\\\/#\\\/schema\\\/person\\\/828daacfa37b359e89e981f920072004\",\"name\":\"Tiziano Beneggi\",\"url\":\"https:\\\/\\\/beneggiassociati.com\\\/en\\\/author\\\/tizianobeneggiassociati-com\\\/\"}]}<\/script>\n<!-- \/ Yoast SEO plugin. -->","yoast_head_json":{"title":"Bonus beb\u00e8, ultima chiamata per il 2019 - Beneggi &amp; Associati","description":"Occorre presentare una dichiarazione sostitutiva unica (Dsu) e ottenere un Isee entro il 31 dicembre se non si vogliono perdere le mensilit\u00e0 del bonus","robots":{"index":"index","follow":"follow","max-snippet":"max-snippet:-1","max-image-preview":"max-image-preview:large","max-video-preview":"max-video-preview:-1"},"canonical":"https:\/\/beneggiassociati.com\/en\/bonus-bebe-ultima-chiamata-per-il-2019\/","og_locale":"en_US","og_type":"article","og_title":"Bonus beb\u00e8, ultima chiamata per il 2019 - Beneggi &amp; Associati","og_description":"Occorre presentare una dichiarazione sostitutiva unica (Dsu) e ottenere un Isee entro il 31 dicembre se non si vogliono perdere le mensilit\u00e0 del bonus","og_url":"https:\/\/beneggiassociati.com\/en\/bonus-bebe-ultima-chiamata-per-il-2019\/","og_site_name":"Beneggi &amp; Associati","article_published_time":"2019-11-23T20:53:00+00:00","og_image":[{"width":1280,"height":823,"url":"https:\/\/beneggiassociati.com\/wp-content\/uploads\/2025\/07\/single-post-beneggi.jpg","type":"image\/jpeg"}],"author":"Tiziano Beneggi","twitter_card":"summary_large_image","twitter_misc":{"Written by":"Tiziano Beneggi","Est. reading time":"1 minute"},"schema":{"@context":"https:\/\/schema.org","@graph":[{"@type":"Article","@id":"https:\/\/beneggiassociati.com\/en\/bonus-bebe-ultima-chiamata-per-il-2019\/#article","isPartOf":{"@id":"https:\/\/beneggiassociati.com\/en\/bonus-bebe-ultima-chiamata-per-il-2019\/"},"author":{"name":"Tiziano Beneggi","@id":"https:\/\/beneggiassociati.com\/en\/#\/schema\/person\/828daacfa37b359e89e981f920072004"},"headline":"Bonus beb\u00e8, ultima chiamata per il 2019","datePublished":"2019-11-23T20:53:00+00:00","mainEntityOfPage":{"@id":"https:\/\/beneggiassociati.com\/en\/bonus-bebe-ultima-chiamata-per-il-2019\/"},"wordCount":267,"commentCount":0,"publisher":{"@id":"https:\/\/beneggiassociati.com\/en\/#organization"},"image":{"@id":"https:\/\/beneggiassociati.com\/en\/bonus-bebe-ultima-chiamata-per-il-2019\/#primaryimage"},"thumbnailUrl":"https:\/\/beneggiassociati.com\/wp-content\/uploads\/2025\/07\/single-post-beneggi.jpg","articleSection":["ARCHIVIO"],"inLanguage":"en-US"},{"@type":"WebPage","@id":"https:\/\/beneggiassociati.com\/en\/bonus-bebe-ultima-chiamata-per-il-2019\/","url":"https:\/\/beneggiassociati.com\/en\/bonus-bebe-ultima-chiamata-per-il-2019\/","name":"Bonus beb\u00e8, ultima chiamata per il 2019 - Beneggi &amp; Associati","isPartOf":{"@id":"https:\/\/beneggiassociati.com\/en\/#website"},"primaryImageOfPage":{"@id":"https:\/\/beneggiassociati.com\/en\/bonus-bebe-ultima-chiamata-per-il-2019\/#primaryimage"},"image":{"@id":"https:\/\/beneggiassociati.com\/en\/bonus-bebe-ultima-chiamata-per-il-2019\/#primaryimage"},"thumbnailUrl":"https:\/\/beneggiassociati.com\/wp-content\/uploads\/2025\/07\/single-post-beneggi.jpg","datePublished":"2019-11-23T20:53:00+00:00","description":"Occorre presentare una dichiarazione sostitutiva unica (Dsu) e ottenere un Isee entro il 31 dicembre se non si vogliono perdere le mensilit\u00e0 del bonus","breadcrumb":{"@id":"https:\/\/beneggiassociati.com\/en\/bonus-bebe-ultima-chiamata-per-il-2019\/#breadcrumb"},"inLanguage":"en-US","potentialAction":[{"@type":"ReadAction","target":["https:\/\/beneggiassociati.com\/en\/bonus-bebe-ultima-chiamata-per-il-2019\/"]}]},{"@type":"ImageObject","inLanguage":"en-US","@id":"https:\/\/beneggiassociati.com\/en\/bonus-bebe-ultima-chiamata-per-il-2019\/#primaryimage","url":"https:\/\/beneggiassociati.com\/wp-content\/uploads\/2025\/07\/single-post-beneggi.jpg","contentUrl":"https:\/\/beneggiassociati.com\/wp-content\/uploads\/2025\/07\/single-post-beneggi.jpg","width":1280,"height":823},{"@type":"BreadcrumbList","@id":"https:\/\/beneggiassociati.com\/en\/bonus-bebe-ultima-chiamata-per-il-2019\/#breadcrumb","itemListElement":[{"@type":"ListItem","position":1,"name":"Home","item":"https:\/\/beneggiassociati.com\/en\/?page_id=24163"},{"@type":"ListItem","position":2,"name":"Bonus beb\u00e8, ultima chiamata per il 2019"}]},{"@type":"WebSite","@id":"https:\/\/beneggiassociati.com\/en\/#website","url":"https:\/\/beneggiassociati.com\/en\/","name":"Beneggi e associati","description":"","publisher":{"@id":"https:\/\/beneggiassociati.com\/en\/#organization"},"potentialAction":[{"@type":"SearchAction","target":{"@type":"EntryPoint","urlTemplate":"https:\/\/beneggiassociati.com\/en\/?s={search_term_string}"},"query-input":{"@type":"PropertyValueSpecification","valueRequired":true,"valueName":"search_term_string"}}],"inLanguage":"en-US"},{"@type":"Organization","@id":"https:\/\/beneggiassociati.com\/en\/#organization","name":"Beneggi e associati","url":"https:\/\/beneggiassociati.com\/en\/","logo":{"@type":"ImageObject","inLanguage":"en-US","@id":"https:\/\/beneggiassociati.com\/en\/#\/schema\/logo\/image\/","url":"https:\/\/beneggiassociati.com\/wp-content\/uploads\/2025\/07\/beneggi-logo.png","contentUrl":"https:\/\/beneggiassociati.com\/wp-content\/uploads\/2025\/07\/beneggi-logo.png","width":141,"height":87,"caption":"Beneggi e associati"},"image":{"@id":"https:\/\/beneggiassociati.com\/en\/#\/schema\/logo\/image\/"}},{"@type":"Person","@id":"https:\/\/beneggiassociati.com\/en\/#\/schema\/person\/828daacfa37b359e89e981f920072004","name":"Tiziano Beneggi","url":"https:\/\/beneggiassociati.com\/en\/author\/tizianobeneggiassociati-com\/"}]}},"_links":{"self":[{"href":"https:\/\/beneggiassociati.com\/en\/wp-json\/wp\/v2\/posts\/16839","targetHints":{"allow":["GET"]}}],"collection":[{"href":"https:\/\/beneggiassociati.com\/en\/wp-json\/wp\/v2\/posts"}],"about":[{"href":"https:\/\/beneggiassociati.com\/en\/wp-json\/wp\/v2\/types\/post"}],"author":[{"embeddable":true,"href":"https:\/\/beneggiassociati.com\/en\/wp-json\/wp\/v2\/users\/4"}],"replies":[{"embeddable":true,"href":"https:\/\/beneggiassociati.com\/en\/wp-json\/wp\/v2\/comments?post=16839"}],"version-history":[{"count":0,"href":"https:\/\/beneggiassociati.com\/en\/wp-json\/wp\/v2\/posts\/16839\/revisions"}],"wp:featuredmedia":[{"embeddable":true,"href":"https:\/\/beneggiassociati.com\/en\/wp-json\/wp\/v2\/media\/409"}],"wp:attachment":[{"href":"https:\/\/beneggiassociati.com\/en\/wp-json\/wp\/v2\/media?parent=16839"}],"wp:term":[{"taxonomy":"category","embeddable":true,"href":"https:\/\/beneggiassociati.com\/en\/wp-json\/wp\/v2\/categories?post=16839"},{"taxonomy":"post_tag","embeddable":true,"href":"https:\/\/beneggiassociati.com\/en\/wp-json\/wp\/v2\/tags?post=16839"}],"curies":[{"name":"wp","href":"https:\/\/api.w.org\/{rel}","templated":true}]}}