{"id":16841,"date":"2019-11-23T22:01:00","date_gmt":"2019-11-23T21:01:00","guid":{"rendered":"https:\/\/dev.beneggiassociati.com\/2019\/11\/23\/edilizia-riduzione-contributiva-per-lanno-2019\/"},"modified":"2019-11-23T22:01:00","modified_gmt":"2019-11-23T21:01:00","slug":"edilizia-riduzione-contributiva-per-lanno-2019","status":"publish","type":"post","link":"https:\/\/beneggiassociati.com\/en\/edilizia-riduzione-contributiva-per-lanno-2019\/","title":{"rendered":"Edilizia, riduzione contributiva per l&#039;anno 2019"},"content":{"rendered":"\n<p>A ridosso della fine dell&#8217;anno, il Ministero del lavoro rende fruibile la&nbsp;riduzione contributiva&nbsp;dell&#8217;11,50% destinata alle imprese operanti nell&#8217;edilizia&nbsp;anche per il&nbsp;2019<\/p>\n\n\n<p>Il Ministero del lavoro, di concerto con il MEF, sblocca lo sconto edili, confermando la misura nella percentuale del 11,50%. Il beneficio, si rammenta, consiste in una riduzione sui contributi dovuti per le assicurazioni sociali diverse da quella pensionistica e si applica ai soli operai occupati per 40 settimanali. Non spetta, quindi, per i lavoratori a tempo parziale. Considerato che l\u2019anno interessato dalla disposizione \u00e8 il&nbsp;2019, l\u2019agevolazione esplica effetti sui periodi di paga da gennaio a dicembre&nbsp;2019.<\/p>\n\n\n<p>Hanno diritto all\u2019agevolazione i datori di lavoro classificati nel&nbsp;settore&nbsp;industria (codificati ai fini INPS con CSC da 11301 a 11305 e nel&nbsp;settore&nbsp;artigianato con CSC da 41301 a 41305, nonch\u00e9 caratterizzati dai codici Ateco 2007 da 412000 a 439909). Restano escluse tutte le attivit\u00e0 che non costituiscono in senso stretto attivit\u00e0 edili; pertanto sono escluse dalla&nbsp;riduzione contributiva&nbsp;le opere di installazione di impianti elettrici, idraulici ed altri lavori simili (codici Ateco 2007 da 432101 a 432909 e CSC 11306, 11307, 11308, 41306, 41307, 41308, sempre accompagnati dai codici di autorizzazione INPS 3N e 3P).<\/p>\n\n\n<p>L\u2019accesso al beneficio \u00e8 subordinato alla presenza dei seguenti requisiti aziendali:<\/p>\n\n\n<ul class=\"wp-block-list\"><li>il possesso dei requisiti di regolarit\u00e0 contributiva attestata tramite il DURC;<\/li><li>rispetto degli accordi e contratti collettivi nazionali nonch\u00e9 quelli regionali, territoriali o aziendali, laddove sottoscritti, stipulati dalle organizzazioni sindacali dei datori di lavoro e dei lavoratori comparativamente pi\u00f9 rappresentative sul piano nazionale;<\/li><li>rispetto dei minimali di retribuzione imponibile ai fini previdenziali;<\/li><li>assenza di condanne passate in giudicato per la violazione in materia di sicurezza e salute nei luoghi di lavoro nel quinquennio antecedente alla data di applicazione dell\u2019agevolazione.<\/li><\/ul>\n\n\n<p><a href=\"mailto:info@beneggiassociati.com\" target=\"_blank\" rel=\"noreferrer noopener\"><br \/>Sei interessato all\u2019articolo? Scrivici e verrai contattato da un nostro Consultant<\/a><\/p>\n\n\n<p><a href=\"https:\/\/beneggiassociati.com\/\" target=\"_blank\" rel=\"noreferrer noopener\">@ Beneggi e Associati | Commercialisti al servizio delle imprese | Meda | Milano<\/a><br \/><\/p>\n","protected":false},"excerpt":{"rendered":"<p>A ridosso della fine dell&#8217;anno, il Ministero del lavoro rende fruibile la&nbsp;riduzione contributiva&nbsp;dell&#8217;11,50% destinata alle imprese operanti nell&#8217;edilizia&nbsp;anche per il&nbsp;2019 Il Ministero del lavoro, di concerto con il MEF, sblocca lo sconto edili, confermando la misura nella percentuale del 11,50%. Il beneficio, si rammenta, consiste in una riduzione sui contributi dovuti per le assicurazioni sociali [&hellip;]<\/p>\n","protected":false},"author":4,"featured_media":409,"comment_status":"open","ping_status":"open","sticky":false,"template":"","format":"standard","meta":{"_acf_changed":false,"content-type":"","footnotes":""},"categories":[16],"tags":[],"class_list":["post-16841","post","type-post","status-publish","format-standard","has-post-thumbnail","hentry","category-archivio"],"acf":[],"yoast_head":"<!-- This site is optimized with the Yoast SEO plugin v27.4 - https:\/\/yoast.com\/product\/yoast-seo-wordpress\/ -->\n<title>Edilizia, riduzione contributiva per l&#039;anno 2019 - Beneggi &amp; Associati<\/title>\n<meta name=\"description\" content=\"A ridosso della fine dell&#039;anno, il Ministero del lavoro rende fruibile la&nbsp;riduzione contributiva&nbsp;dell&#039;11,50% destinata alle imprese operanti\" \/>\n<meta name=\"robots\" content=\"index, follow, max-snippet:-1, max-image-preview:large, max-video-preview:-1\" \/>\n<link rel=\"canonical\" href=\"https:\/\/beneggiassociati.com\/en\/edilizia-riduzione-contributiva-per-lanno-2019\/\" \/>\n<meta property=\"og:locale\" content=\"en_US\" \/>\n<meta property=\"og:type\" content=\"article\" \/>\n<meta property=\"og:title\" content=\"Edilizia, riduzione contributiva per l&#039;anno 2019 - Beneggi &amp; Associati\" \/>\n<meta property=\"og:description\" content=\"A ridosso della fine dell&#039;anno, il Ministero del lavoro rende fruibile la&nbsp;riduzione contributiva&nbsp;dell&#039;11,50% destinata alle imprese operanti\" \/>\n<meta property=\"og:url\" content=\"https:\/\/beneggiassociati.com\/en\/edilizia-riduzione-contributiva-per-lanno-2019\/\" \/>\n<meta property=\"og:site_name\" content=\"Beneggi &amp; Associati\" \/>\n<meta property=\"article:published_time\" content=\"2019-11-23T21:01:00+00:00\" \/>\n<meta property=\"og:image\" content=\"https:\/\/beneggiassociati.com\/wp-content\/uploads\/2025\/07\/single-post-beneggi.jpg\" \/>\n\t<meta property=\"og:image:width\" content=\"1280\" \/>\n\t<meta property=\"og:image:height\" content=\"823\" \/>\n\t<meta property=\"og:image:type\" content=\"image\/jpeg\" \/>\n<meta name=\"author\" content=\"Tiziano Beneggi\" \/>\n<meta name=\"twitter:card\" content=\"summary_large_image\" \/>\n<meta name=\"twitter:label1\" content=\"Written by\" \/>\n\t<meta name=\"twitter:data1\" content=\"Tiziano Beneggi\" \/>\n\t<meta name=\"twitter:label2\" content=\"Est. reading time\" \/>\n\t<meta name=\"twitter:data2\" content=\"2 minutes\" \/>\n<script type=\"application\/ld+json\" class=\"yoast-schema-graph\">{\"@context\":\"https:\\\/\\\/schema.org\",\"@graph\":[{\"@type\":\"Article\",\"@id\":\"https:\\\/\\\/beneggiassociati.com\\\/en\\\/edilizia-riduzione-contributiva-per-lanno-2019\\\/#article\",\"isPartOf\":{\"@id\":\"https:\\\/\\\/beneggiassociati.com\\\/en\\\/edilizia-riduzione-contributiva-per-lanno-2019\\\/\"},\"author\":{\"name\":\"Tiziano Beneggi\",\"@id\":\"https:\\\/\\\/beneggiassociati.com\\\/en\\\/#\\\/schema\\\/person\\\/828daacfa37b359e89e981f920072004\"},\"headline\":\"Edilizia, riduzione contributiva per l&#039;anno 2019\",\"datePublished\":\"2019-11-23T21:01:00+00:00\",\"mainEntityOfPage\":{\"@id\":\"https:\\\/\\\/beneggiassociati.com\\\/en\\\/edilizia-riduzione-contributiva-per-lanno-2019\\\/\"},\"wordCount\":314,\"commentCount\":0,\"publisher\":{\"@id\":\"https:\\\/\\\/beneggiassociati.com\\\/en\\\/#organization\"},\"image\":{\"@id\":\"https:\\\/\\\/beneggiassociati.com\\\/en\\\/edilizia-riduzione-contributiva-per-lanno-2019\\\/#primaryimage\"},\"thumbnailUrl\":\"https:\\\/\\\/beneggiassociati.com\\\/wp-content\\\/uploads\\\/2025\\\/07\\\/single-post-beneggi.jpg\",\"articleSection\":[\"ARCHIVIO\"],\"inLanguage\":\"en-US\"},{\"@type\":\"WebPage\",\"@id\":\"https:\\\/\\\/beneggiassociati.com\\\/en\\\/edilizia-riduzione-contributiva-per-lanno-2019\\\/\",\"url\":\"https:\\\/\\\/beneggiassociati.com\\\/en\\\/edilizia-riduzione-contributiva-per-lanno-2019\\\/\",\"name\":\"Edilizia, riduzione contributiva per l&#039;anno 2019 - Beneggi &amp; Associati\",\"isPartOf\":{\"@id\":\"https:\\\/\\\/beneggiassociati.com\\\/en\\\/#website\"},\"primaryImageOfPage\":{\"@id\":\"https:\\\/\\\/beneggiassociati.com\\\/en\\\/edilizia-riduzione-contributiva-per-lanno-2019\\\/#primaryimage\"},\"image\":{\"@id\":\"https:\\\/\\\/beneggiassociati.com\\\/en\\\/edilizia-riduzione-contributiva-per-lanno-2019\\\/#primaryimage\"},\"thumbnailUrl\":\"https:\\\/\\\/beneggiassociati.com\\\/wp-content\\\/uploads\\\/2025\\\/07\\\/single-post-beneggi.jpg\",\"datePublished\":\"2019-11-23T21:01:00+00:00\",\"description\":\"A ridosso della fine dell'anno, il Ministero del lavoro rende fruibile la&nbsp;riduzione contributiva&nbsp;dell'11,50% destinata alle imprese operanti\",\"breadcrumb\":{\"@id\":\"https:\\\/\\\/beneggiassociati.com\\\/en\\\/edilizia-riduzione-contributiva-per-lanno-2019\\\/#breadcrumb\"},\"inLanguage\":\"en-US\",\"potentialAction\":[{\"@type\":\"ReadAction\",\"target\":[\"https:\\\/\\\/beneggiassociati.com\\\/en\\\/edilizia-riduzione-contributiva-per-lanno-2019\\\/\"]}]},{\"@type\":\"ImageObject\",\"inLanguage\":\"en-US\",\"@id\":\"https:\\\/\\\/beneggiassociati.com\\\/en\\\/edilizia-riduzione-contributiva-per-lanno-2019\\\/#primaryimage\",\"url\":\"https:\\\/\\\/beneggiassociati.com\\\/wp-content\\\/uploads\\\/2025\\\/07\\\/single-post-beneggi.jpg\",\"contentUrl\":\"https:\\\/\\\/beneggiassociati.com\\\/wp-content\\\/uploads\\\/2025\\\/07\\\/single-post-beneggi.jpg\",\"width\":1280,\"height\":823},{\"@type\":\"BreadcrumbList\",\"@id\":\"https:\\\/\\\/beneggiassociati.com\\\/en\\\/edilizia-riduzione-contributiva-per-lanno-2019\\\/#breadcrumb\",\"itemListElement\":[{\"@type\":\"ListItem\",\"position\":1,\"name\":\"Home\",\"item\":\"https:\\\/\\\/beneggiassociati.com\\\/en\\\/?page_id=24163\"},{\"@type\":\"ListItem\",\"position\":2,\"name\":\"Edilizia, riduzione contributiva per l&#039;anno 2019\"}]},{\"@type\":\"WebSite\",\"@id\":\"https:\\\/\\\/beneggiassociati.com\\\/en\\\/#website\",\"url\":\"https:\\\/\\\/beneggiassociati.com\\\/en\\\/\",\"name\":\"Beneggi e associati\",\"description\":\"\",\"publisher\":{\"@id\":\"https:\\\/\\\/beneggiassociati.com\\\/en\\\/#organization\"},\"potentialAction\":[{\"@type\":\"SearchAction\",\"target\":{\"@type\":\"EntryPoint\",\"urlTemplate\":\"https:\\\/\\\/beneggiassociati.com\\\/en\\\/?s={search_term_string}\"},\"query-input\":{\"@type\":\"PropertyValueSpecification\",\"valueRequired\":true,\"valueName\":\"search_term_string\"}}],\"inLanguage\":\"en-US\"},{\"@type\":\"Organization\",\"@id\":\"https:\\\/\\\/beneggiassociati.com\\\/en\\\/#organization\",\"name\":\"Beneggi e associati\",\"url\":\"https:\\\/\\\/beneggiassociati.com\\\/en\\\/\",\"logo\":{\"@type\":\"ImageObject\",\"inLanguage\":\"en-US\",\"@id\":\"https:\\\/\\\/beneggiassociati.com\\\/en\\\/#\\\/schema\\\/logo\\\/image\\\/\",\"url\":\"https:\\\/\\\/beneggiassociati.com\\\/wp-content\\\/uploads\\\/2025\\\/07\\\/beneggi-logo.png\",\"contentUrl\":\"https:\\\/\\\/beneggiassociati.com\\\/wp-content\\\/uploads\\\/2025\\\/07\\\/beneggi-logo.png\",\"width\":141,\"height\":87,\"caption\":\"Beneggi e associati\"},\"image\":{\"@id\":\"https:\\\/\\\/beneggiassociati.com\\\/en\\\/#\\\/schema\\\/logo\\\/image\\\/\"}},{\"@type\":\"Person\",\"@id\":\"https:\\\/\\\/beneggiassociati.com\\\/en\\\/#\\\/schema\\\/person\\\/828daacfa37b359e89e981f920072004\",\"name\":\"Tiziano Beneggi\",\"url\":\"https:\\\/\\\/beneggiassociati.com\\\/en\\\/author\\\/tizianobeneggiassociati-com\\\/\"}]}<\/script>\n<!-- \/ Yoast SEO plugin. -->","yoast_head_json":{"title":"Edilizia, riduzione contributiva per l&#039;anno 2019 - Beneggi &amp; Associati","description":"A ridosso della fine dell'anno, il Ministero del lavoro rende fruibile la&nbsp;riduzione contributiva&nbsp;dell'11,50% destinata alle imprese operanti","robots":{"index":"index","follow":"follow","max-snippet":"max-snippet:-1","max-image-preview":"max-image-preview:large","max-video-preview":"max-video-preview:-1"},"canonical":"https:\/\/beneggiassociati.com\/en\/edilizia-riduzione-contributiva-per-lanno-2019\/","og_locale":"en_US","og_type":"article","og_title":"Edilizia, riduzione contributiva per l&#039;anno 2019 - Beneggi &amp; Associati","og_description":"A ridosso della fine dell'anno, il Ministero del lavoro rende fruibile la&nbsp;riduzione contributiva&nbsp;dell'11,50% destinata alle imprese operanti","og_url":"https:\/\/beneggiassociati.com\/en\/edilizia-riduzione-contributiva-per-lanno-2019\/","og_site_name":"Beneggi &amp; Associati","article_published_time":"2019-11-23T21:01:00+00:00","og_image":[{"width":1280,"height":823,"url":"https:\/\/beneggiassociati.com\/wp-content\/uploads\/2025\/07\/single-post-beneggi.jpg","type":"image\/jpeg"}],"author":"Tiziano Beneggi","twitter_card":"summary_large_image","twitter_misc":{"Written by":"Tiziano Beneggi","Est. reading time":"2 minutes"},"schema":{"@context":"https:\/\/schema.org","@graph":[{"@type":"Article","@id":"https:\/\/beneggiassociati.com\/en\/edilizia-riduzione-contributiva-per-lanno-2019\/#article","isPartOf":{"@id":"https:\/\/beneggiassociati.com\/en\/edilizia-riduzione-contributiva-per-lanno-2019\/"},"author":{"name":"Tiziano Beneggi","@id":"https:\/\/beneggiassociati.com\/en\/#\/schema\/person\/828daacfa37b359e89e981f920072004"},"headline":"Edilizia, riduzione contributiva per l&#039;anno 2019","datePublished":"2019-11-23T21:01:00+00:00","mainEntityOfPage":{"@id":"https:\/\/beneggiassociati.com\/en\/edilizia-riduzione-contributiva-per-lanno-2019\/"},"wordCount":314,"commentCount":0,"publisher":{"@id":"https:\/\/beneggiassociati.com\/en\/#organization"},"image":{"@id":"https:\/\/beneggiassociati.com\/en\/edilizia-riduzione-contributiva-per-lanno-2019\/#primaryimage"},"thumbnailUrl":"https:\/\/beneggiassociati.com\/wp-content\/uploads\/2025\/07\/single-post-beneggi.jpg","articleSection":["ARCHIVIO"],"inLanguage":"en-US"},{"@type":"WebPage","@id":"https:\/\/beneggiassociati.com\/en\/edilizia-riduzione-contributiva-per-lanno-2019\/","url":"https:\/\/beneggiassociati.com\/en\/edilizia-riduzione-contributiva-per-lanno-2019\/","name":"Edilizia, riduzione contributiva per l&#039;anno 2019 - Beneggi &amp; Associati","isPartOf":{"@id":"https:\/\/beneggiassociati.com\/en\/#website"},"primaryImageOfPage":{"@id":"https:\/\/beneggiassociati.com\/en\/edilizia-riduzione-contributiva-per-lanno-2019\/#primaryimage"},"image":{"@id":"https:\/\/beneggiassociati.com\/en\/edilizia-riduzione-contributiva-per-lanno-2019\/#primaryimage"},"thumbnailUrl":"https:\/\/beneggiassociati.com\/wp-content\/uploads\/2025\/07\/single-post-beneggi.jpg","datePublished":"2019-11-23T21:01:00+00:00","description":"A ridosso della fine dell'anno, il Ministero del lavoro rende fruibile la&nbsp;riduzione contributiva&nbsp;dell'11,50% destinata alle imprese operanti","breadcrumb":{"@id":"https:\/\/beneggiassociati.com\/en\/edilizia-riduzione-contributiva-per-lanno-2019\/#breadcrumb"},"inLanguage":"en-US","potentialAction":[{"@type":"ReadAction","target":["https:\/\/beneggiassociati.com\/en\/edilizia-riduzione-contributiva-per-lanno-2019\/"]}]},{"@type":"ImageObject","inLanguage":"en-US","@id":"https:\/\/beneggiassociati.com\/en\/edilizia-riduzione-contributiva-per-lanno-2019\/#primaryimage","url":"https:\/\/beneggiassociati.com\/wp-content\/uploads\/2025\/07\/single-post-beneggi.jpg","contentUrl":"https:\/\/beneggiassociati.com\/wp-content\/uploads\/2025\/07\/single-post-beneggi.jpg","width":1280,"height":823},{"@type":"BreadcrumbList","@id":"https:\/\/beneggiassociati.com\/en\/edilizia-riduzione-contributiva-per-lanno-2019\/#breadcrumb","itemListElement":[{"@type":"ListItem","position":1,"name":"Home","item":"https:\/\/beneggiassociati.com\/en\/?page_id=24163"},{"@type":"ListItem","position":2,"name":"Edilizia, riduzione contributiva per l&#039;anno 2019"}]},{"@type":"WebSite","@id":"https:\/\/beneggiassociati.com\/en\/#website","url":"https:\/\/beneggiassociati.com\/en\/","name":"Beneggi e associati","description":"","publisher":{"@id":"https:\/\/beneggiassociati.com\/en\/#organization"},"potentialAction":[{"@type":"SearchAction","target":{"@type":"EntryPoint","urlTemplate":"https:\/\/beneggiassociati.com\/en\/?s={search_term_string}"},"query-input":{"@type":"PropertyValueSpecification","valueRequired":true,"valueName":"search_term_string"}}],"inLanguage":"en-US"},{"@type":"Organization","@id":"https:\/\/beneggiassociati.com\/en\/#organization","name":"Beneggi e associati","url":"https:\/\/beneggiassociati.com\/en\/","logo":{"@type":"ImageObject","inLanguage":"en-US","@id":"https:\/\/beneggiassociati.com\/en\/#\/schema\/logo\/image\/","url":"https:\/\/beneggiassociati.com\/wp-content\/uploads\/2025\/07\/beneggi-logo.png","contentUrl":"https:\/\/beneggiassociati.com\/wp-content\/uploads\/2025\/07\/beneggi-logo.png","width":141,"height":87,"caption":"Beneggi e associati"},"image":{"@id":"https:\/\/beneggiassociati.com\/en\/#\/schema\/logo\/image\/"}},{"@type":"Person","@id":"https:\/\/beneggiassociati.com\/en\/#\/schema\/person\/828daacfa37b359e89e981f920072004","name":"Tiziano Beneggi","url":"https:\/\/beneggiassociati.com\/en\/author\/tizianobeneggiassociati-com\/"}]}},"_links":{"self":[{"href":"https:\/\/beneggiassociati.com\/en\/wp-json\/wp\/v2\/posts\/16841","targetHints":{"allow":["GET"]}}],"collection":[{"href":"https:\/\/beneggiassociati.com\/en\/wp-json\/wp\/v2\/posts"}],"about":[{"href":"https:\/\/beneggiassociati.com\/en\/wp-json\/wp\/v2\/types\/post"}],"author":[{"embeddable":true,"href":"https:\/\/beneggiassociati.com\/en\/wp-json\/wp\/v2\/users\/4"}],"replies":[{"embeddable":true,"href":"https:\/\/beneggiassociati.com\/en\/wp-json\/wp\/v2\/comments?post=16841"}],"version-history":[{"count":0,"href":"https:\/\/beneggiassociati.com\/en\/wp-json\/wp\/v2\/posts\/16841\/revisions"}],"wp:featuredmedia":[{"embeddable":true,"href":"https:\/\/beneggiassociati.com\/en\/wp-json\/wp\/v2\/media\/409"}],"wp:attachment":[{"href":"https:\/\/beneggiassociati.com\/en\/wp-json\/wp\/v2\/media?parent=16841"}],"wp:term":[{"taxonomy":"category","embeddable":true,"href":"https:\/\/beneggiassociati.com\/en\/wp-json\/wp\/v2\/categories?post=16841"},{"taxonomy":"post_tag","embeddable":true,"href":"https:\/\/beneggiassociati.com\/en\/wp-json\/wp\/v2\/tags?post=16841"}],"curies":[{"name":"wp","href":"https:\/\/api.w.org\/{rel}","templated":true}]}}