{"id":16844,"date":"2019-11-24T10:30:00","date_gmt":"2019-11-24T09:30:00","guid":{"rendered":"https:\/\/dev.beneggiassociati.com\/2019\/11\/24\/personale-costo-del-lavoro-e-budget-per-il-2020\/"},"modified":"2019-11-24T10:30:00","modified_gmt":"2019-11-24T09:30:00","slug":"personale-costo-del-lavoro-e-budget-per-il-2020","status":"publish","type":"post","link":"https:\/\/beneggiassociati.com\/en\/personale-costo-del-lavoro-e-budget-per-il-2020\/","title":{"rendered":"Personale, costo del lavoro e budget per il 2020"},"content":{"rendered":"\n<p>Le incentivazioni per l&#8217;assunzione di giovani, di titolari di reddito di cittadinanza, l&#8217;ottimizzazione dei costi mediante piani welfare aziendali, la gestione dei ricambi generazionali, lo scadere di una serie di benefici, il disegno di legge di bilancio&nbsp;2020&nbsp;e i riflessi di pregresse norme che continuano ad espletare effetti hanno un&#8217;incidenza importante sulla gestione del&nbsp;personale. In detto scenario, il&nbsp;costo del lavoro&nbsp;deve essere maggiormente monitorato e valutato attentamente. Occorre quindi cogliere tutte le opportunit\u00e0, anche quelle pi\u00f9 piccole, al fine di ottimizzare il costo del&nbsp;personale&nbsp;e predisporre un corretto&nbsp;budget&nbsp;per l&#8217;anno&nbsp;2020<\/p>\n\n\n<p>Il costo del&nbsp;personale&nbsp;rappresenta per le aziende una delle voci di spesa tra le pi\u00f9 importanti e significative (anzi, per alcuni settori legati ai servizi, il&nbsp;costo del lavoro&nbsp;rappresenta la maggior voce di spesa) peraltro presente, nella sua forma fissa, anche quando l\u2019azienda incontra periodi prolungati di difficolt\u00e0 (interna e\/o derivante da eventi esterni). Un\u2019attenta elaborazione del costo del&nbsp;personale&nbsp;risulta estremamente importante, al fine di non dover falsare il risultato aziendale (le variabili da prendere in considerazione, in funzione anche della continua evoluzione normativa, contrattuale e giurisprudenziale, sono sempre pi\u00f9 numerose e complesse nella loro valutazione).&nbsp;<\/p>\n\n\n<p>L\u2019azienda che si accinge a predisporre&nbsp; (recuperando le necessarie informazioni) il&nbsp;budget&nbsp;del&nbsp;personale&nbsp;2020&nbsp;dovr\u00e0 quindi effettuare un\u2019attenta analisi degli elementi, economici e organizzativi\/gestionali (positivi e negativi), che compongono il&nbsp;costo del lavoro&nbsp;in funzione degli obiettivi, delle esigenze, delle strategie aziendali, delle politiche retributive aziendali anche mediante l\u2019utilizzo di piani welfare (flexible benefits alternativi della retribuzione in denaro)&nbsp; e delle emergenze (improvvise e\/o temporanee e\/o prolungate e\/o strutturali) derivanti da eventi esterni all\u2019azienda (situazioni di crisi che ancora, seppur in misura pi\u00f9 attenuata, permangano in alcuni settori e aree produttive).&nbsp;<\/p>\n\n\n<p>Occorre, quindi, preliminarmente, che l\u2019azienda: fissi il corretto organico tenendo conto delle disposizioni che regolano quali tipologie contrattuali (subordinate, anche formative\/parasubordinate\/autonome) possono essere lecitamente utilizzate, anche mediante l\u2019utilizzo del telelavoro e del c.d. lavoro agile, cogliendone, ove presenti, le relative flessibilit\u00e0\/agevolazioni; tenga conto, ove necessario, del possibile utilizzo degli ammortizzatori sociali, cos\u00ec come definiti dalla riforma disposta dal&nbsp;D. Lgs. 148\/2015&nbsp;e successive modificazioni; utilizzi le nuove flessibilit\u00e0 in uscita per i lavoratori prossimi alla pensione (esempio la prevista riapertura dell\u2019opzione donna e dell\u2019APE social, la possibilit\u00e0 di incentivare il pensionamento anticipato con la c.d. quota 100, la possibilit\u00e0 di incentivare il riscatto di periodi scoperti da contributi ovvero di periodi universitari); verifichi le opportunit\u00e0 offerte dalla normativa in materia di sgravi contributivi e di incentivazioni all\u2019occupazione (assunzione di over 50 anni,&nbsp; donne, disabili, assunzioni di soggetti titolari di NASPI, giovani in alternanza scuola lavoro, giovani NEET, bonus giovani under 35, incentivazioni SUD, sgravi su premi di risultato, incentivazioni settoriali, assunzione di titolari di reddito di cittadinanza, assunzione di cassaintegrati titolari di assegno di ricollocazione, ecc.); definisca le politiche retributive interne (particolare riguardo agli accordi di produttivit\u00e0 e alla creazione, anche mediante regolamento, di piani di welfare aziendale)&nbsp; in funzione di quelle regolamentate dalla contrattazione collettiva; programmi la formazione (obbligatoria, facoltativa e funzionale all\u2019adeguamento professionale\/riqualificazione dei propri dipendenti), tenendo conto che pu\u00f2 essere oggetto di finanziamento attraverso i fondi interprofessionali per la formazione (finanziati con la contribuzione dello 0,30% versata all\u2019INPS); esamini tutti gli elementi di costo che possono derivare dall\u2019applicazione della contrattazione collettiva (nazionale, territoriale, aziendale, tenendo conto che ci si pu\u00f2 avvalere delle deroghe fissate dall\u2019art.&nbsp;<a href=\"id:12674327;1\">8 del D.L. 138\/2011<\/a>, contratti di prossimit\u00e0), dalla contrattazione individuale (derivante anche da conciliazioni), dalle disposizioni legislative (gi\u00e0 operative o in fase di concretizzazione come ad esempio la prossima legge di bilancio&nbsp;2020&nbsp;con la quale sono stati annunciati interventi nell\u2019area lavoro); dagli orientamenti giurisprudenziali; dalla gestione dei licenziamenti con particolare attenzione alle regole sulle tutele crescenti tenendo conto delle nuove regole a seguito dell\u2019intervento della Corte Costituzionale 184\/2018 (la cui casistica \u00e8 in aumento, per il fatto che con il&nbsp;2020&nbsp;si entrer\u00e0 nel sesto anno dal varo del jobs-act); quantifichi eventuali costi aggiuntivi derivanti dalla gestione del contenzioso in atto e\/o prevedibile.<\/p>\n\n\n<p>Recuperati gli elementi necessari, si procede ad elaborare i relativi costi.&nbsp;<\/p>\n\n\n<p>Con i predetti dati si provveder\u00e0 quindi ad elaborare in via preventiva, e contemporaneamente, 12 mesi di paghe\/stipendi (comprendendovi anche le mensilit\u00e0 aggiuntive e gratifiche varie).<\/p>\n\n\n<p>L\u2019elaborazione analitica mensile permetter\u00e0 di predisporre un corretto strumento di controllo aziendale (controllo di gestione), in particolare:<\/p>\n\n\n<ul class=\"wp-block-list\"><li>si potr\u00e0 confrontare il&nbsp;budget&nbsp;mensile con il costo effettivo di ogni singolo mese (confronto organico e omogeneo), permettendo cos\u00ec di valutare, con maggior precisione le cause dell\u2019eventuale scostamento (le cause devono essere valutate sia per scostamenti positivi sia per scostamenti negativi). Dati che permetteranno altres\u00ec di decidere se rielaborare o meno un nuovo&nbsp;budget&nbsp;per effetto dell\u2019inserimento di nuovi elementi significativi di programmazione;<\/li><li>si potr\u00e0 confrontare il&nbsp;budget&nbsp;progressivo con il consuntivo progressivo (anche in questo caso il confronto risulter\u00e0 omogeneo);<\/li><li>si potr\u00e0 suddividere il&nbsp;budget&nbsp;(trovando poi analoga suddivisione nel consuntivo) tenendo conto dell\u2019organizzazione aziendale e delle relative esigenze, per: direzione; reparto; ufficio; settore; commessa; centro di costo; prodotto, turno, ecc..<\/li><\/ul>\n\n\n<p>All\u2019interno della predetta suddivisione risulter\u00e0 possibile trattare i costi per: qualifica; livello; ecc.. Si potranno altres\u00ec elaborare dati che permettono di ricavare il costo orario e\/o giornaliero e\/o mensile, in funzione dell\u2019assenteismo aziendale ed essere utilizzati per ricavarne la corretta incidenza sul prodotto o sul servizio oggetto dell\u2019attivit\u00e0 aziendale.<\/p>\n\n\n<p><a href=\"mailto:info@beneggiassociati.com\" target=\"_blank\" rel=\"noreferrer noopener\"><br \/>Sei interessato all\u2019articolo? Scrivici e verrai contattato da un nostro Consultant<\/a><\/p>\n\n\n<p><a href=\"https:\/\/beneggiassociati.com\/\" target=\"_blank\" rel=\"noreferrer noopener\">@ Beneggi e Associati | Commercialisti al servizio delle imprese | Meda | Milano<\/a><br \/><\/p>\n","protected":false},"excerpt":{"rendered":"<p>Le incentivazioni per l&#8217;assunzione di giovani, di titolari di reddito di cittadinanza, l&#8217;ottimizzazione dei costi mediante piani welfare aziendali, la gestione dei ricambi generazionali, lo scadere di una serie di benefici, il disegno di legge di bilancio&nbsp;2020&nbsp;e i riflessi di pregresse norme che continuano ad espletare effetti hanno un&#8217;incidenza importante sulla gestione del&nbsp;personale. In detto [&hellip;]<\/p>\n","protected":false},"author":4,"featured_media":409,"comment_status":"open","ping_status":"open","sticky":false,"template":"","format":"standard","meta":{"_acf_changed":false,"content-type":"","footnotes":""},"categories":[16],"tags":[],"class_list":["post-16844","post","type-post","status-publish","format-standard","has-post-thumbnail","hentry","category-archivio"],"acf":[],"yoast_head":"<!-- This site is optimized with the Yoast SEO plugin v27.4 - https:\/\/yoast.com\/product\/yoast-seo-wordpress\/ -->\n<title>Personale, costo del lavoro e budget per il 2020 - Beneggi &amp; Associati<\/title>\n<meta name=\"description\" content=\"Le incentivazioni per l&#039;assunzione di giovani, di titolari di reddito di cittadinanza, l&#039;ottimizzazione dei costi mediante piani welfare aziendali, la\" \/>\n<meta name=\"robots\" content=\"index, follow, max-snippet:-1, max-image-preview:large, max-video-preview:-1\" \/>\n<link rel=\"canonical\" href=\"https:\/\/beneggiassociati.com\/en\/personale-costo-del-lavoro-e-budget-per-il-2020\/\" \/>\n<meta property=\"og:locale\" content=\"en_US\" \/>\n<meta property=\"og:type\" content=\"article\" \/>\n<meta property=\"og:title\" content=\"Personale, costo del lavoro e budget per il 2020 - Beneggi &amp; Associati\" \/>\n<meta property=\"og:description\" content=\"Le incentivazioni per l&#039;assunzione di giovani, di titolari di reddito di cittadinanza, l&#039;ottimizzazione dei costi mediante piani welfare aziendali, la\" \/>\n<meta property=\"og:url\" content=\"https:\/\/beneggiassociati.com\/en\/personale-costo-del-lavoro-e-budget-per-il-2020\/\" \/>\n<meta property=\"og:site_name\" content=\"Beneggi &amp; Associati\" \/>\n<meta property=\"article:published_time\" content=\"2019-11-24T09:30:00+00:00\" \/>\n<meta property=\"og:image\" content=\"https:\/\/beneggiassociati.com\/wp-content\/uploads\/2025\/07\/single-post-beneggi.jpg\" \/>\n\t<meta property=\"og:image:width\" content=\"1280\" \/>\n\t<meta property=\"og:image:height\" content=\"823\" \/>\n\t<meta property=\"og:image:type\" content=\"image\/jpeg\" \/>\n<meta name=\"author\" content=\"Tiziano Beneggi\" \/>\n<meta name=\"twitter:card\" content=\"summary_large_image\" \/>\n<meta name=\"twitter:label1\" content=\"Written by\" \/>\n\t<meta name=\"twitter:data1\" content=\"Tiziano Beneggi\" \/>\n\t<meta name=\"twitter:label2\" content=\"Est. reading time\" \/>\n\t<meta name=\"twitter:data2\" content=\"5 minutes\" \/>\n<script type=\"application\/ld+json\" class=\"yoast-schema-graph\">{\"@context\":\"https:\\\/\\\/schema.org\",\"@graph\":[{\"@type\":\"Article\",\"@id\":\"https:\\\/\\\/beneggiassociati.com\\\/en\\\/personale-costo-del-lavoro-e-budget-per-il-2020\\\/#article\",\"isPartOf\":{\"@id\":\"https:\\\/\\\/beneggiassociati.com\\\/en\\\/personale-costo-del-lavoro-e-budget-per-il-2020\\\/\"},\"author\":{\"name\":\"Tiziano Beneggi\",\"@id\":\"https:\\\/\\\/beneggiassociati.com\\\/en\\\/#\\\/schema\\\/person\\\/828daacfa37b359e89e981f920072004\"},\"headline\":\"Personale, costo del lavoro e budget per il 2020\",\"datePublished\":\"2019-11-24T09:30:00+00:00\",\"mainEntityOfPage\":{\"@id\":\"https:\\\/\\\/beneggiassociati.com\\\/en\\\/personale-costo-del-lavoro-e-budget-per-il-2020\\\/\"},\"wordCount\":979,\"commentCount\":0,\"publisher\":{\"@id\":\"https:\\\/\\\/beneggiassociati.com\\\/en\\\/#organization\"},\"image\":{\"@id\":\"https:\\\/\\\/beneggiassociati.com\\\/en\\\/personale-costo-del-lavoro-e-budget-per-il-2020\\\/#primaryimage\"},\"thumbnailUrl\":\"https:\\\/\\\/beneggiassociati.com\\\/wp-content\\\/uploads\\\/2025\\\/07\\\/single-post-beneggi.jpg\",\"articleSection\":[\"ARCHIVIO\"],\"inLanguage\":\"en-US\"},{\"@type\":\"WebPage\",\"@id\":\"https:\\\/\\\/beneggiassociati.com\\\/en\\\/personale-costo-del-lavoro-e-budget-per-il-2020\\\/\",\"url\":\"https:\\\/\\\/beneggiassociati.com\\\/en\\\/personale-costo-del-lavoro-e-budget-per-il-2020\\\/\",\"name\":\"Personale, costo del lavoro e budget per il 2020 - Beneggi &amp; Associati\",\"isPartOf\":{\"@id\":\"https:\\\/\\\/beneggiassociati.com\\\/en\\\/#website\"},\"primaryImageOfPage\":{\"@id\":\"https:\\\/\\\/beneggiassociati.com\\\/en\\\/personale-costo-del-lavoro-e-budget-per-il-2020\\\/#primaryimage\"},\"image\":{\"@id\":\"https:\\\/\\\/beneggiassociati.com\\\/en\\\/personale-costo-del-lavoro-e-budget-per-il-2020\\\/#primaryimage\"},\"thumbnailUrl\":\"https:\\\/\\\/beneggiassociati.com\\\/wp-content\\\/uploads\\\/2025\\\/07\\\/single-post-beneggi.jpg\",\"datePublished\":\"2019-11-24T09:30:00+00:00\",\"description\":\"Le incentivazioni per l'assunzione di giovani, di titolari di reddito di cittadinanza, l'ottimizzazione dei costi mediante piani welfare aziendali, la\",\"breadcrumb\":{\"@id\":\"https:\\\/\\\/beneggiassociati.com\\\/en\\\/personale-costo-del-lavoro-e-budget-per-il-2020\\\/#breadcrumb\"},\"inLanguage\":\"en-US\",\"potentialAction\":[{\"@type\":\"ReadAction\",\"target\":[\"https:\\\/\\\/beneggiassociati.com\\\/en\\\/personale-costo-del-lavoro-e-budget-per-il-2020\\\/\"]}]},{\"@type\":\"ImageObject\",\"inLanguage\":\"en-US\",\"@id\":\"https:\\\/\\\/beneggiassociati.com\\\/en\\\/personale-costo-del-lavoro-e-budget-per-il-2020\\\/#primaryimage\",\"url\":\"https:\\\/\\\/beneggiassociati.com\\\/wp-content\\\/uploads\\\/2025\\\/07\\\/single-post-beneggi.jpg\",\"contentUrl\":\"https:\\\/\\\/beneggiassociati.com\\\/wp-content\\\/uploads\\\/2025\\\/07\\\/single-post-beneggi.jpg\",\"width\":1280,\"height\":823},{\"@type\":\"BreadcrumbList\",\"@id\":\"https:\\\/\\\/beneggiassociati.com\\\/en\\\/personale-costo-del-lavoro-e-budget-per-il-2020\\\/#breadcrumb\",\"itemListElement\":[{\"@type\":\"ListItem\",\"position\":1,\"name\":\"Home\",\"item\":\"https:\\\/\\\/beneggiassociati.com\\\/en\\\/?page_id=24163\"},{\"@type\":\"ListItem\",\"position\":2,\"name\":\"Personale, costo del lavoro e budget per il 2020\"}]},{\"@type\":\"WebSite\",\"@id\":\"https:\\\/\\\/beneggiassociati.com\\\/en\\\/#website\",\"url\":\"https:\\\/\\\/beneggiassociati.com\\\/en\\\/\",\"name\":\"Beneggi e associati\",\"description\":\"\",\"publisher\":{\"@id\":\"https:\\\/\\\/beneggiassociati.com\\\/en\\\/#organization\"},\"potentialAction\":[{\"@type\":\"SearchAction\",\"target\":{\"@type\":\"EntryPoint\",\"urlTemplate\":\"https:\\\/\\\/beneggiassociati.com\\\/en\\\/?s={search_term_string}\"},\"query-input\":{\"@type\":\"PropertyValueSpecification\",\"valueRequired\":true,\"valueName\":\"search_term_string\"}}],\"inLanguage\":\"en-US\"},{\"@type\":\"Organization\",\"@id\":\"https:\\\/\\\/beneggiassociati.com\\\/en\\\/#organization\",\"name\":\"Beneggi e associati\",\"url\":\"https:\\\/\\\/beneggiassociati.com\\\/en\\\/\",\"logo\":{\"@type\":\"ImageObject\",\"inLanguage\":\"en-US\",\"@id\":\"https:\\\/\\\/beneggiassociati.com\\\/en\\\/#\\\/schema\\\/logo\\\/image\\\/\",\"url\":\"https:\\\/\\\/beneggiassociati.com\\\/wp-content\\\/uploads\\\/2025\\\/07\\\/beneggi-logo.png\",\"contentUrl\":\"https:\\\/\\\/beneggiassociati.com\\\/wp-content\\\/uploads\\\/2025\\\/07\\\/beneggi-logo.png\",\"width\":141,\"height\":87,\"caption\":\"Beneggi e associati\"},\"image\":{\"@id\":\"https:\\\/\\\/beneggiassociati.com\\\/en\\\/#\\\/schema\\\/logo\\\/image\\\/\"}},{\"@type\":\"Person\",\"@id\":\"https:\\\/\\\/beneggiassociati.com\\\/en\\\/#\\\/schema\\\/person\\\/828daacfa37b359e89e981f920072004\",\"name\":\"Tiziano Beneggi\",\"url\":\"https:\\\/\\\/beneggiassociati.com\\\/en\\\/author\\\/tizianobeneggiassociati-com\\\/\"}]}<\/script>\n<!-- \/ Yoast SEO plugin. -->","yoast_head_json":{"title":"Personale, costo del lavoro e budget per il 2020 - Beneggi &amp; Associati","description":"Le incentivazioni per l'assunzione di giovani, di titolari di reddito di cittadinanza, l'ottimizzazione dei costi mediante piani welfare aziendali, la","robots":{"index":"index","follow":"follow","max-snippet":"max-snippet:-1","max-image-preview":"max-image-preview:large","max-video-preview":"max-video-preview:-1"},"canonical":"https:\/\/beneggiassociati.com\/en\/personale-costo-del-lavoro-e-budget-per-il-2020\/","og_locale":"en_US","og_type":"article","og_title":"Personale, costo del lavoro e budget per il 2020 - Beneggi &amp; Associati","og_description":"Le incentivazioni per l'assunzione di giovani, di titolari di reddito di cittadinanza, l'ottimizzazione dei costi mediante piani welfare aziendali, la","og_url":"https:\/\/beneggiassociati.com\/en\/personale-costo-del-lavoro-e-budget-per-il-2020\/","og_site_name":"Beneggi &amp; Associati","article_published_time":"2019-11-24T09:30:00+00:00","og_image":[{"width":1280,"height":823,"url":"https:\/\/beneggiassociati.com\/wp-content\/uploads\/2025\/07\/single-post-beneggi.jpg","type":"image\/jpeg"}],"author":"Tiziano Beneggi","twitter_card":"summary_large_image","twitter_misc":{"Written by":"Tiziano Beneggi","Est. reading time":"5 minutes"},"schema":{"@context":"https:\/\/schema.org","@graph":[{"@type":"Article","@id":"https:\/\/beneggiassociati.com\/en\/personale-costo-del-lavoro-e-budget-per-il-2020\/#article","isPartOf":{"@id":"https:\/\/beneggiassociati.com\/en\/personale-costo-del-lavoro-e-budget-per-il-2020\/"},"author":{"name":"Tiziano Beneggi","@id":"https:\/\/beneggiassociati.com\/en\/#\/schema\/person\/828daacfa37b359e89e981f920072004"},"headline":"Personale, costo del lavoro e budget per il 2020","datePublished":"2019-11-24T09:30:00+00:00","mainEntityOfPage":{"@id":"https:\/\/beneggiassociati.com\/en\/personale-costo-del-lavoro-e-budget-per-il-2020\/"},"wordCount":979,"commentCount":0,"publisher":{"@id":"https:\/\/beneggiassociati.com\/en\/#organization"},"image":{"@id":"https:\/\/beneggiassociati.com\/en\/personale-costo-del-lavoro-e-budget-per-il-2020\/#primaryimage"},"thumbnailUrl":"https:\/\/beneggiassociati.com\/wp-content\/uploads\/2025\/07\/single-post-beneggi.jpg","articleSection":["ARCHIVIO"],"inLanguage":"en-US"},{"@type":"WebPage","@id":"https:\/\/beneggiassociati.com\/en\/personale-costo-del-lavoro-e-budget-per-il-2020\/","url":"https:\/\/beneggiassociati.com\/en\/personale-costo-del-lavoro-e-budget-per-il-2020\/","name":"Personale, costo del lavoro e budget per il 2020 - Beneggi &amp; Associati","isPartOf":{"@id":"https:\/\/beneggiassociati.com\/en\/#website"},"primaryImageOfPage":{"@id":"https:\/\/beneggiassociati.com\/en\/personale-costo-del-lavoro-e-budget-per-il-2020\/#primaryimage"},"image":{"@id":"https:\/\/beneggiassociati.com\/en\/personale-costo-del-lavoro-e-budget-per-il-2020\/#primaryimage"},"thumbnailUrl":"https:\/\/beneggiassociati.com\/wp-content\/uploads\/2025\/07\/single-post-beneggi.jpg","datePublished":"2019-11-24T09:30:00+00:00","description":"Le incentivazioni per l'assunzione di giovani, di titolari di reddito di cittadinanza, l'ottimizzazione dei costi mediante piani welfare aziendali, la","breadcrumb":{"@id":"https:\/\/beneggiassociati.com\/en\/personale-costo-del-lavoro-e-budget-per-il-2020\/#breadcrumb"},"inLanguage":"en-US","potentialAction":[{"@type":"ReadAction","target":["https:\/\/beneggiassociati.com\/en\/personale-costo-del-lavoro-e-budget-per-il-2020\/"]}]},{"@type":"ImageObject","inLanguage":"en-US","@id":"https:\/\/beneggiassociati.com\/en\/personale-costo-del-lavoro-e-budget-per-il-2020\/#primaryimage","url":"https:\/\/beneggiassociati.com\/wp-content\/uploads\/2025\/07\/single-post-beneggi.jpg","contentUrl":"https:\/\/beneggiassociati.com\/wp-content\/uploads\/2025\/07\/single-post-beneggi.jpg","width":1280,"height":823},{"@type":"BreadcrumbList","@id":"https:\/\/beneggiassociati.com\/en\/personale-costo-del-lavoro-e-budget-per-il-2020\/#breadcrumb","itemListElement":[{"@type":"ListItem","position":1,"name":"Home","item":"https:\/\/beneggiassociati.com\/en\/?page_id=24163"},{"@type":"ListItem","position":2,"name":"Personale, costo del lavoro e budget per il 2020"}]},{"@type":"WebSite","@id":"https:\/\/beneggiassociati.com\/en\/#website","url":"https:\/\/beneggiassociati.com\/en\/","name":"Beneggi e associati","description":"","publisher":{"@id":"https:\/\/beneggiassociati.com\/en\/#organization"},"potentialAction":[{"@type":"SearchAction","target":{"@type":"EntryPoint","urlTemplate":"https:\/\/beneggiassociati.com\/en\/?s={search_term_string}"},"query-input":{"@type":"PropertyValueSpecification","valueRequired":true,"valueName":"search_term_string"}}],"inLanguage":"en-US"},{"@type":"Organization","@id":"https:\/\/beneggiassociati.com\/en\/#organization","name":"Beneggi e associati","url":"https:\/\/beneggiassociati.com\/en\/","logo":{"@type":"ImageObject","inLanguage":"en-US","@id":"https:\/\/beneggiassociati.com\/en\/#\/schema\/logo\/image\/","url":"https:\/\/beneggiassociati.com\/wp-content\/uploads\/2025\/07\/beneggi-logo.png","contentUrl":"https:\/\/beneggiassociati.com\/wp-content\/uploads\/2025\/07\/beneggi-logo.png","width":141,"height":87,"caption":"Beneggi e associati"},"image":{"@id":"https:\/\/beneggiassociati.com\/en\/#\/schema\/logo\/image\/"}},{"@type":"Person","@id":"https:\/\/beneggiassociati.com\/en\/#\/schema\/person\/828daacfa37b359e89e981f920072004","name":"Tiziano Beneggi","url":"https:\/\/beneggiassociati.com\/en\/author\/tizianobeneggiassociati-com\/"}]}},"_links":{"self":[{"href":"https:\/\/beneggiassociati.com\/en\/wp-json\/wp\/v2\/posts\/16844","targetHints":{"allow":["GET"]}}],"collection":[{"href":"https:\/\/beneggiassociati.com\/en\/wp-json\/wp\/v2\/posts"}],"about":[{"href":"https:\/\/beneggiassociati.com\/en\/wp-json\/wp\/v2\/types\/post"}],"author":[{"embeddable":true,"href":"https:\/\/beneggiassociati.com\/en\/wp-json\/wp\/v2\/users\/4"}],"replies":[{"embeddable":true,"href":"https:\/\/beneggiassociati.com\/en\/wp-json\/wp\/v2\/comments?post=16844"}],"version-history":[{"count":0,"href":"https:\/\/beneggiassociati.com\/en\/wp-json\/wp\/v2\/posts\/16844\/revisions"}],"wp:featuredmedia":[{"embeddable":true,"href":"https:\/\/beneggiassociati.com\/en\/wp-json\/wp\/v2\/media\/409"}],"wp:attachment":[{"href":"https:\/\/beneggiassociati.com\/en\/wp-json\/wp\/v2\/media?parent=16844"}],"wp:term":[{"taxonomy":"category","embeddable":true,"href":"https:\/\/beneggiassociati.com\/en\/wp-json\/wp\/v2\/categories?post=16844"},{"taxonomy":"post_tag","embeddable":true,"href":"https:\/\/beneggiassociati.com\/en\/wp-json\/wp\/v2\/tags?post=16844"}],"curies":[{"name":"wp","href":"https:\/\/api.w.org\/{rel}","templated":true}]}}