{"id":16848,"date":"2019-11-24T11:33:00","date_gmt":"2019-11-24T10:33:00","guid":{"rendered":"https:\/\/dev.beneggiassociati.com\/2019\/11\/24\/forfettario-ultime-chance-per-le-nuove-valutazioni\/"},"modified":"2019-11-24T11:33:00","modified_gmt":"2019-11-24T10:33:00","slug":"forfettario-ultime-chance-per-le-nuove-valutazioni","status":"publish","type":"post","link":"https:\/\/beneggiassociati.com\/en\/forfettario-ultime-chance-per-le-nuove-valutazioni\/","title":{"rendered":"Forfettario, ultime chance per le nuove valutazioni"},"content":{"rendered":"\n<p>Le scelte sul regime forfettario per i professionisti non possono attendere l\u2019entrata in vigore della manovra 2020, il primo gennaio.<\/p>\n\n\n<p>Dopo l\u2019introduzione di alcuni limiti all\u2019ingresso e alla permanenza nel regime fiscale agevolato per chi ha compensi fino a 65mila euro (delineato nel disegno di legge di Bilancio), \u00e8 gi\u00e0 ora di pianificare il futuro. Da subito \u00e8 necessario mettere in atto le possibili strategie valutando opportunit\u00e0 e scelte prima del nuovo anno, quando oramai i giochi saranno fatti e la propria situazione fiscale sar\u00e0 oramai definita.&nbsp;<\/p>\n\n\n<p>\u00c8 vero che il nuovo forfettario \u00e8 ancora all\u2019esame del Parlamento e potrebbe quindi subire ulteriori modifiche, ma resta il fatto che se il professionista intende entrare o rimanere in questo regime, deve guardare alla situazione 2019. Questa \u00e8 una significativa novit\u00e0 rispetto allo scorso anno, che \u00e8 stato un anno \u201cdi moratoria\u201d per la partenza rallentata del nuovo meccanismo fiscale. Tanto che le Entrate hanno reso possibile l\u2019applicazione del forfettario anche a chi aveva cause di incompatibilit\u00e0 (ad esempio partecipazioni societarie) da risolvere nel corso del 2019. Stavolta non sar\u00e0 cos\u00ec: a determinare ingresso e permanenza nel regime agevolato della flat tax sar\u00e0 la situazione \u201ccristallizzata\u201d del 2019. Vediamo quindi gli elementi da valutare sin d\u2019ora.&nbsp;<\/p>\n\n\n<p>La prima verifica riguarda l\u2019ammontare dei compensi percepiti nell\u2019anno. L\u2019eventuale superamento del limite di 65mila euro nel 2019 determiner\u00e0 l\u2019uscita dal regime forfettario, o il mancato ingresso per i \u201cprofessionisti ordinari\u201d.<\/p>\n\n\n<p>Deve essere fatta una stima delle possibili entrate fino a fine anno da coloro che presumono di percepire compensi per un importo che potrebbe attestarsi poco sotto o poco sopra i 65mila euro.&nbsp;<\/p>\n\n\n<p>Se si prevede di superare di poco la soglia dei compensi, la scelta da effettuare, ove possibile, sar\u00e0 quella di rinviare, almeno parzialmente, l\u2019incasso di una parte dei compensi. La scelta sar\u00e0 vincente se il superamento del limite sar\u00e0 dovuto ad una prestazione straordinaria. Diversamente il problema si presenter\u00e0 anche l\u2019anno successivo.&nbsp;<\/p>\n\n\n<p>Per verificare il mancato superamento della soglia di 65mila euro, non devono essere presi in considerazione gli incassi costituiti dal ribaltamento dei costi nei confronti di un altro professionista. Capita infatti che due professionisti non associati dividano lo studio. Il primo, intestatario del contratto di locazione e delle utenze, addebita periodicamente una parte del canone ed una parte dei costi relativi al telefono e all\u2019energia elettrica.&nbsp;<\/p>\n\n\n<p>L\u2019agenzia delle Entrate ha precisato come le somme addebitate non abbiano natura di compensi professionali e devono essere considerate in diminuzione diretta dei costi.&nbsp;<\/p>\n\n\n<p>Secondo le circolari 58\/E del 2001 e 38\/E del 2010, il riaddebito non determina l\u2019incasso di un componente positivo di reddito, bens\u00ec una riduzione di costo. Ci\u00f2 in quanto la quota riaddebitata rappresenta un costo non inerente all\u2019attivit\u00e0 del professionista che non deve essere dichiarata a questo titolo.&nbsp;<\/p>\n\n\n<p>Se il soggetto che riaddebita le spese applica il regime forfettario, l\u2019importo incassato dal professionista non incider\u00e0 in diminuzione sui costi in quanto la percentuale di redditivit\u00e0 applicabile sar\u00e0 sempre quella del 78 per cento. L\u2019incasso risulter\u00e0, quindi, completamente neutro anche ai fini della verifica del mancato superamento del limite.&nbsp;<\/p>\n\n\n<p>Se il professionista detiene una quota di partecipazione in una societ\u00e0 di persone, in un\u2019associazione professionale, o in una Srl controllata, dovr\u00e0 cedere la partecipazione entro la fine del 2019. Diversamente uscir\u00e0 dal forfait. Al debutto \u00e8 stato possibile effettuare la cessione delle partecipazioni nell\u2019anno successivo a seguito dell\u2019applicazione dello Statuto del contribuente.<\/p>\n\n\n<p>Inoltre, il Ddl di Bilancio 2020 reintroduce due vecchie cause ostative. Se il contribuente percepisce redditi di lavoro dipendente o da collaborazione (assimilati), di importo superiore a 30mila, dall\u2019anno successivo (ovvero dal 2020) sar\u00e0 fuori dal forfait. Analoghe verifiche dovranno essere svolte a seguito della reintroduzione del limite delle retribuzioni corrisposte a dipendenti e collaboratori che non potranno superare, gi\u00e0 dal 2019, i 20mila euro.<\/p>\n\n\n<p><a href=\"mailto:info@beneggiassociati.com\" target=\"_blank\" rel=\"noreferrer noopener\"><br \/>Sei interessato all\u2019articolo? Scrivici e verrai contattato da un nostro Consultant<\/a><\/p>\n\n\n<p><a href=\"https:\/\/beneggiassociati.com\/\" target=\"_blank\" rel=\"noreferrer noopener\">@ Beneggi e Associati | Commercialisti al servizio delle imprese | Meda | Milano<\/a><br \/><\/p>\n","protected":false},"excerpt":{"rendered":"<p>Le scelte sul regime forfettario per i professionisti non possono attendere l\u2019entrata in vigore della manovra 2020, il primo gennaio. Dopo l\u2019introduzione di alcuni limiti all\u2019ingresso e alla permanenza nel regime fiscale agevolato per chi ha compensi fino a 65mila euro (delineato nel disegno di legge di Bilancio), \u00e8 gi\u00e0 ora di pianificare il futuro. [&hellip;]<\/p>\n","protected":false},"author":4,"featured_media":409,"comment_status":"open","ping_status":"open","sticky":false,"template":"","format":"standard","meta":{"_acf_changed":false,"content-type":"","footnotes":""},"categories":[16],"tags":[],"class_list":["post-16848","post","type-post","status-publish","format-standard","has-post-thumbnail","hentry","category-archivio"],"acf":[],"yoast_head":"<!-- This site is optimized with the Yoast SEO plugin v27.4 - https:\/\/yoast.com\/product\/yoast-seo-wordpress\/ -->\n<title>Forfettario, ultime chance per le nuove valutazioni - Beneggi &amp; Associati<\/title>\n<meta name=\"description\" content=\"Le scelte sul regime forfettario per i professionisti non possono attendere l\u2019entrata in vigore della manovra 2020, il primo gennaio. Dopo l\u2019introduzione\" \/>\n<meta name=\"robots\" content=\"index, follow, max-snippet:-1, max-image-preview:large, max-video-preview:-1\" \/>\n<link rel=\"canonical\" href=\"https:\/\/beneggiassociati.com\/en\/forfettario-ultime-chance-per-le-nuove-valutazioni\/\" \/>\n<meta property=\"og:locale\" content=\"en_US\" \/>\n<meta property=\"og:type\" content=\"article\" \/>\n<meta property=\"og:title\" content=\"Forfettario, ultime chance per le nuove valutazioni - Beneggi &amp; Associati\" \/>\n<meta property=\"og:description\" content=\"Le scelte sul regime forfettario per i professionisti non possono attendere l\u2019entrata in vigore della manovra 2020, il primo gennaio. Dopo l\u2019introduzione\" \/>\n<meta property=\"og:url\" content=\"https:\/\/beneggiassociati.com\/en\/forfettario-ultime-chance-per-le-nuove-valutazioni\/\" \/>\n<meta property=\"og:site_name\" content=\"Beneggi &amp; Associati\" \/>\n<meta property=\"article:published_time\" content=\"2019-11-24T10:33:00+00:00\" \/>\n<meta property=\"og:image\" content=\"https:\/\/beneggiassociati.com\/wp-content\/uploads\/2025\/07\/single-post-beneggi.jpg\" \/>\n\t<meta property=\"og:image:width\" content=\"1280\" \/>\n\t<meta property=\"og:image:height\" content=\"823\" \/>\n\t<meta property=\"og:image:type\" content=\"image\/jpeg\" \/>\n<meta name=\"author\" content=\"Tiziano Beneggi\" \/>\n<meta name=\"twitter:card\" content=\"summary_large_image\" \/>\n<meta name=\"twitter:label1\" content=\"Written by\" \/>\n\t<meta name=\"twitter:data1\" content=\"Tiziano Beneggi\" \/>\n\t<meta name=\"twitter:label2\" content=\"Est. reading time\" \/>\n\t<meta name=\"twitter:data2\" content=\"3 minutes\" \/>\n<script type=\"application\/ld+json\" class=\"yoast-schema-graph\">{\"@context\":\"https:\\\/\\\/schema.org\",\"@graph\":[{\"@type\":\"Article\",\"@id\":\"https:\\\/\\\/beneggiassociati.com\\\/en\\\/forfettario-ultime-chance-per-le-nuove-valutazioni\\\/#article\",\"isPartOf\":{\"@id\":\"https:\\\/\\\/beneggiassociati.com\\\/en\\\/forfettario-ultime-chance-per-le-nuove-valutazioni\\\/\"},\"author\":{\"name\":\"Tiziano Beneggi\",\"@id\":\"https:\\\/\\\/beneggiassociati.com\\\/en\\\/#\\\/schema\\\/person\\\/828daacfa37b359e89e981f920072004\"},\"headline\":\"Forfettario, ultime chance per le nuove valutazioni\",\"datePublished\":\"2019-11-24T10:33:00+00:00\",\"mainEntityOfPage\":{\"@id\":\"https:\\\/\\\/beneggiassociati.com\\\/en\\\/forfettario-ultime-chance-per-le-nuove-valutazioni\\\/\"},\"wordCount\":666,\"commentCount\":0,\"publisher\":{\"@id\":\"https:\\\/\\\/beneggiassociati.com\\\/en\\\/#organization\"},\"image\":{\"@id\":\"https:\\\/\\\/beneggiassociati.com\\\/en\\\/forfettario-ultime-chance-per-le-nuove-valutazioni\\\/#primaryimage\"},\"thumbnailUrl\":\"https:\\\/\\\/beneggiassociati.com\\\/wp-content\\\/uploads\\\/2025\\\/07\\\/single-post-beneggi.jpg\",\"articleSection\":[\"ARCHIVIO\"],\"inLanguage\":\"en-US\"},{\"@type\":\"WebPage\",\"@id\":\"https:\\\/\\\/beneggiassociati.com\\\/en\\\/forfettario-ultime-chance-per-le-nuove-valutazioni\\\/\",\"url\":\"https:\\\/\\\/beneggiassociati.com\\\/en\\\/forfettario-ultime-chance-per-le-nuove-valutazioni\\\/\",\"name\":\"Forfettario, ultime chance per le nuove valutazioni - Beneggi &amp; Associati\",\"isPartOf\":{\"@id\":\"https:\\\/\\\/beneggiassociati.com\\\/en\\\/#website\"},\"primaryImageOfPage\":{\"@id\":\"https:\\\/\\\/beneggiassociati.com\\\/en\\\/forfettario-ultime-chance-per-le-nuove-valutazioni\\\/#primaryimage\"},\"image\":{\"@id\":\"https:\\\/\\\/beneggiassociati.com\\\/en\\\/forfettario-ultime-chance-per-le-nuove-valutazioni\\\/#primaryimage\"},\"thumbnailUrl\":\"https:\\\/\\\/beneggiassociati.com\\\/wp-content\\\/uploads\\\/2025\\\/07\\\/single-post-beneggi.jpg\",\"datePublished\":\"2019-11-24T10:33:00+00:00\",\"description\":\"Le scelte sul regime forfettario per i professionisti non possono attendere l\u2019entrata in vigore della manovra 2020, il primo gennaio. Dopo l\u2019introduzione\",\"breadcrumb\":{\"@id\":\"https:\\\/\\\/beneggiassociati.com\\\/en\\\/forfettario-ultime-chance-per-le-nuove-valutazioni\\\/#breadcrumb\"},\"inLanguage\":\"en-US\",\"potentialAction\":[{\"@type\":\"ReadAction\",\"target\":[\"https:\\\/\\\/beneggiassociati.com\\\/en\\\/forfettario-ultime-chance-per-le-nuove-valutazioni\\\/\"]}]},{\"@type\":\"ImageObject\",\"inLanguage\":\"en-US\",\"@id\":\"https:\\\/\\\/beneggiassociati.com\\\/en\\\/forfettario-ultime-chance-per-le-nuove-valutazioni\\\/#primaryimage\",\"url\":\"https:\\\/\\\/beneggiassociati.com\\\/wp-content\\\/uploads\\\/2025\\\/07\\\/single-post-beneggi.jpg\",\"contentUrl\":\"https:\\\/\\\/beneggiassociati.com\\\/wp-content\\\/uploads\\\/2025\\\/07\\\/single-post-beneggi.jpg\",\"width\":1280,\"height\":823},{\"@type\":\"BreadcrumbList\",\"@id\":\"https:\\\/\\\/beneggiassociati.com\\\/en\\\/forfettario-ultime-chance-per-le-nuove-valutazioni\\\/#breadcrumb\",\"itemListElement\":[{\"@type\":\"ListItem\",\"position\":1,\"name\":\"Home\",\"item\":\"https:\\\/\\\/beneggiassociati.com\\\/en\\\/?page_id=24163\"},{\"@type\":\"ListItem\",\"position\":2,\"name\":\"Forfettario, ultime chance per le nuove valutazioni\"}]},{\"@type\":\"WebSite\",\"@id\":\"https:\\\/\\\/beneggiassociati.com\\\/en\\\/#website\",\"url\":\"https:\\\/\\\/beneggiassociati.com\\\/en\\\/\",\"name\":\"Beneggi e associati\",\"description\":\"\",\"publisher\":{\"@id\":\"https:\\\/\\\/beneggiassociati.com\\\/en\\\/#organization\"},\"potentialAction\":[{\"@type\":\"SearchAction\",\"target\":{\"@type\":\"EntryPoint\",\"urlTemplate\":\"https:\\\/\\\/beneggiassociati.com\\\/en\\\/?s={search_term_string}\"},\"query-input\":{\"@type\":\"PropertyValueSpecification\",\"valueRequired\":true,\"valueName\":\"search_term_string\"}}],\"inLanguage\":\"en-US\"},{\"@type\":\"Organization\",\"@id\":\"https:\\\/\\\/beneggiassociati.com\\\/en\\\/#organization\",\"name\":\"Beneggi e associati\",\"url\":\"https:\\\/\\\/beneggiassociati.com\\\/en\\\/\",\"logo\":{\"@type\":\"ImageObject\",\"inLanguage\":\"en-US\",\"@id\":\"https:\\\/\\\/beneggiassociati.com\\\/en\\\/#\\\/schema\\\/logo\\\/image\\\/\",\"url\":\"https:\\\/\\\/beneggiassociati.com\\\/wp-content\\\/uploads\\\/2025\\\/07\\\/beneggi-logo.png\",\"contentUrl\":\"https:\\\/\\\/beneggiassociati.com\\\/wp-content\\\/uploads\\\/2025\\\/07\\\/beneggi-logo.png\",\"width\":141,\"height\":87,\"caption\":\"Beneggi e associati\"},\"image\":{\"@id\":\"https:\\\/\\\/beneggiassociati.com\\\/en\\\/#\\\/schema\\\/logo\\\/image\\\/\"}},{\"@type\":\"Person\",\"@id\":\"https:\\\/\\\/beneggiassociati.com\\\/en\\\/#\\\/schema\\\/person\\\/828daacfa37b359e89e981f920072004\",\"name\":\"Tiziano Beneggi\",\"url\":\"https:\\\/\\\/beneggiassociati.com\\\/en\\\/author\\\/tizianobeneggiassociati-com\\\/\"}]}<\/script>\n<!-- \/ Yoast SEO plugin. -->","yoast_head_json":{"title":"Forfettario, ultime chance per le nuove valutazioni - Beneggi &amp; Associati","description":"Le scelte sul regime forfettario per i professionisti non possono attendere l\u2019entrata in vigore della manovra 2020, il primo gennaio. Dopo l\u2019introduzione","robots":{"index":"index","follow":"follow","max-snippet":"max-snippet:-1","max-image-preview":"max-image-preview:large","max-video-preview":"max-video-preview:-1"},"canonical":"https:\/\/beneggiassociati.com\/en\/forfettario-ultime-chance-per-le-nuove-valutazioni\/","og_locale":"en_US","og_type":"article","og_title":"Forfettario, ultime chance per le nuove valutazioni - Beneggi &amp; Associati","og_description":"Le scelte sul regime forfettario per i professionisti non possono attendere l\u2019entrata in vigore della manovra 2020, il primo gennaio. Dopo l\u2019introduzione","og_url":"https:\/\/beneggiassociati.com\/en\/forfettario-ultime-chance-per-le-nuove-valutazioni\/","og_site_name":"Beneggi &amp; Associati","article_published_time":"2019-11-24T10:33:00+00:00","og_image":[{"width":1280,"height":823,"url":"https:\/\/beneggiassociati.com\/wp-content\/uploads\/2025\/07\/single-post-beneggi.jpg","type":"image\/jpeg"}],"author":"Tiziano Beneggi","twitter_card":"summary_large_image","twitter_misc":{"Written by":"Tiziano Beneggi","Est. reading time":"3 minutes"},"schema":{"@context":"https:\/\/schema.org","@graph":[{"@type":"Article","@id":"https:\/\/beneggiassociati.com\/en\/forfettario-ultime-chance-per-le-nuove-valutazioni\/#article","isPartOf":{"@id":"https:\/\/beneggiassociati.com\/en\/forfettario-ultime-chance-per-le-nuove-valutazioni\/"},"author":{"name":"Tiziano Beneggi","@id":"https:\/\/beneggiassociati.com\/en\/#\/schema\/person\/828daacfa37b359e89e981f920072004"},"headline":"Forfettario, ultime chance per le nuove valutazioni","datePublished":"2019-11-24T10:33:00+00:00","mainEntityOfPage":{"@id":"https:\/\/beneggiassociati.com\/en\/forfettario-ultime-chance-per-le-nuove-valutazioni\/"},"wordCount":666,"commentCount":0,"publisher":{"@id":"https:\/\/beneggiassociati.com\/en\/#organization"},"image":{"@id":"https:\/\/beneggiassociati.com\/en\/forfettario-ultime-chance-per-le-nuove-valutazioni\/#primaryimage"},"thumbnailUrl":"https:\/\/beneggiassociati.com\/wp-content\/uploads\/2025\/07\/single-post-beneggi.jpg","articleSection":["ARCHIVIO"],"inLanguage":"en-US"},{"@type":"WebPage","@id":"https:\/\/beneggiassociati.com\/en\/forfettario-ultime-chance-per-le-nuove-valutazioni\/","url":"https:\/\/beneggiassociati.com\/en\/forfettario-ultime-chance-per-le-nuove-valutazioni\/","name":"Forfettario, ultime chance per le nuove valutazioni - Beneggi &amp; Associati","isPartOf":{"@id":"https:\/\/beneggiassociati.com\/en\/#website"},"primaryImageOfPage":{"@id":"https:\/\/beneggiassociati.com\/en\/forfettario-ultime-chance-per-le-nuove-valutazioni\/#primaryimage"},"image":{"@id":"https:\/\/beneggiassociati.com\/en\/forfettario-ultime-chance-per-le-nuove-valutazioni\/#primaryimage"},"thumbnailUrl":"https:\/\/beneggiassociati.com\/wp-content\/uploads\/2025\/07\/single-post-beneggi.jpg","datePublished":"2019-11-24T10:33:00+00:00","description":"Le scelte sul regime forfettario per i professionisti non possono attendere l\u2019entrata in vigore della manovra 2020, il primo gennaio. Dopo l\u2019introduzione","breadcrumb":{"@id":"https:\/\/beneggiassociati.com\/en\/forfettario-ultime-chance-per-le-nuove-valutazioni\/#breadcrumb"},"inLanguage":"en-US","potentialAction":[{"@type":"ReadAction","target":["https:\/\/beneggiassociati.com\/en\/forfettario-ultime-chance-per-le-nuove-valutazioni\/"]}]},{"@type":"ImageObject","inLanguage":"en-US","@id":"https:\/\/beneggiassociati.com\/en\/forfettario-ultime-chance-per-le-nuove-valutazioni\/#primaryimage","url":"https:\/\/beneggiassociati.com\/wp-content\/uploads\/2025\/07\/single-post-beneggi.jpg","contentUrl":"https:\/\/beneggiassociati.com\/wp-content\/uploads\/2025\/07\/single-post-beneggi.jpg","width":1280,"height":823},{"@type":"BreadcrumbList","@id":"https:\/\/beneggiassociati.com\/en\/forfettario-ultime-chance-per-le-nuove-valutazioni\/#breadcrumb","itemListElement":[{"@type":"ListItem","position":1,"name":"Home","item":"https:\/\/beneggiassociati.com\/en\/?page_id=24163"},{"@type":"ListItem","position":2,"name":"Forfettario, ultime chance per le nuove valutazioni"}]},{"@type":"WebSite","@id":"https:\/\/beneggiassociati.com\/en\/#website","url":"https:\/\/beneggiassociati.com\/en\/","name":"Beneggi e associati","description":"","publisher":{"@id":"https:\/\/beneggiassociati.com\/en\/#organization"},"potentialAction":[{"@type":"SearchAction","target":{"@type":"EntryPoint","urlTemplate":"https:\/\/beneggiassociati.com\/en\/?s={search_term_string}"},"query-input":{"@type":"PropertyValueSpecification","valueRequired":true,"valueName":"search_term_string"}}],"inLanguage":"en-US"},{"@type":"Organization","@id":"https:\/\/beneggiassociati.com\/en\/#organization","name":"Beneggi e associati","url":"https:\/\/beneggiassociati.com\/en\/","logo":{"@type":"ImageObject","inLanguage":"en-US","@id":"https:\/\/beneggiassociati.com\/en\/#\/schema\/logo\/image\/","url":"https:\/\/beneggiassociati.com\/wp-content\/uploads\/2025\/07\/beneggi-logo.png","contentUrl":"https:\/\/beneggiassociati.com\/wp-content\/uploads\/2025\/07\/beneggi-logo.png","width":141,"height":87,"caption":"Beneggi e associati"},"image":{"@id":"https:\/\/beneggiassociati.com\/en\/#\/schema\/logo\/image\/"}},{"@type":"Person","@id":"https:\/\/beneggiassociati.com\/en\/#\/schema\/person\/828daacfa37b359e89e981f920072004","name":"Tiziano Beneggi","url":"https:\/\/beneggiassociati.com\/en\/author\/tizianobeneggiassociati-com\/"}]}},"_links":{"self":[{"href":"https:\/\/beneggiassociati.com\/en\/wp-json\/wp\/v2\/posts\/16848","targetHints":{"allow":["GET"]}}],"collection":[{"href":"https:\/\/beneggiassociati.com\/en\/wp-json\/wp\/v2\/posts"}],"about":[{"href":"https:\/\/beneggiassociati.com\/en\/wp-json\/wp\/v2\/types\/post"}],"author":[{"embeddable":true,"href":"https:\/\/beneggiassociati.com\/en\/wp-json\/wp\/v2\/users\/4"}],"replies":[{"embeddable":true,"href":"https:\/\/beneggiassociati.com\/en\/wp-json\/wp\/v2\/comments?post=16848"}],"version-history":[{"count":0,"href":"https:\/\/beneggiassociati.com\/en\/wp-json\/wp\/v2\/posts\/16848\/revisions"}],"wp:featuredmedia":[{"embeddable":true,"href":"https:\/\/beneggiassociati.com\/en\/wp-json\/wp\/v2\/media\/409"}],"wp:attachment":[{"href":"https:\/\/beneggiassociati.com\/en\/wp-json\/wp\/v2\/media?parent=16848"}],"wp:term":[{"taxonomy":"category","embeddable":true,"href":"https:\/\/beneggiassociati.com\/en\/wp-json\/wp\/v2\/categories?post=16848"},{"taxonomy":"post_tag","embeddable":true,"href":"https:\/\/beneggiassociati.com\/en\/wp-json\/wp\/v2\/tags?post=16848"}],"curies":[{"name":"wp","href":"https:\/\/api.w.org\/{rel}","templated":true}]}}