{"id":16853,"date":"2019-11-24T15:36:00","date_gmt":"2019-11-24T14:36:00","guid":{"rendered":"https:\/\/dev.beneggiassociati.com\/2019\/11\/24\/reddito-di-cittadinanza-bonus-anche-per-i-dipendenti-assunti\/"},"modified":"2019-11-24T15:36:00","modified_gmt":"2019-11-24T14:36:00","slug":"reddito-di-cittadinanza-bonus-anche-per-i-dipendenti-assunti","status":"publish","type":"post","link":"https:\/\/beneggiassociati.com\/en\/reddito-di-cittadinanza-bonus-anche-per-i-dipendenti-assunti\/","title":{"rendered":"Reddito di cittadinanza, bonus anche per i dipendenti assunti"},"content":{"rendered":"\n<p>Per favorire l\u2019inserimento nel mercato del lavoro dei soggetti che beneficiano del reddito di cittadinanza (Rdc) e rendere al contempo pi\u00f9 appetibile la loro occupazione in forma stabile, l\u2019articolo 8 del Dl 4\/2019 ha introdotto, tra l\u2019altro, un bonus per i datori di lavoro privati che li assumono direttamente, a tempo pieno e indeterminato, anche mediante contratto di apprendistato.<\/p>\n\n\n<p>Il beneficio consiste nel riconoscimento di un esonero dal versamento dei contributi previdenziali e assistenziali complessivamente dovuti (compresa la quota a carico del lavoratore) nel limite dell\u2019importo mensile del reddito di cittadinanza percepito dall\u2019interessato, entro il tetto massimo di 780 euro.&nbsp;<\/p>\n\n\n<p>L\u2019incentivo, che non comprende il premio Inail, non pu\u00f2 in ogni caso superare l\u2019ammontare totale dei contributi previdenziali e assistenziali a carico del datore di lavoro e del lavoratore. Il periodo di vigenza del beneficio \u00e8 pari alla differenza tra la durata massima del RdC (18 mesi) e le mensilit\u00e0 gi\u00e0 fruite dall&#8217;interessato.&nbsp;<\/p>\n\n\n<p>In ogni caso, \u00e8 garantito un minimo di 5 mesi anche laddove l\u2019assunzione avvenga nell\u2019ultimo mese di percezione del Rdc da parte dell\u2019interessato. La durata, quindi, oscilla tra un minimo di 5 e un massimo di 18 mesi (si veda anche la circolare 104\/2019 e il messaggio 4099\/2019 dell\u2019Inps).<\/p>\n\n\n<p>L\u2019impianto legislativo, quindi, prevede una serie di parametri da rispettare. In primo luogo, va considerato l\u2019ammontare del Rdc:<\/p>\n\n\n<ul class=\"wp-block-list\"><li>se \u00e8 inferiore a 780 euro mensili, l\u2019incentivo sar\u00e0 pari all\u2019importo inferiore tra il Rdc e i contributi dovuti;<\/li><li>se il Rdc \u00e8 pari o superiore a 780 euro, sar\u00e0 quest\u2019ultimo il tetto massimo teoricamente applicabile.<\/li><\/ul>\n\n\n<p>Tuttavia, poich\u00e9 il bonus consiste nel riconoscimento di un esonero dal versamento della contribuzione complessivamente dovuta da entrambi i soggetti (datore di lavoro e lavoratore), occorrer\u00e0 valutare anche questo aspetto.<\/p>\n\n\n<p><a href=\"mailto:info@beneggiassociati.com\" target=\"_blank\" rel=\"noreferrer noopener\"><br \/>Sei interessato all\u2019articolo? Scrivici e verrai contattato da un nostro Consultant<\/a><\/p>\n\n\n<p><a href=\"https:\/\/beneggiassociati.com\/\" target=\"_blank\" rel=\"noreferrer noopener\">@ Beneggi e Associati | Commercialisti al servizio delle imprese | Meda | Milano<\/a><br \/><\/p>\n","protected":false},"excerpt":{"rendered":"<p>Per favorire l\u2019inserimento nel mercato del lavoro dei soggetti che beneficiano del reddito di cittadinanza (Rdc) e rendere al contempo pi\u00f9 appetibile la loro occupazione in forma stabile, l\u2019articolo 8 del Dl 4\/2019 ha introdotto, tra l\u2019altro, un bonus per i datori di lavoro privati che li assumono direttamente, a tempo pieno e indeterminato, anche [&hellip;]<\/p>\n","protected":false},"author":4,"featured_media":409,"comment_status":"open","ping_status":"open","sticky":false,"template":"","format":"standard","meta":{"_acf_changed":false,"content-type":"","footnotes":""},"categories":[16],"tags":[],"class_list":["post-16853","post","type-post","status-publish","format-standard","has-post-thumbnail","hentry","category-archivio"],"acf":[],"yoast_head":"<!-- This site is optimized with the Yoast SEO plugin v27.4 - https:\/\/yoast.com\/product\/yoast-seo-wordpress\/ -->\n<title>Reddito di cittadinanza, bonus anche per i dipendenti assunti - Beneggi &amp; Associati<\/title>\n<meta name=\"description\" content=\"Per favorire l\u2019inserimento nel mercato del lavoro dei soggetti che beneficiano del reddito di cittadinanza (Rdc) e rendere al contempo pi\u00f9 appetibile la\" \/>\n<meta name=\"robots\" content=\"index, follow, max-snippet:-1, max-image-preview:large, max-video-preview:-1\" \/>\n<link rel=\"canonical\" href=\"https:\/\/beneggiassociati.com\/en\/reddito-di-cittadinanza-bonus-anche-per-i-dipendenti-assunti\/\" \/>\n<meta property=\"og:locale\" content=\"en_US\" \/>\n<meta property=\"og:type\" content=\"article\" \/>\n<meta property=\"og:title\" content=\"Reddito di cittadinanza, bonus anche per i dipendenti assunti - Beneggi &amp; Associati\" \/>\n<meta property=\"og:description\" content=\"Per favorire l\u2019inserimento nel mercato del lavoro dei soggetti che beneficiano del reddito di cittadinanza (Rdc) e rendere al contempo pi\u00f9 appetibile la\" \/>\n<meta property=\"og:url\" content=\"https:\/\/beneggiassociati.com\/en\/reddito-di-cittadinanza-bonus-anche-per-i-dipendenti-assunti\/\" \/>\n<meta property=\"og:site_name\" content=\"Beneggi &amp; Associati\" \/>\n<meta property=\"article:published_time\" content=\"2019-11-24T14:36:00+00:00\" \/>\n<meta property=\"og:image\" content=\"https:\/\/beneggiassociati.com\/wp-content\/uploads\/2025\/07\/single-post-beneggi.jpg\" \/>\n\t<meta property=\"og:image:width\" content=\"1280\" \/>\n\t<meta property=\"og:image:height\" content=\"823\" \/>\n\t<meta property=\"og:image:type\" content=\"image\/jpeg\" \/>\n<meta name=\"author\" content=\"Tiziano Beneggi\" \/>\n<meta name=\"twitter:card\" content=\"summary_large_image\" \/>\n<meta name=\"twitter:label1\" content=\"Written by\" \/>\n\t<meta name=\"twitter:data1\" content=\"Tiziano Beneggi\" \/>\n\t<meta name=\"twitter:label2\" content=\"Est. reading time\" \/>\n\t<meta name=\"twitter:data2\" content=\"2 minutes\" \/>\n<script type=\"application\/ld+json\" class=\"yoast-schema-graph\">{\"@context\":\"https:\\\/\\\/schema.org\",\"@graph\":[{\"@type\":\"Article\",\"@id\":\"https:\\\/\\\/beneggiassociati.com\\\/en\\\/reddito-di-cittadinanza-bonus-anche-per-i-dipendenti-assunti\\\/#article\",\"isPartOf\":{\"@id\":\"https:\\\/\\\/beneggiassociati.com\\\/en\\\/reddito-di-cittadinanza-bonus-anche-per-i-dipendenti-assunti\\\/\"},\"author\":{\"name\":\"Tiziano Beneggi\",\"@id\":\"https:\\\/\\\/beneggiassociati.com\\\/en\\\/#\\\/schema\\\/person\\\/828daacfa37b359e89e981f920072004\"},\"headline\":\"Reddito di cittadinanza, bonus anche per i dipendenti assunti\",\"datePublished\":\"2019-11-24T14:36:00+00:00\",\"mainEntityOfPage\":{\"@id\":\"https:\\\/\\\/beneggiassociati.com\\\/en\\\/reddito-di-cittadinanza-bonus-anche-per-i-dipendenti-assunti\\\/\"},\"wordCount\":321,\"commentCount\":0,\"publisher\":{\"@id\":\"https:\\\/\\\/beneggiassociati.com\\\/en\\\/#organization\"},\"image\":{\"@id\":\"https:\\\/\\\/beneggiassociati.com\\\/en\\\/reddito-di-cittadinanza-bonus-anche-per-i-dipendenti-assunti\\\/#primaryimage\"},\"thumbnailUrl\":\"https:\\\/\\\/beneggiassociati.com\\\/wp-content\\\/uploads\\\/2025\\\/07\\\/single-post-beneggi.jpg\",\"articleSection\":[\"ARCHIVIO\"],\"inLanguage\":\"en-US\"},{\"@type\":\"WebPage\",\"@id\":\"https:\\\/\\\/beneggiassociati.com\\\/en\\\/reddito-di-cittadinanza-bonus-anche-per-i-dipendenti-assunti\\\/\",\"url\":\"https:\\\/\\\/beneggiassociati.com\\\/en\\\/reddito-di-cittadinanza-bonus-anche-per-i-dipendenti-assunti\\\/\",\"name\":\"Reddito di cittadinanza, bonus anche per i dipendenti assunti - Beneggi &amp; Associati\",\"isPartOf\":{\"@id\":\"https:\\\/\\\/beneggiassociati.com\\\/en\\\/#website\"},\"primaryImageOfPage\":{\"@id\":\"https:\\\/\\\/beneggiassociati.com\\\/en\\\/reddito-di-cittadinanza-bonus-anche-per-i-dipendenti-assunti\\\/#primaryimage\"},\"image\":{\"@id\":\"https:\\\/\\\/beneggiassociati.com\\\/en\\\/reddito-di-cittadinanza-bonus-anche-per-i-dipendenti-assunti\\\/#primaryimage\"},\"thumbnailUrl\":\"https:\\\/\\\/beneggiassociati.com\\\/wp-content\\\/uploads\\\/2025\\\/07\\\/single-post-beneggi.jpg\",\"datePublished\":\"2019-11-24T14:36:00+00:00\",\"description\":\"Per favorire l\u2019inserimento nel mercato del lavoro dei soggetti che beneficiano del reddito di cittadinanza (Rdc) e rendere al contempo pi\u00f9 appetibile la\",\"breadcrumb\":{\"@id\":\"https:\\\/\\\/beneggiassociati.com\\\/en\\\/reddito-di-cittadinanza-bonus-anche-per-i-dipendenti-assunti\\\/#breadcrumb\"},\"inLanguage\":\"en-US\",\"potentialAction\":[{\"@type\":\"ReadAction\",\"target\":[\"https:\\\/\\\/beneggiassociati.com\\\/en\\\/reddito-di-cittadinanza-bonus-anche-per-i-dipendenti-assunti\\\/\"]}]},{\"@type\":\"ImageObject\",\"inLanguage\":\"en-US\",\"@id\":\"https:\\\/\\\/beneggiassociati.com\\\/en\\\/reddito-di-cittadinanza-bonus-anche-per-i-dipendenti-assunti\\\/#primaryimage\",\"url\":\"https:\\\/\\\/beneggiassociati.com\\\/wp-content\\\/uploads\\\/2025\\\/07\\\/single-post-beneggi.jpg\",\"contentUrl\":\"https:\\\/\\\/beneggiassociati.com\\\/wp-content\\\/uploads\\\/2025\\\/07\\\/single-post-beneggi.jpg\",\"width\":1280,\"height\":823},{\"@type\":\"BreadcrumbList\",\"@id\":\"https:\\\/\\\/beneggiassociati.com\\\/en\\\/reddito-di-cittadinanza-bonus-anche-per-i-dipendenti-assunti\\\/#breadcrumb\",\"itemListElement\":[{\"@type\":\"ListItem\",\"position\":1,\"name\":\"Home\",\"item\":\"https:\\\/\\\/beneggiassociati.com\\\/en\\\/?page_id=24163\"},{\"@type\":\"ListItem\",\"position\":2,\"name\":\"Reddito di cittadinanza, bonus anche per i dipendenti assunti\"}]},{\"@type\":\"WebSite\",\"@id\":\"https:\\\/\\\/beneggiassociati.com\\\/en\\\/#website\",\"url\":\"https:\\\/\\\/beneggiassociati.com\\\/en\\\/\",\"name\":\"Beneggi e associati\",\"description\":\"\",\"publisher\":{\"@id\":\"https:\\\/\\\/beneggiassociati.com\\\/en\\\/#organization\"},\"potentialAction\":[{\"@type\":\"SearchAction\",\"target\":{\"@type\":\"EntryPoint\",\"urlTemplate\":\"https:\\\/\\\/beneggiassociati.com\\\/en\\\/?s={search_term_string}\"},\"query-input\":{\"@type\":\"PropertyValueSpecification\",\"valueRequired\":true,\"valueName\":\"search_term_string\"}}],\"inLanguage\":\"en-US\"},{\"@type\":\"Organization\",\"@id\":\"https:\\\/\\\/beneggiassociati.com\\\/en\\\/#organization\",\"name\":\"Beneggi e associati\",\"url\":\"https:\\\/\\\/beneggiassociati.com\\\/en\\\/\",\"logo\":{\"@type\":\"ImageObject\",\"inLanguage\":\"en-US\",\"@id\":\"https:\\\/\\\/beneggiassociati.com\\\/en\\\/#\\\/schema\\\/logo\\\/image\\\/\",\"url\":\"https:\\\/\\\/beneggiassociati.com\\\/wp-content\\\/uploads\\\/2025\\\/07\\\/beneggi-logo.png\",\"contentUrl\":\"https:\\\/\\\/beneggiassociati.com\\\/wp-content\\\/uploads\\\/2025\\\/07\\\/beneggi-logo.png\",\"width\":141,\"height\":87,\"caption\":\"Beneggi e associati\"},\"image\":{\"@id\":\"https:\\\/\\\/beneggiassociati.com\\\/en\\\/#\\\/schema\\\/logo\\\/image\\\/\"}},{\"@type\":\"Person\",\"@id\":\"https:\\\/\\\/beneggiassociati.com\\\/en\\\/#\\\/schema\\\/person\\\/828daacfa37b359e89e981f920072004\",\"name\":\"Tiziano Beneggi\",\"url\":\"https:\\\/\\\/beneggiassociati.com\\\/en\\\/author\\\/tizianobeneggiassociati-com\\\/\"}]}<\/script>\n<!-- \/ Yoast SEO plugin. -->","yoast_head_json":{"title":"Reddito di cittadinanza, bonus anche per i dipendenti assunti - Beneggi &amp; Associati","description":"Per favorire l\u2019inserimento nel mercato del lavoro dei soggetti che beneficiano del reddito di cittadinanza (Rdc) e rendere al contempo pi\u00f9 appetibile la","robots":{"index":"index","follow":"follow","max-snippet":"max-snippet:-1","max-image-preview":"max-image-preview:large","max-video-preview":"max-video-preview:-1"},"canonical":"https:\/\/beneggiassociati.com\/en\/reddito-di-cittadinanza-bonus-anche-per-i-dipendenti-assunti\/","og_locale":"en_US","og_type":"article","og_title":"Reddito di cittadinanza, bonus anche per i dipendenti assunti - Beneggi &amp; Associati","og_description":"Per favorire l\u2019inserimento nel mercato del lavoro dei soggetti che beneficiano del reddito di cittadinanza (Rdc) e rendere al contempo pi\u00f9 appetibile la","og_url":"https:\/\/beneggiassociati.com\/en\/reddito-di-cittadinanza-bonus-anche-per-i-dipendenti-assunti\/","og_site_name":"Beneggi &amp; Associati","article_published_time":"2019-11-24T14:36:00+00:00","og_image":[{"width":1280,"height":823,"url":"https:\/\/beneggiassociati.com\/wp-content\/uploads\/2025\/07\/single-post-beneggi.jpg","type":"image\/jpeg"}],"author":"Tiziano Beneggi","twitter_card":"summary_large_image","twitter_misc":{"Written by":"Tiziano Beneggi","Est. reading time":"2 minutes"},"schema":{"@context":"https:\/\/schema.org","@graph":[{"@type":"Article","@id":"https:\/\/beneggiassociati.com\/en\/reddito-di-cittadinanza-bonus-anche-per-i-dipendenti-assunti\/#article","isPartOf":{"@id":"https:\/\/beneggiassociati.com\/en\/reddito-di-cittadinanza-bonus-anche-per-i-dipendenti-assunti\/"},"author":{"name":"Tiziano Beneggi","@id":"https:\/\/beneggiassociati.com\/en\/#\/schema\/person\/828daacfa37b359e89e981f920072004"},"headline":"Reddito di cittadinanza, bonus anche per i dipendenti assunti","datePublished":"2019-11-24T14:36:00+00:00","mainEntityOfPage":{"@id":"https:\/\/beneggiassociati.com\/en\/reddito-di-cittadinanza-bonus-anche-per-i-dipendenti-assunti\/"},"wordCount":321,"commentCount":0,"publisher":{"@id":"https:\/\/beneggiassociati.com\/en\/#organization"},"image":{"@id":"https:\/\/beneggiassociati.com\/en\/reddito-di-cittadinanza-bonus-anche-per-i-dipendenti-assunti\/#primaryimage"},"thumbnailUrl":"https:\/\/beneggiassociati.com\/wp-content\/uploads\/2025\/07\/single-post-beneggi.jpg","articleSection":["ARCHIVIO"],"inLanguage":"en-US"},{"@type":"WebPage","@id":"https:\/\/beneggiassociati.com\/en\/reddito-di-cittadinanza-bonus-anche-per-i-dipendenti-assunti\/","url":"https:\/\/beneggiassociati.com\/en\/reddito-di-cittadinanza-bonus-anche-per-i-dipendenti-assunti\/","name":"Reddito di cittadinanza, bonus anche per i dipendenti assunti - Beneggi &amp; Associati","isPartOf":{"@id":"https:\/\/beneggiassociati.com\/en\/#website"},"primaryImageOfPage":{"@id":"https:\/\/beneggiassociati.com\/en\/reddito-di-cittadinanza-bonus-anche-per-i-dipendenti-assunti\/#primaryimage"},"image":{"@id":"https:\/\/beneggiassociati.com\/en\/reddito-di-cittadinanza-bonus-anche-per-i-dipendenti-assunti\/#primaryimage"},"thumbnailUrl":"https:\/\/beneggiassociati.com\/wp-content\/uploads\/2025\/07\/single-post-beneggi.jpg","datePublished":"2019-11-24T14:36:00+00:00","description":"Per favorire l\u2019inserimento nel mercato del lavoro dei soggetti che beneficiano del reddito di cittadinanza (Rdc) e rendere al contempo pi\u00f9 appetibile la","breadcrumb":{"@id":"https:\/\/beneggiassociati.com\/en\/reddito-di-cittadinanza-bonus-anche-per-i-dipendenti-assunti\/#breadcrumb"},"inLanguage":"en-US","potentialAction":[{"@type":"ReadAction","target":["https:\/\/beneggiassociati.com\/en\/reddito-di-cittadinanza-bonus-anche-per-i-dipendenti-assunti\/"]}]},{"@type":"ImageObject","inLanguage":"en-US","@id":"https:\/\/beneggiassociati.com\/en\/reddito-di-cittadinanza-bonus-anche-per-i-dipendenti-assunti\/#primaryimage","url":"https:\/\/beneggiassociati.com\/wp-content\/uploads\/2025\/07\/single-post-beneggi.jpg","contentUrl":"https:\/\/beneggiassociati.com\/wp-content\/uploads\/2025\/07\/single-post-beneggi.jpg","width":1280,"height":823},{"@type":"BreadcrumbList","@id":"https:\/\/beneggiassociati.com\/en\/reddito-di-cittadinanza-bonus-anche-per-i-dipendenti-assunti\/#breadcrumb","itemListElement":[{"@type":"ListItem","position":1,"name":"Home","item":"https:\/\/beneggiassociati.com\/en\/?page_id=24163"},{"@type":"ListItem","position":2,"name":"Reddito di cittadinanza, bonus anche per i dipendenti assunti"}]},{"@type":"WebSite","@id":"https:\/\/beneggiassociati.com\/en\/#website","url":"https:\/\/beneggiassociati.com\/en\/","name":"Beneggi e associati","description":"","publisher":{"@id":"https:\/\/beneggiassociati.com\/en\/#organization"},"potentialAction":[{"@type":"SearchAction","target":{"@type":"EntryPoint","urlTemplate":"https:\/\/beneggiassociati.com\/en\/?s={search_term_string}"},"query-input":{"@type":"PropertyValueSpecification","valueRequired":true,"valueName":"search_term_string"}}],"inLanguage":"en-US"},{"@type":"Organization","@id":"https:\/\/beneggiassociati.com\/en\/#organization","name":"Beneggi e associati","url":"https:\/\/beneggiassociati.com\/en\/","logo":{"@type":"ImageObject","inLanguage":"en-US","@id":"https:\/\/beneggiassociati.com\/en\/#\/schema\/logo\/image\/","url":"https:\/\/beneggiassociati.com\/wp-content\/uploads\/2025\/07\/beneggi-logo.png","contentUrl":"https:\/\/beneggiassociati.com\/wp-content\/uploads\/2025\/07\/beneggi-logo.png","width":141,"height":87,"caption":"Beneggi e associati"},"image":{"@id":"https:\/\/beneggiassociati.com\/en\/#\/schema\/logo\/image\/"}},{"@type":"Person","@id":"https:\/\/beneggiassociati.com\/en\/#\/schema\/person\/828daacfa37b359e89e981f920072004","name":"Tiziano Beneggi","url":"https:\/\/beneggiassociati.com\/en\/author\/tizianobeneggiassociati-com\/"}]}},"_links":{"self":[{"href":"https:\/\/beneggiassociati.com\/en\/wp-json\/wp\/v2\/posts\/16853","targetHints":{"allow":["GET"]}}],"collection":[{"href":"https:\/\/beneggiassociati.com\/en\/wp-json\/wp\/v2\/posts"}],"about":[{"href":"https:\/\/beneggiassociati.com\/en\/wp-json\/wp\/v2\/types\/post"}],"author":[{"embeddable":true,"href":"https:\/\/beneggiassociati.com\/en\/wp-json\/wp\/v2\/users\/4"}],"replies":[{"embeddable":true,"href":"https:\/\/beneggiassociati.com\/en\/wp-json\/wp\/v2\/comments?post=16853"}],"version-history":[{"count":0,"href":"https:\/\/beneggiassociati.com\/en\/wp-json\/wp\/v2\/posts\/16853\/revisions"}],"wp:featuredmedia":[{"embeddable":true,"href":"https:\/\/beneggiassociati.com\/en\/wp-json\/wp\/v2\/media\/409"}],"wp:attachment":[{"href":"https:\/\/beneggiassociati.com\/en\/wp-json\/wp\/v2\/media?parent=16853"}],"wp:term":[{"taxonomy":"category","embeddable":true,"href":"https:\/\/beneggiassociati.com\/en\/wp-json\/wp\/v2\/categories?post=16853"},{"taxonomy":"post_tag","embeddable":true,"href":"https:\/\/beneggiassociati.com\/en\/wp-json\/wp\/v2\/tags?post=16853"}],"curies":[{"name":"wp","href":"https:\/\/api.w.org\/{rel}","templated":true}]}}