{"id":16861,"date":"2019-12-22T15:49:00","date_gmt":"2019-12-22T14:49:00","guid":{"rendered":"https:\/\/dev.beneggiassociati.com\/2019\/12\/22\/la-policy-aziendale-deve-essere-specifica\/"},"modified":"2019-12-22T15:49:00","modified_gmt":"2019-12-22T14:49:00","slug":"la-policy-aziendale-deve-essere-specifica","status":"publish","type":"post","link":"https:\/\/beneggiassociati.com\/en\/la-policy-aziendale-deve-essere-specifica\/","title":{"rendered":"La policy aziendale deve essere specifica"},"content":{"rendered":"\n<p>Le aziende dovrebbero affrontare il tema delle comunicazioni sui social media (e dei rischi connessi) cercando di anticipare eventuali incidenti di percorso.<\/p>\n\n\n<p>Lo strumento principale per adottare questo approccio \u00e8 quello della social media policy: codici di comportamento con i quali il datore di lavoro disciplina una serie di aspetti, anche legali, collegati all\u2019utilizzo di internet e, soprattutto, dei social media (Facebook, Twitter, Linkedin, Instagram e cos\u00ec via).&nbsp;La social media policy interna fornisce indicazioni vincolanti al personale su come deve essere gestita la presenza social dell\u2019azienda (pagina Facebook, LinkedIn, Twitter), sull\u2019uso dell\u2019account aziendale e personale e, in generale, sulla presenza sul web del lavoratore.<\/p>\n\n\n<p>Il contenuto di questi codici di condotta varia in base al tipo di attivit\u00e0 svolto dall\u2019azienda e ai riflessi che le comunicazioni dei dipendenti possono avere su questa attivit\u00e0. Ogni policy deve essere predisposta ad hoc e con riferimento specifico all\u2019attivit\u00e0 aziendale e all\u2019organizzazione del lavoro, armonizzando il suo contenuto con quello eventualmente previsto in altre policy e regolamenti aziendali o di gruppo.<\/p>\n\n\n<p>Queste prescrizioni devono sempre tenere conto della necessit\u00e0 di non comprimere eccessivamente il diritto di espressione dell\u2019individuo: il confine tra questo diritto e la facolt\u00e0 dell\u2019azienda di mettere un \u201cbavaglio\u201d alle comunicazioni via social media dei dipendenti non \u00e8 facile da tracciare.<\/p>\n\n\n<p>Un criterio utile per rintracciare questo confine riguarda l\u2019attinenza dei limiti imposti al personale con l\u2019attivit\u00e0 aziendale: tanto pi\u00f9 i divieti riguardano la sfera di attivit\u00e0 dell\u2019impresa, tanto meno \u00e8 invocabile il diritto di espressione. Diventa difficile, invece, mettere limiti alla pubblicazione di messaggi che esulano dal campo di attivit\u00e0 dell\u2019impresa, a meno che la trattazione di questi temi non produca un riflesso potenzialmente dannoso sulla stessa. Si pensi, ad esempio, a un dipendente che si lamenta per l\u2019eccesso di rifiuti lasciati sulla strada. \u00c8 una lamentela lecita, che tuttavia pu\u00f2 arrecare un danno all\u2019azienda, nel caso questa sia fornitrice dell\u2019impresa che si occupa (anche se con risultati scadenti) della raccolta dei rifiuti.&nbsp;<\/p>\n\n\n<p>Nessuna fonte legale ne stabilisce i contenuti minimi, ma ci\u00f2 che non deve mancare \u00e8 l\u2019esatta individuazione della sua finalit\u00e0, delle condotte lecite e illecite e, soprattutto, l\u2019indicazione dettagliata di quali saranno le conseguenze in caso di violazione, precisando con chiarezza la rilevanza disciplinare del mancato rispetto delle regole.&nbsp;Tutte le aziende oggi hanno un social media manager: il coinvolgimento di questa figura \u00e8 essenziale nella redazione di una policy aziendale efficace, perch\u00e9 garantisce la coerenza tra il tipo di posizionamento che l\u2019azienda intende darsi sul mercato e i messaggi che la stessa azienda diffonde, tramite i propri dipendenti, sui social media.<\/p>\n\n\n<p><a href=\"mailto:info@beneggiassociati.com\" target=\"_blank\" rel=\"noreferrer noopener\"><br \/>Sei interessato all\u2019articolo? Scrivici e verrai contattato da un nostro Consultant<\/a><\/p>\n\n\n<p><a href=\"https:\/\/beneggiassociati.com\/\" target=\"_blank\" rel=\"noreferrer noopener\">@ Beneggi e Associati | Commercialisti al servizio delle imprese | Meda | Milano<\/a><br \/><\/p>\n","protected":false},"excerpt":{"rendered":"<p>Le aziende dovrebbero affrontare il tema delle comunicazioni sui social media (e dei rischi connessi) cercando di anticipare eventuali incidenti di percorso. Lo strumento principale per adottare questo approccio \u00e8 quello della social media policy: codici di comportamento con i quali il datore di lavoro disciplina una serie di aspetti, anche legali, collegati all\u2019utilizzo di [&hellip;]<\/p>\n","protected":false},"author":4,"featured_media":409,"comment_status":"open","ping_status":"open","sticky":false,"template":"","format":"standard","meta":{"_acf_changed":false,"content-type":"","footnotes":""},"categories":[16],"tags":[],"class_list":["post-16861","post","type-post","status-publish","format-standard","has-post-thumbnail","hentry","category-archivio"],"acf":[],"yoast_head":"<!-- This site is optimized with the Yoast SEO plugin v27.4 - https:\/\/yoast.com\/product\/yoast-seo-wordpress\/ -->\n<title>La policy aziendale deve essere specifica - Beneggi &amp; Associati<\/title>\n<meta name=\"description\" content=\"Le aziende dovrebbero affrontare il tema delle comunicazioni sui social media (e dei rischi connessi) cercando di anticipare eventuali incidenti di\" \/>\n<meta name=\"robots\" content=\"index, follow, max-snippet:-1, max-image-preview:large, max-video-preview:-1\" \/>\n<link rel=\"canonical\" href=\"https:\/\/beneggiassociati.com\/en\/la-policy-aziendale-deve-essere-specifica\/\" \/>\n<meta property=\"og:locale\" content=\"en_US\" \/>\n<meta property=\"og:type\" content=\"article\" \/>\n<meta property=\"og:title\" content=\"La policy aziendale deve essere specifica - Beneggi &amp; Associati\" \/>\n<meta property=\"og:description\" content=\"Le aziende dovrebbero affrontare il tema delle comunicazioni sui social media (e dei rischi connessi) cercando di anticipare eventuali incidenti di\" \/>\n<meta property=\"og:url\" content=\"https:\/\/beneggiassociati.com\/en\/la-policy-aziendale-deve-essere-specifica\/\" \/>\n<meta property=\"og:site_name\" content=\"Beneggi &amp; Associati\" \/>\n<meta property=\"article:published_time\" content=\"2019-12-22T14:49:00+00:00\" \/>\n<meta property=\"og:image\" content=\"https:\/\/beneggiassociati.com\/wp-content\/uploads\/2025\/07\/single-post-beneggi.jpg\" \/>\n\t<meta property=\"og:image:width\" content=\"1280\" \/>\n\t<meta property=\"og:image:height\" content=\"823\" \/>\n\t<meta property=\"og:image:type\" content=\"image\/jpeg\" \/>\n<meta name=\"author\" content=\"Tiziano Beneggi\" \/>\n<meta name=\"twitter:card\" content=\"summary_large_image\" \/>\n<meta name=\"twitter:label1\" content=\"Written by\" \/>\n\t<meta name=\"twitter:data1\" content=\"Tiziano Beneggi\" \/>\n\t<meta name=\"twitter:label2\" content=\"Est. reading time\" \/>\n\t<meta name=\"twitter:data2\" content=\"2 minutes\" \/>\n<script type=\"application\/ld+json\" class=\"yoast-schema-graph\">{\"@context\":\"https:\\\/\\\/schema.org\",\"@graph\":[{\"@type\":\"Article\",\"@id\":\"https:\\\/\\\/beneggiassociati.com\\\/en\\\/la-policy-aziendale-deve-essere-specifica\\\/#article\",\"isPartOf\":{\"@id\":\"https:\\\/\\\/beneggiassociati.com\\\/en\\\/la-policy-aziendale-deve-essere-specifica\\\/\"},\"author\":{\"name\":\"Tiziano Beneggi\",\"@id\":\"https:\\\/\\\/beneggiassociati.com\\\/en\\\/#\\\/schema\\\/person\\\/828daacfa37b359e89e981f920072004\"},\"headline\":\"La policy aziendale deve essere specifica\",\"datePublished\":\"2019-12-22T14:49:00+00:00\",\"mainEntityOfPage\":{\"@id\":\"https:\\\/\\\/beneggiassociati.com\\\/en\\\/la-policy-aziendale-deve-essere-specifica\\\/\"},\"wordCount\":469,\"commentCount\":0,\"publisher\":{\"@id\":\"https:\\\/\\\/beneggiassociati.com\\\/en\\\/#organization\"},\"image\":{\"@id\":\"https:\\\/\\\/beneggiassociati.com\\\/en\\\/la-policy-aziendale-deve-essere-specifica\\\/#primaryimage\"},\"thumbnailUrl\":\"https:\\\/\\\/beneggiassociati.com\\\/wp-content\\\/uploads\\\/2025\\\/07\\\/single-post-beneggi.jpg\",\"articleSection\":[\"ARCHIVIO\"],\"inLanguage\":\"en-US\"},{\"@type\":\"WebPage\",\"@id\":\"https:\\\/\\\/beneggiassociati.com\\\/en\\\/la-policy-aziendale-deve-essere-specifica\\\/\",\"url\":\"https:\\\/\\\/beneggiassociati.com\\\/en\\\/la-policy-aziendale-deve-essere-specifica\\\/\",\"name\":\"La policy aziendale deve essere specifica - Beneggi &amp; Associati\",\"isPartOf\":{\"@id\":\"https:\\\/\\\/beneggiassociati.com\\\/en\\\/#website\"},\"primaryImageOfPage\":{\"@id\":\"https:\\\/\\\/beneggiassociati.com\\\/en\\\/la-policy-aziendale-deve-essere-specifica\\\/#primaryimage\"},\"image\":{\"@id\":\"https:\\\/\\\/beneggiassociati.com\\\/en\\\/la-policy-aziendale-deve-essere-specifica\\\/#primaryimage\"},\"thumbnailUrl\":\"https:\\\/\\\/beneggiassociati.com\\\/wp-content\\\/uploads\\\/2025\\\/07\\\/single-post-beneggi.jpg\",\"datePublished\":\"2019-12-22T14:49:00+00:00\",\"description\":\"Le aziende dovrebbero affrontare il tema delle comunicazioni sui social media (e dei rischi connessi) cercando di anticipare eventuali incidenti di\",\"breadcrumb\":{\"@id\":\"https:\\\/\\\/beneggiassociati.com\\\/en\\\/la-policy-aziendale-deve-essere-specifica\\\/#breadcrumb\"},\"inLanguage\":\"en-US\",\"potentialAction\":[{\"@type\":\"ReadAction\",\"target\":[\"https:\\\/\\\/beneggiassociati.com\\\/en\\\/la-policy-aziendale-deve-essere-specifica\\\/\"]}]},{\"@type\":\"ImageObject\",\"inLanguage\":\"en-US\",\"@id\":\"https:\\\/\\\/beneggiassociati.com\\\/en\\\/la-policy-aziendale-deve-essere-specifica\\\/#primaryimage\",\"url\":\"https:\\\/\\\/beneggiassociati.com\\\/wp-content\\\/uploads\\\/2025\\\/07\\\/single-post-beneggi.jpg\",\"contentUrl\":\"https:\\\/\\\/beneggiassociati.com\\\/wp-content\\\/uploads\\\/2025\\\/07\\\/single-post-beneggi.jpg\",\"width\":1280,\"height\":823},{\"@type\":\"BreadcrumbList\",\"@id\":\"https:\\\/\\\/beneggiassociati.com\\\/en\\\/la-policy-aziendale-deve-essere-specifica\\\/#breadcrumb\",\"itemListElement\":[{\"@type\":\"ListItem\",\"position\":1,\"name\":\"Home\",\"item\":\"https:\\\/\\\/beneggiassociati.com\\\/en\\\/?page_id=24163\"},{\"@type\":\"ListItem\",\"position\":2,\"name\":\"La policy aziendale deve essere specifica\"}]},{\"@type\":\"WebSite\",\"@id\":\"https:\\\/\\\/beneggiassociati.com\\\/en\\\/#website\",\"url\":\"https:\\\/\\\/beneggiassociati.com\\\/en\\\/\",\"name\":\"Beneggi e associati\",\"description\":\"\",\"publisher\":{\"@id\":\"https:\\\/\\\/beneggiassociati.com\\\/en\\\/#organization\"},\"potentialAction\":[{\"@type\":\"SearchAction\",\"target\":{\"@type\":\"EntryPoint\",\"urlTemplate\":\"https:\\\/\\\/beneggiassociati.com\\\/en\\\/?s={search_term_string}\"},\"query-input\":{\"@type\":\"PropertyValueSpecification\",\"valueRequired\":true,\"valueName\":\"search_term_string\"}}],\"inLanguage\":\"en-US\"},{\"@type\":\"Organization\",\"@id\":\"https:\\\/\\\/beneggiassociati.com\\\/en\\\/#organization\",\"name\":\"Beneggi e associati\",\"url\":\"https:\\\/\\\/beneggiassociati.com\\\/en\\\/\",\"logo\":{\"@type\":\"ImageObject\",\"inLanguage\":\"en-US\",\"@id\":\"https:\\\/\\\/beneggiassociati.com\\\/en\\\/#\\\/schema\\\/logo\\\/image\\\/\",\"url\":\"https:\\\/\\\/beneggiassociati.com\\\/wp-content\\\/uploads\\\/2025\\\/07\\\/beneggi-logo.png\",\"contentUrl\":\"https:\\\/\\\/beneggiassociati.com\\\/wp-content\\\/uploads\\\/2025\\\/07\\\/beneggi-logo.png\",\"width\":141,\"height\":87,\"caption\":\"Beneggi e associati\"},\"image\":{\"@id\":\"https:\\\/\\\/beneggiassociati.com\\\/en\\\/#\\\/schema\\\/logo\\\/image\\\/\"}},{\"@type\":\"Person\",\"@id\":\"https:\\\/\\\/beneggiassociati.com\\\/en\\\/#\\\/schema\\\/person\\\/828daacfa37b359e89e981f920072004\",\"name\":\"Tiziano Beneggi\",\"url\":\"https:\\\/\\\/beneggiassociati.com\\\/en\\\/author\\\/tizianobeneggiassociati-com\\\/\"}]}<\/script>\n<!-- \/ Yoast SEO plugin. -->","yoast_head_json":{"title":"La policy aziendale deve essere specifica - Beneggi &amp; Associati","description":"Le aziende dovrebbero affrontare il tema delle comunicazioni sui social media (e dei rischi connessi) cercando di anticipare eventuali incidenti di","robots":{"index":"index","follow":"follow","max-snippet":"max-snippet:-1","max-image-preview":"max-image-preview:large","max-video-preview":"max-video-preview:-1"},"canonical":"https:\/\/beneggiassociati.com\/en\/la-policy-aziendale-deve-essere-specifica\/","og_locale":"en_US","og_type":"article","og_title":"La policy aziendale deve essere specifica - Beneggi &amp; Associati","og_description":"Le aziende dovrebbero affrontare il tema delle comunicazioni sui social media (e dei rischi connessi) cercando di anticipare eventuali incidenti di","og_url":"https:\/\/beneggiassociati.com\/en\/la-policy-aziendale-deve-essere-specifica\/","og_site_name":"Beneggi &amp; Associati","article_published_time":"2019-12-22T14:49:00+00:00","og_image":[{"width":1280,"height":823,"url":"https:\/\/beneggiassociati.com\/wp-content\/uploads\/2025\/07\/single-post-beneggi.jpg","type":"image\/jpeg"}],"author":"Tiziano Beneggi","twitter_card":"summary_large_image","twitter_misc":{"Written by":"Tiziano Beneggi","Est. reading time":"2 minutes"},"schema":{"@context":"https:\/\/schema.org","@graph":[{"@type":"Article","@id":"https:\/\/beneggiassociati.com\/en\/la-policy-aziendale-deve-essere-specifica\/#article","isPartOf":{"@id":"https:\/\/beneggiassociati.com\/en\/la-policy-aziendale-deve-essere-specifica\/"},"author":{"name":"Tiziano Beneggi","@id":"https:\/\/beneggiassociati.com\/en\/#\/schema\/person\/828daacfa37b359e89e981f920072004"},"headline":"La policy aziendale deve essere specifica","datePublished":"2019-12-22T14:49:00+00:00","mainEntityOfPage":{"@id":"https:\/\/beneggiassociati.com\/en\/la-policy-aziendale-deve-essere-specifica\/"},"wordCount":469,"commentCount":0,"publisher":{"@id":"https:\/\/beneggiassociati.com\/en\/#organization"},"image":{"@id":"https:\/\/beneggiassociati.com\/en\/la-policy-aziendale-deve-essere-specifica\/#primaryimage"},"thumbnailUrl":"https:\/\/beneggiassociati.com\/wp-content\/uploads\/2025\/07\/single-post-beneggi.jpg","articleSection":["ARCHIVIO"],"inLanguage":"en-US"},{"@type":"WebPage","@id":"https:\/\/beneggiassociati.com\/en\/la-policy-aziendale-deve-essere-specifica\/","url":"https:\/\/beneggiassociati.com\/en\/la-policy-aziendale-deve-essere-specifica\/","name":"La policy aziendale deve essere specifica - Beneggi &amp; Associati","isPartOf":{"@id":"https:\/\/beneggiassociati.com\/en\/#website"},"primaryImageOfPage":{"@id":"https:\/\/beneggiassociati.com\/en\/la-policy-aziendale-deve-essere-specifica\/#primaryimage"},"image":{"@id":"https:\/\/beneggiassociati.com\/en\/la-policy-aziendale-deve-essere-specifica\/#primaryimage"},"thumbnailUrl":"https:\/\/beneggiassociati.com\/wp-content\/uploads\/2025\/07\/single-post-beneggi.jpg","datePublished":"2019-12-22T14:49:00+00:00","description":"Le aziende dovrebbero affrontare il tema delle comunicazioni sui social media (e dei rischi connessi) cercando di anticipare eventuali incidenti di","breadcrumb":{"@id":"https:\/\/beneggiassociati.com\/en\/la-policy-aziendale-deve-essere-specifica\/#breadcrumb"},"inLanguage":"en-US","potentialAction":[{"@type":"ReadAction","target":["https:\/\/beneggiassociati.com\/en\/la-policy-aziendale-deve-essere-specifica\/"]}]},{"@type":"ImageObject","inLanguage":"en-US","@id":"https:\/\/beneggiassociati.com\/en\/la-policy-aziendale-deve-essere-specifica\/#primaryimage","url":"https:\/\/beneggiassociati.com\/wp-content\/uploads\/2025\/07\/single-post-beneggi.jpg","contentUrl":"https:\/\/beneggiassociati.com\/wp-content\/uploads\/2025\/07\/single-post-beneggi.jpg","width":1280,"height":823},{"@type":"BreadcrumbList","@id":"https:\/\/beneggiassociati.com\/en\/la-policy-aziendale-deve-essere-specifica\/#breadcrumb","itemListElement":[{"@type":"ListItem","position":1,"name":"Home","item":"https:\/\/beneggiassociati.com\/en\/?page_id=24163"},{"@type":"ListItem","position":2,"name":"La policy aziendale deve essere specifica"}]},{"@type":"WebSite","@id":"https:\/\/beneggiassociati.com\/en\/#website","url":"https:\/\/beneggiassociati.com\/en\/","name":"Beneggi e associati","description":"","publisher":{"@id":"https:\/\/beneggiassociati.com\/en\/#organization"},"potentialAction":[{"@type":"SearchAction","target":{"@type":"EntryPoint","urlTemplate":"https:\/\/beneggiassociati.com\/en\/?s={search_term_string}"},"query-input":{"@type":"PropertyValueSpecification","valueRequired":true,"valueName":"search_term_string"}}],"inLanguage":"en-US"},{"@type":"Organization","@id":"https:\/\/beneggiassociati.com\/en\/#organization","name":"Beneggi e associati","url":"https:\/\/beneggiassociati.com\/en\/","logo":{"@type":"ImageObject","inLanguage":"en-US","@id":"https:\/\/beneggiassociati.com\/en\/#\/schema\/logo\/image\/","url":"https:\/\/beneggiassociati.com\/wp-content\/uploads\/2025\/07\/beneggi-logo.png","contentUrl":"https:\/\/beneggiassociati.com\/wp-content\/uploads\/2025\/07\/beneggi-logo.png","width":141,"height":87,"caption":"Beneggi e associati"},"image":{"@id":"https:\/\/beneggiassociati.com\/en\/#\/schema\/logo\/image\/"}},{"@type":"Person","@id":"https:\/\/beneggiassociati.com\/en\/#\/schema\/person\/828daacfa37b359e89e981f920072004","name":"Tiziano Beneggi","url":"https:\/\/beneggiassociati.com\/en\/author\/tizianobeneggiassociati-com\/"}]}},"_links":{"self":[{"href":"https:\/\/beneggiassociati.com\/en\/wp-json\/wp\/v2\/posts\/16861","targetHints":{"allow":["GET"]}}],"collection":[{"href":"https:\/\/beneggiassociati.com\/en\/wp-json\/wp\/v2\/posts"}],"about":[{"href":"https:\/\/beneggiassociati.com\/en\/wp-json\/wp\/v2\/types\/post"}],"author":[{"embeddable":true,"href":"https:\/\/beneggiassociati.com\/en\/wp-json\/wp\/v2\/users\/4"}],"replies":[{"embeddable":true,"href":"https:\/\/beneggiassociati.com\/en\/wp-json\/wp\/v2\/comments?post=16861"}],"version-history":[{"count":0,"href":"https:\/\/beneggiassociati.com\/en\/wp-json\/wp\/v2\/posts\/16861\/revisions"}],"wp:featuredmedia":[{"embeddable":true,"href":"https:\/\/beneggiassociati.com\/en\/wp-json\/wp\/v2\/media\/409"}],"wp:attachment":[{"href":"https:\/\/beneggiassociati.com\/en\/wp-json\/wp\/v2\/media?parent=16861"}],"wp:term":[{"taxonomy":"category","embeddable":true,"href":"https:\/\/beneggiassociati.com\/en\/wp-json\/wp\/v2\/categories?post=16861"},{"taxonomy":"post_tag","embeddable":true,"href":"https:\/\/beneggiassociati.com\/en\/wp-json\/wp\/v2\/tags?post=16861"}],"curies":[{"name":"wp","href":"https:\/\/api.w.org\/{rel}","templated":true}]}}