{"id":16869,"date":"2019-12-22T16:18:00","date_gmt":"2019-12-22T15:18:00","guid":{"rendered":"https:\/\/dev.beneggiassociati.com\/2019\/12\/22\/231-ed-estensione-ai-reati-fiscali-cosa-cambia-per-le-imprese\/"},"modified":"2019-12-22T16:18:00","modified_gmt":"2019-12-22T15:18:00","slug":"231-ed-estensione-ai-reati-fiscali-cosa-cambia-per-le-imprese","status":"publish","type":"post","link":"https:\/\/beneggiassociati.com\/en\/231-ed-estensione-ai-reati-fiscali-cosa-cambia-per-le-imprese\/","title":{"rendered":"231 ed estensione ai reati fiscali, cosa cambia per le imprese"},"content":{"rendered":"\n<p>Responsabilit\u00e0 amministrativa delle societ\u00e0 estesa a tutti i delitti fiscali pi\u00f9 gravi<\/p>\n\n\n<p>Oltre al delitto di dichiarazione fraudolenta mediante uso di fatture o altri documenti per operazioni inesistenti per imponibili superiori a 100mila euro, sono ora inclusi nel novero dei reati che possono determinare questa nuova responsabilit\u00e0 anche:&nbsp;<\/p>\n\n\n<ul class=\"wp-block-list\"><li>la&nbsp;<strong>dichiarazione fraudolenta<\/strong>&nbsp;mediante uso di&nbsp;<strong>fatture&nbsp;<\/strong>o&nbsp;<strong>altri documenti&nbsp;<\/strong>per operazioni inesistenti per importi inferiori ai citati 100mila euro (con sanzione pecuniaria fino a 400 quote);&nbsp;<ul><li>la&nbsp;<strong>dichiarazione fraudolenta&nbsp;<\/strong>mediante&nbsp;<strong>altri artifici<\/strong>&nbsp;con sanzione pecuniaria fino a 500 quote;&nbsp;<\/li><\/ul><ul><li>l\u2019emissione di&nbsp;<strong>fatture&nbsp;<\/strong>o&nbsp;<strong>altri documenti&nbsp;<\/strong>per operazioni inesistenti sia per importi superiori a 100mila euro (con sanzione pecuniaria fino a 500 quote), sia inferiori (sanzione pecuniaria fino a 400 quote);&nbsp;<\/li><\/ul><ul><li>l\u2019<strong>occultamento o distruzione&nbsp;<\/strong>di&nbsp;<strong>documenti contabili<\/strong>&nbsp;con sanzione pecuniaria fino a 400 quote;&nbsp;<\/li><\/ul><ul><li>la&nbsp;<strong>sottrazione fraudolenta<\/strong>&nbsp;al pagamento di imposte con sanzione pecuniaria fino a 400 quote.&nbsp;<\/li><\/ul><\/li><\/ul>\n\n\n<p>Viene ancora prevista:<\/p>\n\n\n<ol class=\"wp-block-list\"><li>l\u2019applicazione delle sanzioni interdittive del divieto di contrattare con la pubblica amministrazione, salvo che per ottenere le prestazioni di un pubblico servizio; dell\u2019esclusione da agevolazioni, finanziamenti, contributi o sussidi e l\u2019eventuale revoca di quelli gi\u00e0 concessi; del divieto di pubblicizzare beni o servizi;<\/li><li>se, in seguito alla commissione di uno dei delitti tributari indicati in precedenza l\u2019ente ha conseguito un profitto di rilevante entit\u00e0, la sanzione pecuniaria vien e aumentata di 1\/3.<\/li><\/ol>\n\n\n<p>In concreto, nel caso di contestazione di uno di questi reati al rappresentante legale della societ\u00e0 o ad altra persona fisica legata alla societ\u00e0, il Pm annoter\u00e0 anche l\u2019illecito amministrativo a carico dell\u2019ente nel registro delle notizie di reato.&nbsp;<\/p>\n\n\n<p>In caso di condanna la persona fisica (rappresentante legale o altro) va incontro ad una pena detentiva, mentre la societ\u00e0 ricever\u00e0 una sanzione pecuniaria fino a 400 o 500 quote a seconda del reato. Il valore della quota pu\u00f2 variare da un minimo di 258 euro a un massimo di 1.549 euro: l\u2019importo finale della sanzione irrogabile a cura del giudice penale sar\u00e0, dunque, il prodotto della singola quota e il numero di quote da applicare, per un ammontare massimo di 619.600 euro (400 quote per il valore massimo di 1.549 euro) o di 774.500 euro (500 quote). Se poi l\u2019ente ha conseguito un profitto di rilevante entit\u00e0, la sanzione pecuniaria viene aumentata di 1\/3 con la conseguenza che per gli illeciti puniti fino a 400 quote la sanzione potr\u00e0 giungere fino a 815.333 euro e per quelli fino a 500 quote fino a 1.032.666 euro.<\/p>\n\n\n<p>Da evidenziare che sinora il sequestro del profitto del reato era eseguito contro la societ\u00e0 solo in via diretta (disponibilit\u00e0 bancarie e liquide) e, nel frequente caso di incapienza, nei confronti del rappresentante legale la misura cautelare riguardava anche l\u2019\u201cequivalente\u201d (aggredendo anche beni mobili e immobili di valore corrispondente).&nbsp;Con l\u2019applicazione del Dlgs 231\/2001 il sequestro per equivalente, e non pi\u00f9 solo quello diretto, potr\u00e0 invece essere eseguito anche nei confronti della societ\u00e0 e quindi verosimilmente il patrimonio del rappresentante legale verr\u00e0 aggredito meno di frequente.<\/p>\n\n\n<p><a href=\"mailto:info@beneggiassociati.com\" target=\"_blank\" rel=\"noreferrer noopener\"><br \/>Sei interessato all\u2019articolo? Scrivici e verrai contattato da un nostro Consultant<\/a><\/p>\n\n\n<p><a href=\"https:\/\/beneggiassociati.com\/\" target=\"_blank\" rel=\"noreferrer noopener\">@ Beneggi e Associati | Commercialisti al servizio delle imprese | Meda | Milano<\/a><br \/><\/p>\n","protected":false},"excerpt":{"rendered":"<p>Responsabilit\u00e0 amministrativa delle societ\u00e0 estesa a tutti i delitti fiscali pi\u00f9 gravi Oltre al delitto di dichiarazione fraudolenta mediante uso di fatture o altri documenti per operazioni inesistenti per imponibili superiori a 100mila euro, sono ora inclusi nel novero dei reati che possono determinare questa nuova responsabilit\u00e0 anche:&nbsp; la&nbsp;dichiarazione fraudolenta&nbsp;mediante uso di&nbsp;fatture&nbsp;o&nbsp;altri documenti&nbsp;per operazioni inesistenti [&hellip;]<\/p>\n","protected":false},"author":4,"featured_media":409,"comment_status":"open","ping_status":"open","sticky":false,"template":"","format":"standard","meta":{"_acf_changed":false,"content-type":"","footnotes":""},"categories":[16],"tags":[],"class_list":["post-16869","post","type-post","status-publish","format-standard","has-post-thumbnail","hentry","category-archivio"],"acf":[],"yoast_head":"<!-- This site is optimized with the Yoast SEO plugin v27.4 - https:\/\/yoast.com\/product\/yoast-seo-wordpress\/ -->\n<title>231 ed estensione ai reati fiscali, cosa cambia per le imprese - Beneggi &amp; Associati<\/title>\n<meta name=\"description\" content=\"Responsabilit\u00e0 amministrativa delle societ\u00e0 estesa a tutti i delitti fiscali pi\u00f9 gravi Oltre al delitto di dichiarazione fraudolenta mediante uso di\" \/>\n<meta name=\"robots\" content=\"index, follow, max-snippet:-1, max-image-preview:large, max-video-preview:-1\" \/>\n<link rel=\"canonical\" href=\"https:\/\/beneggiassociati.com\/en\/231-ed-estensione-ai-reati-fiscali-cosa-cambia-per-le-imprese\/\" \/>\n<meta property=\"og:locale\" content=\"en_US\" \/>\n<meta property=\"og:type\" content=\"article\" \/>\n<meta property=\"og:title\" content=\"231 ed estensione ai reati fiscali, cosa cambia per le imprese - Beneggi &amp; Associati\" \/>\n<meta property=\"og:description\" content=\"Responsabilit\u00e0 amministrativa delle societ\u00e0 estesa a tutti i delitti fiscali pi\u00f9 gravi Oltre al delitto di dichiarazione fraudolenta mediante uso di\" \/>\n<meta property=\"og:url\" content=\"https:\/\/beneggiassociati.com\/en\/231-ed-estensione-ai-reati-fiscali-cosa-cambia-per-le-imprese\/\" \/>\n<meta property=\"og:site_name\" content=\"Beneggi &amp; Associati\" \/>\n<meta property=\"article:published_time\" content=\"2019-12-22T15:18:00+00:00\" \/>\n<meta property=\"og:image\" content=\"https:\/\/beneggiassociati.com\/wp-content\/uploads\/2025\/07\/single-post-beneggi.jpg\" \/>\n\t<meta property=\"og:image:width\" content=\"1280\" \/>\n\t<meta property=\"og:image:height\" content=\"823\" \/>\n\t<meta property=\"og:image:type\" content=\"image\/jpeg\" \/>\n<meta name=\"author\" content=\"Tiziano Beneggi\" \/>\n<meta name=\"twitter:card\" content=\"summary_large_image\" \/>\n<meta name=\"twitter:label1\" content=\"Written by\" \/>\n\t<meta name=\"twitter:data1\" content=\"Tiziano Beneggi\" \/>\n\t<meta name=\"twitter:label2\" content=\"Est. reading time\" \/>\n\t<meta name=\"twitter:data2\" content=\"3 minutes\" \/>\n<script type=\"application\/ld+json\" class=\"yoast-schema-graph\">{\"@context\":\"https:\\\/\\\/schema.org\",\"@graph\":[{\"@type\":\"Article\",\"@id\":\"https:\\\/\\\/beneggiassociati.com\\\/en\\\/231-ed-estensione-ai-reati-fiscali-cosa-cambia-per-le-imprese\\\/#article\",\"isPartOf\":{\"@id\":\"https:\\\/\\\/beneggiassociati.com\\\/en\\\/231-ed-estensione-ai-reati-fiscali-cosa-cambia-per-le-imprese\\\/\"},\"author\":{\"name\":\"Tiziano Beneggi\",\"@id\":\"https:\\\/\\\/beneggiassociati.com\\\/en\\\/#\\\/schema\\\/person\\\/828daacfa37b359e89e981f920072004\"},\"headline\":\"231 ed estensione ai reati fiscali, cosa cambia per le imprese\",\"datePublished\":\"2019-12-22T15:18:00+00:00\",\"mainEntityOfPage\":{\"@id\":\"https:\\\/\\\/beneggiassociati.com\\\/en\\\/231-ed-estensione-ai-reati-fiscali-cosa-cambia-per-le-imprese\\\/\"},\"wordCount\":541,\"commentCount\":0,\"publisher\":{\"@id\":\"https:\\\/\\\/beneggiassociati.com\\\/en\\\/#organization\"},\"image\":{\"@id\":\"https:\\\/\\\/beneggiassociati.com\\\/en\\\/231-ed-estensione-ai-reati-fiscali-cosa-cambia-per-le-imprese\\\/#primaryimage\"},\"thumbnailUrl\":\"https:\\\/\\\/beneggiassociati.com\\\/wp-content\\\/uploads\\\/2025\\\/07\\\/single-post-beneggi.jpg\",\"articleSection\":[\"ARCHIVIO\"],\"inLanguage\":\"en-US\"},{\"@type\":\"WebPage\",\"@id\":\"https:\\\/\\\/beneggiassociati.com\\\/en\\\/231-ed-estensione-ai-reati-fiscali-cosa-cambia-per-le-imprese\\\/\",\"url\":\"https:\\\/\\\/beneggiassociati.com\\\/en\\\/231-ed-estensione-ai-reati-fiscali-cosa-cambia-per-le-imprese\\\/\",\"name\":\"231 ed estensione ai reati fiscali, cosa cambia per le imprese - Beneggi &amp; Associati\",\"isPartOf\":{\"@id\":\"https:\\\/\\\/beneggiassociati.com\\\/en\\\/#website\"},\"primaryImageOfPage\":{\"@id\":\"https:\\\/\\\/beneggiassociati.com\\\/en\\\/231-ed-estensione-ai-reati-fiscali-cosa-cambia-per-le-imprese\\\/#primaryimage\"},\"image\":{\"@id\":\"https:\\\/\\\/beneggiassociati.com\\\/en\\\/231-ed-estensione-ai-reati-fiscali-cosa-cambia-per-le-imprese\\\/#primaryimage\"},\"thumbnailUrl\":\"https:\\\/\\\/beneggiassociati.com\\\/wp-content\\\/uploads\\\/2025\\\/07\\\/single-post-beneggi.jpg\",\"datePublished\":\"2019-12-22T15:18:00+00:00\",\"description\":\"Responsabilit\u00e0 amministrativa delle societ\u00e0 estesa a tutti i delitti fiscali pi\u00f9 gravi Oltre al delitto di dichiarazione fraudolenta mediante uso di\",\"breadcrumb\":{\"@id\":\"https:\\\/\\\/beneggiassociati.com\\\/en\\\/231-ed-estensione-ai-reati-fiscali-cosa-cambia-per-le-imprese\\\/#breadcrumb\"},\"inLanguage\":\"en-US\",\"potentialAction\":[{\"@type\":\"ReadAction\",\"target\":[\"https:\\\/\\\/beneggiassociati.com\\\/en\\\/231-ed-estensione-ai-reati-fiscali-cosa-cambia-per-le-imprese\\\/\"]}]},{\"@type\":\"ImageObject\",\"inLanguage\":\"en-US\",\"@id\":\"https:\\\/\\\/beneggiassociati.com\\\/en\\\/231-ed-estensione-ai-reati-fiscali-cosa-cambia-per-le-imprese\\\/#primaryimage\",\"url\":\"https:\\\/\\\/beneggiassociati.com\\\/wp-content\\\/uploads\\\/2025\\\/07\\\/single-post-beneggi.jpg\",\"contentUrl\":\"https:\\\/\\\/beneggiassociati.com\\\/wp-content\\\/uploads\\\/2025\\\/07\\\/single-post-beneggi.jpg\",\"width\":1280,\"height\":823},{\"@type\":\"BreadcrumbList\",\"@id\":\"https:\\\/\\\/beneggiassociati.com\\\/en\\\/231-ed-estensione-ai-reati-fiscali-cosa-cambia-per-le-imprese\\\/#breadcrumb\",\"itemListElement\":[{\"@type\":\"ListItem\",\"position\":1,\"name\":\"Home\",\"item\":\"https:\\\/\\\/beneggiassociati.com\\\/en\\\/?page_id=24163\"},{\"@type\":\"ListItem\",\"position\":2,\"name\":\"231 ed estensione ai reati fiscali, cosa cambia per le imprese\"}]},{\"@type\":\"WebSite\",\"@id\":\"https:\\\/\\\/beneggiassociati.com\\\/en\\\/#website\",\"url\":\"https:\\\/\\\/beneggiassociati.com\\\/en\\\/\",\"name\":\"Beneggi e associati\",\"description\":\"\",\"publisher\":{\"@id\":\"https:\\\/\\\/beneggiassociati.com\\\/en\\\/#organization\"},\"potentialAction\":[{\"@type\":\"SearchAction\",\"target\":{\"@type\":\"EntryPoint\",\"urlTemplate\":\"https:\\\/\\\/beneggiassociati.com\\\/en\\\/?s={search_term_string}\"},\"query-input\":{\"@type\":\"PropertyValueSpecification\",\"valueRequired\":true,\"valueName\":\"search_term_string\"}}],\"inLanguage\":\"en-US\"},{\"@type\":\"Organization\",\"@id\":\"https:\\\/\\\/beneggiassociati.com\\\/en\\\/#organization\",\"name\":\"Beneggi e associati\",\"url\":\"https:\\\/\\\/beneggiassociati.com\\\/en\\\/\",\"logo\":{\"@type\":\"ImageObject\",\"inLanguage\":\"en-US\",\"@id\":\"https:\\\/\\\/beneggiassociati.com\\\/en\\\/#\\\/schema\\\/logo\\\/image\\\/\",\"url\":\"https:\\\/\\\/beneggiassociati.com\\\/wp-content\\\/uploads\\\/2025\\\/07\\\/beneggi-logo.png\",\"contentUrl\":\"https:\\\/\\\/beneggiassociati.com\\\/wp-content\\\/uploads\\\/2025\\\/07\\\/beneggi-logo.png\",\"width\":141,\"height\":87,\"caption\":\"Beneggi e associati\"},\"image\":{\"@id\":\"https:\\\/\\\/beneggiassociati.com\\\/en\\\/#\\\/schema\\\/logo\\\/image\\\/\"}},{\"@type\":\"Person\",\"@id\":\"https:\\\/\\\/beneggiassociati.com\\\/en\\\/#\\\/schema\\\/person\\\/828daacfa37b359e89e981f920072004\",\"name\":\"Tiziano Beneggi\",\"url\":\"https:\\\/\\\/beneggiassociati.com\\\/en\\\/author\\\/tizianobeneggiassociati-com\\\/\"}]}<\/script>\n<!-- \/ Yoast SEO plugin. -->","yoast_head_json":{"title":"231 ed estensione ai reati fiscali, cosa cambia per le imprese - Beneggi &amp; Associati","description":"Responsabilit\u00e0 amministrativa delle societ\u00e0 estesa a tutti i delitti fiscali pi\u00f9 gravi Oltre al delitto di dichiarazione fraudolenta mediante uso di","robots":{"index":"index","follow":"follow","max-snippet":"max-snippet:-1","max-image-preview":"max-image-preview:large","max-video-preview":"max-video-preview:-1"},"canonical":"https:\/\/beneggiassociati.com\/en\/231-ed-estensione-ai-reati-fiscali-cosa-cambia-per-le-imprese\/","og_locale":"en_US","og_type":"article","og_title":"231 ed estensione ai reati fiscali, cosa cambia per le imprese - Beneggi &amp; Associati","og_description":"Responsabilit\u00e0 amministrativa delle societ\u00e0 estesa a tutti i delitti fiscali pi\u00f9 gravi Oltre al delitto di dichiarazione fraudolenta mediante uso di","og_url":"https:\/\/beneggiassociati.com\/en\/231-ed-estensione-ai-reati-fiscali-cosa-cambia-per-le-imprese\/","og_site_name":"Beneggi &amp; Associati","article_published_time":"2019-12-22T15:18:00+00:00","og_image":[{"width":1280,"height":823,"url":"https:\/\/beneggiassociati.com\/wp-content\/uploads\/2025\/07\/single-post-beneggi.jpg","type":"image\/jpeg"}],"author":"Tiziano Beneggi","twitter_card":"summary_large_image","twitter_misc":{"Written by":"Tiziano Beneggi","Est. reading time":"3 minutes"},"schema":{"@context":"https:\/\/schema.org","@graph":[{"@type":"Article","@id":"https:\/\/beneggiassociati.com\/en\/231-ed-estensione-ai-reati-fiscali-cosa-cambia-per-le-imprese\/#article","isPartOf":{"@id":"https:\/\/beneggiassociati.com\/en\/231-ed-estensione-ai-reati-fiscali-cosa-cambia-per-le-imprese\/"},"author":{"name":"Tiziano Beneggi","@id":"https:\/\/beneggiassociati.com\/en\/#\/schema\/person\/828daacfa37b359e89e981f920072004"},"headline":"231 ed estensione ai reati fiscali, cosa cambia per le imprese","datePublished":"2019-12-22T15:18:00+00:00","mainEntityOfPage":{"@id":"https:\/\/beneggiassociati.com\/en\/231-ed-estensione-ai-reati-fiscali-cosa-cambia-per-le-imprese\/"},"wordCount":541,"commentCount":0,"publisher":{"@id":"https:\/\/beneggiassociati.com\/en\/#organization"},"image":{"@id":"https:\/\/beneggiassociati.com\/en\/231-ed-estensione-ai-reati-fiscali-cosa-cambia-per-le-imprese\/#primaryimage"},"thumbnailUrl":"https:\/\/beneggiassociati.com\/wp-content\/uploads\/2025\/07\/single-post-beneggi.jpg","articleSection":["ARCHIVIO"],"inLanguage":"en-US"},{"@type":"WebPage","@id":"https:\/\/beneggiassociati.com\/en\/231-ed-estensione-ai-reati-fiscali-cosa-cambia-per-le-imprese\/","url":"https:\/\/beneggiassociati.com\/en\/231-ed-estensione-ai-reati-fiscali-cosa-cambia-per-le-imprese\/","name":"231 ed estensione ai reati fiscali, cosa cambia per le imprese - Beneggi &amp; Associati","isPartOf":{"@id":"https:\/\/beneggiassociati.com\/en\/#website"},"primaryImageOfPage":{"@id":"https:\/\/beneggiassociati.com\/en\/231-ed-estensione-ai-reati-fiscali-cosa-cambia-per-le-imprese\/#primaryimage"},"image":{"@id":"https:\/\/beneggiassociati.com\/en\/231-ed-estensione-ai-reati-fiscali-cosa-cambia-per-le-imprese\/#primaryimage"},"thumbnailUrl":"https:\/\/beneggiassociati.com\/wp-content\/uploads\/2025\/07\/single-post-beneggi.jpg","datePublished":"2019-12-22T15:18:00+00:00","description":"Responsabilit\u00e0 amministrativa delle societ\u00e0 estesa a tutti i delitti fiscali pi\u00f9 gravi Oltre al delitto di dichiarazione fraudolenta mediante uso di","breadcrumb":{"@id":"https:\/\/beneggiassociati.com\/en\/231-ed-estensione-ai-reati-fiscali-cosa-cambia-per-le-imprese\/#breadcrumb"},"inLanguage":"en-US","potentialAction":[{"@type":"ReadAction","target":["https:\/\/beneggiassociati.com\/en\/231-ed-estensione-ai-reati-fiscali-cosa-cambia-per-le-imprese\/"]}]},{"@type":"ImageObject","inLanguage":"en-US","@id":"https:\/\/beneggiassociati.com\/en\/231-ed-estensione-ai-reati-fiscali-cosa-cambia-per-le-imprese\/#primaryimage","url":"https:\/\/beneggiassociati.com\/wp-content\/uploads\/2025\/07\/single-post-beneggi.jpg","contentUrl":"https:\/\/beneggiassociati.com\/wp-content\/uploads\/2025\/07\/single-post-beneggi.jpg","width":1280,"height":823},{"@type":"BreadcrumbList","@id":"https:\/\/beneggiassociati.com\/en\/231-ed-estensione-ai-reati-fiscali-cosa-cambia-per-le-imprese\/#breadcrumb","itemListElement":[{"@type":"ListItem","position":1,"name":"Home","item":"https:\/\/beneggiassociati.com\/en\/?page_id=24163"},{"@type":"ListItem","position":2,"name":"231 ed estensione ai reati fiscali, cosa cambia per le imprese"}]},{"@type":"WebSite","@id":"https:\/\/beneggiassociati.com\/en\/#website","url":"https:\/\/beneggiassociati.com\/en\/","name":"Beneggi e associati","description":"","publisher":{"@id":"https:\/\/beneggiassociati.com\/en\/#organization"},"potentialAction":[{"@type":"SearchAction","target":{"@type":"EntryPoint","urlTemplate":"https:\/\/beneggiassociati.com\/en\/?s={search_term_string}"},"query-input":{"@type":"PropertyValueSpecification","valueRequired":true,"valueName":"search_term_string"}}],"inLanguage":"en-US"},{"@type":"Organization","@id":"https:\/\/beneggiassociati.com\/en\/#organization","name":"Beneggi e associati","url":"https:\/\/beneggiassociati.com\/en\/","logo":{"@type":"ImageObject","inLanguage":"en-US","@id":"https:\/\/beneggiassociati.com\/en\/#\/schema\/logo\/image\/","url":"https:\/\/beneggiassociati.com\/wp-content\/uploads\/2025\/07\/beneggi-logo.png","contentUrl":"https:\/\/beneggiassociati.com\/wp-content\/uploads\/2025\/07\/beneggi-logo.png","width":141,"height":87,"caption":"Beneggi e associati"},"image":{"@id":"https:\/\/beneggiassociati.com\/en\/#\/schema\/logo\/image\/"}},{"@type":"Person","@id":"https:\/\/beneggiassociati.com\/en\/#\/schema\/person\/828daacfa37b359e89e981f920072004","name":"Tiziano Beneggi","url":"https:\/\/beneggiassociati.com\/en\/author\/tizianobeneggiassociati-com\/"}]}},"_links":{"self":[{"href":"https:\/\/beneggiassociati.com\/en\/wp-json\/wp\/v2\/posts\/16869","targetHints":{"allow":["GET"]}}],"collection":[{"href":"https:\/\/beneggiassociati.com\/en\/wp-json\/wp\/v2\/posts"}],"about":[{"href":"https:\/\/beneggiassociati.com\/en\/wp-json\/wp\/v2\/types\/post"}],"author":[{"embeddable":true,"href":"https:\/\/beneggiassociati.com\/en\/wp-json\/wp\/v2\/users\/4"}],"replies":[{"embeddable":true,"href":"https:\/\/beneggiassociati.com\/en\/wp-json\/wp\/v2\/comments?post=16869"}],"version-history":[{"count":0,"href":"https:\/\/beneggiassociati.com\/en\/wp-json\/wp\/v2\/posts\/16869\/revisions"}],"wp:featuredmedia":[{"embeddable":true,"href":"https:\/\/beneggiassociati.com\/en\/wp-json\/wp\/v2\/media\/409"}],"wp:attachment":[{"href":"https:\/\/beneggiassociati.com\/en\/wp-json\/wp\/v2\/media?parent=16869"}],"wp:term":[{"taxonomy":"category","embeddable":true,"href":"https:\/\/beneggiassociati.com\/en\/wp-json\/wp\/v2\/categories?post=16869"},{"taxonomy":"post_tag","embeddable":true,"href":"https:\/\/beneggiassociati.com\/en\/wp-json\/wp\/v2\/tags?post=16869"}],"curies":[{"name":"wp","href":"https:\/\/api.w.org\/{rel}","templated":true}]}}