{"id":16873,"date":"2019-12-22T16:24:00","date_gmt":"2019-12-22T15:24:00","guid":{"rendered":"https:\/\/dev.beneggiassociati.com\/2019\/12\/22\/flat-tax-il-forfettario-si-riduce-e-crescono-le-incompatibilita\/"},"modified":"2019-12-22T16:24:00","modified_gmt":"2019-12-22T15:24:00","slug":"flat-tax-il-forfettario-si-riduce-e-crescono-le-incompatibilita","status":"publish","type":"post","link":"https:\/\/beneggiassociati.com\/en\/flat-tax-il-forfettario-si-riduce-e-crescono-le-incompatibilita\/","title":{"rendered":"Flat tax, il forfettario si riduce e crescono le incompatibilit\u00e0"},"content":{"rendered":"\n<p>Abolito il regime super forfettario per i contribuenti con ricavi e compensi compresi fra 65mila e 100mila euro e restrizione delle condizioni di accesso per gli altri. Gli altri contribuenti con ricavi e compensi realizzati nell&#8217;anno 2019, di ammontare non superiore a 65.000 possono invece applicare o continuare ad applicare il regime forfettario di cui alla legge n. 190\/2014. Tuttavia, occorre tenere presente una nuova condizione di accesso ed una causa di incompatibilit\u00e0:<\/p>\n\n\n<ul class=\"wp-block-list\"><li>il contribuente in regime forfettario nell&#8217;anno precedente non deve aver sostenuto spese per un ammontare complessivamente superiore a 20mila euro lordi per lavoro dipendente anche nell&#8217;ambito del lavoro accessorio di cui al decreto legislativo 276\/2003, come pure per collaboratori borsisti, contratti a progetto nonch\u00e9 le somme erogate sotto forma di utili da associazione in partecipazione. La norma sembra molto rigorosa;<ul><li>sono esclusi coloro che nell&#8217;anno precedente hanno percepito redditi di lavoro dipendente e redditi assimilati come quelli di pensione (articoli 49 e 50 del Tuir) eccedenti l&#8217;importo di 30mila euro. La verifica di tale soglia non deve essere verificata se il rapporto di lavoro \u00e8 cessato nel corso dell&#8217;anno.<\/li><\/ul><\/li><\/ul>\n\n\n<p>L&#8217;incompatibilit\u00e0 con il reddito di lavoro dipendente o di pensione nel limite di 30mila euro comporter\u00e0 che molti contribuenti che nel 2019 hanno applicato il regime forfettario non lo potranno pi\u00f9 fare il prossimo anno se sono pensionati o dipendenti. Nel caso di passaggio dal regime forfettario a quello ordinario ricavi e compensi maturati nel 2019 che verranno incassati nel 2020 saranno sottoposti al regime dell&#8217;anno in cui si manifestano e cio\u00e8 quando vengono incassati; la norma non brilla per chiarezza ma sembra che questi compensi non possano usufruire della detrazione forfettaria. Le spese sostenute nell&#8217;anno di applicazione del forfettario non possono essere in nessun caso dedotte nell&#8217;anno successivo.<\/p>\n\n\n<p>Una disposizione prende in considerazione l\u2019emissione della fattura elettronica che continua a non essere obbligatoria per i contribuenti in regime forfettario. Viene stabilito che i soggetti che hanno l&#8217;intero fatturato annuo costituito esclusivamente da fatture elettroniche usufruiscono della riduzione di un anno del termine quinquennale di accertamento. Quindi questa norma conferma che i forfettari non devono emettere fattura elettronica, mentre non \u00e8 venuto meno l&#8217;esonero della memorizzazione e trasmissione telematica dei corrispettivi.<\/p>\n\n\n<p>Infine, viene precisato che nell&#8217;ammontare del reddito, ai fini della spettanza delle detrazioni e deduzioni anche di natura non tributaria, si tiene comunque conto anche del reddito rientrante nel forfait.<\/p>\n\n\n<p><a href=\"mailto:info@beneggiassociati.com\" target=\"_blank\" rel=\"noreferrer noopener\"><br \/>Sei interessato all\u2019articolo? Scrivici e verrai contattato da un nostro Consultant<\/a><\/p>\n\n\n<p><a href=\"https:\/\/beneggiassociati.com\/\" target=\"_blank\" rel=\"noreferrer noopener\">@ Beneggi e Associati | Commercialisti al servizio delle imprese | Meda | Milano<\/a><br \/><\/p>\n","protected":false},"excerpt":{"rendered":"<p>Abolito il regime super forfettario per i contribuenti con ricavi e compensi compresi fra 65mila e 100mila euro e restrizione delle condizioni di accesso per gli altri. Gli altri contribuenti con ricavi e compensi realizzati nell&#8217;anno 2019, di ammontare non superiore a 65.000 possono invece applicare o continuare ad applicare il regime forfettario di cui [&hellip;]<\/p>\n","protected":false},"author":4,"featured_media":409,"comment_status":"open","ping_status":"open","sticky":false,"template":"","format":"standard","meta":{"_acf_changed":false,"content-type":"","footnotes":""},"categories":[16],"tags":[],"class_list":["post-16873","post","type-post","status-publish","format-standard","has-post-thumbnail","hentry","category-archivio"],"acf":[],"yoast_head":"<!-- This site is optimized with the Yoast SEO plugin v27.4 - https:\/\/yoast.com\/product\/yoast-seo-wordpress\/ -->\n<title>Flat tax, il forfettario si riduce e crescono le incompatibilit\u00e0 - Beneggi &amp; Associati<\/title>\n<meta name=\"description\" content=\"Abolito il regime super forfettario per i contribuenti con ricavi e compensi compresi fra 65mila e 100mila euro e restrizione delle condizioni di accesso\" \/>\n<meta name=\"robots\" content=\"index, follow, max-snippet:-1, max-image-preview:large, max-video-preview:-1\" \/>\n<link rel=\"canonical\" href=\"https:\/\/beneggiassociati.com\/en\/flat-tax-il-forfettario-si-riduce-e-crescono-le-incompatibilita\/\" \/>\n<meta property=\"og:locale\" content=\"en_US\" \/>\n<meta property=\"og:type\" content=\"article\" \/>\n<meta property=\"og:title\" content=\"Flat tax, il forfettario si riduce e crescono le incompatibilit\u00e0 - Beneggi &amp; Associati\" \/>\n<meta property=\"og:description\" content=\"Abolito il regime super forfettario per i contribuenti con ricavi e compensi compresi fra 65mila e 100mila euro e restrizione delle condizioni di accesso\" \/>\n<meta property=\"og:url\" content=\"https:\/\/beneggiassociati.com\/en\/flat-tax-il-forfettario-si-riduce-e-crescono-le-incompatibilita\/\" \/>\n<meta property=\"og:site_name\" content=\"Beneggi &amp; Associati\" \/>\n<meta property=\"article:published_time\" content=\"2019-12-22T15:24:00+00:00\" \/>\n<meta property=\"og:image\" content=\"https:\/\/beneggiassociati.com\/wp-content\/uploads\/2025\/07\/single-post-beneggi.jpg\" \/>\n\t<meta property=\"og:image:width\" content=\"1280\" \/>\n\t<meta property=\"og:image:height\" content=\"823\" \/>\n\t<meta property=\"og:image:type\" content=\"image\/jpeg\" \/>\n<meta name=\"author\" content=\"Tiziano Beneggi\" \/>\n<meta name=\"twitter:card\" content=\"summary_large_image\" \/>\n<meta name=\"twitter:label1\" content=\"Written by\" \/>\n\t<meta name=\"twitter:data1\" content=\"Tiziano Beneggi\" \/>\n\t<meta name=\"twitter:label2\" content=\"Est. reading time\" \/>\n\t<meta name=\"twitter:data2\" content=\"2 minutes\" \/>\n<script type=\"application\/ld+json\" class=\"yoast-schema-graph\">{\"@context\":\"https:\\\/\\\/schema.org\",\"@graph\":[{\"@type\":\"Article\",\"@id\":\"https:\\\/\\\/beneggiassociati.com\\\/en\\\/flat-tax-il-forfettario-si-riduce-e-crescono-le-incompatibilita\\\/#article\",\"isPartOf\":{\"@id\":\"https:\\\/\\\/beneggiassociati.com\\\/en\\\/flat-tax-il-forfettario-si-riduce-e-crescono-le-incompatibilita\\\/\"},\"author\":{\"name\":\"Tiziano Beneggi\",\"@id\":\"https:\\\/\\\/beneggiassociati.com\\\/en\\\/#\\\/schema\\\/person\\\/828daacfa37b359e89e981f920072004\"},\"headline\":\"Flat tax, il forfettario si riduce e crescono le incompatibilit\u00e0\",\"datePublished\":\"2019-12-22T15:24:00+00:00\",\"mainEntityOfPage\":{\"@id\":\"https:\\\/\\\/beneggiassociati.com\\\/en\\\/flat-tax-il-forfettario-si-riduce-e-crescono-le-incompatibilita\\\/\"},\"wordCount\":428,\"commentCount\":0,\"publisher\":{\"@id\":\"https:\\\/\\\/beneggiassociati.com\\\/en\\\/#organization\"},\"image\":{\"@id\":\"https:\\\/\\\/beneggiassociati.com\\\/en\\\/flat-tax-il-forfettario-si-riduce-e-crescono-le-incompatibilita\\\/#primaryimage\"},\"thumbnailUrl\":\"https:\\\/\\\/beneggiassociati.com\\\/wp-content\\\/uploads\\\/2025\\\/07\\\/single-post-beneggi.jpg\",\"articleSection\":[\"ARCHIVIO\"],\"inLanguage\":\"en-US\"},{\"@type\":\"WebPage\",\"@id\":\"https:\\\/\\\/beneggiassociati.com\\\/en\\\/flat-tax-il-forfettario-si-riduce-e-crescono-le-incompatibilita\\\/\",\"url\":\"https:\\\/\\\/beneggiassociati.com\\\/en\\\/flat-tax-il-forfettario-si-riduce-e-crescono-le-incompatibilita\\\/\",\"name\":\"Flat tax, il forfettario si riduce e crescono le incompatibilit\u00e0 - Beneggi &amp; Associati\",\"isPartOf\":{\"@id\":\"https:\\\/\\\/beneggiassociati.com\\\/en\\\/#website\"},\"primaryImageOfPage\":{\"@id\":\"https:\\\/\\\/beneggiassociati.com\\\/en\\\/flat-tax-il-forfettario-si-riduce-e-crescono-le-incompatibilita\\\/#primaryimage\"},\"image\":{\"@id\":\"https:\\\/\\\/beneggiassociati.com\\\/en\\\/flat-tax-il-forfettario-si-riduce-e-crescono-le-incompatibilita\\\/#primaryimage\"},\"thumbnailUrl\":\"https:\\\/\\\/beneggiassociati.com\\\/wp-content\\\/uploads\\\/2025\\\/07\\\/single-post-beneggi.jpg\",\"datePublished\":\"2019-12-22T15:24:00+00:00\",\"description\":\"Abolito il regime super forfettario per i contribuenti con ricavi e compensi compresi fra 65mila e 100mila euro e restrizione delle condizioni di accesso\",\"breadcrumb\":{\"@id\":\"https:\\\/\\\/beneggiassociati.com\\\/en\\\/flat-tax-il-forfettario-si-riduce-e-crescono-le-incompatibilita\\\/#breadcrumb\"},\"inLanguage\":\"en-US\",\"potentialAction\":[{\"@type\":\"ReadAction\",\"target\":[\"https:\\\/\\\/beneggiassociati.com\\\/en\\\/flat-tax-il-forfettario-si-riduce-e-crescono-le-incompatibilita\\\/\"]}]},{\"@type\":\"ImageObject\",\"inLanguage\":\"en-US\",\"@id\":\"https:\\\/\\\/beneggiassociati.com\\\/en\\\/flat-tax-il-forfettario-si-riduce-e-crescono-le-incompatibilita\\\/#primaryimage\",\"url\":\"https:\\\/\\\/beneggiassociati.com\\\/wp-content\\\/uploads\\\/2025\\\/07\\\/single-post-beneggi.jpg\",\"contentUrl\":\"https:\\\/\\\/beneggiassociati.com\\\/wp-content\\\/uploads\\\/2025\\\/07\\\/single-post-beneggi.jpg\",\"width\":1280,\"height\":823},{\"@type\":\"BreadcrumbList\",\"@id\":\"https:\\\/\\\/beneggiassociati.com\\\/en\\\/flat-tax-il-forfettario-si-riduce-e-crescono-le-incompatibilita\\\/#breadcrumb\",\"itemListElement\":[{\"@type\":\"ListItem\",\"position\":1,\"name\":\"Home\",\"item\":\"https:\\\/\\\/beneggiassociati.com\\\/en\\\/?page_id=24163\"},{\"@type\":\"ListItem\",\"position\":2,\"name\":\"Flat tax, il forfettario si riduce e crescono le incompatibilit\u00e0\"}]},{\"@type\":\"WebSite\",\"@id\":\"https:\\\/\\\/beneggiassociati.com\\\/en\\\/#website\",\"url\":\"https:\\\/\\\/beneggiassociati.com\\\/en\\\/\",\"name\":\"Beneggi e associati\",\"description\":\"\",\"publisher\":{\"@id\":\"https:\\\/\\\/beneggiassociati.com\\\/en\\\/#organization\"},\"potentialAction\":[{\"@type\":\"SearchAction\",\"target\":{\"@type\":\"EntryPoint\",\"urlTemplate\":\"https:\\\/\\\/beneggiassociati.com\\\/en\\\/?s={search_term_string}\"},\"query-input\":{\"@type\":\"PropertyValueSpecification\",\"valueRequired\":true,\"valueName\":\"search_term_string\"}}],\"inLanguage\":\"en-US\"},{\"@type\":\"Organization\",\"@id\":\"https:\\\/\\\/beneggiassociati.com\\\/en\\\/#organization\",\"name\":\"Beneggi e associati\",\"url\":\"https:\\\/\\\/beneggiassociati.com\\\/en\\\/\",\"logo\":{\"@type\":\"ImageObject\",\"inLanguage\":\"en-US\",\"@id\":\"https:\\\/\\\/beneggiassociati.com\\\/en\\\/#\\\/schema\\\/logo\\\/image\\\/\",\"url\":\"https:\\\/\\\/beneggiassociati.com\\\/wp-content\\\/uploads\\\/2025\\\/07\\\/beneggi-logo.png\",\"contentUrl\":\"https:\\\/\\\/beneggiassociati.com\\\/wp-content\\\/uploads\\\/2025\\\/07\\\/beneggi-logo.png\",\"width\":141,\"height\":87,\"caption\":\"Beneggi e associati\"},\"image\":{\"@id\":\"https:\\\/\\\/beneggiassociati.com\\\/en\\\/#\\\/schema\\\/logo\\\/image\\\/\"}},{\"@type\":\"Person\",\"@id\":\"https:\\\/\\\/beneggiassociati.com\\\/en\\\/#\\\/schema\\\/person\\\/828daacfa37b359e89e981f920072004\",\"name\":\"Tiziano Beneggi\",\"url\":\"https:\\\/\\\/beneggiassociati.com\\\/en\\\/author\\\/tizianobeneggiassociati-com\\\/\"}]}<\/script>\n<!-- \/ Yoast SEO plugin. -->","yoast_head_json":{"title":"Flat tax, il forfettario si riduce e crescono le incompatibilit\u00e0 - Beneggi &amp; Associati","description":"Abolito il regime super forfettario per i contribuenti con ricavi e compensi compresi fra 65mila e 100mila euro e restrizione delle condizioni di accesso","robots":{"index":"index","follow":"follow","max-snippet":"max-snippet:-1","max-image-preview":"max-image-preview:large","max-video-preview":"max-video-preview:-1"},"canonical":"https:\/\/beneggiassociati.com\/en\/flat-tax-il-forfettario-si-riduce-e-crescono-le-incompatibilita\/","og_locale":"en_US","og_type":"article","og_title":"Flat tax, il forfettario si riduce e crescono le incompatibilit\u00e0 - Beneggi &amp; Associati","og_description":"Abolito il regime super forfettario per i contribuenti con ricavi e compensi compresi fra 65mila e 100mila euro e restrizione delle condizioni di accesso","og_url":"https:\/\/beneggiassociati.com\/en\/flat-tax-il-forfettario-si-riduce-e-crescono-le-incompatibilita\/","og_site_name":"Beneggi &amp; Associati","article_published_time":"2019-12-22T15:24:00+00:00","og_image":[{"width":1280,"height":823,"url":"https:\/\/beneggiassociati.com\/wp-content\/uploads\/2025\/07\/single-post-beneggi.jpg","type":"image\/jpeg"}],"author":"Tiziano Beneggi","twitter_card":"summary_large_image","twitter_misc":{"Written by":"Tiziano Beneggi","Est. reading time":"2 minutes"},"schema":{"@context":"https:\/\/schema.org","@graph":[{"@type":"Article","@id":"https:\/\/beneggiassociati.com\/en\/flat-tax-il-forfettario-si-riduce-e-crescono-le-incompatibilita\/#article","isPartOf":{"@id":"https:\/\/beneggiassociati.com\/en\/flat-tax-il-forfettario-si-riduce-e-crescono-le-incompatibilita\/"},"author":{"name":"Tiziano Beneggi","@id":"https:\/\/beneggiassociati.com\/en\/#\/schema\/person\/828daacfa37b359e89e981f920072004"},"headline":"Flat tax, il forfettario si riduce e crescono le incompatibilit\u00e0","datePublished":"2019-12-22T15:24:00+00:00","mainEntityOfPage":{"@id":"https:\/\/beneggiassociati.com\/en\/flat-tax-il-forfettario-si-riduce-e-crescono-le-incompatibilita\/"},"wordCount":428,"commentCount":0,"publisher":{"@id":"https:\/\/beneggiassociati.com\/en\/#organization"},"image":{"@id":"https:\/\/beneggiassociati.com\/en\/flat-tax-il-forfettario-si-riduce-e-crescono-le-incompatibilita\/#primaryimage"},"thumbnailUrl":"https:\/\/beneggiassociati.com\/wp-content\/uploads\/2025\/07\/single-post-beneggi.jpg","articleSection":["ARCHIVIO"],"inLanguage":"en-US"},{"@type":"WebPage","@id":"https:\/\/beneggiassociati.com\/en\/flat-tax-il-forfettario-si-riduce-e-crescono-le-incompatibilita\/","url":"https:\/\/beneggiassociati.com\/en\/flat-tax-il-forfettario-si-riduce-e-crescono-le-incompatibilita\/","name":"Flat tax, il forfettario si riduce e crescono le incompatibilit\u00e0 - Beneggi &amp; Associati","isPartOf":{"@id":"https:\/\/beneggiassociati.com\/en\/#website"},"primaryImageOfPage":{"@id":"https:\/\/beneggiassociati.com\/en\/flat-tax-il-forfettario-si-riduce-e-crescono-le-incompatibilita\/#primaryimage"},"image":{"@id":"https:\/\/beneggiassociati.com\/en\/flat-tax-il-forfettario-si-riduce-e-crescono-le-incompatibilita\/#primaryimage"},"thumbnailUrl":"https:\/\/beneggiassociati.com\/wp-content\/uploads\/2025\/07\/single-post-beneggi.jpg","datePublished":"2019-12-22T15:24:00+00:00","description":"Abolito il regime super forfettario per i contribuenti con ricavi e compensi compresi fra 65mila e 100mila euro e restrizione delle condizioni di accesso","breadcrumb":{"@id":"https:\/\/beneggiassociati.com\/en\/flat-tax-il-forfettario-si-riduce-e-crescono-le-incompatibilita\/#breadcrumb"},"inLanguage":"en-US","potentialAction":[{"@type":"ReadAction","target":["https:\/\/beneggiassociati.com\/en\/flat-tax-il-forfettario-si-riduce-e-crescono-le-incompatibilita\/"]}]},{"@type":"ImageObject","inLanguage":"en-US","@id":"https:\/\/beneggiassociati.com\/en\/flat-tax-il-forfettario-si-riduce-e-crescono-le-incompatibilita\/#primaryimage","url":"https:\/\/beneggiassociati.com\/wp-content\/uploads\/2025\/07\/single-post-beneggi.jpg","contentUrl":"https:\/\/beneggiassociati.com\/wp-content\/uploads\/2025\/07\/single-post-beneggi.jpg","width":1280,"height":823},{"@type":"BreadcrumbList","@id":"https:\/\/beneggiassociati.com\/en\/flat-tax-il-forfettario-si-riduce-e-crescono-le-incompatibilita\/#breadcrumb","itemListElement":[{"@type":"ListItem","position":1,"name":"Home","item":"https:\/\/beneggiassociati.com\/en\/?page_id=24163"},{"@type":"ListItem","position":2,"name":"Flat tax, il forfettario si riduce e crescono le incompatibilit\u00e0"}]},{"@type":"WebSite","@id":"https:\/\/beneggiassociati.com\/en\/#website","url":"https:\/\/beneggiassociati.com\/en\/","name":"Beneggi e associati","description":"","publisher":{"@id":"https:\/\/beneggiassociati.com\/en\/#organization"},"potentialAction":[{"@type":"SearchAction","target":{"@type":"EntryPoint","urlTemplate":"https:\/\/beneggiassociati.com\/en\/?s={search_term_string}"},"query-input":{"@type":"PropertyValueSpecification","valueRequired":true,"valueName":"search_term_string"}}],"inLanguage":"en-US"},{"@type":"Organization","@id":"https:\/\/beneggiassociati.com\/en\/#organization","name":"Beneggi e associati","url":"https:\/\/beneggiassociati.com\/en\/","logo":{"@type":"ImageObject","inLanguage":"en-US","@id":"https:\/\/beneggiassociati.com\/en\/#\/schema\/logo\/image\/","url":"https:\/\/beneggiassociati.com\/wp-content\/uploads\/2025\/07\/beneggi-logo.png","contentUrl":"https:\/\/beneggiassociati.com\/wp-content\/uploads\/2025\/07\/beneggi-logo.png","width":141,"height":87,"caption":"Beneggi e associati"},"image":{"@id":"https:\/\/beneggiassociati.com\/en\/#\/schema\/logo\/image\/"}},{"@type":"Person","@id":"https:\/\/beneggiassociati.com\/en\/#\/schema\/person\/828daacfa37b359e89e981f920072004","name":"Tiziano Beneggi","url":"https:\/\/beneggiassociati.com\/en\/author\/tizianobeneggiassociati-com\/"}]}},"_links":{"self":[{"href":"https:\/\/beneggiassociati.com\/en\/wp-json\/wp\/v2\/posts\/16873","targetHints":{"allow":["GET"]}}],"collection":[{"href":"https:\/\/beneggiassociati.com\/en\/wp-json\/wp\/v2\/posts"}],"about":[{"href":"https:\/\/beneggiassociati.com\/en\/wp-json\/wp\/v2\/types\/post"}],"author":[{"embeddable":true,"href":"https:\/\/beneggiassociati.com\/en\/wp-json\/wp\/v2\/users\/4"}],"replies":[{"embeddable":true,"href":"https:\/\/beneggiassociati.com\/en\/wp-json\/wp\/v2\/comments?post=16873"}],"version-history":[{"count":0,"href":"https:\/\/beneggiassociati.com\/en\/wp-json\/wp\/v2\/posts\/16873\/revisions"}],"wp:featuredmedia":[{"embeddable":true,"href":"https:\/\/beneggiassociati.com\/en\/wp-json\/wp\/v2\/media\/409"}],"wp:attachment":[{"href":"https:\/\/beneggiassociati.com\/en\/wp-json\/wp\/v2\/media?parent=16873"}],"wp:term":[{"taxonomy":"category","embeddable":true,"href":"https:\/\/beneggiassociati.com\/en\/wp-json\/wp\/v2\/categories?post=16873"},{"taxonomy":"post_tag","embeddable":true,"href":"https:\/\/beneggiassociati.com\/en\/wp-json\/wp\/v2\/tags?post=16873"}],"curies":[{"name":"wp","href":"https:\/\/api.w.org\/{rel}","templated":true}]}}