{"id":16875,"date":"2019-12-22T16:25:00","date_gmt":"2019-12-22T15:25:00","guid":{"rendered":"https:\/\/dev.beneggiassociati.com\/2019\/12\/22\/addio-alla-mini-ires-torna-in-pista-lace-con-aliquota-all13\/"},"modified":"2019-12-22T16:25:00","modified_gmt":"2019-12-22T15:25:00","slug":"addio-alla-mini-ires-torna-in-pista-lace-con-aliquota-all13","status":"publish","type":"post","link":"https:\/\/beneggiassociati.com\/en\/addio-alla-mini-ires-torna-in-pista-lace-con-aliquota-all13\/","title":{"rendered":"Addio alla mini-Ires, Torna in pista l\u2019Ace con aliquota all\u20191,3%"},"content":{"rendered":"\n<p>Con decorrenza dal periodo d&#8217;imposta successivo a quello in corso al 31 dicembre 2018, e quindi dal 2019, per i soggetti \u201csolari\u201d, il comma 315 dell&#8217;articolo 1 reintroduce l&#8217;Ace, con contemporanea abrogazione della complessa e meno efficace Mini-Ires, a suo tempo introdotta dalla legge di Bilancio 2019 e poi modificata dal decreto legge 34\/2019.&nbsp;<\/p>\n\n\n<p>La norma, per come \u00e8 strutturata, comporta che la reintroduzione dell&#8217;Ace avvenga senza soluzione di continuit\u00e0 rispetto al pregresso; permette quindi di tenere conto dei precedenti incrementi netti del capitale proprio effettuati dal 2011 e fino al 2018. In tal modo, le imprese possono riprendere la precedente pianificazione finanziaria e patrimoniale, inopinatamente interrotta dalla mini-Ires che peraltro nei fatti non ha mai trovato applicazione. Il ripristino, che riguarda sia i soggetti Ires che Irpef, era stato auspicato dal mondo imprenditoriale per due motivi perch\u00e9 l\u2019Ace:&nbsp;<\/p>\n\n\n<ul class=\"wp-block-list\"><li>rappresenta un importante incentivo alla capitalizzazione delle imprese italiane;&nbsp;<ul><li>\u00e8 comunque uno strumento conosciuto e collaudato, seppur con una complessa normativa anti-elusione, che per\u00f2 riguarda sostanzialmente i gruppi di imprese, e che dopo 8 anni di vita \u00e8 stata \u201cmetabolizzata\u201d sia dalle imprese che dai consulenti. In particolare, la reintroduzione permette di utilizzare l&#8217;intero corpus normativo &#8211; incluso il decreto attuativo 3 agosto 2017 &#8211; ed interpretativo esistente.<\/li><\/ul><\/li><\/ul>\n\n\n<p>In sintesi, l&#8217;incremento del capitale netto del capitale proprio corrisponde alla differenza tra:<\/p>\n\n\n<ul class=\"wp-block-list\"><li>elementi positivi, quali utili accantonati a riserva e conferimenti in denaro, compresa la rinuncia incondizionata dei soci alla restituzione dei crediti e la compensazione dei crediti in sede di sottoscrizione di aumenti di capitale;&nbsp;<ul><li>elementi negativi, quale la riduzione del patrimonio netto con attribuzione ai soci a qualsiasi titolo, compresa la riduzione conseguente l&#8217;acquisto di azioni proprie.<\/li><\/ul><\/li><\/ul>\n\n\n<p>La continuit\u00e0 dell&#8217;Ace comporta che il 31 dicembre 2010 continua ad essere il termine di raffronto per il calcolo dell&#8217;eventuale variazione in aumento dei crediti finanziari infragruppo e delle consistenze dei titoli e valori mobiliari, diversi dalle partecipazioni, ove applicabile. Merita infine ricordare che l&#8217;Ace \u00e8 applicabile anche ai soggetti che aderiscono al consolidato fiscale ed alla trasparenza fiscale, e che \u00e8 piuttosto interessante anche ai fini Irap, poich\u00e9 \u00e8 possibile trasformare l&#8217;eccedenza Ace di periodo inutilizzata in credito d&#8217;imposta per pagare l&#8217;Irap, da ripartire in cinque quote annuali di pari importo.<\/p>\n\n\n<p><a href=\"mailto:info@beneggiassociati.com\" target=\"_blank\" rel=\"noreferrer noopener\"><br \/>Sei interessato all\u2019articolo? Scrivici e verrai contattato da un nostro Consultant<\/a><\/p>\n\n\n<p><a href=\"https:\/\/beneggiassociati.com\/\" target=\"_blank\" rel=\"noreferrer noopener\">@ Beneggi e Associati | Commercialisti al servizio delle imprese | Meda | Milano<\/a><br \/><\/p>\n","protected":false},"excerpt":{"rendered":"<p>Con decorrenza dal periodo d&#8217;imposta successivo a quello in corso al 31 dicembre 2018, e quindi dal 2019, per i soggetti \u201csolari\u201d, il comma 315 dell&#8217;articolo 1 reintroduce l&#8217;Ace, con contemporanea abrogazione della complessa e meno efficace Mini-Ires, a suo tempo introdotta dalla legge di Bilancio 2019 e poi modificata dal decreto legge 34\/2019.&nbsp; La [&hellip;]<\/p>\n","protected":false},"author":4,"featured_media":409,"comment_status":"open","ping_status":"open","sticky":false,"template":"","format":"standard","meta":{"_acf_changed":false,"content-type":"","footnotes":""},"categories":[16],"tags":[],"class_list":["post-16875","post","type-post","status-publish","format-standard","has-post-thumbnail","hentry","category-archivio"],"acf":[],"yoast_head":"<!-- This site is optimized with the Yoast SEO plugin v27.4 - https:\/\/yoast.com\/product\/yoast-seo-wordpress\/ -->\n<title>Addio alla mini-Ires, Torna in pista l\u2019Ace con aliquota all\u20191,3% - Beneggi &amp; Associati<\/title>\n<meta name=\"description\" content=\"Con decorrenza dal periodo d&#039;imposta successivo a quello in corso al 31 dicembre 2018, e quindi dal 2019, per i soggetti \u201csolari\u201d, il comma 315\" \/>\n<meta name=\"robots\" content=\"index, follow, max-snippet:-1, max-image-preview:large, max-video-preview:-1\" \/>\n<link rel=\"canonical\" href=\"https:\/\/beneggiassociati.com\/en\/addio-alla-mini-ires-torna-in-pista-lace-con-aliquota-all13\/\" \/>\n<meta property=\"og:locale\" content=\"en_US\" \/>\n<meta property=\"og:type\" content=\"article\" \/>\n<meta property=\"og:title\" content=\"Addio alla mini-Ires, Torna in pista l\u2019Ace con aliquota all\u20191,3% - Beneggi &amp; Associati\" \/>\n<meta property=\"og:description\" content=\"Con decorrenza dal periodo d&#039;imposta successivo a quello in corso al 31 dicembre 2018, e quindi dal 2019, per i soggetti \u201csolari\u201d, il comma 315\" \/>\n<meta property=\"og:url\" content=\"https:\/\/beneggiassociati.com\/en\/addio-alla-mini-ires-torna-in-pista-lace-con-aliquota-all13\/\" \/>\n<meta property=\"og:site_name\" content=\"Beneggi &amp; Associati\" \/>\n<meta property=\"article:published_time\" content=\"2019-12-22T15:25:00+00:00\" \/>\n<meta property=\"og:image\" content=\"https:\/\/beneggiassociati.com\/wp-content\/uploads\/2025\/07\/single-post-beneggi.jpg\" \/>\n\t<meta property=\"og:image:width\" content=\"1280\" \/>\n\t<meta property=\"og:image:height\" content=\"823\" \/>\n\t<meta property=\"og:image:type\" content=\"image\/jpeg\" \/>\n<meta name=\"author\" content=\"Tiziano Beneggi\" \/>\n<meta name=\"twitter:card\" content=\"summary_large_image\" \/>\n<meta name=\"twitter:label1\" content=\"Written by\" \/>\n\t<meta name=\"twitter:data1\" content=\"Tiziano Beneggi\" \/>\n\t<meta name=\"twitter:label2\" content=\"Est. reading time\" \/>\n\t<meta name=\"twitter:data2\" content=\"2 minutes\" \/>\n<script type=\"application\/ld+json\" class=\"yoast-schema-graph\">{\"@context\":\"https:\\\/\\\/schema.org\",\"@graph\":[{\"@type\":\"Article\",\"@id\":\"https:\\\/\\\/beneggiassociati.com\\\/en\\\/addio-alla-mini-ires-torna-in-pista-lace-con-aliquota-all13\\\/#article\",\"isPartOf\":{\"@id\":\"https:\\\/\\\/beneggiassociati.com\\\/en\\\/addio-alla-mini-ires-torna-in-pista-lace-con-aliquota-all13\\\/\"},\"author\":{\"name\":\"Tiziano Beneggi\",\"@id\":\"https:\\\/\\\/beneggiassociati.com\\\/en\\\/#\\\/schema\\\/person\\\/828daacfa37b359e89e981f920072004\"},\"headline\":\"Addio alla mini-Ires, Torna in pista l\u2019Ace con aliquota all\u20191,3%\",\"datePublished\":\"2019-12-22T15:25:00+00:00\",\"mainEntityOfPage\":{\"@id\":\"https:\\\/\\\/beneggiassociati.com\\\/en\\\/addio-alla-mini-ires-torna-in-pista-lace-con-aliquota-all13\\\/\"},\"wordCount\":400,\"commentCount\":0,\"publisher\":{\"@id\":\"https:\\\/\\\/beneggiassociati.com\\\/en\\\/#organization\"},\"image\":{\"@id\":\"https:\\\/\\\/beneggiassociati.com\\\/en\\\/addio-alla-mini-ires-torna-in-pista-lace-con-aliquota-all13\\\/#primaryimage\"},\"thumbnailUrl\":\"https:\\\/\\\/beneggiassociati.com\\\/wp-content\\\/uploads\\\/2025\\\/07\\\/single-post-beneggi.jpg\",\"articleSection\":[\"ARCHIVIO\"],\"inLanguage\":\"en-US\"},{\"@type\":\"WebPage\",\"@id\":\"https:\\\/\\\/beneggiassociati.com\\\/en\\\/addio-alla-mini-ires-torna-in-pista-lace-con-aliquota-all13\\\/\",\"url\":\"https:\\\/\\\/beneggiassociati.com\\\/en\\\/addio-alla-mini-ires-torna-in-pista-lace-con-aliquota-all13\\\/\",\"name\":\"Addio alla mini-Ires, Torna in pista l\u2019Ace con aliquota all\u20191,3% - Beneggi &amp; Associati\",\"isPartOf\":{\"@id\":\"https:\\\/\\\/beneggiassociati.com\\\/en\\\/#website\"},\"primaryImageOfPage\":{\"@id\":\"https:\\\/\\\/beneggiassociati.com\\\/en\\\/addio-alla-mini-ires-torna-in-pista-lace-con-aliquota-all13\\\/#primaryimage\"},\"image\":{\"@id\":\"https:\\\/\\\/beneggiassociati.com\\\/en\\\/addio-alla-mini-ires-torna-in-pista-lace-con-aliquota-all13\\\/#primaryimage\"},\"thumbnailUrl\":\"https:\\\/\\\/beneggiassociati.com\\\/wp-content\\\/uploads\\\/2025\\\/07\\\/single-post-beneggi.jpg\",\"datePublished\":\"2019-12-22T15:25:00+00:00\",\"description\":\"Con decorrenza dal periodo d'imposta successivo a quello in corso al 31 dicembre 2018, e quindi dal 2019, per i soggetti \u201csolari\u201d, il comma 315\",\"breadcrumb\":{\"@id\":\"https:\\\/\\\/beneggiassociati.com\\\/en\\\/addio-alla-mini-ires-torna-in-pista-lace-con-aliquota-all13\\\/#breadcrumb\"},\"inLanguage\":\"en-US\",\"potentialAction\":[{\"@type\":\"ReadAction\",\"target\":[\"https:\\\/\\\/beneggiassociati.com\\\/en\\\/addio-alla-mini-ires-torna-in-pista-lace-con-aliquota-all13\\\/\"]}]},{\"@type\":\"ImageObject\",\"inLanguage\":\"en-US\",\"@id\":\"https:\\\/\\\/beneggiassociati.com\\\/en\\\/addio-alla-mini-ires-torna-in-pista-lace-con-aliquota-all13\\\/#primaryimage\",\"url\":\"https:\\\/\\\/beneggiassociati.com\\\/wp-content\\\/uploads\\\/2025\\\/07\\\/single-post-beneggi.jpg\",\"contentUrl\":\"https:\\\/\\\/beneggiassociati.com\\\/wp-content\\\/uploads\\\/2025\\\/07\\\/single-post-beneggi.jpg\",\"width\":1280,\"height\":823},{\"@type\":\"BreadcrumbList\",\"@id\":\"https:\\\/\\\/beneggiassociati.com\\\/en\\\/addio-alla-mini-ires-torna-in-pista-lace-con-aliquota-all13\\\/#breadcrumb\",\"itemListElement\":[{\"@type\":\"ListItem\",\"position\":1,\"name\":\"Home\",\"item\":\"https:\\\/\\\/beneggiassociati.com\\\/en\\\/?page_id=24163\"},{\"@type\":\"ListItem\",\"position\":2,\"name\":\"Addio alla mini-Ires, Torna in pista l\u2019Ace con aliquota all\u20191,3%\"}]},{\"@type\":\"WebSite\",\"@id\":\"https:\\\/\\\/beneggiassociati.com\\\/en\\\/#website\",\"url\":\"https:\\\/\\\/beneggiassociati.com\\\/en\\\/\",\"name\":\"Beneggi e associati\",\"description\":\"\",\"publisher\":{\"@id\":\"https:\\\/\\\/beneggiassociati.com\\\/en\\\/#organization\"},\"potentialAction\":[{\"@type\":\"SearchAction\",\"target\":{\"@type\":\"EntryPoint\",\"urlTemplate\":\"https:\\\/\\\/beneggiassociati.com\\\/en\\\/?s={search_term_string}\"},\"query-input\":{\"@type\":\"PropertyValueSpecification\",\"valueRequired\":true,\"valueName\":\"search_term_string\"}}],\"inLanguage\":\"en-US\"},{\"@type\":\"Organization\",\"@id\":\"https:\\\/\\\/beneggiassociati.com\\\/en\\\/#organization\",\"name\":\"Beneggi e associati\",\"url\":\"https:\\\/\\\/beneggiassociati.com\\\/en\\\/\",\"logo\":{\"@type\":\"ImageObject\",\"inLanguage\":\"en-US\",\"@id\":\"https:\\\/\\\/beneggiassociati.com\\\/en\\\/#\\\/schema\\\/logo\\\/image\\\/\",\"url\":\"https:\\\/\\\/beneggiassociati.com\\\/wp-content\\\/uploads\\\/2025\\\/07\\\/beneggi-logo.png\",\"contentUrl\":\"https:\\\/\\\/beneggiassociati.com\\\/wp-content\\\/uploads\\\/2025\\\/07\\\/beneggi-logo.png\",\"width\":141,\"height\":87,\"caption\":\"Beneggi e associati\"},\"image\":{\"@id\":\"https:\\\/\\\/beneggiassociati.com\\\/en\\\/#\\\/schema\\\/logo\\\/image\\\/\"}},{\"@type\":\"Person\",\"@id\":\"https:\\\/\\\/beneggiassociati.com\\\/en\\\/#\\\/schema\\\/person\\\/828daacfa37b359e89e981f920072004\",\"name\":\"Tiziano Beneggi\",\"url\":\"https:\\\/\\\/beneggiassociati.com\\\/en\\\/author\\\/tizianobeneggiassociati-com\\\/\"}]}<\/script>\n<!-- \/ Yoast SEO plugin. -->","yoast_head_json":{"title":"Addio alla mini-Ires, Torna in pista l\u2019Ace con aliquota all\u20191,3% - Beneggi &amp; Associati","description":"Con decorrenza dal periodo d'imposta successivo a quello in corso al 31 dicembre 2018, e quindi dal 2019, per i soggetti \u201csolari\u201d, il comma 315","robots":{"index":"index","follow":"follow","max-snippet":"max-snippet:-1","max-image-preview":"max-image-preview:large","max-video-preview":"max-video-preview:-1"},"canonical":"https:\/\/beneggiassociati.com\/en\/addio-alla-mini-ires-torna-in-pista-lace-con-aliquota-all13\/","og_locale":"en_US","og_type":"article","og_title":"Addio alla mini-Ires, Torna in pista l\u2019Ace con aliquota all\u20191,3% - Beneggi &amp; Associati","og_description":"Con decorrenza dal periodo d'imposta successivo a quello in corso al 31 dicembre 2018, e quindi dal 2019, per i soggetti \u201csolari\u201d, il comma 315","og_url":"https:\/\/beneggiassociati.com\/en\/addio-alla-mini-ires-torna-in-pista-lace-con-aliquota-all13\/","og_site_name":"Beneggi &amp; Associati","article_published_time":"2019-12-22T15:25:00+00:00","og_image":[{"width":1280,"height":823,"url":"https:\/\/beneggiassociati.com\/wp-content\/uploads\/2025\/07\/single-post-beneggi.jpg","type":"image\/jpeg"}],"author":"Tiziano Beneggi","twitter_card":"summary_large_image","twitter_misc":{"Written by":"Tiziano Beneggi","Est. reading time":"2 minutes"},"schema":{"@context":"https:\/\/schema.org","@graph":[{"@type":"Article","@id":"https:\/\/beneggiassociati.com\/en\/addio-alla-mini-ires-torna-in-pista-lace-con-aliquota-all13\/#article","isPartOf":{"@id":"https:\/\/beneggiassociati.com\/en\/addio-alla-mini-ires-torna-in-pista-lace-con-aliquota-all13\/"},"author":{"name":"Tiziano Beneggi","@id":"https:\/\/beneggiassociati.com\/en\/#\/schema\/person\/828daacfa37b359e89e981f920072004"},"headline":"Addio alla mini-Ires, Torna in pista l\u2019Ace con aliquota all\u20191,3%","datePublished":"2019-12-22T15:25:00+00:00","mainEntityOfPage":{"@id":"https:\/\/beneggiassociati.com\/en\/addio-alla-mini-ires-torna-in-pista-lace-con-aliquota-all13\/"},"wordCount":400,"commentCount":0,"publisher":{"@id":"https:\/\/beneggiassociati.com\/en\/#organization"},"image":{"@id":"https:\/\/beneggiassociati.com\/en\/addio-alla-mini-ires-torna-in-pista-lace-con-aliquota-all13\/#primaryimage"},"thumbnailUrl":"https:\/\/beneggiassociati.com\/wp-content\/uploads\/2025\/07\/single-post-beneggi.jpg","articleSection":["ARCHIVIO"],"inLanguage":"en-US"},{"@type":"WebPage","@id":"https:\/\/beneggiassociati.com\/en\/addio-alla-mini-ires-torna-in-pista-lace-con-aliquota-all13\/","url":"https:\/\/beneggiassociati.com\/en\/addio-alla-mini-ires-torna-in-pista-lace-con-aliquota-all13\/","name":"Addio alla mini-Ires, Torna in pista l\u2019Ace con aliquota all\u20191,3% - Beneggi &amp; Associati","isPartOf":{"@id":"https:\/\/beneggiassociati.com\/en\/#website"},"primaryImageOfPage":{"@id":"https:\/\/beneggiassociati.com\/en\/addio-alla-mini-ires-torna-in-pista-lace-con-aliquota-all13\/#primaryimage"},"image":{"@id":"https:\/\/beneggiassociati.com\/en\/addio-alla-mini-ires-torna-in-pista-lace-con-aliquota-all13\/#primaryimage"},"thumbnailUrl":"https:\/\/beneggiassociati.com\/wp-content\/uploads\/2025\/07\/single-post-beneggi.jpg","datePublished":"2019-12-22T15:25:00+00:00","description":"Con decorrenza dal periodo d'imposta successivo a quello in corso al 31 dicembre 2018, e quindi dal 2019, per i soggetti \u201csolari\u201d, il comma 315","breadcrumb":{"@id":"https:\/\/beneggiassociati.com\/en\/addio-alla-mini-ires-torna-in-pista-lace-con-aliquota-all13\/#breadcrumb"},"inLanguage":"en-US","potentialAction":[{"@type":"ReadAction","target":["https:\/\/beneggiassociati.com\/en\/addio-alla-mini-ires-torna-in-pista-lace-con-aliquota-all13\/"]}]},{"@type":"ImageObject","inLanguage":"en-US","@id":"https:\/\/beneggiassociati.com\/en\/addio-alla-mini-ires-torna-in-pista-lace-con-aliquota-all13\/#primaryimage","url":"https:\/\/beneggiassociati.com\/wp-content\/uploads\/2025\/07\/single-post-beneggi.jpg","contentUrl":"https:\/\/beneggiassociati.com\/wp-content\/uploads\/2025\/07\/single-post-beneggi.jpg","width":1280,"height":823},{"@type":"BreadcrumbList","@id":"https:\/\/beneggiassociati.com\/en\/addio-alla-mini-ires-torna-in-pista-lace-con-aliquota-all13\/#breadcrumb","itemListElement":[{"@type":"ListItem","position":1,"name":"Home","item":"https:\/\/beneggiassociati.com\/en\/?page_id=24163"},{"@type":"ListItem","position":2,"name":"Addio alla mini-Ires, Torna in pista l\u2019Ace con aliquota all\u20191,3%"}]},{"@type":"WebSite","@id":"https:\/\/beneggiassociati.com\/en\/#website","url":"https:\/\/beneggiassociati.com\/en\/","name":"Beneggi e associati","description":"","publisher":{"@id":"https:\/\/beneggiassociati.com\/en\/#organization"},"potentialAction":[{"@type":"SearchAction","target":{"@type":"EntryPoint","urlTemplate":"https:\/\/beneggiassociati.com\/en\/?s={search_term_string}"},"query-input":{"@type":"PropertyValueSpecification","valueRequired":true,"valueName":"search_term_string"}}],"inLanguage":"en-US"},{"@type":"Organization","@id":"https:\/\/beneggiassociati.com\/en\/#organization","name":"Beneggi e associati","url":"https:\/\/beneggiassociati.com\/en\/","logo":{"@type":"ImageObject","inLanguage":"en-US","@id":"https:\/\/beneggiassociati.com\/en\/#\/schema\/logo\/image\/","url":"https:\/\/beneggiassociati.com\/wp-content\/uploads\/2025\/07\/beneggi-logo.png","contentUrl":"https:\/\/beneggiassociati.com\/wp-content\/uploads\/2025\/07\/beneggi-logo.png","width":141,"height":87,"caption":"Beneggi e associati"},"image":{"@id":"https:\/\/beneggiassociati.com\/en\/#\/schema\/logo\/image\/"}},{"@type":"Person","@id":"https:\/\/beneggiassociati.com\/en\/#\/schema\/person\/828daacfa37b359e89e981f920072004","name":"Tiziano Beneggi","url":"https:\/\/beneggiassociati.com\/en\/author\/tizianobeneggiassociati-com\/"}]}},"_links":{"self":[{"href":"https:\/\/beneggiassociati.com\/en\/wp-json\/wp\/v2\/posts\/16875","targetHints":{"allow":["GET"]}}],"collection":[{"href":"https:\/\/beneggiassociati.com\/en\/wp-json\/wp\/v2\/posts"}],"about":[{"href":"https:\/\/beneggiassociati.com\/en\/wp-json\/wp\/v2\/types\/post"}],"author":[{"embeddable":true,"href":"https:\/\/beneggiassociati.com\/en\/wp-json\/wp\/v2\/users\/4"}],"replies":[{"embeddable":true,"href":"https:\/\/beneggiassociati.com\/en\/wp-json\/wp\/v2\/comments?post=16875"}],"version-history":[{"count":0,"href":"https:\/\/beneggiassociati.com\/en\/wp-json\/wp\/v2\/posts\/16875\/revisions"}],"wp:featuredmedia":[{"embeddable":true,"href":"https:\/\/beneggiassociati.com\/en\/wp-json\/wp\/v2\/media\/409"}],"wp:attachment":[{"href":"https:\/\/beneggiassociati.com\/en\/wp-json\/wp\/v2\/media?parent=16875"}],"wp:term":[{"taxonomy":"category","embeddable":true,"href":"https:\/\/beneggiassociati.com\/en\/wp-json\/wp\/v2\/categories?post=16875"},{"taxonomy":"post_tag","embeddable":true,"href":"https:\/\/beneggiassociati.com\/en\/wp-json\/wp\/v2\/tags?post=16875"}],"curies":[{"name":"wp","href":"https:\/\/api.w.org\/{rel}","templated":true}]}}