{"id":16879,"date":"2019-12-22T16:32:00","date_gmt":"2019-12-22T15:32:00","guid":{"rendered":"https:\/\/dev.beneggiassociati.com\/2019\/12\/22\/omessa-dichiarazione-dei-redditi-si-rischia-la-custodia-in-carcere\/"},"modified":"2019-12-22T16:32:00","modified_gmt":"2019-12-22T15:32:00","slug":"omessa-dichiarazione-dei-redditi-si-rischia-la-custodia-in-carcere","status":"publish","type":"post","link":"https:\/\/beneggiassociati.com\/en\/omessa-dichiarazione-dei-redditi-si-rischia-la-custodia-in-carcere\/","title":{"rendered":"Omessa dichiarazione dei redditi, si rischia la custodia in carcere"},"content":{"rendered":"\n<p>Anche per il reato di dichiarazione infedele saranno applicabili in futuro gli arresti domiciliari, il divieto di espatrio e le altre misure coercitive previste dal codice di rito, finora escluse per questo illecito. Per l\u2019omessa presentazione della dichiarazione potr\u00e0 essere invece disposta anche la custodia cautelare in carcere.<\/p>\n\n\n<p>Con l\u2019approvazione della legge di conversione del decreto fiscale diventa operativo il nuovo regime penale tributario che per effetto del generale innalzamento delle pene edittali sar\u00e0 caratterizzato, con riferimento a taluni illeciti, da nuove potest\u00e0 investigative, cautelari e regole procedurali.&nbsp;<\/p>\n\n\n<p>Il divieto di espatrio, l\u2019obbligo di presentazione alla polizia giudiziaria, gli arresti domiciliari e le altre misure coercitive differenti dalla custodia cautelare in carcere potranno in futuro interessare anche gli indagati del delitto di dichiarazione infedele dei redditi e\/o dell\u2019Iva la cui pena edittale viene ora fissata da due anni a quattro anni e sei mesi di reclusione in luogo della precedente da un anno a tre anni. Infatti, a norma dell\u2019articolo 280 del Cpp, tali misure sono applicabili quando si procede per delitti per i quali la legge stabilisce la pena della reclusione superiore nel massimo a tre anni. Sinora non potevano cos\u00ec essere applicate alle infedeli dichiarazioni dei redditi e\/o dell\u2019Iva.<\/p>\n\n\n<p>Ora, invece, per queste fattispecie delittuose, ricorrendo ovviamente anche le altre condizioni previste dagli articoli 281 e seguenti del Cpp, sar\u00e0 possibile per il Pm richiedere al Gip una di tali misure coercitive.<\/p>\n\n\n<p>Da evidenziare, che per l\u2019infedele dichiarazione sono state abbassate anche le soglie di punibilit\u00e0 con la conseguenza che la rilevanza penale della condotta viene sensibilmente ampliata ricomprendendo illeciti finora considerati soltanto violazioni amministrati ve. La nuova fattispecie scatter\u00e0 infatti al superamento di imposta evasa superiore a 100mila euro \u2013 e non pi\u00f9 150mila euro (da intendersi sempre per ciascuna imposta e per ciascun periodo di imposta) e allorch\u00e9 gli elementi attivi sottratti a imposizione siano comunque superiori a due milioni (e non pi\u00f9 tre milioni di euro).&nbsp;<\/p>\n\n\n<p>In base all\u2019articolo 266 del Cpp le intercettazioni di conversazioni o comunicazioni telefoniche e di altre forme di telecomunicazione sono consentite, tra l\u2019altro, nei procedimenti relativi ai delitti non colposi per i quali \u00e8 prevista la pena dell\u2019ergastolo o della reclusione superiore nel massimo a cinque anni. A seguito dell\u2019innalzamento delle pene nel decreto legge fiscale, vi sarebbero rientrati anche il delitto di omessa presentazione (la cui pena massima era stata innalzata a sei anni), e di dichiarazione infedele (la cui pena massima era stata innalzata a cinque anni).<\/p>\n\n\n<p>In sede di conversione in legge per questi due delitti la reclusione massima \u00e8 stata ridotta rispetto all\u2019iniziale previsione e fissata rispettivamente in 5 anni (omessa dichiarazione) e 4 anni e 6 mesi (infedele dichiarazione). Ne consegue che i delitti per i quali potranno essere svolte intercettazioni delle comunicazioni restano i medesimi del passato e precisamente: dichiarazione fraudolenta con documenti per operazioni inesistenti e mediante altri artifici, emissione di false fatture, occultamento e distruzione di scritture contabili, sottrazione fraudolenta del pagamento delle imposte nella forma aggravata, indebita compensazione con crediti inesistenti.<\/p>\n\n\n<p><a href=\"mailto:info@beneggiassociati.com\" target=\"_blank\" rel=\"noreferrer noopener\"><br \/>Sei interessato all\u2019articolo? Scrivici e verrai contattato da un nostro Consultant<\/a><\/p>\n\n\n<p><a href=\"https:\/\/beneggiassociati.com\/\" target=\"_blank\" rel=\"noreferrer noopener\">@ Beneggi e Associati | Commercialisti al servizio delle imprese | Meda | Milano<\/a><strong><br \/><\/strong><\/p>\n","protected":false},"excerpt":{"rendered":"<p>Anche per il reato di dichiarazione infedele saranno applicabili in futuro gli arresti domiciliari, il divieto di espatrio e le altre misure coercitive previste dal codice di rito, finora escluse per questo illecito. Per l\u2019omessa presentazione della dichiarazione potr\u00e0 essere invece disposta anche la custodia cautelare in carcere. Con l\u2019approvazione della legge di conversione del [&hellip;]<\/p>\n","protected":false},"author":4,"featured_media":409,"comment_status":"open","ping_status":"open","sticky":false,"template":"","format":"standard","meta":{"_acf_changed":false,"content-type":"","footnotes":""},"categories":[16],"tags":[],"class_list":["post-16879","post","type-post","status-publish","format-standard","has-post-thumbnail","hentry","category-archivio"],"acf":[],"yoast_head":"<!-- This site is optimized with the Yoast SEO plugin v27.4 - https:\/\/yoast.com\/product\/yoast-seo-wordpress\/ -->\n<title>Omessa dichiarazione dei redditi, si rischia la custodia in carcere - Beneggi &amp; Associati<\/title>\n<meta name=\"description\" content=\"Anche per il reato di dichiarazione infedele saranno applicabili in futuro gli arresti domiciliari, il divieto di espatrio e le altre misure coercitive\" \/>\n<meta name=\"robots\" content=\"index, follow, max-snippet:-1, max-image-preview:large, max-video-preview:-1\" \/>\n<link rel=\"canonical\" href=\"https:\/\/beneggiassociati.com\/en\/omessa-dichiarazione-dei-redditi-si-rischia-la-custodia-in-carcere\/\" \/>\n<meta property=\"og:locale\" content=\"en_US\" \/>\n<meta property=\"og:type\" content=\"article\" \/>\n<meta property=\"og:title\" content=\"Omessa dichiarazione dei redditi, si rischia la custodia in carcere - Beneggi &amp; Associati\" \/>\n<meta property=\"og:description\" content=\"Anche per il reato di dichiarazione infedele saranno applicabili in futuro gli arresti domiciliari, il divieto di espatrio e le altre misure coercitive\" \/>\n<meta property=\"og:url\" content=\"https:\/\/beneggiassociati.com\/en\/omessa-dichiarazione-dei-redditi-si-rischia-la-custodia-in-carcere\/\" \/>\n<meta property=\"og:site_name\" content=\"Beneggi &amp; Associati\" \/>\n<meta property=\"article:published_time\" content=\"2019-12-22T15:32:00+00:00\" \/>\n<meta property=\"og:image\" content=\"https:\/\/beneggiassociati.com\/wp-content\/uploads\/2025\/07\/single-post-beneggi.jpg\" \/>\n\t<meta property=\"og:image:width\" content=\"1280\" \/>\n\t<meta property=\"og:image:height\" content=\"823\" \/>\n\t<meta property=\"og:image:type\" content=\"image\/jpeg\" \/>\n<meta name=\"author\" content=\"Tiziano Beneggi\" \/>\n<meta name=\"twitter:card\" content=\"summary_large_image\" \/>\n<meta name=\"twitter:label1\" content=\"Written by\" \/>\n\t<meta name=\"twitter:data1\" content=\"Tiziano Beneggi\" \/>\n\t<meta name=\"twitter:label2\" content=\"Est. reading time\" \/>\n\t<meta name=\"twitter:data2\" content=\"3 minutes\" \/>\n<script type=\"application\/ld+json\" class=\"yoast-schema-graph\">{\"@context\":\"https:\\\/\\\/schema.org\",\"@graph\":[{\"@type\":\"Article\",\"@id\":\"https:\\\/\\\/beneggiassociati.com\\\/en\\\/omessa-dichiarazione-dei-redditi-si-rischia-la-custodia-in-carcere\\\/#article\",\"isPartOf\":{\"@id\":\"https:\\\/\\\/beneggiassociati.com\\\/en\\\/omessa-dichiarazione-dei-redditi-si-rischia-la-custodia-in-carcere\\\/\"},\"author\":{\"name\":\"Tiziano Beneggi\",\"@id\":\"https:\\\/\\\/beneggiassociati.com\\\/en\\\/#\\\/schema\\\/person\\\/828daacfa37b359e89e981f920072004\"},\"headline\":\"Omessa dichiarazione dei redditi, si rischia la custodia in carcere\",\"datePublished\":\"2019-12-22T15:32:00+00:00\",\"mainEntityOfPage\":{\"@id\":\"https:\\\/\\\/beneggiassociati.com\\\/en\\\/omessa-dichiarazione-dei-redditi-si-rischia-la-custodia-in-carcere\\\/\"},\"wordCount\":540,\"commentCount\":0,\"publisher\":{\"@id\":\"https:\\\/\\\/beneggiassociati.com\\\/en\\\/#organization\"},\"image\":{\"@id\":\"https:\\\/\\\/beneggiassociati.com\\\/en\\\/omessa-dichiarazione-dei-redditi-si-rischia-la-custodia-in-carcere\\\/#primaryimage\"},\"thumbnailUrl\":\"https:\\\/\\\/beneggiassociati.com\\\/wp-content\\\/uploads\\\/2025\\\/07\\\/single-post-beneggi.jpg\",\"articleSection\":[\"ARCHIVIO\"],\"inLanguage\":\"en-US\"},{\"@type\":\"WebPage\",\"@id\":\"https:\\\/\\\/beneggiassociati.com\\\/en\\\/omessa-dichiarazione-dei-redditi-si-rischia-la-custodia-in-carcere\\\/\",\"url\":\"https:\\\/\\\/beneggiassociati.com\\\/en\\\/omessa-dichiarazione-dei-redditi-si-rischia-la-custodia-in-carcere\\\/\",\"name\":\"Omessa dichiarazione dei redditi, si rischia la custodia in carcere - Beneggi &amp; Associati\",\"isPartOf\":{\"@id\":\"https:\\\/\\\/beneggiassociati.com\\\/en\\\/#website\"},\"primaryImageOfPage\":{\"@id\":\"https:\\\/\\\/beneggiassociati.com\\\/en\\\/omessa-dichiarazione-dei-redditi-si-rischia-la-custodia-in-carcere\\\/#primaryimage\"},\"image\":{\"@id\":\"https:\\\/\\\/beneggiassociati.com\\\/en\\\/omessa-dichiarazione-dei-redditi-si-rischia-la-custodia-in-carcere\\\/#primaryimage\"},\"thumbnailUrl\":\"https:\\\/\\\/beneggiassociati.com\\\/wp-content\\\/uploads\\\/2025\\\/07\\\/single-post-beneggi.jpg\",\"datePublished\":\"2019-12-22T15:32:00+00:00\",\"description\":\"Anche per il reato di dichiarazione infedele saranno applicabili in futuro gli arresti domiciliari, il divieto di espatrio e le altre misure coercitive\",\"breadcrumb\":{\"@id\":\"https:\\\/\\\/beneggiassociati.com\\\/en\\\/omessa-dichiarazione-dei-redditi-si-rischia-la-custodia-in-carcere\\\/#breadcrumb\"},\"inLanguage\":\"en-US\",\"potentialAction\":[{\"@type\":\"ReadAction\",\"target\":[\"https:\\\/\\\/beneggiassociati.com\\\/en\\\/omessa-dichiarazione-dei-redditi-si-rischia-la-custodia-in-carcere\\\/\"]}]},{\"@type\":\"ImageObject\",\"inLanguage\":\"en-US\",\"@id\":\"https:\\\/\\\/beneggiassociati.com\\\/en\\\/omessa-dichiarazione-dei-redditi-si-rischia-la-custodia-in-carcere\\\/#primaryimage\",\"url\":\"https:\\\/\\\/beneggiassociati.com\\\/wp-content\\\/uploads\\\/2025\\\/07\\\/single-post-beneggi.jpg\",\"contentUrl\":\"https:\\\/\\\/beneggiassociati.com\\\/wp-content\\\/uploads\\\/2025\\\/07\\\/single-post-beneggi.jpg\",\"width\":1280,\"height\":823},{\"@type\":\"BreadcrumbList\",\"@id\":\"https:\\\/\\\/beneggiassociati.com\\\/en\\\/omessa-dichiarazione-dei-redditi-si-rischia-la-custodia-in-carcere\\\/#breadcrumb\",\"itemListElement\":[{\"@type\":\"ListItem\",\"position\":1,\"name\":\"Home\",\"item\":\"https:\\\/\\\/beneggiassociati.com\\\/en\\\/?page_id=24163\"},{\"@type\":\"ListItem\",\"position\":2,\"name\":\"Omessa dichiarazione dei redditi, si rischia la custodia in carcere\"}]},{\"@type\":\"WebSite\",\"@id\":\"https:\\\/\\\/beneggiassociati.com\\\/en\\\/#website\",\"url\":\"https:\\\/\\\/beneggiassociati.com\\\/en\\\/\",\"name\":\"Beneggi e associati\",\"description\":\"\",\"publisher\":{\"@id\":\"https:\\\/\\\/beneggiassociati.com\\\/en\\\/#organization\"},\"potentialAction\":[{\"@type\":\"SearchAction\",\"target\":{\"@type\":\"EntryPoint\",\"urlTemplate\":\"https:\\\/\\\/beneggiassociati.com\\\/en\\\/?s={search_term_string}\"},\"query-input\":{\"@type\":\"PropertyValueSpecification\",\"valueRequired\":true,\"valueName\":\"search_term_string\"}}],\"inLanguage\":\"en-US\"},{\"@type\":\"Organization\",\"@id\":\"https:\\\/\\\/beneggiassociati.com\\\/en\\\/#organization\",\"name\":\"Beneggi e associati\",\"url\":\"https:\\\/\\\/beneggiassociati.com\\\/en\\\/\",\"logo\":{\"@type\":\"ImageObject\",\"inLanguage\":\"en-US\",\"@id\":\"https:\\\/\\\/beneggiassociati.com\\\/en\\\/#\\\/schema\\\/logo\\\/image\\\/\",\"url\":\"https:\\\/\\\/beneggiassociati.com\\\/wp-content\\\/uploads\\\/2025\\\/07\\\/beneggi-logo.png\",\"contentUrl\":\"https:\\\/\\\/beneggiassociati.com\\\/wp-content\\\/uploads\\\/2025\\\/07\\\/beneggi-logo.png\",\"width\":141,\"height\":87,\"caption\":\"Beneggi e associati\"},\"image\":{\"@id\":\"https:\\\/\\\/beneggiassociati.com\\\/en\\\/#\\\/schema\\\/logo\\\/image\\\/\"}},{\"@type\":\"Person\",\"@id\":\"https:\\\/\\\/beneggiassociati.com\\\/en\\\/#\\\/schema\\\/person\\\/828daacfa37b359e89e981f920072004\",\"name\":\"Tiziano Beneggi\",\"url\":\"https:\\\/\\\/beneggiassociati.com\\\/en\\\/author\\\/tizianobeneggiassociati-com\\\/\"}]}<\/script>\n<!-- \/ Yoast SEO plugin. -->","yoast_head_json":{"title":"Omessa dichiarazione dei redditi, si rischia la custodia in carcere - Beneggi &amp; Associati","description":"Anche per il reato di dichiarazione infedele saranno applicabili in futuro gli arresti domiciliari, il divieto di espatrio e le altre misure coercitive","robots":{"index":"index","follow":"follow","max-snippet":"max-snippet:-1","max-image-preview":"max-image-preview:large","max-video-preview":"max-video-preview:-1"},"canonical":"https:\/\/beneggiassociati.com\/en\/omessa-dichiarazione-dei-redditi-si-rischia-la-custodia-in-carcere\/","og_locale":"en_US","og_type":"article","og_title":"Omessa dichiarazione dei redditi, si rischia la custodia in carcere - Beneggi &amp; Associati","og_description":"Anche per il reato di dichiarazione infedele saranno applicabili in futuro gli arresti domiciliari, il divieto di espatrio e le altre misure coercitive","og_url":"https:\/\/beneggiassociati.com\/en\/omessa-dichiarazione-dei-redditi-si-rischia-la-custodia-in-carcere\/","og_site_name":"Beneggi &amp; Associati","article_published_time":"2019-12-22T15:32:00+00:00","og_image":[{"width":1280,"height":823,"url":"https:\/\/beneggiassociati.com\/wp-content\/uploads\/2025\/07\/single-post-beneggi.jpg","type":"image\/jpeg"}],"author":"Tiziano Beneggi","twitter_card":"summary_large_image","twitter_misc":{"Written by":"Tiziano Beneggi","Est. reading time":"3 minutes"},"schema":{"@context":"https:\/\/schema.org","@graph":[{"@type":"Article","@id":"https:\/\/beneggiassociati.com\/en\/omessa-dichiarazione-dei-redditi-si-rischia-la-custodia-in-carcere\/#article","isPartOf":{"@id":"https:\/\/beneggiassociati.com\/en\/omessa-dichiarazione-dei-redditi-si-rischia-la-custodia-in-carcere\/"},"author":{"name":"Tiziano Beneggi","@id":"https:\/\/beneggiassociati.com\/en\/#\/schema\/person\/828daacfa37b359e89e981f920072004"},"headline":"Omessa dichiarazione dei redditi, si rischia la custodia in carcere","datePublished":"2019-12-22T15:32:00+00:00","mainEntityOfPage":{"@id":"https:\/\/beneggiassociati.com\/en\/omessa-dichiarazione-dei-redditi-si-rischia-la-custodia-in-carcere\/"},"wordCount":540,"commentCount":0,"publisher":{"@id":"https:\/\/beneggiassociati.com\/en\/#organization"},"image":{"@id":"https:\/\/beneggiassociati.com\/en\/omessa-dichiarazione-dei-redditi-si-rischia-la-custodia-in-carcere\/#primaryimage"},"thumbnailUrl":"https:\/\/beneggiassociati.com\/wp-content\/uploads\/2025\/07\/single-post-beneggi.jpg","articleSection":["ARCHIVIO"],"inLanguage":"en-US"},{"@type":"WebPage","@id":"https:\/\/beneggiassociati.com\/en\/omessa-dichiarazione-dei-redditi-si-rischia-la-custodia-in-carcere\/","url":"https:\/\/beneggiassociati.com\/en\/omessa-dichiarazione-dei-redditi-si-rischia-la-custodia-in-carcere\/","name":"Omessa dichiarazione dei redditi, si rischia la custodia in carcere - Beneggi &amp; Associati","isPartOf":{"@id":"https:\/\/beneggiassociati.com\/en\/#website"},"primaryImageOfPage":{"@id":"https:\/\/beneggiassociati.com\/en\/omessa-dichiarazione-dei-redditi-si-rischia-la-custodia-in-carcere\/#primaryimage"},"image":{"@id":"https:\/\/beneggiassociati.com\/en\/omessa-dichiarazione-dei-redditi-si-rischia-la-custodia-in-carcere\/#primaryimage"},"thumbnailUrl":"https:\/\/beneggiassociati.com\/wp-content\/uploads\/2025\/07\/single-post-beneggi.jpg","datePublished":"2019-12-22T15:32:00+00:00","description":"Anche per il reato di dichiarazione infedele saranno applicabili in futuro gli arresti domiciliari, il divieto di espatrio e le altre misure coercitive","breadcrumb":{"@id":"https:\/\/beneggiassociati.com\/en\/omessa-dichiarazione-dei-redditi-si-rischia-la-custodia-in-carcere\/#breadcrumb"},"inLanguage":"en-US","potentialAction":[{"@type":"ReadAction","target":["https:\/\/beneggiassociati.com\/en\/omessa-dichiarazione-dei-redditi-si-rischia-la-custodia-in-carcere\/"]}]},{"@type":"ImageObject","inLanguage":"en-US","@id":"https:\/\/beneggiassociati.com\/en\/omessa-dichiarazione-dei-redditi-si-rischia-la-custodia-in-carcere\/#primaryimage","url":"https:\/\/beneggiassociati.com\/wp-content\/uploads\/2025\/07\/single-post-beneggi.jpg","contentUrl":"https:\/\/beneggiassociati.com\/wp-content\/uploads\/2025\/07\/single-post-beneggi.jpg","width":1280,"height":823},{"@type":"BreadcrumbList","@id":"https:\/\/beneggiassociati.com\/en\/omessa-dichiarazione-dei-redditi-si-rischia-la-custodia-in-carcere\/#breadcrumb","itemListElement":[{"@type":"ListItem","position":1,"name":"Home","item":"https:\/\/beneggiassociati.com\/en\/?page_id=24163"},{"@type":"ListItem","position":2,"name":"Omessa dichiarazione dei redditi, si rischia la custodia in carcere"}]},{"@type":"WebSite","@id":"https:\/\/beneggiassociati.com\/en\/#website","url":"https:\/\/beneggiassociati.com\/en\/","name":"Beneggi e associati","description":"","publisher":{"@id":"https:\/\/beneggiassociati.com\/en\/#organization"},"potentialAction":[{"@type":"SearchAction","target":{"@type":"EntryPoint","urlTemplate":"https:\/\/beneggiassociati.com\/en\/?s={search_term_string}"},"query-input":{"@type":"PropertyValueSpecification","valueRequired":true,"valueName":"search_term_string"}}],"inLanguage":"en-US"},{"@type":"Organization","@id":"https:\/\/beneggiassociati.com\/en\/#organization","name":"Beneggi e associati","url":"https:\/\/beneggiassociati.com\/en\/","logo":{"@type":"ImageObject","inLanguage":"en-US","@id":"https:\/\/beneggiassociati.com\/en\/#\/schema\/logo\/image\/","url":"https:\/\/beneggiassociati.com\/wp-content\/uploads\/2025\/07\/beneggi-logo.png","contentUrl":"https:\/\/beneggiassociati.com\/wp-content\/uploads\/2025\/07\/beneggi-logo.png","width":141,"height":87,"caption":"Beneggi e associati"},"image":{"@id":"https:\/\/beneggiassociati.com\/en\/#\/schema\/logo\/image\/"}},{"@type":"Person","@id":"https:\/\/beneggiassociati.com\/en\/#\/schema\/person\/828daacfa37b359e89e981f920072004","name":"Tiziano Beneggi","url":"https:\/\/beneggiassociati.com\/en\/author\/tizianobeneggiassociati-com\/"}]}},"_links":{"self":[{"href":"https:\/\/beneggiassociati.com\/en\/wp-json\/wp\/v2\/posts\/16879","targetHints":{"allow":["GET"]}}],"collection":[{"href":"https:\/\/beneggiassociati.com\/en\/wp-json\/wp\/v2\/posts"}],"about":[{"href":"https:\/\/beneggiassociati.com\/en\/wp-json\/wp\/v2\/types\/post"}],"author":[{"embeddable":true,"href":"https:\/\/beneggiassociati.com\/en\/wp-json\/wp\/v2\/users\/4"}],"replies":[{"embeddable":true,"href":"https:\/\/beneggiassociati.com\/en\/wp-json\/wp\/v2\/comments?post=16879"}],"version-history":[{"count":0,"href":"https:\/\/beneggiassociati.com\/en\/wp-json\/wp\/v2\/posts\/16879\/revisions"}],"wp:featuredmedia":[{"embeddable":true,"href":"https:\/\/beneggiassociati.com\/en\/wp-json\/wp\/v2\/media\/409"}],"wp:attachment":[{"href":"https:\/\/beneggiassociati.com\/en\/wp-json\/wp\/v2\/media?parent=16879"}],"wp:term":[{"taxonomy":"category","embeddable":true,"href":"https:\/\/beneggiassociati.com\/en\/wp-json\/wp\/v2\/categories?post=16879"},{"taxonomy":"post_tag","embeddable":true,"href":"https:\/\/beneggiassociati.com\/en\/wp-json\/wp\/v2\/tags?post=16879"}],"curies":[{"name":"wp","href":"https:\/\/api.w.org\/{rel}","templated":true}]}}