{"id":16891,"date":"2019-12-22T16:46:00","date_gmt":"2019-12-22T15:46:00","guid":{"rendered":"https:\/\/dev.beneggiassociati.com\/2019\/12\/22\/prestazioni-sanitarie-a-privati-le-fatture-non-si-inviano-con-sdi\/"},"modified":"2019-12-22T16:46:00","modified_gmt":"2019-12-22T15:46:00","slug":"prestazioni-sanitarie-a-privati-le-fatture-non-si-inviano-con-sdi","status":"publish","type":"post","link":"https:\/\/beneggiassociati.com\/en\/prestazioni-sanitarie-a-privati-le-fatture-non-si-inviano-con-sdi\/","title":{"rendered":"Prestazioni sanitarie a privati, le fatture non si inviano con Sdi"},"content":{"rendered":"\n<p>Divieto anche per il 2020 di emettere fattura elettronica tramite Sdi per le prestazioni sanitarie rese a privati; memorizzazione per otto anni o sino alla definizione di eventuali giudizi di tutti i dati, compresi quelli relativi a natura, quantit\u00e0 e qualit\u00e0 dei beni ceduti e dei servizi prestati, risultanti dai tracciati xml; possibilit\u00e0 di versare il bollo dovuto con cadenza semestrale se l\u2019importo annuale \u00e8 inferiore ai mille euro: queste le novit\u00e0 introdotte in sede di conservazione del decreto 124\/19.&nbsp;<\/p>\n\n\n<p>Con l\u2019articolo 15 \u00e8 stato esteso a tutto il 2020 il divieto di emettere fatture elettroniche tramite Sdi per le prestazioni sanitarie effettuate nei confronti delle persone fisiche. Le prestazioni sanitarie rese nei confronti delle persone fisiche\/consumatori finali andranno comunque documentate con fatture in formato cartaceo o in formato elettronico (.pdf), ma senza utilizzare lo SdI come canale di invio.&nbsp;<\/p>\n\n\n<p>Quello che rileva ai fini della operativit\u00e0 del divieto \u00e8 infatti l\u2019avere effettuato una prestazione sanitaria nei confronti di una persona fisica: di conseguenza un medico che si trova a dovere fatturare delle visite ai dipendenti per conto dell\u2019azienda dovr\u00e0 trasmettere una fattura elettronica a quest\u2019ultima. Non potranno emettere e-fatture gli operatori tenuti all\u2019invio dei dati al Sistema Ts &#8211; tessera sanitaria ai fini della redazione della dichiarazione dei redditi precompilata quali aziende sanitarie locali, aziende ospedaliere, istituti di ricovero e cura a carattere scientifico \u2013 Irccs, policlinici universitari, farmacie pubbliche e private, presidi di specialistica ambulatoriale, iscritti all\u2019Albo dei medici chirurghi e degli odontoiatri.<\/p>\n\n\n<p>Con decreto ministeriale del 22 novembre 2019 (Gazzetta 284\/19) sono stati individuati ulteriori soggetti tenuti alla trasmissione al sistema Ts dei dati relativi alle spese sanitarie, per i quali vige quindi il divieto di fatturazione elettronica, quali tra gli altri tecnici sanitari, audiometristi, audioprotesisti, dietisti, biologi, igienisti dentali. Infine, il divieto di emettere e-fatture riguarda anche, in base all\u2019articolo 9-bis, del decreto 135\/18, gli operatori non tenuti all\u2019invio dei dati al Sistema tessera sanitaria quali, ad esempio, podologi, fisioterapisti, logopedisti.&nbsp;<\/p>\n\n\n<p>L\u2019utilizzo di tutti i dati contenuti nel file xml, compresa natura, quantit\u00e0 e qualit\u00e0 dei beni ceduti e dei servizi prestati, sar\u00e0 possibile non solo per l\u2019effettuazione di verifiche fiscali, ma anche per realizzare le attivit\u00e0 di analisi del rischio e per l\u2019assolvimento delle funzioni di polizia economica e finanziaria da parte della Guardia di finanza. A tal fine, l\u2019agenzia delle Entrate memorizzer\u00e0 i relativi dati sino al 31 dicembre dell\u2019ottavo anno successivo a quello di presentazione della dichiarazione di riferimento ovvero sino alla definizione di eventuali giudizi. Assolutamente quindi consigliata l\u2019adesione da parte dei contribuenti al servizio gratuito di consultazione delle e-fatture in quanto in ogni caso i dati saranno memorizzati da parte dell\u2019amministrazione: con provvedimento n. 1427541 del 17 dicembre 2019, il termine ultimo per aderire \u00e8 stato prorogato al 2 marzo 2020.&nbsp;<\/p>\n\n\n<p>Oltre alla comunicazione telematica dell\u2019ammontare dell\u2019imposta dovuta, della sanzione irrogata e degli interessi applicati in caso di ritardato, omesso o insufficiente versamento dell\u2019imposta di bollo dovuta sulle fatture elettroniche trasmesse dal 1\u00b0 gennaio 2020 tramite Sdi, i contribuenti potranno versare il bollo con cadenza semestrale, entro il 16 giugno ed il 16 dicembre di ciascun anno, se gli importi dovuti non superano il limite annuo di mille euro.<\/p>\n\n\n<p><a href=\"mailto:info@beneggiassociati.com\" target=\"_blank\" rel=\"noreferrer noopener\"><br \/>Sei interessato all\u2019articolo? Scrivici e verrai contattato da un nostro Consultant<\/a><\/p>\n\n\n<p><a href=\"https:\/\/beneggiassociati.com\/\" target=\"_blank\" rel=\"noreferrer noopener\">@ Beneggi e Associati | Commercialisti al servizio delle imprese | Meda | Milano<\/a><br \/><\/p>\n","protected":false},"excerpt":{"rendered":"<p>Divieto anche per il 2020 di emettere fattura elettronica tramite Sdi per le prestazioni sanitarie rese a privati; memorizzazione per otto anni o sino alla definizione di eventuali giudizi di tutti i dati, compresi quelli relativi a natura, quantit\u00e0 e qualit\u00e0 dei beni ceduti e dei servizi prestati, risultanti dai tracciati xml; possibilit\u00e0 di versare [&hellip;]<\/p>\n","protected":false},"author":4,"featured_media":409,"comment_status":"open","ping_status":"open","sticky":false,"template":"","format":"standard","meta":{"_acf_changed":false,"content-type":"","footnotes":""},"categories":[16],"tags":[],"class_list":["post-16891","post","type-post","status-publish","format-standard","has-post-thumbnail","hentry","category-archivio"],"acf":[],"yoast_head":"<!-- This site is optimized with the Yoast SEO plugin v27.4 - https:\/\/yoast.com\/product\/yoast-seo-wordpress\/ -->\n<title>Prestazioni sanitarie a privati, le fatture non si inviano con Sdi - Beneggi &amp; Associati<\/title>\n<meta name=\"description\" content=\"Divieto anche per il 2020 di emettere fattura elettronica tramite Sdi per le prestazioni sanitarie rese a privati; memorizzazione per otto anni o sino\" \/>\n<meta name=\"robots\" content=\"index, follow, max-snippet:-1, max-image-preview:large, max-video-preview:-1\" \/>\n<link rel=\"canonical\" href=\"https:\/\/beneggiassociati.com\/en\/prestazioni-sanitarie-a-privati-le-fatture-non-si-inviano-con-sdi\/\" \/>\n<meta property=\"og:locale\" content=\"en_US\" \/>\n<meta property=\"og:type\" content=\"article\" \/>\n<meta property=\"og:title\" content=\"Prestazioni sanitarie a privati, le fatture non si inviano con Sdi - Beneggi &amp; Associati\" \/>\n<meta property=\"og:description\" content=\"Divieto anche per il 2020 di emettere fattura elettronica tramite Sdi per le prestazioni sanitarie rese a privati; memorizzazione per otto anni o sino\" \/>\n<meta property=\"og:url\" content=\"https:\/\/beneggiassociati.com\/en\/prestazioni-sanitarie-a-privati-le-fatture-non-si-inviano-con-sdi\/\" \/>\n<meta property=\"og:site_name\" content=\"Beneggi &amp; Associati\" \/>\n<meta property=\"article:published_time\" content=\"2019-12-22T15:46:00+00:00\" \/>\n<meta property=\"og:image\" content=\"https:\/\/beneggiassociati.com\/wp-content\/uploads\/2025\/07\/single-post-beneggi.jpg\" \/>\n\t<meta property=\"og:image:width\" content=\"1280\" \/>\n\t<meta property=\"og:image:height\" content=\"823\" \/>\n\t<meta property=\"og:image:type\" content=\"image\/jpeg\" \/>\n<meta name=\"author\" content=\"Tiziano Beneggi\" \/>\n<meta name=\"twitter:card\" content=\"summary_large_image\" \/>\n<meta name=\"twitter:label1\" content=\"Written by\" \/>\n\t<meta name=\"twitter:data1\" content=\"Tiziano Beneggi\" \/>\n\t<meta name=\"twitter:label2\" content=\"Est. reading time\" \/>\n\t<meta name=\"twitter:data2\" content=\"3 minutes\" \/>\n<script type=\"application\/ld+json\" class=\"yoast-schema-graph\">{\"@context\":\"https:\\\/\\\/schema.org\",\"@graph\":[{\"@type\":\"Article\",\"@id\":\"https:\\\/\\\/beneggiassociati.com\\\/en\\\/prestazioni-sanitarie-a-privati-le-fatture-non-si-inviano-con-sdi\\\/#article\",\"isPartOf\":{\"@id\":\"https:\\\/\\\/beneggiassociati.com\\\/en\\\/prestazioni-sanitarie-a-privati-le-fatture-non-si-inviano-con-sdi\\\/\"},\"author\":{\"name\":\"Tiziano Beneggi\",\"@id\":\"https:\\\/\\\/beneggiassociati.com\\\/en\\\/#\\\/schema\\\/person\\\/828daacfa37b359e89e981f920072004\"},\"headline\":\"Prestazioni sanitarie a privati, le fatture non si inviano con Sdi\",\"datePublished\":\"2019-12-22T15:46:00+00:00\",\"mainEntityOfPage\":{\"@id\":\"https:\\\/\\\/beneggiassociati.com\\\/en\\\/prestazioni-sanitarie-a-privati-le-fatture-non-si-inviano-con-sdi\\\/\"},\"wordCount\":562,\"commentCount\":0,\"publisher\":{\"@id\":\"https:\\\/\\\/beneggiassociati.com\\\/en\\\/#organization\"},\"image\":{\"@id\":\"https:\\\/\\\/beneggiassociati.com\\\/en\\\/prestazioni-sanitarie-a-privati-le-fatture-non-si-inviano-con-sdi\\\/#primaryimage\"},\"thumbnailUrl\":\"https:\\\/\\\/beneggiassociati.com\\\/wp-content\\\/uploads\\\/2025\\\/07\\\/single-post-beneggi.jpg\",\"articleSection\":[\"ARCHIVIO\"],\"inLanguage\":\"en-US\"},{\"@type\":\"WebPage\",\"@id\":\"https:\\\/\\\/beneggiassociati.com\\\/en\\\/prestazioni-sanitarie-a-privati-le-fatture-non-si-inviano-con-sdi\\\/\",\"url\":\"https:\\\/\\\/beneggiassociati.com\\\/en\\\/prestazioni-sanitarie-a-privati-le-fatture-non-si-inviano-con-sdi\\\/\",\"name\":\"Prestazioni sanitarie a privati, le fatture non si inviano con Sdi - Beneggi &amp; Associati\",\"isPartOf\":{\"@id\":\"https:\\\/\\\/beneggiassociati.com\\\/en\\\/#website\"},\"primaryImageOfPage\":{\"@id\":\"https:\\\/\\\/beneggiassociati.com\\\/en\\\/prestazioni-sanitarie-a-privati-le-fatture-non-si-inviano-con-sdi\\\/#primaryimage\"},\"image\":{\"@id\":\"https:\\\/\\\/beneggiassociati.com\\\/en\\\/prestazioni-sanitarie-a-privati-le-fatture-non-si-inviano-con-sdi\\\/#primaryimage\"},\"thumbnailUrl\":\"https:\\\/\\\/beneggiassociati.com\\\/wp-content\\\/uploads\\\/2025\\\/07\\\/single-post-beneggi.jpg\",\"datePublished\":\"2019-12-22T15:46:00+00:00\",\"description\":\"Divieto anche per il 2020 di emettere fattura elettronica tramite Sdi per le prestazioni sanitarie rese a privati; memorizzazione per otto anni o sino\",\"breadcrumb\":{\"@id\":\"https:\\\/\\\/beneggiassociati.com\\\/en\\\/prestazioni-sanitarie-a-privati-le-fatture-non-si-inviano-con-sdi\\\/#breadcrumb\"},\"inLanguage\":\"en-US\",\"potentialAction\":[{\"@type\":\"ReadAction\",\"target\":[\"https:\\\/\\\/beneggiassociati.com\\\/en\\\/prestazioni-sanitarie-a-privati-le-fatture-non-si-inviano-con-sdi\\\/\"]}]},{\"@type\":\"ImageObject\",\"inLanguage\":\"en-US\",\"@id\":\"https:\\\/\\\/beneggiassociati.com\\\/en\\\/prestazioni-sanitarie-a-privati-le-fatture-non-si-inviano-con-sdi\\\/#primaryimage\",\"url\":\"https:\\\/\\\/beneggiassociati.com\\\/wp-content\\\/uploads\\\/2025\\\/07\\\/single-post-beneggi.jpg\",\"contentUrl\":\"https:\\\/\\\/beneggiassociati.com\\\/wp-content\\\/uploads\\\/2025\\\/07\\\/single-post-beneggi.jpg\",\"width\":1280,\"height\":823},{\"@type\":\"BreadcrumbList\",\"@id\":\"https:\\\/\\\/beneggiassociati.com\\\/en\\\/prestazioni-sanitarie-a-privati-le-fatture-non-si-inviano-con-sdi\\\/#breadcrumb\",\"itemListElement\":[{\"@type\":\"ListItem\",\"position\":1,\"name\":\"Home\",\"item\":\"https:\\\/\\\/beneggiassociati.com\\\/en\\\/?page_id=24163\"},{\"@type\":\"ListItem\",\"position\":2,\"name\":\"Prestazioni sanitarie a privati, le fatture non si inviano con Sdi\"}]},{\"@type\":\"WebSite\",\"@id\":\"https:\\\/\\\/beneggiassociati.com\\\/en\\\/#website\",\"url\":\"https:\\\/\\\/beneggiassociati.com\\\/en\\\/\",\"name\":\"Beneggi e associati\",\"description\":\"\",\"publisher\":{\"@id\":\"https:\\\/\\\/beneggiassociati.com\\\/en\\\/#organization\"},\"potentialAction\":[{\"@type\":\"SearchAction\",\"target\":{\"@type\":\"EntryPoint\",\"urlTemplate\":\"https:\\\/\\\/beneggiassociati.com\\\/en\\\/?s={search_term_string}\"},\"query-input\":{\"@type\":\"PropertyValueSpecification\",\"valueRequired\":true,\"valueName\":\"search_term_string\"}}],\"inLanguage\":\"en-US\"},{\"@type\":\"Organization\",\"@id\":\"https:\\\/\\\/beneggiassociati.com\\\/en\\\/#organization\",\"name\":\"Beneggi e associati\",\"url\":\"https:\\\/\\\/beneggiassociati.com\\\/en\\\/\",\"logo\":{\"@type\":\"ImageObject\",\"inLanguage\":\"en-US\",\"@id\":\"https:\\\/\\\/beneggiassociati.com\\\/en\\\/#\\\/schema\\\/logo\\\/image\\\/\",\"url\":\"https:\\\/\\\/beneggiassociati.com\\\/wp-content\\\/uploads\\\/2025\\\/07\\\/beneggi-logo.png\",\"contentUrl\":\"https:\\\/\\\/beneggiassociati.com\\\/wp-content\\\/uploads\\\/2025\\\/07\\\/beneggi-logo.png\",\"width\":141,\"height\":87,\"caption\":\"Beneggi e associati\"},\"image\":{\"@id\":\"https:\\\/\\\/beneggiassociati.com\\\/en\\\/#\\\/schema\\\/logo\\\/image\\\/\"}},{\"@type\":\"Person\",\"@id\":\"https:\\\/\\\/beneggiassociati.com\\\/en\\\/#\\\/schema\\\/person\\\/828daacfa37b359e89e981f920072004\",\"name\":\"Tiziano Beneggi\",\"url\":\"https:\\\/\\\/beneggiassociati.com\\\/en\\\/author\\\/tizianobeneggiassociati-com\\\/\"}]}<\/script>\n<!-- \/ Yoast SEO plugin. -->","yoast_head_json":{"title":"Prestazioni sanitarie a privati, le fatture non si inviano con Sdi - Beneggi &amp; Associati","description":"Divieto anche per il 2020 di emettere fattura elettronica tramite Sdi per le prestazioni sanitarie rese a privati; memorizzazione per otto anni o sino","robots":{"index":"index","follow":"follow","max-snippet":"max-snippet:-1","max-image-preview":"max-image-preview:large","max-video-preview":"max-video-preview:-1"},"canonical":"https:\/\/beneggiassociati.com\/en\/prestazioni-sanitarie-a-privati-le-fatture-non-si-inviano-con-sdi\/","og_locale":"en_US","og_type":"article","og_title":"Prestazioni sanitarie a privati, le fatture non si inviano con Sdi - Beneggi &amp; Associati","og_description":"Divieto anche per il 2020 di emettere fattura elettronica tramite Sdi per le prestazioni sanitarie rese a privati; memorizzazione per otto anni o sino","og_url":"https:\/\/beneggiassociati.com\/en\/prestazioni-sanitarie-a-privati-le-fatture-non-si-inviano-con-sdi\/","og_site_name":"Beneggi &amp; Associati","article_published_time":"2019-12-22T15:46:00+00:00","og_image":[{"width":1280,"height":823,"url":"https:\/\/beneggiassociati.com\/wp-content\/uploads\/2025\/07\/single-post-beneggi.jpg","type":"image\/jpeg"}],"author":"Tiziano Beneggi","twitter_card":"summary_large_image","twitter_misc":{"Written by":"Tiziano Beneggi","Est. reading time":"3 minutes"},"schema":{"@context":"https:\/\/schema.org","@graph":[{"@type":"Article","@id":"https:\/\/beneggiassociati.com\/en\/prestazioni-sanitarie-a-privati-le-fatture-non-si-inviano-con-sdi\/#article","isPartOf":{"@id":"https:\/\/beneggiassociati.com\/en\/prestazioni-sanitarie-a-privati-le-fatture-non-si-inviano-con-sdi\/"},"author":{"name":"Tiziano Beneggi","@id":"https:\/\/beneggiassociati.com\/en\/#\/schema\/person\/828daacfa37b359e89e981f920072004"},"headline":"Prestazioni sanitarie a privati, le fatture non si inviano con Sdi","datePublished":"2019-12-22T15:46:00+00:00","mainEntityOfPage":{"@id":"https:\/\/beneggiassociati.com\/en\/prestazioni-sanitarie-a-privati-le-fatture-non-si-inviano-con-sdi\/"},"wordCount":562,"commentCount":0,"publisher":{"@id":"https:\/\/beneggiassociati.com\/en\/#organization"},"image":{"@id":"https:\/\/beneggiassociati.com\/en\/prestazioni-sanitarie-a-privati-le-fatture-non-si-inviano-con-sdi\/#primaryimage"},"thumbnailUrl":"https:\/\/beneggiassociati.com\/wp-content\/uploads\/2025\/07\/single-post-beneggi.jpg","articleSection":["ARCHIVIO"],"inLanguage":"en-US"},{"@type":"WebPage","@id":"https:\/\/beneggiassociati.com\/en\/prestazioni-sanitarie-a-privati-le-fatture-non-si-inviano-con-sdi\/","url":"https:\/\/beneggiassociati.com\/en\/prestazioni-sanitarie-a-privati-le-fatture-non-si-inviano-con-sdi\/","name":"Prestazioni sanitarie a privati, le fatture non si inviano con Sdi - Beneggi &amp; Associati","isPartOf":{"@id":"https:\/\/beneggiassociati.com\/en\/#website"},"primaryImageOfPage":{"@id":"https:\/\/beneggiassociati.com\/en\/prestazioni-sanitarie-a-privati-le-fatture-non-si-inviano-con-sdi\/#primaryimage"},"image":{"@id":"https:\/\/beneggiassociati.com\/en\/prestazioni-sanitarie-a-privati-le-fatture-non-si-inviano-con-sdi\/#primaryimage"},"thumbnailUrl":"https:\/\/beneggiassociati.com\/wp-content\/uploads\/2025\/07\/single-post-beneggi.jpg","datePublished":"2019-12-22T15:46:00+00:00","description":"Divieto anche per il 2020 di emettere fattura elettronica tramite Sdi per le prestazioni sanitarie rese a privati; memorizzazione per otto anni o sino","breadcrumb":{"@id":"https:\/\/beneggiassociati.com\/en\/prestazioni-sanitarie-a-privati-le-fatture-non-si-inviano-con-sdi\/#breadcrumb"},"inLanguage":"en-US","potentialAction":[{"@type":"ReadAction","target":["https:\/\/beneggiassociati.com\/en\/prestazioni-sanitarie-a-privati-le-fatture-non-si-inviano-con-sdi\/"]}]},{"@type":"ImageObject","inLanguage":"en-US","@id":"https:\/\/beneggiassociati.com\/en\/prestazioni-sanitarie-a-privati-le-fatture-non-si-inviano-con-sdi\/#primaryimage","url":"https:\/\/beneggiassociati.com\/wp-content\/uploads\/2025\/07\/single-post-beneggi.jpg","contentUrl":"https:\/\/beneggiassociati.com\/wp-content\/uploads\/2025\/07\/single-post-beneggi.jpg","width":1280,"height":823},{"@type":"BreadcrumbList","@id":"https:\/\/beneggiassociati.com\/en\/prestazioni-sanitarie-a-privati-le-fatture-non-si-inviano-con-sdi\/#breadcrumb","itemListElement":[{"@type":"ListItem","position":1,"name":"Home","item":"https:\/\/beneggiassociati.com\/en\/?page_id=24163"},{"@type":"ListItem","position":2,"name":"Prestazioni sanitarie a privati, le fatture non si inviano con Sdi"}]},{"@type":"WebSite","@id":"https:\/\/beneggiassociati.com\/en\/#website","url":"https:\/\/beneggiassociati.com\/en\/","name":"Beneggi e associati","description":"","publisher":{"@id":"https:\/\/beneggiassociati.com\/en\/#organization"},"potentialAction":[{"@type":"SearchAction","target":{"@type":"EntryPoint","urlTemplate":"https:\/\/beneggiassociati.com\/en\/?s={search_term_string}"},"query-input":{"@type":"PropertyValueSpecification","valueRequired":true,"valueName":"search_term_string"}}],"inLanguage":"en-US"},{"@type":"Organization","@id":"https:\/\/beneggiassociati.com\/en\/#organization","name":"Beneggi e associati","url":"https:\/\/beneggiassociati.com\/en\/","logo":{"@type":"ImageObject","inLanguage":"en-US","@id":"https:\/\/beneggiassociati.com\/en\/#\/schema\/logo\/image\/","url":"https:\/\/beneggiassociati.com\/wp-content\/uploads\/2025\/07\/beneggi-logo.png","contentUrl":"https:\/\/beneggiassociati.com\/wp-content\/uploads\/2025\/07\/beneggi-logo.png","width":141,"height":87,"caption":"Beneggi e associati"},"image":{"@id":"https:\/\/beneggiassociati.com\/en\/#\/schema\/logo\/image\/"}},{"@type":"Person","@id":"https:\/\/beneggiassociati.com\/en\/#\/schema\/person\/828daacfa37b359e89e981f920072004","name":"Tiziano Beneggi","url":"https:\/\/beneggiassociati.com\/en\/author\/tizianobeneggiassociati-com\/"}]}},"_links":{"self":[{"href":"https:\/\/beneggiassociati.com\/en\/wp-json\/wp\/v2\/posts\/16891","targetHints":{"allow":["GET"]}}],"collection":[{"href":"https:\/\/beneggiassociati.com\/en\/wp-json\/wp\/v2\/posts"}],"about":[{"href":"https:\/\/beneggiassociati.com\/en\/wp-json\/wp\/v2\/types\/post"}],"author":[{"embeddable":true,"href":"https:\/\/beneggiassociati.com\/en\/wp-json\/wp\/v2\/users\/4"}],"replies":[{"embeddable":true,"href":"https:\/\/beneggiassociati.com\/en\/wp-json\/wp\/v2\/comments?post=16891"}],"version-history":[{"count":0,"href":"https:\/\/beneggiassociati.com\/en\/wp-json\/wp\/v2\/posts\/16891\/revisions"}],"wp:featuredmedia":[{"embeddable":true,"href":"https:\/\/beneggiassociati.com\/en\/wp-json\/wp\/v2\/media\/409"}],"wp:attachment":[{"href":"https:\/\/beneggiassociati.com\/en\/wp-json\/wp\/v2\/media?parent=16891"}],"wp:term":[{"taxonomy":"category","embeddable":true,"href":"https:\/\/beneggiassociati.com\/en\/wp-json\/wp\/v2\/categories?post=16891"},{"taxonomy":"post_tag","embeddable":true,"href":"https:\/\/beneggiassociati.com\/en\/wp-json\/wp\/v2\/tags?post=16891"}],"curies":[{"name":"wp","href":"https:\/\/api.w.org\/{rel}","templated":true}]}}