{"id":16905,"date":"2019-12-29T07:53:00","date_gmt":"2019-12-29T06:53:00","guid":{"rendered":"https:\/\/dev.beneggiassociati.com\/2019\/12\/29\/legge-di-bilancio-2020-plastic-tax\/"},"modified":"2019-12-29T07:53:00","modified_gmt":"2019-12-29T06:53:00","slug":"legge-di-bilancio-2020-plastic-tax","status":"publish","type":"post","link":"https:\/\/beneggiassociati.com\/en\/legge-di-bilancio-2020-plastic-tax\/","title":{"rendered":"Legge di bilancio 2020, Plastic tax"},"content":{"rendered":"\n<p>Solo con l\u2019emanazione, entro maggio 2020, del decreto di attuazione sar\u00e0 in vigore anche in Italia la plastica tax, l&#8217;imposta sul consumo di manufatti aventi funzione di contenimento, protezione o consegna di merci e prodotti alimentari, realizzati con l&#8217;impiego, anche parziale, di materie plastiche monouso (denominati Macsi).<\/p>\n\n\n<p>Come imposta indiretta sulla produzione e sul consumo, ed al pari degli altri prodotti gravati da analoga imposta interna, l&#8217;obbligazione tributaria sorge al momento della produzione, dell&#8217;importazione definitiva ovvero dell&#8217;introduzione da altri Paesi Ue e diviene esigibile al momento dell&#8217;immissione in consumo nel territorio italiano.&nbsp;<\/p>\n\n\n<p>Il soggetto obbligato e il momento di esigibilit\u00e0 dell&#8217;imposta variano, dunque, a seconda del luogo di produzione o provenienza del manufatto:<\/p>\n\n\n<ul class=\"wp-block-list\"><li>se realizzato nel territorio nazionale, l&#8217;imposta graver\u00e0 sul fabbricante e sar\u00e0 esigibile al momento della cessione ad altri soggetti nazionali. Sul tema si registrano interessanti questioni, per esempio circa la configurazione del soggetto obbligato e\/o delle modalit\u00e0 di riaddebito dell&#8217;imposta tutte le volte in cui il fabbricante non sia il proprietario dei beni prodotti, ma sia un mero terzo produttore;<\/li><li>qualora il manufatto provenga da altri Paesi dell\u2019Unione europea l&#8217;onere cadr\u00e0 invece sul cessionario, all&#8217;atto dell&#8217;acquisto nell&#8217;esercizio della propria attivit\u00e0, ovvero sul cedente all&#8217;atto della cessione a privati, presentandosi quest&#8217;ultimo caso come concretamente pi\u00f9 complesso, attesi gli oneri di identificazione in Italia che un cedente deve porre in essere per ottemperare al disposto normativo, elemento questo che rileva anche per le ipotesi di vendite a distanza o e-commerce;<\/li><li>nel caso di Macsi provenienti da Paesi extra Ue, invece, l&#8217;imposta graver\u00e0 sull&#8217;importatore all&#8217;atto dell&#8217;importazione definitiva sul territorio italiano.<\/li><\/ul>\n\n\n<p>La plastic tax \u00e8 fissata nella misura di 0,45 euro per ogni chilogrammo di materia plastica contenuta nei Macsi e l&#8217;accertamento viene effettuato sulla base delle dichiarazioni trimestrali, le quali devono contenere tutti gli elementi necessari a determinare l&#8217;ammontare dell&#8217;imposta dovuta (che saranno pi\u00f9 dettagliatamente previsti nel decreto attuativo). In ogni caso, il pagamento \u00e8 periodico con F24 e pu\u00f2 essere oggetto di compensazione.<\/p>\n\n\n<p>Si suppone per\u00f2 che non sia eseguibile facilmente un calcolo basato sul criterio del peso dei prodotti che impone, alla fonte, la conoscenza di dati numerici (rapporto di peso tra plastica ed altre materie su un prodotto finito), di rilievo presso stabilimenti produttivi spesso non di diretta gestione o nell&#8217;ambito di catene commerciali assai diluite e distanti.<\/p>\n\n\n<p>Non si applica, tuttavia, l&#8217;imposta per le cessioni in Paesi Ue o extra Ue, per le quali sono attivabili i rimborsi di legge per cui l&#8217;imposta \u00e8 restituita, al cedente o all&#8217;esportatore, purch\u00e9 la stessa sia stata riportata nella documentazione commerciale corredata dalla prova del pagamento effettuato.&nbsp;<\/p>\n\n\n<p>Da ultimo, \u00e8 bene individuare che, alle imprese attive nel settore di produzione dei Macsi, \u00e8 riconosciuto un credito d&#8217;imposta nella misura del 10% delle spese sostenute nel 2020, per l&#8217;adeguamento tecnologico, anche se gli importi sono complessivamente limitati.<\/p>\n\n\n<p><a href=\"mailto:info@beneggiassociati.com\" target=\"_blank\" rel=\"noreferrer noopener\"><br \/>Sei interessato all\u2019articolo? Scrivici e verrai contattato da un nostro Consultant<\/a><\/p>\n\n\n<p><a href=\"https:\/\/beneggiassociati.com\/\" target=\"_blank\" rel=\"noreferrer noopener\">@ Beneggi e Associati | Commercialisti al servizio delle imprese | Meda | Milano<\/a><br \/><\/p>\n","protected":false},"excerpt":{"rendered":"<p>Solo con l\u2019emanazione, entro maggio 2020, del decreto di attuazione sar\u00e0 in vigore anche in Italia la plastica tax, l&#8217;imposta sul consumo di manufatti aventi funzione di contenimento, protezione o consegna di merci e prodotti alimentari, realizzati con l&#8217;impiego, anche parziale, di materie plastiche monouso (denominati Macsi). Come imposta indiretta sulla produzione e sul consumo, [&hellip;]<\/p>\n","protected":false},"author":4,"featured_media":409,"comment_status":"open","ping_status":"open","sticky":false,"template":"","format":"standard","meta":{"_acf_changed":false,"content-type":"","footnotes":""},"categories":[16],"tags":[],"class_list":["post-16905","post","type-post","status-publish","format-standard","has-post-thumbnail","hentry","category-archivio"],"acf":[],"yoast_head":"<!-- This site is optimized with the Yoast SEO plugin v27.4 - https:\/\/yoast.com\/product\/yoast-seo-wordpress\/ -->\n<title>Legge di bilancio 2020, Plastic tax - Beneggi &amp; Associati<\/title>\n<meta name=\"description\" content=\"Solo con l\u2019emanazione, entro maggio 2020, del decreto di attuazione sar\u00e0 in vigore anche in Italia la plastica tax, l&#039;imposta sul consumo di manufatti\" \/>\n<meta name=\"robots\" content=\"index, follow, max-snippet:-1, max-image-preview:large, max-video-preview:-1\" \/>\n<link rel=\"canonical\" href=\"https:\/\/beneggiassociati.com\/en\/legge-di-bilancio-2020-plastic-tax\/\" \/>\n<meta property=\"og:locale\" content=\"en_US\" \/>\n<meta property=\"og:type\" content=\"article\" \/>\n<meta property=\"og:title\" content=\"Legge di bilancio 2020, Plastic tax - Beneggi &amp; Associati\" \/>\n<meta property=\"og:description\" content=\"Solo con l\u2019emanazione, entro maggio 2020, del decreto di attuazione sar\u00e0 in vigore anche in Italia la plastica tax, l&#039;imposta sul consumo di manufatti\" \/>\n<meta property=\"og:url\" content=\"https:\/\/beneggiassociati.com\/en\/legge-di-bilancio-2020-plastic-tax\/\" \/>\n<meta property=\"og:site_name\" content=\"Beneggi &amp; Associati\" \/>\n<meta property=\"article:published_time\" content=\"2019-12-29T06:53:00+00:00\" \/>\n<meta property=\"og:image\" content=\"https:\/\/beneggiassociati.com\/wp-content\/uploads\/2025\/07\/single-post-beneggi.jpg\" \/>\n\t<meta property=\"og:image:width\" content=\"1280\" \/>\n\t<meta property=\"og:image:height\" content=\"823\" \/>\n\t<meta property=\"og:image:type\" content=\"image\/jpeg\" \/>\n<meta name=\"author\" content=\"Tiziano Beneggi\" \/>\n<meta name=\"twitter:card\" content=\"summary_large_image\" \/>\n<meta name=\"twitter:label1\" content=\"Written by\" \/>\n\t<meta name=\"twitter:data1\" content=\"Tiziano Beneggi\" \/>\n\t<meta name=\"twitter:label2\" content=\"Est. reading time\" \/>\n\t<meta name=\"twitter:data2\" content=\"2 minutes\" \/>\n<script type=\"application\/ld+json\" class=\"yoast-schema-graph\">{\"@context\":\"https:\\\/\\\/schema.org\",\"@graph\":[{\"@type\":\"Article\",\"@id\":\"https:\\\/\\\/beneggiassociati.com\\\/en\\\/legge-di-bilancio-2020-plastic-tax\\\/#article\",\"isPartOf\":{\"@id\":\"https:\\\/\\\/beneggiassociati.com\\\/en\\\/legge-di-bilancio-2020-plastic-tax\\\/\"},\"author\":{\"name\":\"Tiziano Beneggi\",\"@id\":\"https:\\\/\\\/beneggiassociati.com\\\/en\\\/#\\\/schema\\\/person\\\/828daacfa37b359e89e981f920072004\"},\"headline\":\"Legge di bilancio 2020, Plastic tax\",\"datePublished\":\"2019-12-29T06:53:00+00:00\",\"mainEntityOfPage\":{\"@id\":\"https:\\\/\\\/beneggiassociati.com\\\/en\\\/legge-di-bilancio-2020-plastic-tax\\\/\"},\"wordCount\":518,\"commentCount\":0,\"publisher\":{\"@id\":\"https:\\\/\\\/beneggiassociati.com\\\/en\\\/#organization\"},\"image\":{\"@id\":\"https:\\\/\\\/beneggiassociati.com\\\/en\\\/legge-di-bilancio-2020-plastic-tax\\\/#primaryimage\"},\"thumbnailUrl\":\"https:\\\/\\\/beneggiassociati.com\\\/wp-content\\\/uploads\\\/2025\\\/07\\\/single-post-beneggi.jpg\",\"articleSection\":[\"ARCHIVIO\"],\"inLanguage\":\"en-US\"},{\"@type\":\"WebPage\",\"@id\":\"https:\\\/\\\/beneggiassociati.com\\\/en\\\/legge-di-bilancio-2020-plastic-tax\\\/\",\"url\":\"https:\\\/\\\/beneggiassociati.com\\\/en\\\/legge-di-bilancio-2020-plastic-tax\\\/\",\"name\":\"Legge di bilancio 2020, Plastic tax - Beneggi &amp; Associati\",\"isPartOf\":{\"@id\":\"https:\\\/\\\/beneggiassociati.com\\\/en\\\/#website\"},\"primaryImageOfPage\":{\"@id\":\"https:\\\/\\\/beneggiassociati.com\\\/en\\\/legge-di-bilancio-2020-plastic-tax\\\/#primaryimage\"},\"image\":{\"@id\":\"https:\\\/\\\/beneggiassociati.com\\\/en\\\/legge-di-bilancio-2020-plastic-tax\\\/#primaryimage\"},\"thumbnailUrl\":\"https:\\\/\\\/beneggiassociati.com\\\/wp-content\\\/uploads\\\/2025\\\/07\\\/single-post-beneggi.jpg\",\"datePublished\":\"2019-12-29T06:53:00+00:00\",\"description\":\"Solo con l\u2019emanazione, entro maggio 2020, del decreto di attuazione sar\u00e0 in vigore anche in Italia la plastica tax, l'imposta sul consumo di manufatti\",\"breadcrumb\":{\"@id\":\"https:\\\/\\\/beneggiassociati.com\\\/en\\\/legge-di-bilancio-2020-plastic-tax\\\/#breadcrumb\"},\"inLanguage\":\"en-US\",\"potentialAction\":[{\"@type\":\"ReadAction\",\"target\":[\"https:\\\/\\\/beneggiassociati.com\\\/en\\\/legge-di-bilancio-2020-plastic-tax\\\/\"]}]},{\"@type\":\"ImageObject\",\"inLanguage\":\"en-US\",\"@id\":\"https:\\\/\\\/beneggiassociati.com\\\/en\\\/legge-di-bilancio-2020-plastic-tax\\\/#primaryimage\",\"url\":\"https:\\\/\\\/beneggiassociati.com\\\/wp-content\\\/uploads\\\/2025\\\/07\\\/single-post-beneggi.jpg\",\"contentUrl\":\"https:\\\/\\\/beneggiassociati.com\\\/wp-content\\\/uploads\\\/2025\\\/07\\\/single-post-beneggi.jpg\",\"width\":1280,\"height\":823},{\"@type\":\"BreadcrumbList\",\"@id\":\"https:\\\/\\\/beneggiassociati.com\\\/en\\\/legge-di-bilancio-2020-plastic-tax\\\/#breadcrumb\",\"itemListElement\":[{\"@type\":\"ListItem\",\"position\":1,\"name\":\"Home\",\"item\":\"https:\\\/\\\/beneggiassociati.com\\\/en\\\/?page_id=24163\"},{\"@type\":\"ListItem\",\"position\":2,\"name\":\"Legge di bilancio 2020, Plastic tax\"}]},{\"@type\":\"WebSite\",\"@id\":\"https:\\\/\\\/beneggiassociati.com\\\/en\\\/#website\",\"url\":\"https:\\\/\\\/beneggiassociati.com\\\/en\\\/\",\"name\":\"Beneggi e associati\",\"description\":\"\",\"publisher\":{\"@id\":\"https:\\\/\\\/beneggiassociati.com\\\/en\\\/#organization\"},\"potentialAction\":[{\"@type\":\"SearchAction\",\"target\":{\"@type\":\"EntryPoint\",\"urlTemplate\":\"https:\\\/\\\/beneggiassociati.com\\\/en\\\/?s={search_term_string}\"},\"query-input\":{\"@type\":\"PropertyValueSpecification\",\"valueRequired\":true,\"valueName\":\"search_term_string\"}}],\"inLanguage\":\"en-US\"},{\"@type\":\"Organization\",\"@id\":\"https:\\\/\\\/beneggiassociati.com\\\/en\\\/#organization\",\"name\":\"Beneggi e associati\",\"url\":\"https:\\\/\\\/beneggiassociati.com\\\/en\\\/\",\"logo\":{\"@type\":\"ImageObject\",\"inLanguage\":\"en-US\",\"@id\":\"https:\\\/\\\/beneggiassociati.com\\\/en\\\/#\\\/schema\\\/logo\\\/image\\\/\",\"url\":\"https:\\\/\\\/beneggiassociati.com\\\/wp-content\\\/uploads\\\/2025\\\/07\\\/beneggi-logo.png\",\"contentUrl\":\"https:\\\/\\\/beneggiassociati.com\\\/wp-content\\\/uploads\\\/2025\\\/07\\\/beneggi-logo.png\",\"width\":141,\"height\":87,\"caption\":\"Beneggi e associati\"},\"image\":{\"@id\":\"https:\\\/\\\/beneggiassociati.com\\\/en\\\/#\\\/schema\\\/logo\\\/image\\\/\"}},{\"@type\":\"Person\",\"@id\":\"https:\\\/\\\/beneggiassociati.com\\\/en\\\/#\\\/schema\\\/person\\\/828daacfa37b359e89e981f920072004\",\"name\":\"Tiziano Beneggi\",\"url\":\"https:\\\/\\\/beneggiassociati.com\\\/en\\\/author\\\/tizianobeneggiassociati-com\\\/\"}]}<\/script>\n<!-- \/ Yoast SEO plugin. -->","yoast_head_json":{"title":"Legge di bilancio 2020, Plastic tax - Beneggi &amp; Associati","description":"Solo con l\u2019emanazione, entro maggio 2020, del decreto di attuazione sar\u00e0 in vigore anche in Italia la plastica tax, l'imposta sul consumo di manufatti","robots":{"index":"index","follow":"follow","max-snippet":"max-snippet:-1","max-image-preview":"max-image-preview:large","max-video-preview":"max-video-preview:-1"},"canonical":"https:\/\/beneggiassociati.com\/en\/legge-di-bilancio-2020-plastic-tax\/","og_locale":"en_US","og_type":"article","og_title":"Legge di bilancio 2020, Plastic tax - Beneggi &amp; Associati","og_description":"Solo con l\u2019emanazione, entro maggio 2020, del decreto di attuazione sar\u00e0 in vigore anche in Italia la plastica tax, l'imposta sul consumo di manufatti","og_url":"https:\/\/beneggiassociati.com\/en\/legge-di-bilancio-2020-plastic-tax\/","og_site_name":"Beneggi &amp; Associati","article_published_time":"2019-12-29T06:53:00+00:00","og_image":[{"width":1280,"height":823,"url":"https:\/\/beneggiassociati.com\/wp-content\/uploads\/2025\/07\/single-post-beneggi.jpg","type":"image\/jpeg"}],"author":"Tiziano Beneggi","twitter_card":"summary_large_image","twitter_misc":{"Written by":"Tiziano Beneggi","Est. reading time":"2 minutes"},"schema":{"@context":"https:\/\/schema.org","@graph":[{"@type":"Article","@id":"https:\/\/beneggiassociati.com\/en\/legge-di-bilancio-2020-plastic-tax\/#article","isPartOf":{"@id":"https:\/\/beneggiassociati.com\/en\/legge-di-bilancio-2020-plastic-tax\/"},"author":{"name":"Tiziano Beneggi","@id":"https:\/\/beneggiassociati.com\/en\/#\/schema\/person\/828daacfa37b359e89e981f920072004"},"headline":"Legge di bilancio 2020, Plastic tax","datePublished":"2019-12-29T06:53:00+00:00","mainEntityOfPage":{"@id":"https:\/\/beneggiassociati.com\/en\/legge-di-bilancio-2020-plastic-tax\/"},"wordCount":518,"commentCount":0,"publisher":{"@id":"https:\/\/beneggiassociati.com\/en\/#organization"},"image":{"@id":"https:\/\/beneggiassociati.com\/en\/legge-di-bilancio-2020-plastic-tax\/#primaryimage"},"thumbnailUrl":"https:\/\/beneggiassociati.com\/wp-content\/uploads\/2025\/07\/single-post-beneggi.jpg","articleSection":["ARCHIVIO"],"inLanguage":"en-US"},{"@type":"WebPage","@id":"https:\/\/beneggiassociati.com\/en\/legge-di-bilancio-2020-plastic-tax\/","url":"https:\/\/beneggiassociati.com\/en\/legge-di-bilancio-2020-plastic-tax\/","name":"Legge di bilancio 2020, Plastic tax - Beneggi &amp; Associati","isPartOf":{"@id":"https:\/\/beneggiassociati.com\/en\/#website"},"primaryImageOfPage":{"@id":"https:\/\/beneggiassociati.com\/en\/legge-di-bilancio-2020-plastic-tax\/#primaryimage"},"image":{"@id":"https:\/\/beneggiassociati.com\/en\/legge-di-bilancio-2020-plastic-tax\/#primaryimage"},"thumbnailUrl":"https:\/\/beneggiassociati.com\/wp-content\/uploads\/2025\/07\/single-post-beneggi.jpg","datePublished":"2019-12-29T06:53:00+00:00","description":"Solo con l\u2019emanazione, entro maggio 2020, del decreto di attuazione sar\u00e0 in vigore anche in Italia la plastica tax, l'imposta sul consumo di manufatti","breadcrumb":{"@id":"https:\/\/beneggiassociati.com\/en\/legge-di-bilancio-2020-plastic-tax\/#breadcrumb"},"inLanguage":"en-US","potentialAction":[{"@type":"ReadAction","target":["https:\/\/beneggiassociati.com\/en\/legge-di-bilancio-2020-plastic-tax\/"]}]},{"@type":"ImageObject","inLanguage":"en-US","@id":"https:\/\/beneggiassociati.com\/en\/legge-di-bilancio-2020-plastic-tax\/#primaryimage","url":"https:\/\/beneggiassociati.com\/wp-content\/uploads\/2025\/07\/single-post-beneggi.jpg","contentUrl":"https:\/\/beneggiassociati.com\/wp-content\/uploads\/2025\/07\/single-post-beneggi.jpg","width":1280,"height":823},{"@type":"BreadcrumbList","@id":"https:\/\/beneggiassociati.com\/en\/legge-di-bilancio-2020-plastic-tax\/#breadcrumb","itemListElement":[{"@type":"ListItem","position":1,"name":"Home","item":"https:\/\/beneggiassociati.com\/en\/?page_id=24163"},{"@type":"ListItem","position":2,"name":"Legge di bilancio 2020, Plastic tax"}]},{"@type":"WebSite","@id":"https:\/\/beneggiassociati.com\/en\/#website","url":"https:\/\/beneggiassociati.com\/en\/","name":"Beneggi e associati","description":"","publisher":{"@id":"https:\/\/beneggiassociati.com\/en\/#organization"},"potentialAction":[{"@type":"SearchAction","target":{"@type":"EntryPoint","urlTemplate":"https:\/\/beneggiassociati.com\/en\/?s={search_term_string}"},"query-input":{"@type":"PropertyValueSpecification","valueRequired":true,"valueName":"search_term_string"}}],"inLanguage":"en-US"},{"@type":"Organization","@id":"https:\/\/beneggiassociati.com\/en\/#organization","name":"Beneggi e associati","url":"https:\/\/beneggiassociati.com\/en\/","logo":{"@type":"ImageObject","inLanguage":"en-US","@id":"https:\/\/beneggiassociati.com\/en\/#\/schema\/logo\/image\/","url":"https:\/\/beneggiassociati.com\/wp-content\/uploads\/2025\/07\/beneggi-logo.png","contentUrl":"https:\/\/beneggiassociati.com\/wp-content\/uploads\/2025\/07\/beneggi-logo.png","width":141,"height":87,"caption":"Beneggi e associati"},"image":{"@id":"https:\/\/beneggiassociati.com\/en\/#\/schema\/logo\/image\/"}},{"@type":"Person","@id":"https:\/\/beneggiassociati.com\/en\/#\/schema\/person\/828daacfa37b359e89e981f920072004","name":"Tiziano Beneggi","url":"https:\/\/beneggiassociati.com\/en\/author\/tizianobeneggiassociati-com\/"}]}},"_links":{"self":[{"href":"https:\/\/beneggiassociati.com\/en\/wp-json\/wp\/v2\/posts\/16905","targetHints":{"allow":["GET"]}}],"collection":[{"href":"https:\/\/beneggiassociati.com\/en\/wp-json\/wp\/v2\/posts"}],"about":[{"href":"https:\/\/beneggiassociati.com\/en\/wp-json\/wp\/v2\/types\/post"}],"author":[{"embeddable":true,"href":"https:\/\/beneggiassociati.com\/en\/wp-json\/wp\/v2\/users\/4"}],"replies":[{"embeddable":true,"href":"https:\/\/beneggiassociati.com\/en\/wp-json\/wp\/v2\/comments?post=16905"}],"version-history":[{"count":0,"href":"https:\/\/beneggiassociati.com\/en\/wp-json\/wp\/v2\/posts\/16905\/revisions"}],"wp:featuredmedia":[{"embeddable":true,"href":"https:\/\/beneggiassociati.com\/en\/wp-json\/wp\/v2\/media\/409"}],"wp:attachment":[{"href":"https:\/\/beneggiassociati.com\/en\/wp-json\/wp\/v2\/media?parent=16905"}],"wp:term":[{"taxonomy":"category","embeddable":true,"href":"https:\/\/beneggiassociati.com\/en\/wp-json\/wp\/v2\/categories?post=16905"},{"taxonomy":"post_tag","embeddable":true,"href":"https:\/\/beneggiassociati.com\/en\/wp-json\/wp\/v2\/tags?post=16905"}],"curies":[{"name":"wp","href":"https:\/\/api.w.org\/{rel}","templated":true}]}}