{"id":16951,"date":"2020-01-26T17:17:00","date_gmt":"2020-01-26T16:17:00","guid":{"rendered":"https:\/\/dev.beneggiassociati.com\/2020\/01\/26\/cessione-ue-nota-di-variazione-in-assenza-dellidentificativo-iva\/"},"modified":"2020-01-26T17:17:00","modified_gmt":"2020-01-26T16:17:00","slug":"cessione-ue-nota-di-variazione-in-assenza-dellidentificativo-iva","status":"publish","type":"post","link":"https:\/\/beneggiassociati.com\/en\/cessione-ue-nota-di-variazione-in-assenza-dellidentificativo-iva\/","title":{"rendered":"Cessione UE, nota di variazione in assenza dell\u2019identificativo Iva"},"content":{"rendered":"\n<p>In caso di cessione intracomunitaria la mancata comunicazione del numero di identificazione Iva da parte del cessionario unionale al momento della partenza dei beni impedisce al cedente di emettere la fattura senza imposta. Analoga conseguenza si determina nel caso in cui l\u2019acquirente abbia richiesto alla propria amministrazione il rilascio del codice, ma, al momento dell\u2019effettuazione della cessione, per motivi istruttori, non disponga di tale identificativo. In entrambi i casi se l\u2019acquirente dimostra di essere, dal momento di effettuazione della cessione, un soggetto passivo potr\u00e0 richiedere al cedente una nota di variazione.&nbsp;<\/p>\n\n\n\n<p>Dal 2020 il codice identificativo Iva del cessionario comunitario \u00e8 un elemento necessario per consentire al cedente, identificato in un altro Stato membro di emettere una fattura di cessione intracomunitaria senza applicazione d\u2019imposta. Pertanto, dal 1\u00b0 gennaio le fatture del cedente devono riportare il numero identificativo del cessionario identificato in altro Stato membro; tale numero deve essere indicato (o meglio comunicato) dal cessionario. Come questa comunicazione debba avvenire non \u00e8 stabilito dalla normativa unionale. In pratica, tale comunicazione pu\u00f2 avvenire in qualsiasi modo anche con una semplice email.&nbsp;<\/p>\n\n\n\n<p>A dire il vero la norma non prevede una vera e propria comunicazione: pertanto, il solo fatto che il cedente inserisca il codice identificativo in fattura determina una presunta comunicazione sufficiente a superare il vincolo normativo. \u00c8 chiaro, per\u00f2, che l\u2019assenza della comunicazione ha delle conseguenze se il cedente non \u00e8 in grado di individuare tale codice ovvero se il codice indicato non \u00e8 corretto. In questo caso il cedente \u00e8 costretto a emettere la fattura con Iva dello Stato di cessione. Invero, la Commissione sottolinea che tale situazione non inficia la gestione dell\u2019acquisto intracomunitario se l\u2019acquirente \u00e8 in grado di dimostrare alla propria amministrazione che lo stesso possedeva al momento di effettuazione della cessione un codice identificativo valido. In questo caso, l\u2019acquirente opererebbe la liquidazione dell\u2019Iva nello Stato membro di destinazione dei beni e il cedente dovrebbe provvedere a emettere una nota di variazione per modificare il regime della cessione intracomunitaria.<\/p>\n\n\n\n<p>Una domanda che si poneva era comprendere cosa sarebbe successo se il cessionario avesse gi\u00e0 richiesto il codice identificativo ma lo Stato membro richiesto non lo aveva ancora rilasciato al momento dell\u2019effettuazione. Alla domanda la Commissione Europea risponde che la cessione deve essere tassata direttamente nello Stato membro del cedente non essendosi realizzata al momento dell\u2019effettuazione della cessione una delle condizioni essenziali previste dall\u2019articolo 138 della direttiva Iva. In questo caso, dunque, rispetto al passato in cui il codice identificativo aveva natura solo formale, l\u2019effetto che si determina \u00e8 il venir meno del regime non imponibile dell\u2019operazione. Anche in questo caso, la Commissione Europea ammette, per\u00f2, che, dopo aver ricevuto il numero identificativo Iva unionale, l\u2019acquirente, essendo dal momento di presentazione dell\u2019istanza di attribuzione del codice un soggetto d\u2019imposta, potr\u00e0 richiedere al cedente l\u2019emissione di una nota di variazione per modificare il trattamento Iva dell\u2019operazione.<\/p>\n\n\n\n<p><a href=\"mailto:info@beneggiassociati.com\" target=\"_blank\" rel=\"noreferrer noopener\"><br>Sei interessato all\u2019articolo? Scrivici e verrai contattato da un nostro Consultant<\/a><\/p>\n\n\n\n<p><a href=\"https:\/\/beneggiassociati.com\/\" target=\"_blank\" rel=\"noreferrer noopener\">@ Beneggi e Associati | Commercialisti al servizio delle imprese | Meda | Milano<\/a><br><\/p>\n","protected":false},"excerpt":{"rendered":"<p>In caso di cessione intracomunitaria la mancata comunicazione del numero di identificazione Iva da parte del cessionario unionale al momento della partenza dei beni impedisce al cedente di emettere la fattura senza imposta. Analoga conseguenza si determina nel caso in cui l\u2019acquirente abbia richiesto alla propria amministrazione il rilascio del codice, ma, al momento dell\u2019effettuazione [&hellip;]<\/p>\n","protected":false},"author":4,"featured_media":409,"comment_status":"open","ping_status":"open","sticky":false,"template":"","format":"standard","meta":{"_acf_changed":false,"content-type":"","footnotes":""},"categories":[16],"tags":[],"class_list":["post-16951","post","type-post","status-publish","format-standard","has-post-thumbnail","hentry","category-archivio"],"acf":[],"yoast_head":"<!-- This site is optimized with the Yoast SEO plugin v27.4 - https:\/\/yoast.com\/product\/yoast-seo-wordpress\/ -->\n<title>Cessione UE, nota di variazione in assenza dell\u2019identificativo Iva - Beneggi &amp; Associati<\/title>\n<meta name=\"description\" content=\"In caso di cessione intracomunitaria la mancata comunicazione del numero di identificazione Iva da parte del cessionario unionale al momento della\" \/>\n<meta name=\"robots\" content=\"index, follow, max-snippet:-1, max-image-preview:large, max-video-preview:-1\" \/>\n<link rel=\"canonical\" href=\"https:\/\/beneggiassociati.com\/en\/cessione-ue-nota-di-variazione-in-assenza-dellidentificativo-iva\/\" \/>\n<meta property=\"og:locale\" content=\"en_US\" \/>\n<meta property=\"og:type\" content=\"article\" \/>\n<meta property=\"og:title\" content=\"Cessione UE, nota di variazione in assenza dell\u2019identificativo Iva - Beneggi &amp; Associati\" \/>\n<meta property=\"og:description\" content=\"In caso di cessione intracomunitaria la mancata comunicazione del numero di identificazione Iva da parte del cessionario unionale al momento della\" \/>\n<meta property=\"og:url\" content=\"https:\/\/beneggiassociati.com\/en\/cessione-ue-nota-di-variazione-in-assenza-dellidentificativo-iva\/\" \/>\n<meta property=\"og:site_name\" content=\"Beneggi &amp; Associati\" \/>\n<meta property=\"article:published_time\" content=\"2020-01-26T16:17:00+00:00\" \/>\n<meta property=\"og:image\" content=\"https:\/\/beneggiassociati.com\/wp-content\/uploads\/2025\/07\/single-post-beneggi.jpg\" \/>\n\t<meta property=\"og:image:width\" content=\"1280\" \/>\n\t<meta property=\"og:image:height\" content=\"823\" \/>\n\t<meta property=\"og:image:type\" content=\"image\/jpeg\" \/>\n<meta name=\"author\" content=\"Tiziano Beneggi\" \/>\n<meta name=\"twitter:card\" content=\"summary_large_image\" \/>\n<meta name=\"twitter:label1\" content=\"Written by\" \/>\n\t<meta name=\"twitter:data1\" content=\"Tiziano Beneggi\" \/>\n\t<meta name=\"twitter:label2\" content=\"Est. reading time\" \/>\n\t<meta name=\"twitter:data2\" content=\"3 minutes\" \/>\n<script type=\"application\/ld+json\" class=\"yoast-schema-graph\">{\"@context\":\"https:\\\/\\\/schema.org\",\"@graph\":[{\"@type\":\"Article\",\"@id\":\"https:\\\/\\\/beneggiassociati.com\\\/en\\\/cessione-ue-nota-di-variazione-in-assenza-dellidentificativo-iva\\\/#article\",\"isPartOf\":{\"@id\":\"https:\\\/\\\/beneggiassociati.com\\\/en\\\/cessione-ue-nota-di-variazione-in-assenza-dellidentificativo-iva\\\/\"},\"author\":{\"name\":\"Tiziano Beneggi\",\"@id\":\"https:\\\/\\\/beneggiassociati.com\\\/en\\\/#\\\/schema\\\/person\\\/828daacfa37b359e89e981f920072004\"},\"headline\":\"Cessione UE, nota di variazione in assenza dell\u2019identificativo Iva\",\"datePublished\":\"2020-01-26T16:17:00+00:00\",\"mainEntityOfPage\":{\"@id\":\"https:\\\/\\\/beneggiassociati.com\\\/en\\\/cessione-ue-nota-di-variazione-in-assenza-dellidentificativo-iva\\\/\"},\"wordCount\":518,\"commentCount\":0,\"publisher\":{\"@id\":\"https:\\\/\\\/beneggiassociati.com\\\/en\\\/#organization\"},\"image\":{\"@id\":\"https:\\\/\\\/beneggiassociati.com\\\/en\\\/cessione-ue-nota-di-variazione-in-assenza-dellidentificativo-iva\\\/#primaryimage\"},\"thumbnailUrl\":\"https:\\\/\\\/beneggiassociati.com\\\/wp-content\\\/uploads\\\/2025\\\/07\\\/single-post-beneggi.jpg\",\"articleSection\":[\"ARCHIVIO\"],\"inLanguage\":\"en-US\"},{\"@type\":\"WebPage\",\"@id\":\"https:\\\/\\\/beneggiassociati.com\\\/en\\\/cessione-ue-nota-di-variazione-in-assenza-dellidentificativo-iva\\\/\",\"url\":\"https:\\\/\\\/beneggiassociati.com\\\/en\\\/cessione-ue-nota-di-variazione-in-assenza-dellidentificativo-iva\\\/\",\"name\":\"Cessione UE, nota di variazione in assenza dell\u2019identificativo Iva - Beneggi &amp; Associati\",\"isPartOf\":{\"@id\":\"https:\\\/\\\/beneggiassociati.com\\\/en\\\/#website\"},\"primaryImageOfPage\":{\"@id\":\"https:\\\/\\\/beneggiassociati.com\\\/en\\\/cessione-ue-nota-di-variazione-in-assenza-dellidentificativo-iva\\\/#primaryimage\"},\"image\":{\"@id\":\"https:\\\/\\\/beneggiassociati.com\\\/en\\\/cessione-ue-nota-di-variazione-in-assenza-dellidentificativo-iva\\\/#primaryimage\"},\"thumbnailUrl\":\"https:\\\/\\\/beneggiassociati.com\\\/wp-content\\\/uploads\\\/2025\\\/07\\\/single-post-beneggi.jpg\",\"datePublished\":\"2020-01-26T16:17:00+00:00\",\"description\":\"In caso di cessione intracomunitaria la mancata comunicazione del numero di identificazione Iva da parte del cessionario unionale al momento della\",\"breadcrumb\":{\"@id\":\"https:\\\/\\\/beneggiassociati.com\\\/en\\\/cessione-ue-nota-di-variazione-in-assenza-dellidentificativo-iva\\\/#breadcrumb\"},\"inLanguage\":\"en-US\",\"potentialAction\":[{\"@type\":\"ReadAction\",\"target\":[\"https:\\\/\\\/beneggiassociati.com\\\/en\\\/cessione-ue-nota-di-variazione-in-assenza-dellidentificativo-iva\\\/\"]}]},{\"@type\":\"ImageObject\",\"inLanguage\":\"en-US\",\"@id\":\"https:\\\/\\\/beneggiassociati.com\\\/en\\\/cessione-ue-nota-di-variazione-in-assenza-dellidentificativo-iva\\\/#primaryimage\",\"url\":\"https:\\\/\\\/beneggiassociati.com\\\/wp-content\\\/uploads\\\/2025\\\/07\\\/single-post-beneggi.jpg\",\"contentUrl\":\"https:\\\/\\\/beneggiassociati.com\\\/wp-content\\\/uploads\\\/2025\\\/07\\\/single-post-beneggi.jpg\",\"width\":1280,\"height\":823},{\"@type\":\"BreadcrumbList\",\"@id\":\"https:\\\/\\\/beneggiassociati.com\\\/en\\\/cessione-ue-nota-di-variazione-in-assenza-dellidentificativo-iva\\\/#breadcrumb\",\"itemListElement\":[{\"@type\":\"ListItem\",\"position\":1,\"name\":\"Home\",\"item\":\"https:\\\/\\\/beneggiassociati.com\\\/en\\\/?page_id=24163\"},{\"@type\":\"ListItem\",\"position\":2,\"name\":\"Cessione UE, nota di variazione in assenza dell\u2019identificativo Iva\"}]},{\"@type\":\"WebSite\",\"@id\":\"https:\\\/\\\/beneggiassociati.com\\\/en\\\/#website\",\"url\":\"https:\\\/\\\/beneggiassociati.com\\\/en\\\/\",\"name\":\"Beneggi e associati\",\"description\":\"\",\"publisher\":{\"@id\":\"https:\\\/\\\/beneggiassociati.com\\\/en\\\/#organization\"},\"potentialAction\":[{\"@type\":\"SearchAction\",\"target\":{\"@type\":\"EntryPoint\",\"urlTemplate\":\"https:\\\/\\\/beneggiassociati.com\\\/en\\\/?s={search_term_string}\"},\"query-input\":{\"@type\":\"PropertyValueSpecification\",\"valueRequired\":true,\"valueName\":\"search_term_string\"}}],\"inLanguage\":\"en-US\"},{\"@type\":\"Organization\",\"@id\":\"https:\\\/\\\/beneggiassociati.com\\\/en\\\/#organization\",\"name\":\"Beneggi e associati\",\"url\":\"https:\\\/\\\/beneggiassociati.com\\\/en\\\/\",\"logo\":{\"@type\":\"ImageObject\",\"inLanguage\":\"en-US\",\"@id\":\"https:\\\/\\\/beneggiassociati.com\\\/en\\\/#\\\/schema\\\/logo\\\/image\\\/\",\"url\":\"https:\\\/\\\/beneggiassociati.com\\\/wp-content\\\/uploads\\\/2025\\\/07\\\/beneggi-logo.png\",\"contentUrl\":\"https:\\\/\\\/beneggiassociati.com\\\/wp-content\\\/uploads\\\/2025\\\/07\\\/beneggi-logo.png\",\"width\":141,\"height\":87,\"caption\":\"Beneggi e associati\"},\"image\":{\"@id\":\"https:\\\/\\\/beneggiassociati.com\\\/en\\\/#\\\/schema\\\/logo\\\/image\\\/\"}},{\"@type\":\"Person\",\"@id\":\"https:\\\/\\\/beneggiassociati.com\\\/en\\\/#\\\/schema\\\/person\\\/828daacfa37b359e89e981f920072004\",\"name\":\"Tiziano Beneggi\",\"url\":\"https:\\\/\\\/beneggiassociati.com\\\/en\\\/author\\\/tizianobeneggiassociati-com\\\/\"}]}<\/script>\n<!-- \/ Yoast SEO plugin. -->","yoast_head_json":{"title":"Cessione UE, nota di variazione in assenza dell\u2019identificativo Iva - Beneggi &amp; Associati","description":"In caso di cessione intracomunitaria la mancata comunicazione del numero di identificazione Iva da parte del cessionario unionale al momento della","robots":{"index":"index","follow":"follow","max-snippet":"max-snippet:-1","max-image-preview":"max-image-preview:large","max-video-preview":"max-video-preview:-1"},"canonical":"https:\/\/beneggiassociati.com\/en\/cessione-ue-nota-di-variazione-in-assenza-dellidentificativo-iva\/","og_locale":"en_US","og_type":"article","og_title":"Cessione UE, nota di variazione in assenza dell\u2019identificativo Iva - Beneggi &amp; Associati","og_description":"In caso di cessione intracomunitaria la mancata comunicazione del numero di identificazione Iva da parte del cessionario unionale al momento della","og_url":"https:\/\/beneggiassociati.com\/en\/cessione-ue-nota-di-variazione-in-assenza-dellidentificativo-iva\/","og_site_name":"Beneggi &amp; Associati","article_published_time":"2020-01-26T16:17:00+00:00","og_image":[{"width":1280,"height":823,"url":"https:\/\/beneggiassociati.com\/wp-content\/uploads\/2025\/07\/single-post-beneggi.jpg","type":"image\/jpeg"}],"author":"Tiziano Beneggi","twitter_card":"summary_large_image","twitter_misc":{"Written by":"Tiziano Beneggi","Est. reading time":"3 minutes"},"schema":{"@context":"https:\/\/schema.org","@graph":[{"@type":"Article","@id":"https:\/\/beneggiassociati.com\/en\/cessione-ue-nota-di-variazione-in-assenza-dellidentificativo-iva\/#article","isPartOf":{"@id":"https:\/\/beneggiassociati.com\/en\/cessione-ue-nota-di-variazione-in-assenza-dellidentificativo-iva\/"},"author":{"name":"Tiziano Beneggi","@id":"https:\/\/beneggiassociati.com\/en\/#\/schema\/person\/828daacfa37b359e89e981f920072004"},"headline":"Cessione UE, nota di variazione in assenza dell\u2019identificativo Iva","datePublished":"2020-01-26T16:17:00+00:00","mainEntityOfPage":{"@id":"https:\/\/beneggiassociati.com\/en\/cessione-ue-nota-di-variazione-in-assenza-dellidentificativo-iva\/"},"wordCount":518,"commentCount":0,"publisher":{"@id":"https:\/\/beneggiassociati.com\/en\/#organization"},"image":{"@id":"https:\/\/beneggiassociati.com\/en\/cessione-ue-nota-di-variazione-in-assenza-dellidentificativo-iva\/#primaryimage"},"thumbnailUrl":"https:\/\/beneggiassociati.com\/wp-content\/uploads\/2025\/07\/single-post-beneggi.jpg","articleSection":["ARCHIVIO"],"inLanguage":"en-US"},{"@type":"WebPage","@id":"https:\/\/beneggiassociati.com\/en\/cessione-ue-nota-di-variazione-in-assenza-dellidentificativo-iva\/","url":"https:\/\/beneggiassociati.com\/en\/cessione-ue-nota-di-variazione-in-assenza-dellidentificativo-iva\/","name":"Cessione UE, nota di variazione in assenza dell\u2019identificativo Iva - Beneggi &amp; Associati","isPartOf":{"@id":"https:\/\/beneggiassociati.com\/en\/#website"},"primaryImageOfPage":{"@id":"https:\/\/beneggiassociati.com\/en\/cessione-ue-nota-di-variazione-in-assenza-dellidentificativo-iva\/#primaryimage"},"image":{"@id":"https:\/\/beneggiassociati.com\/en\/cessione-ue-nota-di-variazione-in-assenza-dellidentificativo-iva\/#primaryimage"},"thumbnailUrl":"https:\/\/beneggiassociati.com\/wp-content\/uploads\/2025\/07\/single-post-beneggi.jpg","datePublished":"2020-01-26T16:17:00+00:00","description":"In caso di cessione intracomunitaria la mancata comunicazione del numero di identificazione Iva da parte del cessionario unionale al momento della","breadcrumb":{"@id":"https:\/\/beneggiassociati.com\/en\/cessione-ue-nota-di-variazione-in-assenza-dellidentificativo-iva\/#breadcrumb"},"inLanguage":"en-US","potentialAction":[{"@type":"ReadAction","target":["https:\/\/beneggiassociati.com\/en\/cessione-ue-nota-di-variazione-in-assenza-dellidentificativo-iva\/"]}]},{"@type":"ImageObject","inLanguage":"en-US","@id":"https:\/\/beneggiassociati.com\/en\/cessione-ue-nota-di-variazione-in-assenza-dellidentificativo-iva\/#primaryimage","url":"https:\/\/beneggiassociati.com\/wp-content\/uploads\/2025\/07\/single-post-beneggi.jpg","contentUrl":"https:\/\/beneggiassociati.com\/wp-content\/uploads\/2025\/07\/single-post-beneggi.jpg","width":1280,"height":823},{"@type":"BreadcrumbList","@id":"https:\/\/beneggiassociati.com\/en\/cessione-ue-nota-di-variazione-in-assenza-dellidentificativo-iva\/#breadcrumb","itemListElement":[{"@type":"ListItem","position":1,"name":"Home","item":"https:\/\/beneggiassociati.com\/en\/?page_id=24163"},{"@type":"ListItem","position":2,"name":"Cessione UE, nota di variazione in assenza dell\u2019identificativo Iva"}]},{"@type":"WebSite","@id":"https:\/\/beneggiassociati.com\/en\/#website","url":"https:\/\/beneggiassociati.com\/en\/","name":"Beneggi e associati","description":"","publisher":{"@id":"https:\/\/beneggiassociati.com\/en\/#organization"},"potentialAction":[{"@type":"SearchAction","target":{"@type":"EntryPoint","urlTemplate":"https:\/\/beneggiassociati.com\/en\/?s={search_term_string}"},"query-input":{"@type":"PropertyValueSpecification","valueRequired":true,"valueName":"search_term_string"}}],"inLanguage":"en-US"},{"@type":"Organization","@id":"https:\/\/beneggiassociati.com\/en\/#organization","name":"Beneggi e associati","url":"https:\/\/beneggiassociati.com\/en\/","logo":{"@type":"ImageObject","inLanguage":"en-US","@id":"https:\/\/beneggiassociati.com\/en\/#\/schema\/logo\/image\/","url":"https:\/\/beneggiassociati.com\/wp-content\/uploads\/2025\/07\/beneggi-logo.png","contentUrl":"https:\/\/beneggiassociati.com\/wp-content\/uploads\/2025\/07\/beneggi-logo.png","width":141,"height":87,"caption":"Beneggi e associati"},"image":{"@id":"https:\/\/beneggiassociati.com\/en\/#\/schema\/logo\/image\/"}},{"@type":"Person","@id":"https:\/\/beneggiassociati.com\/en\/#\/schema\/person\/828daacfa37b359e89e981f920072004","name":"Tiziano Beneggi","url":"https:\/\/beneggiassociati.com\/en\/author\/tizianobeneggiassociati-com\/"}]}},"_links":{"self":[{"href":"https:\/\/beneggiassociati.com\/en\/wp-json\/wp\/v2\/posts\/16951","targetHints":{"allow":["GET"]}}],"collection":[{"href":"https:\/\/beneggiassociati.com\/en\/wp-json\/wp\/v2\/posts"}],"about":[{"href":"https:\/\/beneggiassociati.com\/en\/wp-json\/wp\/v2\/types\/post"}],"author":[{"embeddable":true,"href":"https:\/\/beneggiassociati.com\/en\/wp-json\/wp\/v2\/users\/4"}],"replies":[{"embeddable":true,"href":"https:\/\/beneggiassociati.com\/en\/wp-json\/wp\/v2\/comments?post=16951"}],"version-history":[{"count":0,"href":"https:\/\/beneggiassociati.com\/en\/wp-json\/wp\/v2\/posts\/16951\/revisions"}],"wp:featuredmedia":[{"embeddable":true,"href":"https:\/\/beneggiassociati.com\/en\/wp-json\/wp\/v2\/media\/409"}],"wp:attachment":[{"href":"https:\/\/beneggiassociati.com\/en\/wp-json\/wp\/v2\/media?parent=16951"}],"wp:term":[{"taxonomy":"category","embeddable":true,"href":"https:\/\/beneggiassociati.com\/en\/wp-json\/wp\/v2\/categories?post=16951"},{"taxonomy":"post_tag","embeddable":true,"href":"https:\/\/beneggiassociati.com\/en\/wp-json\/wp\/v2\/tags?post=16951"}],"curies":[{"name":"wp","href":"https:\/\/api.w.org\/{rel}","templated":true}]}}