{"id":17017,"date":"2020-03-04T20:28:00","date_gmt":"2020-03-04T19:28:00","guid":{"rendered":"https:\/\/dev.beneggiassociati.com\/2020\/03\/04\/covid19_dpcm-04032020-dalle-scuole-chiuse-allo-sport\/"},"modified":"2020-03-04T20:28:00","modified_gmt":"2020-03-04T19:28:00","slug":"covid19_dpcm-04032020-dalle-scuole-chiuse-allo-sport","status":"publish","type":"post","link":"https:\/\/beneggiassociati.com\/en\/covid19_dpcm-04032020-dalle-scuole-chiuse-allo-sport\/","title":{"rendered":"Covid19_DPCM 04032020, dalle scuole chiuse allo sport"},"content":{"rendered":"\n<p>Il ministero dell\u2019Istruzione ha precisato che le scuole chiuderanno nelle zone rosse, per il resto del Paese \u00e8 prevista la sospensione dell\u2019attivit\u00e0 didattica. Il che significa che l\u2019accesso alle scuole sar\u00e0 consentito docenti, dirigenti e personale Ata. Nelle zone rosse, invece, i cancelli resteranno chiusi per tutti.<\/p>\n\n\n\n<p><strong>Scuole chiuse ma solo per gli studenti<\/strong>. l\u2019accesso alle scuole sar\u00e0 consentito a docenti (su chiamata), dirigenti e personale Ata, ovvero il personale amministrativo, tecnico e ausiliario di istituti e scuole. Nelle zone rosse, invece, i cancelli resteranno chiusi per tutti. Nel decreto del presidente del Consiglio si legge infatti che \u00ablimitatamente al periodo intercorrente dal giorno successivo a quello di efficacia del presente decreto e fino al 15 marzo 2020, sono sospesi i servizi educativi per l&#8217;infanzia (articolo 2 del decreto legislativo 65\/17) e le attivit\u00e0 didattiche nelle scuole di ogni ordine e grado, nonch\u00e9 la frequenza delle attivit\u00e0 scolastiche e di formazione superiore, comprese le Universit\u00e0 e le Istituzioni di Alta Formazione Artistica Musicale e Coreutica, di corsi professionali, master e universit\u00e0 per anziani, ferma in ogni caso la possibilit\u00e0 di svolgimento di attivit\u00e0 formative a distanza; sono esclusi dalla sospensione i corsi post universitari connessi con l&#8217;esercizio di professioni sanitarie, ivi inclusi quelli per i medici in formazione specialistica, i corsi di formazione specifica in medicina generale, le attivit\u00e0 dei tirocinanti delle professioni sanitarie, nonch\u00e9 le attivit\u00e0 delle scuole di formazione attivate presso i ministeri dell&#8217;interno e della difesa\u00bb.<\/p>\n\n\n\n<p><strong>Si punta su e-learning e didattica a distanza.&nbsp;<\/strong>\u00abI dirigenti scolastici, sentito il collegio dei docenti, attivano, ove possibile e per tutta la durata della sospensione delle attivit\u00e0 didattiche nelle scuole, modalit\u00e0 di didattica a distanza avuto anche riguardo alle specifiche esigenze degli studenti con disabilit\u00e0\u00bb. Nelle universit\u00e0 e nelle istituzioni di alta formazione artistica musicale e coreutica, per tutta la durata della sospensione, le attivit\u00e0 didattiche o curriculari possono essere svolte, ove possibile, con modalit\u00e0 a distanza, individuate dalle medesime universit\u00e0 e istituzioni.<\/p>\n\n\n\n<p><strong>Sospese le visite guidate<\/strong>. Sono sospesi i viaggi d\u2019istruzione, le iniziative di scambio o gemellaggio, le visite guidate e le uscite didattiche comunque denominate, programmate dalle istituzioni scolastiche di ogni ordine e grado.<\/p>\n\n\n\n<p><strong>Assenze non computate per ammissione esami<\/strong>. Le assenze maturate dagli studenti che per qualche motivo non potranno seguire un\u2019eventuale didattica a distanza non sono computate ai fini della eventuale ammissione ad esami finali nonch\u00e9 ai fini delle relative valutazioni.<\/p>\n\n\n\n<p><strong>Stop a manifestazioni<\/strong>. Stop a congressi, riunioni, meeting ed eventi sociali per il personale sanitario e per il personale che garantisce i servizi pubblici e essenziali e di pubblica utilit\u00e0. Nel Dpcm, tra le misure da applicare sull\u2019intero territorio nazionale si prevede la sospensione delle manifestazioni e degli eventi di qualsiasi natura, svolti in ogni luogo, sia pubblico sia privato, che comportano affollamento di persone tale da non consentire il rispetto della distanza di sicurezza interpersonale di almeno un metro.<\/p>\n\n\n\n<p><strong>Divieto di permanere nelle sale di attesa dei pronto soccorso<\/strong>. Il Dpcm vieta agli accompagnatori dei pazienti di permanere nelle sale di attesa dei dipartimenti emergenze e accettazione e dei pronto soccorso, salve specifiche diverse indicazioni del personale sanitario preposto. Limiti anche alle visite di parenti agli hospice e alle residenze per anziani.<\/p>\n\n\n\n<p><strong>Partite a porte chiuse (compresa la serie A)<\/strong>. Il provvedimento prevede la sospensione in tutto il<br>paese, come gi\u00e0 accaduto per le zone rosse, di partite e competizioni sportive, compresa la serie A, a porte chiuse.<\/p>\n\n\n\n<p><strong>Palestre e piscine aperte: almeno un metro tra una persona e l\u2019altra<\/strong>. Lo sport di base e le attivit\u00e0 motorie in genere, svolte all\u2019aperto o all\u2019interno di palestre, piscine e centri sportivi di ogni tipo, sono ammessi esclusivamente a condizione che sia possibile consentire il rispetto della distanza tra una persona e l\u2019altra di almeno un metro.<\/p>\n\n\n\n<p><strong>Anziani limitino le uscite<\/strong>. Tutte le persone anziane, non solo quelle affette da patologie croniche, dovranno limitare le uscite \u201cnon strettamente necessarie\u201d ed evitare luoghi affollati nei quali non sia possibile mantenere la distanza di sicurezza di almeno un metro.<\/p>\n\n\n\n<p><a href=\"mailto:info@beneggiassociati.com\" target=\"_blank\" rel=\"noreferrer noopener\"><br>Sei interessato all\u2019articolo? Scrivici e verrai contattato da un nostro Consultant<\/a><\/p>\n\n\n\n<p><a href=\"https:\/\/beneggiassociati.com\/\" target=\"_blank\" rel=\"noreferrer noopener\">@ Beneggi e Associati | Commercialisti al servizio delle imprese | Meda | Milano<\/a><\/p>\n","protected":false},"excerpt":{"rendered":"<p>Il ministero dell\u2019Istruzione ha precisato che le scuole chiuderanno nelle zone rosse, per il resto del Paese \u00e8 prevista la sospensione dell\u2019attivit\u00e0 didattica. Il che significa che l\u2019accesso alle scuole sar\u00e0 consentito docenti, dirigenti e personale Ata. Nelle zone rosse, invece, i cancelli resteranno chiusi per tutti. Scuole chiuse ma solo per gli studenti. l\u2019accesso [&hellip;]<\/p>\n","protected":false},"author":4,"featured_media":409,"comment_status":"open","ping_status":"open","sticky":false,"template":"","format":"standard","meta":{"_acf_changed":false,"content-type":"","footnotes":""},"categories":[16],"tags":[],"class_list":["post-17017","post","type-post","status-publish","format-standard","has-post-thumbnail","hentry","category-archivio"],"acf":[],"yoast_head":"<!-- This site is optimized with the Yoast SEO plugin v27.4 - https:\/\/yoast.com\/product\/yoast-seo-wordpress\/ -->\n<title>Covid19_DPCM 04032020, dalle scuole chiuse allo sport - Beneggi &amp; Associati<\/title>\n<meta name=\"description\" content=\"Il ministero dell\u2019Istruzione ha precisato che le scuole chiuderanno nelle zone rosse, per il resto del Paese \u00e8 prevista la sospensione dell\u2019attivit\u00e0\" \/>\n<meta name=\"robots\" content=\"index, follow, max-snippet:-1, max-image-preview:large, max-video-preview:-1\" \/>\n<link rel=\"canonical\" href=\"https:\/\/beneggiassociati.com\/en\/covid19_dpcm-04032020-dalle-scuole-chiuse-allo-sport\/\" \/>\n<meta property=\"og:locale\" content=\"en_US\" \/>\n<meta property=\"og:type\" content=\"article\" \/>\n<meta property=\"og:title\" content=\"Covid19_DPCM 04032020, dalle scuole chiuse allo sport - Beneggi &amp; Associati\" \/>\n<meta property=\"og:description\" content=\"Il ministero dell\u2019Istruzione ha precisato che le scuole chiuderanno nelle zone rosse, per il resto del Paese \u00e8 prevista la sospensione dell\u2019attivit\u00e0\" \/>\n<meta property=\"og:url\" content=\"https:\/\/beneggiassociati.com\/en\/covid19_dpcm-04032020-dalle-scuole-chiuse-allo-sport\/\" \/>\n<meta property=\"og:site_name\" content=\"Beneggi &amp; Associati\" \/>\n<meta property=\"article:published_time\" content=\"2020-03-04T19:28:00+00:00\" \/>\n<meta property=\"og:image\" content=\"https:\/\/beneggiassociati.com\/wp-content\/uploads\/2025\/07\/single-post-beneggi.jpg\" \/>\n\t<meta property=\"og:image:width\" content=\"1280\" \/>\n\t<meta property=\"og:image:height\" content=\"823\" \/>\n\t<meta property=\"og:image:type\" content=\"image\/jpeg\" \/>\n<meta name=\"author\" content=\"Tiziano Beneggi\" \/>\n<meta name=\"twitter:card\" content=\"summary_large_image\" \/>\n<meta name=\"twitter:label1\" content=\"Written by\" \/>\n\t<meta name=\"twitter:data1\" content=\"Tiziano Beneggi\" \/>\n\t<meta name=\"twitter:label2\" content=\"Est. reading time\" \/>\n\t<meta name=\"twitter:data2\" content=\"3 minutes\" \/>\n<script type=\"application\/ld+json\" class=\"yoast-schema-graph\">{\"@context\":\"https:\\\/\\\/schema.org\",\"@graph\":[{\"@type\":\"Article\",\"@id\":\"https:\\\/\\\/beneggiassociati.com\\\/en\\\/covid19_dpcm-04032020-dalle-scuole-chiuse-allo-sport\\\/#article\",\"isPartOf\":{\"@id\":\"https:\\\/\\\/beneggiassociati.com\\\/en\\\/covid19_dpcm-04032020-dalle-scuole-chiuse-allo-sport\\\/\"},\"author\":{\"name\":\"Tiziano Beneggi\",\"@id\":\"https:\\\/\\\/beneggiassociati.com\\\/en\\\/#\\\/schema\\\/person\\\/828daacfa37b359e89e981f920072004\"},\"headline\":\"Covid19_DPCM 04032020, dalle scuole chiuse allo sport\",\"datePublished\":\"2020-03-04T19:28:00+00:00\",\"mainEntityOfPage\":{\"@id\":\"https:\\\/\\\/beneggiassociati.com\\\/en\\\/covid19_dpcm-04032020-dalle-scuole-chiuse-allo-sport\\\/\"},\"wordCount\":699,\"commentCount\":0,\"publisher\":{\"@id\":\"https:\\\/\\\/beneggiassociati.com\\\/en\\\/#organization\"},\"image\":{\"@id\":\"https:\\\/\\\/beneggiassociati.com\\\/en\\\/covid19_dpcm-04032020-dalle-scuole-chiuse-allo-sport\\\/#primaryimage\"},\"thumbnailUrl\":\"https:\\\/\\\/beneggiassociati.com\\\/wp-content\\\/uploads\\\/2025\\\/07\\\/single-post-beneggi.jpg\",\"articleSection\":[\"ARCHIVIO\"],\"inLanguage\":\"en-US\"},{\"@type\":\"WebPage\",\"@id\":\"https:\\\/\\\/beneggiassociati.com\\\/en\\\/covid19_dpcm-04032020-dalle-scuole-chiuse-allo-sport\\\/\",\"url\":\"https:\\\/\\\/beneggiassociati.com\\\/en\\\/covid19_dpcm-04032020-dalle-scuole-chiuse-allo-sport\\\/\",\"name\":\"Covid19_DPCM 04032020, dalle scuole chiuse allo sport - Beneggi &amp; Associati\",\"isPartOf\":{\"@id\":\"https:\\\/\\\/beneggiassociati.com\\\/en\\\/#website\"},\"primaryImageOfPage\":{\"@id\":\"https:\\\/\\\/beneggiassociati.com\\\/en\\\/covid19_dpcm-04032020-dalle-scuole-chiuse-allo-sport\\\/#primaryimage\"},\"image\":{\"@id\":\"https:\\\/\\\/beneggiassociati.com\\\/en\\\/covid19_dpcm-04032020-dalle-scuole-chiuse-allo-sport\\\/#primaryimage\"},\"thumbnailUrl\":\"https:\\\/\\\/beneggiassociati.com\\\/wp-content\\\/uploads\\\/2025\\\/07\\\/single-post-beneggi.jpg\",\"datePublished\":\"2020-03-04T19:28:00+00:00\",\"description\":\"Il ministero dell\u2019Istruzione ha precisato che le scuole chiuderanno nelle zone rosse, per il resto del Paese \u00e8 prevista la sospensione dell\u2019attivit\u00e0\",\"breadcrumb\":{\"@id\":\"https:\\\/\\\/beneggiassociati.com\\\/en\\\/covid19_dpcm-04032020-dalle-scuole-chiuse-allo-sport\\\/#breadcrumb\"},\"inLanguage\":\"en-US\",\"potentialAction\":[{\"@type\":\"ReadAction\",\"target\":[\"https:\\\/\\\/beneggiassociati.com\\\/en\\\/covid19_dpcm-04032020-dalle-scuole-chiuse-allo-sport\\\/\"]}]},{\"@type\":\"ImageObject\",\"inLanguage\":\"en-US\",\"@id\":\"https:\\\/\\\/beneggiassociati.com\\\/en\\\/covid19_dpcm-04032020-dalle-scuole-chiuse-allo-sport\\\/#primaryimage\",\"url\":\"https:\\\/\\\/beneggiassociati.com\\\/wp-content\\\/uploads\\\/2025\\\/07\\\/single-post-beneggi.jpg\",\"contentUrl\":\"https:\\\/\\\/beneggiassociati.com\\\/wp-content\\\/uploads\\\/2025\\\/07\\\/single-post-beneggi.jpg\",\"width\":1280,\"height\":823},{\"@type\":\"BreadcrumbList\",\"@id\":\"https:\\\/\\\/beneggiassociati.com\\\/en\\\/covid19_dpcm-04032020-dalle-scuole-chiuse-allo-sport\\\/#breadcrumb\",\"itemListElement\":[{\"@type\":\"ListItem\",\"position\":1,\"name\":\"Home\",\"item\":\"https:\\\/\\\/beneggiassociati.com\\\/en\\\/?page_id=24163\"},{\"@type\":\"ListItem\",\"position\":2,\"name\":\"Covid19_DPCM 04032020, dalle scuole chiuse allo sport\"}]},{\"@type\":\"WebSite\",\"@id\":\"https:\\\/\\\/beneggiassociati.com\\\/en\\\/#website\",\"url\":\"https:\\\/\\\/beneggiassociati.com\\\/en\\\/\",\"name\":\"Beneggi e associati\",\"description\":\"\",\"publisher\":{\"@id\":\"https:\\\/\\\/beneggiassociati.com\\\/en\\\/#organization\"},\"potentialAction\":[{\"@type\":\"SearchAction\",\"target\":{\"@type\":\"EntryPoint\",\"urlTemplate\":\"https:\\\/\\\/beneggiassociati.com\\\/en\\\/?s={search_term_string}\"},\"query-input\":{\"@type\":\"PropertyValueSpecification\",\"valueRequired\":true,\"valueName\":\"search_term_string\"}}],\"inLanguage\":\"en-US\"},{\"@type\":\"Organization\",\"@id\":\"https:\\\/\\\/beneggiassociati.com\\\/en\\\/#organization\",\"name\":\"Beneggi e associati\",\"url\":\"https:\\\/\\\/beneggiassociati.com\\\/en\\\/\",\"logo\":{\"@type\":\"ImageObject\",\"inLanguage\":\"en-US\",\"@id\":\"https:\\\/\\\/beneggiassociati.com\\\/en\\\/#\\\/schema\\\/logo\\\/image\\\/\",\"url\":\"https:\\\/\\\/beneggiassociati.com\\\/wp-content\\\/uploads\\\/2025\\\/07\\\/beneggi-logo.png\",\"contentUrl\":\"https:\\\/\\\/beneggiassociati.com\\\/wp-content\\\/uploads\\\/2025\\\/07\\\/beneggi-logo.png\",\"width\":141,\"height\":87,\"caption\":\"Beneggi e associati\"},\"image\":{\"@id\":\"https:\\\/\\\/beneggiassociati.com\\\/en\\\/#\\\/schema\\\/logo\\\/image\\\/\"}},{\"@type\":\"Person\",\"@id\":\"https:\\\/\\\/beneggiassociati.com\\\/en\\\/#\\\/schema\\\/person\\\/828daacfa37b359e89e981f920072004\",\"name\":\"Tiziano Beneggi\",\"url\":\"https:\\\/\\\/beneggiassociati.com\\\/en\\\/author\\\/tizianobeneggiassociati-com\\\/\"}]}<\/script>\n<!-- \/ Yoast SEO plugin. -->","yoast_head_json":{"title":"Covid19_DPCM 04032020, dalle scuole chiuse allo sport - Beneggi &amp; Associati","description":"Il ministero dell\u2019Istruzione ha precisato che le scuole chiuderanno nelle zone rosse, per il resto del Paese \u00e8 prevista la sospensione dell\u2019attivit\u00e0","robots":{"index":"index","follow":"follow","max-snippet":"max-snippet:-1","max-image-preview":"max-image-preview:large","max-video-preview":"max-video-preview:-1"},"canonical":"https:\/\/beneggiassociati.com\/en\/covid19_dpcm-04032020-dalle-scuole-chiuse-allo-sport\/","og_locale":"en_US","og_type":"article","og_title":"Covid19_DPCM 04032020, dalle scuole chiuse allo sport - Beneggi &amp; Associati","og_description":"Il ministero dell\u2019Istruzione ha precisato che le scuole chiuderanno nelle zone rosse, per il resto del Paese \u00e8 prevista la sospensione dell\u2019attivit\u00e0","og_url":"https:\/\/beneggiassociati.com\/en\/covid19_dpcm-04032020-dalle-scuole-chiuse-allo-sport\/","og_site_name":"Beneggi &amp; Associati","article_published_time":"2020-03-04T19:28:00+00:00","og_image":[{"width":1280,"height":823,"url":"https:\/\/beneggiassociati.com\/wp-content\/uploads\/2025\/07\/single-post-beneggi.jpg","type":"image\/jpeg"}],"author":"Tiziano Beneggi","twitter_card":"summary_large_image","twitter_misc":{"Written by":"Tiziano Beneggi","Est. reading time":"3 minutes"},"schema":{"@context":"https:\/\/schema.org","@graph":[{"@type":"Article","@id":"https:\/\/beneggiassociati.com\/en\/covid19_dpcm-04032020-dalle-scuole-chiuse-allo-sport\/#article","isPartOf":{"@id":"https:\/\/beneggiassociati.com\/en\/covid19_dpcm-04032020-dalle-scuole-chiuse-allo-sport\/"},"author":{"name":"Tiziano Beneggi","@id":"https:\/\/beneggiassociati.com\/en\/#\/schema\/person\/828daacfa37b359e89e981f920072004"},"headline":"Covid19_DPCM 04032020, dalle scuole chiuse allo sport","datePublished":"2020-03-04T19:28:00+00:00","mainEntityOfPage":{"@id":"https:\/\/beneggiassociati.com\/en\/covid19_dpcm-04032020-dalle-scuole-chiuse-allo-sport\/"},"wordCount":699,"commentCount":0,"publisher":{"@id":"https:\/\/beneggiassociati.com\/en\/#organization"},"image":{"@id":"https:\/\/beneggiassociati.com\/en\/covid19_dpcm-04032020-dalle-scuole-chiuse-allo-sport\/#primaryimage"},"thumbnailUrl":"https:\/\/beneggiassociati.com\/wp-content\/uploads\/2025\/07\/single-post-beneggi.jpg","articleSection":["ARCHIVIO"],"inLanguage":"en-US"},{"@type":"WebPage","@id":"https:\/\/beneggiassociati.com\/en\/covid19_dpcm-04032020-dalle-scuole-chiuse-allo-sport\/","url":"https:\/\/beneggiassociati.com\/en\/covid19_dpcm-04032020-dalle-scuole-chiuse-allo-sport\/","name":"Covid19_DPCM 04032020, dalle scuole chiuse allo sport - Beneggi &amp; Associati","isPartOf":{"@id":"https:\/\/beneggiassociati.com\/en\/#website"},"primaryImageOfPage":{"@id":"https:\/\/beneggiassociati.com\/en\/covid19_dpcm-04032020-dalle-scuole-chiuse-allo-sport\/#primaryimage"},"image":{"@id":"https:\/\/beneggiassociati.com\/en\/covid19_dpcm-04032020-dalle-scuole-chiuse-allo-sport\/#primaryimage"},"thumbnailUrl":"https:\/\/beneggiassociati.com\/wp-content\/uploads\/2025\/07\/single-post-beneggi.jpg","datePublished":"2020-03-04T19:28:00+00:00","description":"Il ministero dell\u2019Istruzione ha precisato che le scuole chiuderanno nelle zone rosse, per il resto del Paese \u00e8 prevista la sospensione dell\u2019attivit\u00e0","breadcrumb":{"@id":"https:\/\/beneggiassociati.com\/en\/covid19_dpcm-04032020-dalle-scuole-chiuse-allo-sport\/#breadcrumb"},"inLanguage":"en-US","potentialAction":[{"@type":"ReadAction","target":["https:\/\/beneggiassociati.com\/en\/covid19_dpcm-04032020-dalle-scuole-chiuse-allo-sport\/"]}]},{"@type":"ImageObject","inLanguage":"en-US","@id":"https:\/\/beneggiassociati.com\/en\/covid19_dpcm-04032020-dalle-scuole-chiuse-allo-sport\/#primaryimage","url":"https:\/\/beneggiassociati.com\/wp-content\/uploads\/2025\/07\/single-post-beneggi.jpg","contentUrl":"https:\/\/beneggiassociati.com\/wp-content\/uploads\/2025\/07\/single-post-beneggi.jpg","width":1280,"height":823},{"@type":"BreadcrumbList","@id":"https:\/\/beneggiassociati.com\/en\/covid19_dpcm-04032020-dalle-scuole-chiuse-allo-sport\/#breadcrumb","itemListElement":[{"@type":"ListItem","position":1,"name":"Home","item":"https:\/\/beneggiassociati.com\/en\/?page_id=24163"},{"@type":"ListItem","position":2,"name":"Covid19_DPCM 04032020, dalle scuole chiuse allo sport"}]},{"@type":"WebSite","@id":"https:\/\/beneggiassociati.com\/en\/#website","url":"https:\/\/beneggiassociati.com\/en\/","name":"Beneggi e associati","description":"","publisher":{"@id":"https:\/\/beneggiassociati.com\/en\/#organization"},"potentialAction":[{"@type":"SearchAction","target":{"@type":"EntryPoint","urlTemplate":"https:\/\/beneggiassociati.com\/en\/?s={search_term_string}"},"query-input":{"@type":"PropertyValueSpecification","valueRequired":true,"valueName":"search_term_string"}}],"inLanguage":"en-US"},{"@type":"Organization","@id":"https:\/\/beneggiassociati.com\/en\/#organization","name":"Beneggi e associati","url":"https:\/\/beneggiassociati.com\/en\/","logo":{"@type":"ImageObject","inLanguage":"en-US","@id":"https:\/\/beneggiassociati.com\/en\/#\/schema\/logo\/image\/","url":"https:\/\/beneggiassociati.com\/wp-content\/uploads\/2025\/07\/beneggi-logo.png","contentUrl":"https:\/\/beneggiassociati.com\/wp-content\/uploads\/2025\/07\/beneggi-logo.png","width":141,"height":87,"caption":"Beneggi e associati"},"image":{"@id":"https:\/\/beneggiassociati.com\/en\/#\/schema\/logo\/image\/"}},{"@type":"Person","@id":"https:\/\/beneggiassociati.com\/en\/#\/schema\/person\/828daacfa37b359e89e981f920072004","name":"Tiziano Beneggi","url":"https:\/\/beneggiassociati.com\/en\/author\/tizianobeneggiassociati-com\/"}]}},"_links":{"self":[{"href":"https:\/\/beneggiassociati.com\/en\/wp-json\/wp\/v2\/posts\/17017","targetHints":{"allow":["GET"]}}],"collection":[{"href":"https:\/\/beneggiassociati.com\/en\/wp-json\/wp\/v2\/posts"}],"about":[{"href":"https:\/\/beneggiassociati.com\/en\/wp-json\/wp\/v2\/types\/post"}],"author":[{"embeddable":true,"href":"https:\/\/beneggiassociati.com\/en\/wp-json\/wp\/v2\/users\/4"}],"replies":[{"embeddable":true,"href":"https:\/\/beneggiassociati.com\/en\/wp-json\/wp\/v2\/comments?post=17017"}],"version-history":[{"count":0,"href":"https:\/\/beneggiassociati.com\/en\/wp-json\/wp\/v2\/posts\/17017\/revisions"}],"wp:featuredmedia":[{"embeddable":true,"href":"https:\/\/beneggiassociati.com\/en\/wp-json\/wp\/v2\/media\/409"}],"wp:attachment":[{"href":"https:\/\/beneggiassociati.com\/en\/wp-json\/wp\/v2\/media?parent=17017"}],"wp:term":[{"taxonomy":"category","embeddable":true,"href":"https:\/\/beneggiassociati.com\/en\/wp-json\/wp\/v2\/categories?post=17017"},{"taxonomy":"post_tag","embeddable":true,"href":"https:\/\/beneggiassociati.com\/en\/wp-json\/wp\/v2\/tags?post=17017"}],"curies":[{"name":"wp","href":"https:\/\/api.w.org\/{rel}","templated":true}]}}