{"id":17033,"date":"2020-03-14T21:57:00","date_gmt":"2020-03-14T20:57:00","guid":{"rendered":"https:\/\/dev.beneggiassociati.com\/2020\/03\/14\/societa-regolare-lassemblea-in-audio-o-videoconferenza\/"},"modified":"2020-03-14T21:57:00","modified_gmt":"2020-03-14T20:57:00","slug":"societa-regolare-lassemblea-in-audio-o-videoconferenza","status":"publish","type":"post","link":"https:\/\/beneggiassociati.com\/en\/societa-regolare-lassemblea-in-audio-o-videoconferenza\/","title":{"rendered":"Societ\u00e0, regolare l\u2019assemblea in audio o videoconferenza"},"content":{"rendered":"<p>Le misure di \u00abdistanziamento sociale\u00bb anti contagio possono essere agevolmente adottate anche in ambito societario: le assemblee delle societ\u00e0 (e i consigli di amministrazione) si possono regolarmente svolgere anche se tutti i partecipanti sono collegati in audio o video conferenza e, quindi, in particolare, anche se il presidente e il segretario della riunione non si trovino nello stesso luogo, a prescindere dal fatto che il segretario della riunione sia, o meno, un notaio.<\/p>\n<p>&nbsp;<\/p>\n<p>Sono adottate, in tutti i casi possibili, nello svolgimento di riunioni, modalit\u00e0 di collegamento da remoto. \u00c8 importante notarlo con la stagione assembleare alle porte: in particolare, le societ\u00e0 quotate che devono svolgere l\u2019assemblea entro il 30 aprile hanno infatti l\u2019onere di convocare l\u2019assemblea con 30 giorni di anticipo (o 45 giorni, se ci sono da nominare gli organi sociali).<\/p>\n<p>&nbsp;<\/p>\n<p>Quindi, non \u00e8 un problema che lo statuto della societ\u00e0 non dica nulla sul punto dello svolgimento delle adunanze mediante mezzi di telecomunicazione; n\u00e9 \u00e8 un problema che lo statuto affermi che la validit\u00e0 delle riunioni in audio\/videoconferenza \u00e8 condizionata dal fatto della presenza, in un unico luogo, del presidente e del segretario verbalizzante, in quanto il Dpcm dell\u20198 marzo scorso autorizza a scavalcare queste preclusioni.<\/p>\n<p>&nbsp;<\/p>\n<p>Il tema che resta (ma \u00e8 una questione che si pone in ogni audioconferenza) \u00e8 quello di garantire l\u2019identificazione dei partecipanti, ci\u00f2 che non rappresenta un problema nel caso delle adunanze a ristretta partecipazione (stante la conoscenza inter-personale), mentre pu\u00f2 essere un problema nelle riunioni con un elevato numero di partecipanti, al quale si deve ovviare con la diligenza del caso concreto: ad esempio, distribuendo a coloro che domandano di partecipare un codice da digitare sul tastierino telefonico e che pu\u00f2 univocamente identificare il singolo partecipante.<\/p>\n<p>&nbsp;<\/p>\n<p><a href=\"mailto:info@beneggiassociati.com\"><br \/>\nSei interessato all\u2019articolo? Scrivici e verrai contattato da un nostro Consultant<\/a><\/p>\n<p><a href=\"https:\/\/beneggiassociati.com\/\">@ Beneggi e Associati | Commercialisti al servizio delle imprese | Meda | Milano<\/a><\/p>\n<p><u>\u00a0<\/u><\/p>\n<p><span style=\"text-decoration: line-through;\"><u>\u00a0<\/u><\/span><\/p>\n","protected":false},"excerpt":{"rendered":"<p>Le misure di \u00abdistanziamento sociale\u00bb anti contagio possono essere agevolmente adottate anche in ambito societario: le assemblee delle societ\u00e0 (e i consigli di amministrazione) si possono regolarmente svolgere anche se tutti i partecipanti sono collegati in audio o video conferenza e, quindi, in particolare, anche se il presidente e il segretario della riunione non si [&hellip;]<\/p>\n","protected":false},"author":4,"featured_media":409,"comment_status":"open","ping_status":"open","sticky":false,"template":"","format":"standard","meta":{"_acf_changed":false,"content-type":"","footnotes":""},"categories":[16],"tags":[],"class_list":["post-17033","post","type-post","status-publish","format-standard","has-post-thumbnail","hentry","category-archivio"],"acf":[],"yoast_head":"<!-- This site is optimized with the Yoast SEO plugin v27.4 - https:\/\/yoast.com\/product\/yoast-seo-wordpress\/ -->\n<title>Societ\u00e0, regolare l\u2019assemblea in audio o videoconferenza - Beneggi &amp; Associati<\/title>\n<meta name=\"description\" content=\"Le misure di \u00abdistanziamento sociale\u00bb anti contagio possono essere agevolmente adottate anche in ambito societario: le assemblee delle societ\u00e0 (e i\" \/>\n<meta name=\"robots\" content=\"index, follow, max-snippet:-1, max-image-preview:large, max-video-preview:-1\" \/>\n<link rel=\"canonical\" href=\"https:\/\/beneggiassociati.com\/en\/societa-regolare-lassemblea-in-audio-o-videoconferenza\/\" \/>\n<meta property=\"og:locale\" content=\"en_US\" \/>\n<meta property=\"og:type\" content=\"article\" \/>\n<meta property=\"og:title\" content=\"Societ\u00e0, regolare l\u2019assemblea in audio o videoconferenza - Beneggi &amp; Associati\" \/>\n<meta property=\"og:description\" content=\"Le misure di \u00abdistanziamento sociale\u00bb anti contagio possono essere agevolmente adottate anche in ambito societario: le assemblee delle societ\u00e0 (e i\" \/>\n<meta property=\"og:url\" content=\"https:\/\/beneggiassociati.com\/en\/societa-regolare-lassemblea-in-audio-o-videoconferenza\/\" \/>\n<meta property=\"og:site_name\" content=\"Beneggi &amp; Associati\" \/>\n<meta property=\"article:published_time\" content=\"2020-03-14T20:57:00+00:00\" \/>\n<meta property=\"og:image\" content=\"https:\/\/beneggiassociati.com\/wp-content\/uploads\/2025\/07\/single-post-beneggi.jpg\" \/>\n\t<meta property=\"og:image:width\" content=\"1280\" \/>\n\t<meta property=\"og:image:height\" content=\"823\" \/>\n\t<meta property=\"og:image:type\" content=\"image\/jpeg\" \/>\n<meta name=\"author\" content=\"Tiziano Beneggi\" \/>\n<meta name=\"twitter:card\" content=\"summary_large_image\" \/>\n<meta name=\"twitter:label1\" content=\"Written by\" \/>\n\t<meta name=\"twitter:data1\" content=\"Tiziano Beneggi\" \/>\n\t<meta name=\"twitter:label2\" content=\"Est. reading time\" \/>\n\t<meta name=\"twitter:data2\" content=\"2 minutes\" \/>\n<script type=\"application\/ld+json\" class=\"yoast-schema-graph\">{\"@context\":\"https:\\\/\\\/schema.org\",\"@graph\":[{\"@type\":\"Article\",\"@id\":\"https:\\\/\\\/beneggiassociati.com\\\/en\\\/societa-regolare-lassemblea-in-audio-o-videoconferenza\\\/#article\",\"isPartOf\":{\"@id\":\"https:\\\/\\\/beneggiassociati.com\\\/en\\\/societa-regolare-lassemblea-in-audio-o-videoconferenza\\\/\"},\"author\":{\"name\":\"Tiziano Beneggi\",\"@id\":\"https:\\\/\\\/beneggiassociati.com\\\/en\\\/#\\\/schema\\\/person\\\/828daacfa37b359e89e981f920072004\"},\"headline\":\"Societ\u00e0, regolare l\u2019assemblea in audio o videoconferenza\",\"datePublished\":\"2020-03-14T20:57:00+00:00\",\"mainEntityOfPage\":{\"@id\":\"https:\\\/\\\/beneggiassociati.com\\\/en\\\/societa-regolare-lassemblea-in-audio-o-videoconferenza\\\/\"},\"wordCount\":315,\"commentCount\":0,\"publisher\":{\"@id\":\"https:\\\/\\\/beneggiassociati.com\\\/en\\\/#organization\"},\"image\":{\"@id\":\"https:\\\/\\\/beneggiassociati.com\\\/en\\\/societa-regolare-lassemblea-in-audio-o-videoconferenza\\\/#primaryimage\"},\"thumbnailUrl\":\"https:\\\/\\\/beneggiassociati.com\\\/wp-content\\\/uploads\\\/2025\\\/07\\\/single-post-beneggi.jpg\",\"articleSection\":[\"ARCHIVIO\"],\"inLanguage\":\"en-US\"},{\"@type\":\"WebPage\",\"@id\":\"https:\\\/\\\/beneggiassociati.com\\\/en\\\/societa-regolare-lassemblea-in-audio-o-videoconferenza\\\/\",\"url\":\"https:\\\/\\\/beneggiassociati.com\\\/en\\\/societa-regolare-lassemblea-in-audio-o-videoconferenza\\\/\",\"name\":\"Societ\u00e0, regolare l\u2019assemblea in audio o videoconferenza - Beneggi &amp; Associati\",\"isPartOf\":{\"@id\":\"https:\\\/\\\/beneggiassociati.com\\\/en\\\/#website\"},\"primaryImageOfPage\":{\"@id\":\"https:\\\/\\\/beneggiassociati.com\\\/en\\\/societa-regolare-lassemblea-in-audio-o-videoconferenza\\\/#primaryimage\"},\"image\":{\"@id\":\"https:\\\/\\\/beneggiassociati.com\\\/en\\\/societa-regolare-lassemblea-in-audio-o-videoconferenza\\\/#primaryimage\"},\"thumbnailUrl\":\"https:\\\/\\\/beneggiassociati.com\\\/wp-content\\\/uploads\\\/2025\\\/07\\\/single-post-beneggi.jpg\",\"datePublished\":\"2020-03-14T20:57:00+00:00\",\"description\":\"Le misure di \u00abdistanziamento sociale\u00bb anti contagio possono essere agevolmente adottate anche in ambito societario: le assemblee delle societ\u00e0 (e i\",\"breadcrumb\":{\"@id\":\"https:\\\/\\\/beneggiassociati.com\\\/en\\\/societa-regolare-lassemblea-in-audio-o-videoconferenza\\\/#breadcrumb\"},\"inLanguage\":\"en-US\",\"potentialAction\":[{\"@type\":\"ReadAction\",\"target\":[\"https:\\\/\\\/beneggiassociati.com\\\/en\\\/societa-regolare-lassemblea-in-audio-o-videoconferenza\\\/\"]}]},{\"@type\":\"ImageObject\",\"inLanguage\":\"en-US\",\"@id\":\"https:\\\/\\\/beneggiassociati.com\\\/en\\\/societa-regolare-lassemblea-in-audio-o-videoconferenza\\\/#primaryimage\",\"url\":\"https:\\\/\\\/beneggiassociati.com\\\/wp-content\\\/uploads\\\/2025\\\/07\\\/single-post-beneggi.jpg\",\"contentUrl\":\"https:\\\/\\\/beneggiassociati.com\\\/wp-content\\\/uploads\\\/2025\\\/07\\\/single-post-beneggi.jpg\",\"width\":1280,\"height\":823},{\"@type\":\"BreadcrumbList\",\"@id\":\"https:\\\/\\\/beneggiassociati.com\\\/en\\\/societa-regolare-lassemblea-in-audio-o-videoconferenza\\\/#breadcrumb\",\"itemListElement\":[{\"@type\":\"ListItem\",\"position\":1,\"name\":\"Home\",\"item\":\"https:\\\/\\\/beneggiassociati.com\\\/en\\\/?page_id=24163\"},{\"@type\":\"ListItem\",\"position\":2,\"name\":\"Societ\u00e0, regolare l\u2019assemblea in audio o videoconferenza\"}]},{\"@type\":\"WebSite\",\"@id\":\"https:\\\/\\\/beneggiassociati.com\\\/en\\\/#website\",\"url\":\"https:\\\/\\\/beneggiassociati.com\\\/en\\\/\",\"name\":\"Beneggi e associati\",\"description\":\"\",\"publisher\":{\"@id\":\"https:\\\/\\\/beneggiassociati.com\\\/en\\\/#organization\"},\"potentialAction\":[{\"@type\":\"SearchAction\",\"target\":{\"@type\":\"EntryPoint\",\"urlTemplate\":\"https:\\\/\\\/beneggiassociati.com\\\/en\\\/?s={search_term_string}\"},\"query-input\":{\"@type\":\"PropertyValueSpecification\",\"valueRequired\":true,\"valueName\":\"search_term_string\"}}],\"inLanguage\":\"en-US\"},{\"@type\":\"Organization\",\"@id\":\"https:\\\/\\\/beneggiassociati.com\\\/en\\\/#organization\",\"name\":\"Beneggi e associati\",\"url\":\"https:\\\/\\\/beneggiassociati.com\\\/en\\\/\",\"logo\":{\"@type\":\"ImageObject\",\"inLanguage\":\"en-US\",\"@id\":\"https:\\\/\\\/beneggiassociati.com\\\/en\\\/#\\\/schema\\\/logo\\\/image\\\/\",\"url\":\"https:\\\/\\\/beneggiassociati.com\\\/wp-content\\\/uploads\\\/2025\\\/07\\\/beneggi-logo.png\",\"contentUrl\":\"https:\\\/\\\/beneggiassociati.com\\\/wp-content\\\/uploads\\\/2025\\\/07\\\/beneggi-logo.png\",\"width\":141,\"height\":87,\"caption\":\"Beneggi e associati\"},\"image\":{\"@id\":\"https:\\\/\\\/beneggiassociati.com\\\/en\\\/#\\\/schema\\\/logo\\\/image\\\/\"}},{\"@type\":\"Person\",\"@id\":\"https:\\\/\\\/beneggiassociati.com\\\/en\\\/#\\\/schema\\\/person\\\/828daacfa37b359e89e981f920072004\",\"name\":\"Tiziano Beneggi\",\"url\":\"https:\\\/\\\/beneggiassociati.com\\\/en\\\/author\\\/tizianobeneggiassociati-com\\\/\"}]}<\/script>\n<!-- \/ Yoast SEO plugin. -->","yoast_head_json":{"title":"Societ\u00e0, regolare l\u2019assemblea in audio o videoconferenza - Beneggi &amp; Associati","description":"Le misure di \u00abdistanziamento sociale\u00bb anti contagio possono essere agevolmente adottate anche in ambito societario: le assemblee delle societ\u00e0 (e i","robots":{"index":"index","follow":"follow","max-snippet":"max-snippet:-1","max-image-preview":"max-image-preview:large","max-video-preview":"max-video-preview:-1"},"canonical":"https:\/\/beneggiassociati.com\/en\/societa-regolare-lassemblea-in-audio-o-videoconferenza\/","og_locale":"en_US","og_type":"article","og_title":"Societ\u00e0, regolare l\u2019assemblea in audio o videoconferenza - Beneggi &amp; Associati","og_description":"Le misure di \u00abdistanziamento sociale\u00bb anti contagio possono essere agevolmente adottate anche in ambito societario: le assemblee delle societ\u00e0 (e i","og_url":"https:\/\/beneggiassociati.com\/en\/societa-regolare-lassemblea-in-audio-o-videoconferenza\/","og_site_name":"Beneggi &amp; Associati","article_published_time":"2020-03-14T20:57:00+00:00","og_image":[{"width":1280,"height":823,"url":"https:\/\/beneggiassociati.com\/wp-content\/uploads\/2025\/07\/single-post-beneggi.jpg","type":"image\/jpeg"}],"author":"Tiziano Beneggi","twitter_card":"summary_large_image","twitter_misc":{"Written by":"Tiziano Beneggi","Est. reading time":"2 minutes"},"schema":{"@context":"https:\/\/schema.org","@graph":[{"@type":"Article","@id":"https:\/\/beneggiassociati.com\/en\/societa-regolare-lassemblea-in-audio-o-videoconferenza\/#article","isPartOf":{"@id":"https:\/\/beneggiassociati.com\/en\/societa-regolare-lassemblea-in-audio-o-videoconferenza\/"},"author":{"name":"Tiziano Beneggi","@id":"https:\/\/beneggiassociati.com\/en\/#\/schema\/person\/828daacfa37b359e89e981f920072004"},"headline":"Societ\u00e0, regolare l\u2019assemblea in audio o videoconferenza","datePublished":"2020-03-14T20:57:00+00:00","mainEntityOfPage":{"@id":"https:\/\/beneggiassociati.com\/en\/societa-regolare-lassemblea-in-audio-o-videoconferenza\/"},"wordCount":315,"commentCount":0,"publisher":{"@id":"https:\/\/beneggiassociati.com\/en\/#organization"},"image":{"@id":"https:\/\/beneggiassociati.com\/en\/societa-regolare-lassemblea-in-audio-o-videoconferenza\/#primaryimage"},"thumbnailUrl":"https:\/\/beneggiassociati.com\/wp-content\/uploads\/2025\/07\/single-post-beneggi.jpg","articleSection":["ARCHIVIO"],"inLanguage":"en-US"},{"@type":"WebPage","@id":"https:\/\/beneggiassociati.com\/en\/societa-regolare-lassemblea-in-audio-o-videoconferenza\/","url":"https:\/\/beneggiassociati.com\/en\/societa-regolare-lassemblea-in-audio-o-videoconferenza\/","name":"Societ\u00e0, regolare l\u2019assemblea in audio o videoconferenza - Beneggi &amp; Associati","isPartOf":{"@id":"https:\/\/beneggiassociati.com\/en\/#website"},"primaryImageOfPage":{"@id":"https:\/\/beneggiassociati.com\/en\/societa-regolare-lassemblea-in-audio-o-videoconferenza\/#primaryimage"},"image":{"@id":"https:\/\/beneggiassociati.com\/en\/societa-regolare-lassemblea-in-audio-o-videoconferenza\/#primaryimage"},"thumbnailUrl":"https:\/\/beneggiassociati.com\/wp-content\/uploads\/2025\/07\/single-post-beneggi.jpg","datePublished":"2020-03-14T20:57:00+00:00","description":"Le misure di \u00abdistanziamento sociale\u00bb anti contagio possono essere agevolmente adottate anche in ambito societario: le assemblee delle societ\u00e0 (e i","breadcrumb":{"@id":"https:\/\/beneggiassociati.com\/en\/societa-regolare-lassemblea-in-audio-o-videoconferenza\/#breadcrumb"},"inLanguage":"en-US","potentialAction":[{"@type":"ReadAction","target":["https:\/\/beneggiassociati.com\/en\/societa-regolare-lassemblea-in-audio-o-videoconferenza\/"]}]},{"@type":"ImageObject","inLanguage":"en-US","@id":"https:\/\/beneggiassociati.com\/en\/societa-regolare-lassemblea-in-audio-o-videoconferenza\/#primaryimage","url":"https:\/\/beneggiassociati.com\/wp-content\/uploads\/2025\/07\/single-post-beneggi.jpg","contentUrl":"https:\/\/beneggiassociati.com\/wp-content\/uploads\/2025\/07\/single-post-beneggi.jpg","width":1280,"height":823},{"@type":"BreadcrumbList","@id":"https:\/\/beneggiassociati.com\/en\/societa-regolare-lassemblea-in-audio-o-videoconferenza\/#breadcrumb","itemListElement":[{"@type":"ListItem","position":1,"name":"Home","item":"https:\/\/beneggiassociati.com\/en\/?page_id=24163"},{"@type":"ListItem","position":2,"name":"Societ\u00e0, regolare l\u2019assemblea in audio o videoconferenza"}]},{"@type":"WebSite","@id":"https:\/\/beneggiassociati.com\/en\/#website","url":"https:\/\/beneggiassociati.com\/en\/","name":"Beneggi e associati","description":"","publisher":{"@id":"https:\/\/beneggiassociati.com\/en\/#organization"},"potentialAction":[{"@type":"SearchAction","target":{"@type":"EntryPoint","urlTemplate":"https:\/\/beneggiassociati.com\/en\/?s={search_term_string}"},"query-input":{"@type":"PropertyValueSpecification","valueRequired":true,"valueName":"search_term_string"}}],"inLanguage":"en-US"},{"@type":"Organization","@id":"https:\/\/beneggiassociati.com\/en\/#organization","name":"Beneggi e associati","url":"https:\/\/beneggiassociati.com\/en\/","logo":{"@type":"ImageObject","inLanguage":"en-US","@id":"https:\/\/beneggiassociati.com\/en\/#\/schema\/logo\/image\/","url":"https:\/\/beneggiassociati.com\/wp-content\/uploads\/2025\/07\/beneggi-logo.png","contentUrl":"https:\/\/beneggiassociati.com\/wp-content\/uploads\/2025\/07\/beneggi-logo.png","width":141,"height":87,"caption":"Beneggi e associati"},"image":{"@id":"https:\/\/beneggiassociati.com\/en\/#\/schema\/logo\/image\/"}},{"@type":"Person","@id":"https:\/\/beneggiassociati.com\/en\/#\/schema\/person\/828daacfa37b359e89e981f920072004","name":"Tiziano Beneggi","url":"https:\/\/beneggiassociati.com\/en\/author\/tizianobeneggiassociati-com\/"}]}},"_links":{"self":[{"href":"https:\/\/beneggiassociati.com\/en\/wp-json\/wp\/v2\/posts\/17033","targetHints":{"allow":["GET"]}}],"collection":[{"href":"https:\/\/beneggiassociati.com\/en\/wp-json\/wp\/v2\/posts"}],"about":[{"href":"https:\/\/beneggiassociati.com\/en\/wp-json\/wp\/v2\/types\/post"}],"author":[{"embeddable":true,"href":"https:\/\/beneggiassociati.com\/en\/wp-json\/wp\/v2\/users\/4"}],"replies":[{"embeddable":true,"href":"https:\/\/beneggiassociati.com\/en\/wp-json\/wp\/v2\/comments?post=17033"}],"version-history":[{"count":0,"href":"https:\/\/beneggiassociati.com\/en\/wp-json\/wp\/v2\/posts\/17033\/revisions"}],"wp:featuredmedia":[{"embeddable":true,"href":"https:\/\/beneggiassociati.com\/en\/wp-json\/wp\/v2\/media\/409"}],"wp:attachment":[{"href":"https:\/\/beneggiassociati.com\/en\/wp-json\/wp\/v2\/media?parent=17033"}],"wp:term":[{"taxonomy":"category","embeddable":true,"href":"https:\/\/beneggiassociati.com\/en\/wp-json\/wp\/v2\/categories?post=17033"},{"taxonomy":"post_tag","embeddable":true,"href":"https:\/\/beneggiassociati.com\/en\/wp-json\/wp\/v2\/tags?post=17033"}],"curies":[{"name":"wp","href":"https:\/\/api.w.org\/{rel}","templated":true}]}}