{"id":17038,"date":"2020-03-15T15:54:00","date_gmt":"2020-03-15T14:54:00","guid":{"rendered":"https:\/\/dev.beneggiassociati.com\/2020\/03\/15\/milleproroghe-2020-tutte-le-novita-per-imprese-e-professionisti\/"},"modified":"2020-03-15T15:54:00","modified_gmt":"2020-03-15T14:54:00","slug":"milleproroghe-2020-tutte-le-novita-per-imprese-e-professionisti","status":"publish","type":"post","link":"https:\/\/beneggiassociati.com\/en\/milleproroghe-2020-tutte-le-novita-per-imprese-e-professionisti\/","title":{"rendered":"Milleproroghe 2020, tutte le novit\u00e0 per imprese e professionisti"},"content":{"rendered":"<p>\u00c8 stata pubblicata nella Gazzetta Ufficiale n. 51 del 29 febbraio 2020 la legge n. 8\/2020 di conversione del decreto\u00a0Milleproroghe\u00a0(D.L. n. 162\/2019):<\/p>\n<ul>\n<li>Viene estesa la possibilit\u00e0 di optare per la\u00a0cedolare secca\u00a0al\u00a010%\u00a0per i contratti di locazione di immobili ad uso abitativo a canone concordato per i comuni colpiti da calamit\u00e0 naturale. Per l&#8217;anno 2020 l&#8217;agevolazione si applica esclusivamente ai contratti di locazione stipulati nei comuni con popolazione fino a 10.000 abitanti.<\/li>\n<li>La cedolare secca al 10% trova applicazione anche ai\u00a0contratti di locazione\u00a0stipulati nei comuni colpiti dagli\u00a0eventi sismici del Centro Italia, in cui sia stata individuata una zona rossa tramite ordinanza sindacale.<\/li>\n<li>Viene posticipata al 2021 l\u2019entrata in vigore del nuovo\u00a0canone unico comunale\u00a0introdotto dalla legge di Bilancio 2020 che sostituisce l&#8217;imposta comunale sulla pubblicit\u00e0, il diritto sulle pubbliche affissioni e la tassa per l&#8217;occupazione di spazi ed aree pubbliche, nonch\u00e9 il canone per l&#8217;installazione di mezzi pubblicitari e per l&#8217;occupazione di spazi ed aree pubbliche.<\/li>\n<li>Per i veicoli concessi in locazione a lungo termine senza conducente, si dispone che, con riferimento ai periodi tributari in scadenza nel primo semestre 2020, il pagamento del bollo pu\u00f2 essere effettuato entro il 31 luglio 2020, senza multe o pagamento di interessi.<\/li>\n<li>Viene fissato al 30 aprile 2020 il termine per la definizione delle modalit\u00e0 per l\u2019acquisizione al Pubblico Registro Automobilistico (PRA) dei dati del locatario.<\/li>\n<li>E\u2019\u00a0confermata la proroga per tutto il 2020 del\u00a0bonus verde, la detrazione IRPEF del 36% sulle spese sostenute per gli interventi di sistemazione a verde di aree scoperte private di edifici esistenti, unit\u00e0 immobiliari, pertinenze o recinzioni, impianti di irrigazione e realizzazione pozzi e di realizzazione di coperture a verde e di giardini pensili. La detrazione va ripartita in 10 quote annuali di pari importo e va calcolata su un importo massimo di 5.000 euro per unit\u00e0 immobiliare a uso abitativo, comprensivo delle eventuali spese di progettazione e manutenzione connesse all\u2019esecuzione degli interventi. Il pagamento delle spese deve avvenire attraverso strumenti che consentono la tracciabilit\u00e0 delle operazioni (per esempio, bonifico bancario o postale). Il bonus spetta anche per le spese sostenute per interventi eseguiti sulle parti comuni esterne degli edifici condominiali, fino a un importo massimo complessivo di 5.000 euro per unit\u00e0 immobiliare a uso abitativo.<\/li>\n<li>A seguito delle modifiche, l\u2019incentivo per l\u2019acquisto di veicoli categoria M1 a basse emissioni di CO2 (di prezzo non superiore a 50.000 euro nuove auto) \u00e8 riconosciuto &#8211; oltre che in caso di rottamazione di vetture Euro 1, 2, 3, e 4 &#8211; anche con la rottamazione di vetture\u00a0Euro 0. Si abbassa anche la soglia delle\u00a0emissioni\u00a0per ottenere l\u2019ecobonus, che passa\u00a0da 70 a 60 g\/km.<\/li>\n<li>Confermata l\u2019estensione agli acquisti effettuati nel 2020 dello sconto del 30%, gi\u00e0 riconosciuto per l&#8217;anno 2019, per l&#8217;acquisto di motocicli e ciclomotori elettrici o ibridi.<\/li>\n<li>Si dispone proroga, per il solo anno 2020, dal 28 febbraio al 30 settembre, del termine massimo per la presentazione al Comune competente della richiesta di accesso alle agevolazioni, previste dall\u2019articolo 30-ter del D.L. n. 34\/2019, per la riapertura e l&#8217;ampliamento\u00a0di\u00a0attivit\u00e0 commerciali, artigianali e di servizi, ubicate in comuni fino a 20.000 abitanti. Per gli anni successivi al 2020, il termine per la presentazione delle domande rimane fissato al 28 febbraio.<\/li>\n<li>Prevista l\u2019estensione delle garanzie e le coperture assicurative rilasciate dalla SACE a favore di sottoscrittori di prestiti obbligazionari, cambiali finanziarie, titoli di debito e altri strumenti finanziari connessi al processo di\u00a0internazionalizzazione\u00a0di\u00a0imprese italiane.<\/li>\n<li>\u00c8 rinviata a decorre dall&#8217;annualit\u00e0 di contributo 2021 (invece che dall&#8217;annualit\u00e0 di contributo 2020) la\u00a0riduzione progressiva\u00a0dei\u00a0contributi erogabili (fino alla totale abolizione a decorrere dall&#8217;annualit\u00e0 di contributo 2024) a imprese editrici\u00a0costituite come cooperative giornalistiche che editano quotidiani e periodici, enti senza fini di lucro, ovvero imprese editrici di quotidiani e periodici il cui capitale sia da essi interamente detenuto ed imprese editrici di quotidiani e periodici il cui capitale sia detenuto in misura maggioritaria da cooperative, fondazioni o enti morali non aventi fini di lucro.<\/li>\n<li>Confermati anche per il 2020 gli\u00a0incentivi\u00a0previsti dalla legge di Bilancio 2019 per gli\u00a0impianti\u00a0di\u00a0produzione di energia elettrica\u00a0alimentati a biogas, con potenza elettrica non superiore a 300 kW e facenti parte del ciclo produttivo di una impresa agricola, di allevamento, realizzati da imprenditori agricoli anche in forma consortile e la cui alimentazione deriva per almeno l&#8217;80% da reflui e materie derivanti dalle aziende agricole realizzatrici e per il restante 20% da loro colture di secondo raccolto.<\/li>\n<li>Viene previsto il differimento, dal mese di competenza gennaio 2020 al mese di competenza aprile 2020, dell\u2019obbligo per gli\u00a0imprenditori agricoli\u00a0che occupano operai di trasmettere le\u00a0denunce all\u2019INPS, mensilmente, attraverso il sistema Uniemens.<\/li>\n<li>Si dispone la proroga al 31 maggio 2020 del termine entro il quale i datori di lavoro e gli enti pubblici economici che, in ragione della modifica dei tassi medi di tariffa ai fini INAIL intervenuti nel corso del 2019, hanno subito modifiche del numero di addetti impegnati nelle lavorazioni gravose, tali da incidere sui conseguenti obblighi di assunzione di cui all&#8217;articolo 3 della Legge n. 68\/1999, devono presentare agli uffici competenti la richiesta di assunzione di lavoratori disabili, fermo restando che rimangono acquisiti i contributi esonerativi versati.<\/li>\n<li>Si prevede la possibilit\u00e0 di prorogare per ulteriori 12 mesi, e comunque non oltre il 31 dicembre 2020 e nel limite di 2 milioni di euro per l&#8217;anno 2020, il trattamento straordinario di\u00a0cassa integrazione salariale riconosciuto ai\u00a0giornalisti\u00a0delle agenzie di stampa a diffusione nazionale gi\u00e0 destinatari del medesimo trattamento al 31 dicembre 2019.<\/li>\n<li>Confermata l\u2019entrata in vigore dal 16 febbraio 2020 dell\u2019RC auto familiare. In sede di conversione \u00e8 stato precisato che se il conducente beneficiario della nuova RCA familiare viene coinvolto in un incidente con colpa e indennizzo di almeno 5.000 euro, le imprese assicurative, alla prima scadenza successiva del contratto, possono assegnare, per il solo veicolo di diversa tipologia coinvolto nel sinistro, una classe di merito superiore fino a 5 unit\u00e0 rispetto ai criteri indicati dall&#8217;Ivass.<\/li>\n<li>Viene stabilito che i consumatori di energia elettrica possono diventare\u00a0autoconsumatori\u00a0di\u00a0energia rinnovabile\u00a0che agiscono collettivamente e possono anche realizzare comunit\u00e0 energetiche rinnovabili. I soggetti che partecipano alle comunit\u00e0 energetiche devono produrre energia destinata al proprio consumo con impianti alimentati da fonti rinnovabili, di potenza complessiva non superiore a 200 kW. Per condividere l&#8217;energia prodotta, possono utilizzare le reti di distribuzione.<\/li>\n<li>Con la legge di conversione arrivano\u00a0nuove regole\u00a0per i\u00a0monopattini. In particolare, viene stabilito che i monopattini elettrici potranno essere guidati solo dai 14 anni e possono circolare esclusivamente sulle strade urbane con limite di velocit\u00e0 di 50 km\/h nonch\u00e9 sulle strade extraurbane, se \u00e8 presente una pista ciclabile (esclusivamente al suo interno). I minorenni dovranno indossare il casco. Obbligatorio il giubbotto o le bretelle retroriflettenti dopo il tramonto.<\/li>\n<li>Sono disciplinate le attivit\u00e0 di noleggio di monopattini, anche in modalit\u00e0 free floating.<\/li>\n<li>Prevista la proroga di 6 mesi, a ottobre 2020, delle norme sulla\u00a0class action.<\/li>\n<\/ul>\n<p>&nbsp;<\/p>\n<p><a href=\"mailto:info@beneggiassociati.com\"><br \/>\nSei interessato all\u2019articolo? Scrivici e verrai contattato da un nostro Consultant<\/a><\/p>\n<p><a href=\"https:\/\/beneggiassociati.com\/\">@ Beneggi e Associati | Commercialisti al servizio delle imprese | Meda | Milano<\/a><\/p>\n<p>&nbsp;<\/p>\n","protected":false},"excerpt":{"rendered":"<p>\u00c8 stata pubblicata nella Gazzetta Ufficiale n. 51 del 29 febbraio 2020 la legge n. 8\/2020 di conversione del decreto\u00a0Milleproroghe\u00a0(D.L. n. 162\/2019): Viene estesa la possibilit\u00e0 di optare per la\u00a0cedolare secca\u00a0al\u00a010%\u00a0per i contratti di locazione di immobili ad uso abitativo a canone concordato per i comuni colpiti da calamit\u00e0 naturale. Per l&#8217;anno 2020 l&#8217;agevolazione si [&hellip;]<\/p>\n","protected":false},"author":4,"featured_media":409,"comment_status":"open","ping_status":"open","sticky":false,"template":"","format":"standard","meta":{"_acf_changed":false,"content-type":"","footnotes":""},"categories":[16],"tags":[],"class_list":["post-17038","post","type-post","status-publish","format-standard","has-post-thumbnail","hentry","category-archivio"],"acf":[],"yoast_head":"<!-- This site is optimized with the Yoast SEO plugin v27.4 - https:\/\/yoast.com\/product\/yoast-seo-wordpress\/ -->\n<title>Milleproroghe 2020, tutte le novit\u00e0 per imprese e professionisti - Beneggi &amp; Associati<\/title>\n<meta name=\"description\" content=\"\u00c8 stata pubblicata nella Gazzetta Ufficiale n. 51 del 29 febbraio 2020 la legge n. 8\/2020 di conversione del decreto\u00a0Milleproroghe\u00a0(D.L. n. 162\/2019):\" \/>\n<meta name=\"robots\" content=\"index, follow, max-snippet:-1, max-image-preview:large, max-video-preview:-1\" \/>\n<link rel=\"canonical\" href=\"https:\/\/beneggiassociati.com\/en\/milleproroghe-2020-tutte-le-novita-per-imprese-e-professionisti\/\" \/>\n<meta property=\"og:locale\" content=\"en_US\" \/>\n<meta property=\"og:type\" content=\"article\" \/>\n<meta property=\"og:title\" content=\"Milleproroghe 2020, tutte le novit\u00e0 per imprese e professionisti - Beneggi &amp; Associati\" \/>\n<meta property=\"og:description\" content=\"\u00c8 stata pubblicata nella Gazzetta Ufficiale n. 51 del 29 febbraio 2020 la legge n. 8\/2020 di conversione del decreto\u00a0Milleproroghe\u00a0(D.L. n. 162\/2019):\" \/>\n<meta property=\"og:url\" content=\"https:\/\/beneggiassociati.com\/en\/milleproroghe-2020-tutte-le-novita-per-imprese-e-professionisti\/\" \/>\n<meta property=\"og:site_name\" content=\"Beneggi &amp; Associati\" \/>\n<meta property=\"article:published_time\" content=\"2020-03-15T14:54:00+00:00\" \/>\n<meta property=\"og:image\" content=\"https:\/\/beneggiassociati.com\/wp-content\/uploads\/2025\/07\/single-post-beneggi.jpg\" \/>\n\t<meta property=\"og:image:width\" content=\"1280\" \/>\n\t<meta property=\"og:image:height\" content=\"823\" \/>\n\t<meta property=\"og:image:type\" content=\"image\/jpeg\" \/>\n<meta name=\"author\" content=\"Tiziano Beneggi\" \/>\n<meta name=\"twitter:card\" content=\"summary_large_image\" \/>\n<meta name=\"twitter:label1\" content=\"Written by\" \/>\n\t<meta name=\"twitter:data1\" content=\"Tiziano Beneggi\" \/>\n\t<meta name=\"twitter:label2\" content=\"Est. reading time\" \/>\n\t<meta name=\"twitter:data2\" content=\"6 minutes\" \/>\n<script type=\"application\/ld+json\" class=\"yoast-schema-graph\">{\"@context\":\"https:\\\/\\\/schema.org\",\"@graph\":[{\"@type\":\"Article\",\"@id\":\"https:\\\/\\\/beneggiassociati.com\\\/en\\\/milleproroghe-2020-tutte-le-novita-per-imprese-e-professionisti\\\/#article\",\"isPartOf\":{\"@id\":\"https:\\\/\\\/beneggiassociati.com\\\/en\\\/milleproroghe-2020-tutte-le-novita-per-imprese-e-professionisti\\\/\"},\"author\":{\"name\":\"Tiziano Beneggi\",\"@id\":\"https:\\\/\\\/beneggiassociati.com\\\/en\\\/#\\\/schema\\\/person\\\/828daacfa37b359e89e981f920072004\"},\"headline\":\"Milleproroghe 2020, tutte le novit\u00e0 per imprese e professionisti\",\"datePublished\":\"2020-03-15T14:54:00+00:00\",\"mainEntityOfPage\":{\"@id\":\"https:\\\/\\\/beneggiassociati.com\\\/en\\\/milleproroghe-2020-tutte-le-novita-per-imprese-e-professionisti\\\/\"},\"wordCount\":1149,\"commentCount\":0,\"publisher\":{\"@id\":\"https:\\\/\\\/beneggiassociati.com\\\/en\\\/#organization\"},\"image\":{\"@id\":\"https:\\\/\\\/beneggiassociati.com\\\/en\\\/milleproroghe-2020-tutte-le-novita-per-imprese-e-professionisti\\\/#primaryimage\"},\"thumbnailUrl\":\"https:\\\/\\\/beneggiassociati.com\\\/wp-content\\\/uploads\\\/2025\\\/07\\\/single-post-beneggi.jpg\",\"articleSection\":[\"ARCHIVIO\"],\"inLanguage\":\"en-US\"},{\"@type\":\"WebPage\",\"@id\":\"https:\\\/\\\/beneggiassociati.com\\\/en\\\/milleproroghe-2020-tutte-le-novita-per-imprese-e-professionisti\\\/\",\"url\":\"https:\\\/\\\/beneggiassociati.com\\\/en\\\/milleproroghe-2020-tutte-le-novita-per-imprese-e-professionisti\\\/\",\"name\":\"Milleproroghe 2020, tutte le novit\u00e0 per imprese e professionisti - Beneggi &amp; Associati\",\"isPartOf\":{\"@id\":\"https:\\\/\\\/beneggiassociati.com\\\/en\\\/#website\"},\"primaryImageOfPage\":{\"@id\":\"https:\\\/\\\/beneggiassociati.com\\\/en\\\/milleproroghe-2020-tutte-le-novita-per-imprese-e-professionisti\\\/#primaryimage\"},\"image\":{\"@id\":\"https:\\\/\\\/beneggiassociati.com\\\/en\\\/milleproroghe-2020-tutte-le-novita-per-imprese-e-professionisti\\\/#primaryimage\"},\"thumbnailUrl\":\"https:\\\/\\\/beneggiassociati.com\\\/wp-content\\\/uploads\\\/2025\\\/07\\\/single-post-beneggi.jpg\",\"datePublished\":\"2020-03-15T14:54:00+00:00\",\"description\":\"\u00c8 stata pubblicata nella Gazzetta Ufficiale n. 51 del 29 febbraio 2020 la legge n. 8\\\/2020 di conversione del decreto\u00a0Milleproroghe\u00a0(D.L. n. 162\\\/2019):\",\"breadcrumb\":{\"@id\":\"https:\\\/\\\/beneggiassociati.com\\\/en\\\/milleproroghe-2020-tutte-le-novita-per-imprese-e-professionisti\\\/#breadcrumb\"},\"inLanguage\":\"en-US\",\"potentialAction\":[{\"@type\":\"ReadAction\",\"target\":[\"https:\\\/\\\/beneggiassociati.com\\\/en\\\/milleproroghe-2020-tutte-le-novita-per-imprese-e-professionisti\\\/\"]}]},{\"@type\":\"ImageObject\",\"inLanguage\":\"en-US\",\"@id\":\"https:\\\/\\\/beneggiassociati.com\\\/en\\\/milleproroghe-2020-tutte-le-novita-per-imprese-e-professionisti\\\/#primaryimage\",\"url\":\"https:\\\/\\\/beneggiassociati.com\\\/wp-content\\\/uploads\\\/2025\\\/07\\\/single-post-beneggi.jpg\",\"contentUrl\":\"https:\\\/\\\/beneggiassociati.com\\\/wp-content\\\/uploads\\\/2025\\\/07\\\/single-post-beneggi.jpg\",\"width\":1280,\"height\":823},{\"@type\":\"BreadcrumbList\",\"@id\":\"https:\\\/\\\/beneggiassociati.com\\\/en\\\/milleproroghe-2020-tutte-le-novita-per-imprese-e-professionisti\\\/#breadcrumb\",\"itemListElement\":[{\"@type\":\"ListItem\",\"position\":1,\"name\":\"Home\",\"item\":\"https:\\\/\\\/beneggiassociati.com\\\/en\\\/?page_id=24163\"},{\"@type\":\"ListItem\",\"position\":2,\"name\":\"Milleproroghe 2020, tutte le novit\u00e0 per imprese e professionisti\"}]},{\"@type\":\"WebSite\",\"@id\":\"https:\\\/\\\/beneggiassociati.com\\\/en\\\/#website\",\"url\":\"https:\\\/\\\/beneggiassociati.com\\\/en\\\/\",\"name\":\"Beneggi e associati\",\"description\":\"\",\"publisher\":{\"@id\":\"https:\\\/\\\/beneggiassociati.com\\\/en\\\/#organization\"},\"potentialAction\":[{\"@type\":\"SearchAction\",\"target\":{\"@type\":\"EntryPoint\",\"urlTemplate\":\"https:\\\/\\\/beneggiassociati.com\\\/en\\\/?s={search_term_string}\"},\"query-input\":{\"@type\":\"PropertyValueSpecification\",\"valueRequired\":true,\"valueName\":\"search_term_string\"}}],\"inLanguage\":\"en-US\"},{\"@type\":\"Organization\",\"@id\":\"https:\\\/\\\/beneggiassociati.com\\\/en\\\/#organization\",\"name\":\"Beneggi e associati\",\"url\":\"https:\\\/\\\/beneggiassociati.com\\\/en\\\/\",\"logo\":{\"@type\":\"ImageObject\",\"inLanguage\":\"en-US\",\"@id\":\"https:\\\/\\\/beneggiassociati.com\\\/en\\\/#\\\/schema\\\/logo\\\/image\\\/\",\"url\":\"https:\\\/\\\/beneggiassociati.com\\\/wp-content\\\/uploads\\\/2025\\\/07\\\/beneggi-logo.png\",\"contentUrl\":\"https:\\\/\\\/beneggiassociati.com\\\/wp-content\\\/uploads\\\/2025\\\/07\\\/beneggi-logo.png\",\"width\":141,\"height\":87,\"caption\":\"Beneggi e associati\"},\"image\":{\"@id\":\"https:\\\/\\\/beneggiassociati.com\\\/en\\\/#\\\/schema\\\/logo\\\/image\\\/\"}},{\"@type\":\"Person\",\"@id\":\"https:\\\/\\\/beneggiassociati.com\\\/en\\\/#\\\/schema\\\/person\\\/828daacfa37b359e89e981f920072004\",\"name\":\"Tiziano Beneggi\",\"url\":\"https:\\\/\\\/beneggiassociati.com\\\/en\\\/author\\\/tizianobeneggiassociati-com\\\/\"}]}<\/script>\n<!-- \/ Yoast SEO plugin. -->","yoast_head_json":{"title":"Milleproroghe 2020, tutte le novit\u00e0 per imprese e professionisti - Beneggi &amp; Associati","description":"\u00c8 stata pubblicata nella Gazzetta Ufficiale n. 51 del 29 febbraio 2020 la legge n. 8\/2020 di conversione del decreto\u00a0Milleproroghe\u00a0(D.L. n. 162\/2019):","robots":{"index":"index","follow":"follow","max-snippet":"max-snippet:-1","max-image-preview":"max-image-preview:large","max-video-preview":"max-video-preview:-1"},"canonical":"https:\/\/beneggiassociati.com\/en\/milleproroghe-2020-tutte-le-novita-per-imprese-e-professionisti\/","og_locale":"en_US","og_type":"article","og_title":"Milleproroghe 2020, tutte le novit\u00e0 per imprese e professionisti - Beneggi &amp; Associati","og_description":"\u00c8 stata pubblicata nella Gazzetta Ufficiale n. 51 del 29 febbraio 2020 la legge n. 8\/2020 di conversione del decreto\u00a0Milleproroghe\u00a0(D.L. n. 162\/2019):","og_url":"https:\/\/beneggiassociati.com\/en\/milleproroghe-2020-tutte-le-novita-per-imprese-e-professionisti\/","og_site_name":"Beneggi &amp; Associati","article_published_time":"2020-03-15T14:54:00+00:00","og_image":[{"width":1280,"height":823,"url":"https:\/\/beneggiassociati.com\/wp-content\/uploads\/2025\/07\/single-post-beneggi.jpg","type":"image\/jpeg"}],"author":"Tiziano Beneggi","twitter_card":"summary_large_image","twitter_misc":{"Written by":"Tiziano Beneggi","Est. reading time":"6 minutes"},"schema":{"@context":"https:\/\/schema.org","@graph":[{"@type":"Article","@id":"https:\/\/beneggiassociati.com\/en\/milleproroghe-2020-tutte-le-novita-per-imprese-e-professionisti\/#article","isPartOf":{"@id":"https:\/\/beneggiassociati.com\/en\/milleproroghe-2020-tutte-le-novita-per-imprese-e-professionisti\/"},"author":{"name":"Tiziano Beneggi","@id":"https:\/\/beneggiassociati.com\/en\/#\/schema\/person\/828daacfa37b359e89e981f920072004"},"headline":"Milleproroghe 2020, tutte le novit\u00e0 per imprese e professionisti","datePublished":"2020-03-15T14:54:00+00:00","mainEntityOfPage":{"@id":"https:\/\/beneggiassociati.com\/en\/milleproroghe-2020-tutte-le-novita-per-imprese-e-professionisti\/"},"wordCount":1149,"commentCount":0,"publisher":{"@id":"https:\/\/beneggiassociati.com\/en\/#organization"},"image":{"@id":"https:\/\/beneggiassociati.com\/en\/milleproroghe-2020-tutte-le-novita-per-imprese-e-professionisti\/#primaryimage"},"thumbnailUrl":"https:\/\/beneggiassociati.com\/wp-content\/uploads\/2025\/07\/single-post-beneggi.jpg","articleSection":["ARCHIVIO"],"inLanguage":"en-US"},{"@type":"WebPage","@id":"https:\/\/beneggiassociati.com\/en\/milleproroghe-2020-tutte-le-novita-per-imprese-e-professionisti\/","url":"https:\/\/beneggiassociati.com\/en\/milleproroghe-2020-tutte-le-novita-per-imprese-e-professionisti\/","name":"Milleproroghe 2020, tutte le novit\u00e0 per imprese e professionisti - Beneggi &amp; Associati","isPartOf":{"@id":"https:\/\/beneggiassociati.com\/en\/#website"},"primaryImageOfPage":{"@id":"https:\/\/beneggiassociati.com\/en\/milleproroghe-2020-tutte-le-novita-per-imprese-e-professionisti\/#primaryimage"},"image":{"@id":"https:\/\/beneggiassociati.com\/en\/milleproroghe-2020-tutte-le-novita-per-imprese-e-professionisti\/#primaryimage"},"thumbnailUrl":"https:\/\/beneggiassociati.com\/wp-content\/uploads\/2025\/07\/single-post-beneggi.jpg","datePublished":"2020-03-15T14:54:00+00:00","description":"\u00c8 stata pubblicata nella Gazzetta Ufficiale n. 51 del 29 febbraio 2020 la legge n. 8\/2020 di conversione del decreto\u00a0Milleproroghe\u00a0(D.L. n. 162\/2019):","breadcrumb":{"@id":"https:\/\/beneggiassociati.com\/en\/milleproroghe-2020-tutte-le-novita-per-imprese-e-professionisti\/#breadcrumb"},"inLanguage":"en-US","potentialAction":[{"@type":"ReadAction","target":["https:\/\/beneggiassociati.com\/en\/milleproroghe-2020-tutte-le-novita-per-imprese-e-professionisti\/"]}]},{"@type":"ImageObject","inLanguage":"en-US","@id":"https:\/\/beneggiassociati.com\/en\/milleproroghe-2020-tutte-le-novita-per-imprese-e-professionisti\/#primaryimage","url":"https:\/\/beneggiassociati.com\/wp-content\/uploads\/2025\/07\/single-post-beneggi.jpg","contentUrl":"https:\/\/beneggiassociati.com\/wp-content\/uploads\/2025\/07\/single-post-beneggi.jpg","width":1280,"height":823},{"@type":"BreadcrumbList","@id":"https:\/\/beneggiassociati.com\/en\/milleproroghe-2020-tutte-le-novita-per-imprese-e-professionisti\/#breadcrumb","itemListElement":[{"@type":"ListItem","position":1,"name":"Home","item":"https:\/\/beneggiassociati.com\/en\/?page_id=24163"},{"@type":"ListItem","position":2,"name":"Milleproroghe 2020, tutte le novit\u00e0 per imprese e professionisti"}]},{"@type":"WebSite","@id":"https:\/\/beneggiassociati.com\/en\/#website","url":"https:\/\/beneggiassociati.com\/en\/","name":"Beneggi e associati","description":"","publisher":{"@id":"https:\/\/beneggiassociati.com\/en\/#organization"},"potentialAction":[{"@type":"SearchAction","target":{"@type":"EntryPoint","urlTemplate":"https:\/\/beneggiassociati.com\/en\/?s={search_term_string}"},"query-input":{"@type":"PropertyValueSpecification","valueRequired":true,"valueName":"search_term_string"}}],"inLanguage":"en-US"},{"@type":"Organization","@id":"https:\/\/beneggiassociati.com\/en\/#organization","name":"Beneggi e associati","url":"https:\/\/beneggiassociati.com\/en\/","logo":{"@type":"ImageObject","inLanguage":"en-US","@id":"https:\/\/beneggiassociati.com\/en\/#\/schema\/logo\/image\/","url":"https:\/\/beneggiassociati.com\/wp-content\/uploads\/2025\/07\/beneggi-logo.png","contentUrl":"https:\/\/beneggiassociati.com\/wp-content\/uploads\/2025\/07\/beneggi-logo.png","width":141,"height":87,"caption":"Beneggi e associati"},"image":{"@id":"https:\/\/beneggiassociati.com\/en\/#\/schema\/logo\/image\/"}},{"@type":"Person","@id":"https:\/\/beneggiassociati.com\/en\/#\/schema\/person\/828daacfa37b359e89e981f920072004","name":"Tiziano Beneggi","url":"https:\/\/beneggiassociati.com\/en\/author\/tizianobeneggiassociati-com\/"}]}},"_links":{"self":[{"href":"https:\/\/beneggiassociati.com\/en\/wp-json\/wp\/v2\/posts\/17038","targetHints":{"allow":["GET"]}}],"collection":[{"href":"https:\/\/beneggiassociati.com\/en\/wp-json\/wp\/v2\/posts"}],"about":[{"href":"https:\/\/beneggiassociati.com\/en\/wp-json\/wp\/v2\/types\/post"}],"author":[{"embeddable":true,"href":"https:\/\/beneggiassociati.com\/en\/wp-json\/wp\/v2\/users\/4"}],"replies":[{"embeddable":true,"href":"https:\/\/beneggiassociati.com\/en\/wp-json\/wp\/v2\/comments?post=17038"}],"version-history":[{"count":0,"href":"https:\/\/beneggiassociati.com\/en\/wp-json\/wp\/v2\/posts\/17038\/revisions"}],"wp:featuredmedia":[{"embeddable":true,"href":"https:\/\/beneggiassociati.com\/en\/wp-json\/wp\/v2\/media\/409"}],"wp:attachment":[{"href":"https:\/\/beneggiassociati.com\/en\/wp-json\/wp\/v2\/media?parent=17038"}],"wp:term":[{"taxonomy":"category","embeddable":true,"href":"https:\/\/beneggiassociati.com\/en\/wp-json\/wp\/v2\/categories?post=17038"},{"taxonomy":"post_tag","embeddable":true,"href":"https:\/\/beneggiassociati.com\/en\/wp-json\/wp\/v2\/tags?post=17038"}],"curies":[{"name":"wp","href":"https:\/\/api.w.org\/{rel}","templated":true}]}}