{"id":17169,"date":"2020-06-01T12:12:00","date_gmt":"2020-06-01T10:12:00","guid":{"rendered":"https:\/\/dev.beneggiassociati.com\/2020\/06\/01\/dl-rilancio-agevolazioni-al-congedo-parentale\/"},"modified":"2020-06-01T12:12:00","modified_gmt":"2020-06-01T10:12:00","slug":"dl-rilancio-agevolazioni-al-congedo-parentale","status":"publish","type":"post","link":"https:\/\/beneggiassociati.com\/en\/dl-rilancio-agevolazioni-al-congedo-parentale\/","title":{"rendered":"DL rilancio, agevolazioni al congedo parentale"},"content":{"rendered":"<p>&nbsp;<\/p>\n<p><strong>Congedo specifico: <\/strong>prevista\u00a0<strong>l\u2019estensione da 15 a 30 giorni<\/strong>\u00a0della durata del congedo fruibile dai genitori lavoratori dipendenti in presenza di un figlio di et\u00e0 fino a 12 anni (indipendentemente dal requisito anagrafico per i figli portatori di handicap grave iscritti a scuole o incentri diurni a carattere assistenziale).<\/p>\n<p>&nbsp;<\/p>\n<p>Il congedo nella nuova versione in vigore dal 19.5.2020 \u00e8 fruibile\u00a0<strong>fino al 31 luglio 2020<\/strong>, essendo quindi venuto meno il collegamento con la sospensione delle attivit\u00e0 scolastiche (che ordinariamente terminano prima del 31 luglio).<\/p>\n<p>&nbsp;<\/p>\n<p>L\u2019estensione della durata e del periodo di fruizione si applica\u00a0<strong>anche ai lavoratori autonomi<\/strong>\u00a0iscritti alla Gestione separata, nonch\u00e9 a quelli iscritti nelle speciali gestioni autonome dell\u2019Inps (artigiani e commercianti), destinatari anch\u2019essi del congedo speciale secondo le rispettive regole (per figli da 3 a 12 anni per gli iscritti alla gestione separata e per figli da 1 a 12 anni per gli iscritti alle gestioni autonome dell\u2019Inps).<\/p>\n<p>&nbsp;<\/p>\n<p>Rimangono\u00a0<strong>invariate le condizioni<\/strong>\u00a0a cui \u00e8 subordinata la fruizione del congedo e cio\u00e8 che l\u2019altro genitore non stia fruendo di altra misura di sostegno al reddito in occasione della sospensione o cessazione del rapporto di lavoro, non sia disoccupato e che sia un lavoratore, nonch\u00e9 quella dell\u2019alternativit\u00e0 rispetto alla richiesta del voucher per l\u2019acquisto di servizi di baby-sitting (condizioni da autocertificare al momento della presentazione della domanda).<\/p>\n<p>&nbsp;<\/p>\n<p>Il DL Rilancio interviene altres\u00ec sul\u00a0<strong>congedo non indennizzato<\/strong>\u00a0fruibile in coincidenza del periodo di sospensione dei servizi scolastici, modificando il requisito anagrafico del\u00a0<strong>figlio minore<\/strong>, che nella nuova versione deve avere\u00a0<strong>meno di 16 anni<\/strong>. A seguito della modifica normativa tale congedo non retribuito e non indennizzato \u00e8 fruibile anche dai genitori lavoratori di figli con meno di 12 anni di et\u00e0. La fruizione del congedo non indennizzato, durante il quale vige il divieto di licenziamento, deve avvenire\u00a0<strong>in corrispondenza del periodo di sospensione dei servizi scolastici<\/strong>. Rimangono\u00a0<strong>invariate le condizioni<\/strong>\u00a0a cui \u00e8 subordinata la fruizione del congedo e cio\u00e8 che l\u2019altro genitore del nucleo non stia fruendo di altra misura di sostegno al reddito in occasione della sospensione o cessazione del rapporto di lavoro, non sia disoccupato e che sia un lavoratore.<\/p>\n<p>&nbsp;<\/p>\n<p>I\u00a0<strong>dipendenti<\/strong>\u00a0che abbiano presentato domanda di congedo parentale ordinario\u00a0<strong>prima del 29.3.2020<\/strong>, per periodi inclusi nell\u2019intervallo 5.3.2020 &#8211; 31.07.2020, non devono ripresentare la domanda per congedo Covid-19, in quanto sar\u00e0\u00a0<strong>l\u2019Istituto ad effettuare in automatico la conversione<\/strong>\u00a0(da congedo parentale a congedo Covid).<\/p>\n<p>&nbsp;<\/p>\n<p>A tale fine l\u2019Istituto ha predisposto un\u2019autocertificazione funzionale ad integrare i dati e le informazioni necessarie per definire queste pratiche, cio\u00e8 l\u2019autodichiarazione delle condizioni a cui \u00e8 subordinato il diritto al congedo parentale specifico ex art.\u00a023 del DL n. 18\/2020.<\/p>\n<p>&nbsp;<\/p>\n<p>Dal 29.3.2020 invece per usufruire del congedo Covid, \u00e8 necessario presentare l\u2019apposita domanda (in quanto non sembrerebbe operare l\u2019automatica conversione da parte dell\u2019Istituto).<\/p>\n<p>&nbsp;<\/p>\n<p>Regole diverse vigono invece per i\u00a0<strong>lavoratori autonomi e gli iscritti alla Gestione Separata<\/strong>, con riguardo ai quali l\u2019Inps precisa che le domande presentate prima del 17 marzo, non sono trasformabili in congedo Covid-19 e rimangono acquisite come congedo parentale ordinario.<\/p>\n<p>&nbsp;<\/p>\n<p>Gli iscritti alla gestione separata Inps possono accedere all\u2019indennit\u00e0 di maternit\u00e0, paternit\u00e0 e del congedo parentale con un solo mese di contribuzione ad aliquota piena accreditato nei dodici mesi precedenti il periodo indennizzabile. Le nuove regole si applicano con effetto dal 5 settembre 2019. Di conseguenza, per i congedi parentali fruiti, anche solo parzialmente, dopo tale data, \u00e8 sufficiente un solo mese di contribuzione nei dodici mesi antecedenti il periodo indennizzabile, mentre per quelli precedenti sono necessari 3 mesi di contributi.<\/p>\n<p>&nbsp;<\/p>\n<p>&nbsp;<\/p>\n<p><a href=\"mailto:info@beneggiassociati.com\"><strong><br \/>\nSei interessato all\u2019articolo? Scrivici e verrai contattato da un nostro Consultant<\/strong><\/a><\/p>\n<p><a href=\"https:\/\/beneggiassociati.com\/\">@ Beneggi e Associati | Commercialisti al servizio delle imprese | Meda | Milano<\/a><\/p>\n","protected":false},"excerpt":{"rendered":"<p>&nbsp; Congedo specifico: prevista\u00a0l\u2019estensione da 15 a 30 giorni\u00a0della durata del congedo fruibile dai genitori lavoratori dipendenti in presenza di un figlio di et\u00e0 fino a 12 anni (indipendentemente dal requisito anagrafico per i figli portatori di handicap grave iscritti a scuole o incentri diurni a carattere assistenziale). &nbsp; Il congedo nella nuova versione in [&hellip;]<\/p>\n","protected":false},"author":4,"featured_media":409,"comment_status":"open","ping_status":"open","sticky":false,"template":"","format":"standard","meta":{"_acf_changed":false,"content-type":"","footnotes":""},"categories":[16],"tags":[],"class_list":["post-17169","post","type-post","status-publish","format-standard","has-post-thumbnail","hentry","category-archivio"],"acf":[],"yoast_head":"<!-- This site is optimized with the Yoast SEO plugin v27.4 - https:\/\/yoast.com\/product\/yoast-seo-wordpress\/ -->\n<title>DL rilancio, agevolazioni al congedo parentale - Beneggi &amp; Associati<\/title>\n<meta name=\"description\" content=\"&nbsp; Congedo specifico: prevista\u00a0l\u2019estensione da 15 a 30 giorni\u00a0della durata del congedo fruibile dai genitori lavoratori dipendenti in presenza di un\" \/>\n<meta name=\"robots\" content=\"index, follow, max-snippet:-1, max-image-preview:large, max-video-preview:-1\" \/>\n<link rel=\"canonical\" href=\"https:\/\/beneggiassociati.com\/en\/dl-rilancio-agevolazioni-al-congedo-parentale\/\" \/>\n<meta property=\"og:locale\" content=\"en_US\" \/>\n<meta property=\"og:type\" content=\"article\" \/>\n<meta property=\"og:title\" content=\"DL rilancio, agevolazioni al congedo parentale - Beneggi &amp; Associati\" \/>\n<meta property=\"og:description\" content=\"&nbsp; Congedo specifico: prevista\u00a0l\u2019estensione da 15 a 30 giorni\u00a0della durata del congedo fruibile dai genitori lavoratori dipendenti in presenza di un\" \/>\n<meta property=\"og:url\" content=\"https:\/\/beneggiassociati.com\/en\/dl-rilancio-agevolazioni-al-congedo-parentale\/\" \/>\n<meta property=\"og:site_name\" content=\"Beneggi &amp; Associati\" \/>\n<meta property=\"article:published_time\" content=\"2020-06-01T10:12:00+00:00\" \/>\n<meta property=\"og:image\" content=\"https:\/\/beneggiassociati.com\/wp-content\/uploads\/2025\/07\/single-post-beneggi.jpg\" \/>\n\t<meta property=\"og:image:width\" content=\"1280\" \/>\n\t<meta property=\"og:image:height\" content=\"823\" \/>\n\t<meta property=\"og:image:type\" content=\"image\/jpeg\" \/>\n<meta name=\"author\" content=\"Tiziano Beneggi\" \/>\n<meta name=\"twitter:card\" content=\"summary_large_image\" \/>\n<meta name=\"twitter:label1\" content=\"Written by\" \/>\n\t<meta name=\"twitter:data1\" content=\"Tiziano Beneggi\" \/>\n\t<meta name=\"twitter:label2\" content=\"Est. reading time\" \/>\n\t<meta name=\"twitter:data2\" content=\"3 minutes\" \/>\n<script type=\"application\/ld+json\" class=\"yoast-schema-graph\">{\"@context\":\"https:\\\/\\\/schema.org\",\"@graph\":[{\"@type\":\"Article\",\"@id\":\"https:\\\/\\\/beneggiassociati.com\\\/en\\\/dl-rilancio-agevolazioni-al-congedo-parentale\\\/#article\",\"isPartOf\":{\"@id\":\"https:\\\/\\\/beneggiassociati.com\\\/en\\\/dl-rilancio-agevolazioni-al-congedo-parentale\\\/\"},\"author\":{\"name\":\"Tiziano Beneggi\",\"@id\":\"https:\\\/\\\/beneggiassociati.com\\\/en\\\/#\\\/schema\\\/person\\\/828daacfa37b359e89e981f920072004\"},\"headline\":\"DL rilancio, agevolazioni al congedo parentale\",\"datePublished\":\"2020-06-01T10:12:00+00:00\",\"mainEntityOfPage\":{\"@id\":\"https:\\\/\\\/beneggiassociati.com\\\/en\\\/dl-rilancio-agevolazioni-al-congedo-parentale\\\/\"},\"wordCount\":613,\"commentCount\":0,\"publisher\":{\"@id\":\"https:\\\/\\\/beneggiassociati.com\\\/en\\\/#organization\"},\"image\":{\"@id\":\"https:\\\/\\\/beneggiassociati.com\\\/en\\\/dl-rilancio-agevolazioni-al-congedo-parentale\\\/#primaryimage\"},\"thumbnailUrl\":\"https:\\\/\\\/beneggiassociati.com\\\/wp-content\\\/uploads\\\/2025\\\/07\\\/single-post-beneggi.jpg\",\"articleSection\":[\"ARCHIVIO\"],\"inLanguage\":\"en-US\"},{\"@type\":\"WebPage\",\"@id\":\"https:\\\/\\\/beneggiassociati.com\\\/en\\\/dl-rilancio-agevolazioni-al-congedo-parentale\\\/\",\"url\":\"https:\\\/\\\/beneggiassociati.com\\\/en\\\/dl-rilancio-agevolazioni-al-congedo-parentale\\\/\",\"name\":\"DL rilancio, agevolazioni al congedo parentale - Beneggi &amp; Associati\",\"isPartOf\":{\"@id\":\"https:\\\/\\\/beneggiassociati.com\\\/en\\\/#website\"},\"primaryImageOfPage\":{\"@id\":\"https:\\\/\\\/beneggiassociati.com\\\/en\\\/dl-rilancio-agevolazioni-al-congedo-parentale\\\/#primaryimage\"},\"image\":{\"@id\":\"https:\\\/\\\/beneggiassociati.com\\\/en\\\/dl-rilancio-agevolazioni-al-congedo-parentale\\\/#primaryimage\"},\"thumbnailUrl\":\"https:\\\/\\\/beneggiassociati.com\\\/wp-content\\\/uploads\\\/2025\\\/07\\\/single-post-beneggi.jpg\",\"datePublished\":\"2020-06-01T10:12:00+00:00\",\"description\":\"&nbsp; Congedo specifico: prevista\u00a0l\u2019estensione da 15 a 30 giorni\u00a0della durata del congedo fruibile dai genitori lavoratori dipendenti in presenza di un\",\"breadcrumb\":{\"@id\":\"https:\\\/\\\/beneggiassociati.com\\\/en\\\/dl-rilancio-agevolazioni-al-congedo-parentale\\\/#breadcrumb\"},\"inLanguage\":\"en-US\",\"potentialAction\":[{\"@type\":\"ReadAction\",\"target\":[\"https:\\\/\\\/beneggiassociati.com\\\/en\\\/dl-rilancio-agevolazioni-al-congedo-parentale\\\/\"]}]},{\"@type\":\"ImageObject\",\"inLanguage\":\"en-US\",\"@id\":\"https:\\\/\\\/beneggiassociati.com\\\/en\\\/dl-rilancio-agevolazioni-al-congedo-parentale\\\/#primaryimage\",\"url\":\"https:\\\/\\\/beneggiassociati.com\\\/wp-content\\\/uploads\\\/2025\\\/07\\\/single-post-beneggi.jpg\",\"contentUrl\":\"https:\\\/\\\/beneggiassociati.com\\\/wp-content\\\/uploads\\\/2025\\\/07\\\/single-post-beneggi.jpg\",\"width\":1280,\"height\":823},{\"@type\":\"BreadcrumbList\",\"@id\":\"https:\\\/\\\/beneggiassociati.com\\\/en\\\/dl-rilancio-agevolazioni-al-congedo-parentale\\\/#breadcrumb\",\"itemListElement\":[{\"@type\":\"ListItem\",\"position\":1,\"name\":\"Home\",\"item\":\"https:\\\/\\\/beneggiassociati.com\\\/en\\\/?page_id=24163\"},{\"@type\":\"ListItem\",\"position\":2,\"name\":\"DL rilancio, agevolazioni al congedo parentale\"}]},{\"@type\":\"WebSite\",\"@id\":\"https:\\\/\\\/beneggiassociati.com\\\/en\\\/#website\",\"url\":\"https:\\\/\\\/beneggiassociati.com\\\/en\\\/\",\"name\":\"Beneggi e associati\",\"description\":\"\",\"publisher\":{\"@id\":\"https:\\\/\\\/beneggiassociati.com\\\/en\\\/#organization\"},\"potentialAction\":[{\"@type\":\"SearchAction\",\"target\":{\"@type\":\"EntryPoint\",\"urlTemplate\":\"https:\\\/\\\/beneggiassociati.com\\\/en\\\/?s={search_term_string}\"},\"query-input\":{\"@type\":\"PropertyValueSpecification\",\"valueRequired\":true,\"valueName\":\"search_term_string\"}}],\"inLanguage\":\"en-US\"},{\"@type\":\"Organization\",\"@id\":\"https:\\\/\\\/beneggiassociati.com\\\/en\\\/#organization\",\"name\":\"Beneggi e associati\",\"url\":\"https:\\\/\\\/beneggiassociati.com\\\/en\\\/\",\"logo\":{\"@type\":\"ImageObject\",\"inLanguage\":\"en-US\",\"@id\":\"https:\\\/\\\/beneggiassociati.com\\\/en\\\/#\\\/schema\\\/logo\\\/image\\\/\",\"url\":\"https:\\\/\\\/beneggiassociati.com\\\/wp-content\\\/uploads\\\/2025\\\/07\\\/beneggi-logo.png\",\"contentUrl\":\"https:\\\/\\\/beneggiassociati.com\\\/wp-content\\\/uploads\\\/2025\\\/07\\\/beneggi-logo.png\",\"width\":141,\"height\":87,\"caption\":\"Beneggi e associati\"},\"image\":{\"@id\":\"https:\\\/\\\/beneggiassociati.com\\\/en\\\/#\\\/schema\\\/logo\\\/image\\\/\"}},{\"@type\":\"Person\",\"@id\":\"https:\\\/\\\/beneggiassociati.com\\\/en\\\/#\\\/schema\\\/person\\\/828daacfa37b359e89e981f920072004\",\"name\":\"Tiziano Beneggi\",\"url\":\"https:\\\/\\\/beneggiassociati.com\\\/en\\\/author\\\/tizianobeneggiassociati-com\\\/\"}]}<\/script>\n<!-- \/ Yoast SEO plugin. -->","yoast_head_json":{"title":"DL rilancio, agevolazioni al congedo parentale - Beneggi &amp; Associati","description":"&nbsp; Congedo specifico: prevista\u00a0l\u2019estensione da 15 a 30 giorni\u00a0della durata del congedo fruibile dai genitori lavoratori dipendenti in presenza di un","robots":{"index":"index","follow":"follow","max-snippet":"max-snippet:-1","max-image-preview":"max-image-preview:large","max-video-preview":"max-video-preview:-1"},"canonical":"https:\/\/beneggiassociati.com\/en\/dl-rilancio-agevolazioni-al-congedo-parentale\/","og_locale":"en_US","og_type":"article","og_title":"DL rilancio, agevolazioni al congedo parentale - Beneggi &amp; Associati","og_description":"&nbsp; Congedo specifico: prevista\u00a0l\u2019estensione da 15 a 30 giorni\u00a0della durata del congedo fruibile dai genitori lavoratori dipendenti in presenza di un","og_url":"https:\/\/beneggiassociati.com\/en\/dl-rilancio-agevolazioni-al-congedo-parentale\/","og_site_name":"Beneggi &amp; Associati","article_published_time":"2020-06-01T10:12:00+00:00","og_image":[{"width":1280,"height":823,"url":"https:\/\/beneggiassociati.com\/wp-content\/uploads\/2025\/07\/single-post-beneggi.jpg","type":"image\/jpeg"}],"author":"Tiziano Beneggi","twitter_card":"summary_large_image","twitter_misc":{"Written by":"Tiziano Beneggi","Est. reading time":"3 minutes"},"schema":{"@context":"https:\/\/schema.org","@graph":[{"@type":"Article","@id":"https:\/\/beneggiassociati.com\/en\/dl-rilancio-agevolazioni-al-congedo-parentale\/#article","isPartOf":{"@id":"https:\/\/beneggiassociati.com\/en\/dl-rilancio-agevolazioni-al-congedo-parentale\/"},"author":{"name":"Tiziano Beneggi","@id":"https:\/\/beneggiassociati.com\/en\/#\/schema\/person\/828daacfa37b359e89e981f920072004"},"headline":"DL rilancio, agevolazioni al congedo parentale","datePublished":"2020-06-01T10:12:00+00:00","mainEntityOfPage":{"@id":"https:\/\/beneggiassociati.com\/en\/dl-rilancio-agevolazioni-al-congedo-parentale\/"},"wordCount":613,"commentCount":0,"publisher":{"@id":"https:\/\/beneggiassociati.com\/en\/#organization"},"image":{"@id":"https:\/\/beneggiassociati.com\/en\/dl-rilancio-agevolazioni-al-congedo-parentale\/#primaryimage"},"thumbnailUrl":"https:\/\/beneggiassociati.com\/wp-content\/uploads\/2025\/07\/single-post-beneggi.jpg","articleSection":["ARCHIVIO"],"inLanguage":"en-US"},{"@type":"WebPage","@id":"https:\/\/beneggiassociati.com\/en\/dl-rilancio-agevolazioni-al-congedo-parentale\/","url":"https:\/\/beneggiassociati.com\/en\/dl-rilancio-agevolazioni-al-congedo-parentale\/","name":"DL rilancio, agevolazioni al congedo parentale - Beneggi &amp; Associati","isPartOf":{"@id":"https:\/\/beneggiassociati.com\/en\/#website"},"primaryImageOfPage":{"@id":"https:\/\/beneggiassociati.com\/en\/dl-rilancio-agevolazioni-al-congedo-parentale\/#primaryimage"},"image":{"@id":"https:\/\/beneggiassociati.com\/en\/dl-rilancio-agevolazioni-al-congedo-parentale\/#primaryimage"},"thumbnailUrl":"https:\/\/beneggiassociati.com\/wp-content\/uploads\/2025\/07\/single-post-beneggi.jpg","datePublished":"2020-06-01T10:12:00+00:00","description":"&nbsp; Congedo specifico: prevista\u00a0l\u2019estensione da 15 a 30 giorni\u00a0della durata del congedo fruibile dai genitori lavoratori dipendenti in presenza di un","breadcrumb":{"@id":"https:\/\/beneggiassociati.com\/en\/dl-rilancio-agevolazioni-al-congedo-parentale\/#breadcrumb"},"inLanguage":"en-US","potentialAction":[{"@type":"ReadAction","target":["https:\/\/beneggiassociati.com\/en\/dl-rilancio-agevolazioni-al-congedo-parentale\/"]}]},{"@type":"ImageObject","inLanguage":"en-US","@id":"https:\/\/beneggiassociati.com\/en\/dl-rilancio-agevolazioni-al-congedo-parentale\/#primaryimage","url":"https:\/\/beneggiassociati.com\/wp-content\/uploads\/2025\/07\/single-post-beneggi.jpg","contentUrl":"https:\/\/beneggiassociati.com\/wp-content\/uploads\/2025\/07\/single-post-beneggi.jpg","width":1280,"height":823},{"@type":"BreadcrumbList","@id":"https:\/\/beneggiassociati.com\/en\/dl-rilancio-agevolazioni-al-congedo-parentale\/#breadcrumb","itemListElement":[{"@type":"ListItem","position":1,"name":"Home","item":"https:\/\/beneggiassociati.com\/en\/?page_id=24163"},{"@type":"ListItem","position":2,"name":"DL rilancio, agevolazioni al congedo parentale"}]},{"@type":"WebSite","@id":"https:\/\/beneggiassociati.com\/en\/#website","url":"https:\/\/beneggiassociati.com\/en\/","name":"Beneggi e associati","description":"","publisher":{"@id":"https:\/\/beneggiassociati.com\/en\/#organization"},"potentialAction":[{"@type":"SearchAction","target":{"@type":"EntryPoint","urlTemplate":"https:\/\/beneggiassociati.com\/en\/?s={search_term_string}"},"query-input":{"@type":"PropertyValueSpecification","valueRequired":true,"valueName":"search_term_string"}}],"inLanguage":"en-US"},{"@type":"Organization","@id":"https:\/\/beneggiassociati.com\/en\/#organization","name":"Beneggi e associati","url":"https:\/\/beneggiassociati.com\/en\/","logo":{"@type":"ImageObject","inLanguage":"en-US","@id":"https:\/\/beneggiassociati.com\/en\/#\/schema\/logo\/image\/","url":"https:\/\/beneggiassociati.com\/wp-content\/uploads\/2025\/07\/beneggi-logo.png","contentUrl":"https:\/\/beneggiassociati.com\/wp-content\/uploads\/2025\/07\/beneggi-logo.png","width":141,"height":87,"caption":"Beneggi e associati"},"image":{"@id":"https:\/\/beneggiassociati.com\/en\/#\/schema\/logo\/image\/"}},{"@type":"Person","@id":"https:\/\/beneggiassociati.com\/en\/#\/schema\/person\/828daacfa37b359e89e981f920072004","name":"Tiziano Beneggi","url":"https:\/\/beneggiassociati.com\/en\/author\/tizianobeneggiassociati-com\/"}]}},"_links":{"self":[{"href":"https:\/\/beneggiassociati.com\/en\/wp-json\/wp\/v2\/posts\/17169","targetHints":{"allow":["GET"]}}],"collection":[{"href":"https:\/\/beneggiassociati.com\/en\/wp-json\/wp\/v2\/posts"}],"about":[{"href":"https:\/\/beneggiassociati.com\/en\/wp-json\/wp\/v2\/types\/post"}],"author":[{"embeddable":true,"href":"https:\/\/beneggiassociati.com\/en\/wp-json\/wp\/v2\/users\/4"}],"replies":[{"embeddable":true,"href":"https:\/\/beneggiassociati.com\/en\/wp-json\/wp\/v2\/comments?post=17169"}],"version-history":[{"count":0,"href":"https:\/\/beneggiassociati.com\/en\/wp-json\/wp\/v2\/posts\/17169\/revisions"}],"wp:featuredmedia":[{"embeddable":true,"href":"https:\/\/beneggiassociati.com\/en\/wp-json\/wp\/v2\/media\/409"}],"wp:attachment":[{"href":"https:\/\/beneggiassociati.com\/en\/wp-json\/wp\/v2\/media?parent=17169"}],"wp:term":[{"taxonomy":"category","embeddable":true,"href":"https:\/\/beneggiassociati.com\/en\/wp-json\/wp\/v2\/categories?post=17169"},{"taxonomy":"post_tag","embeddable":true,"href":"https:\/\/beneggiassociati.com\/en\/wp-json\/wp\/v2\/tags?post=17169"}],"curies":[{"name":"wp","href":"https:\/\/api.w.org\/{rel}","templated":true}]}}