{"id":17183,"date":"2020-06-01T15:12:00","date_gmt":"2020-06-01T13:12:00","guid":{"rendered":"https:\/\/dev.beneggiassociati.com\/2020\/06\/01\/covid_19-proroga-cassa-integrazione\/"},"modified":"2020-06-01T15:12:00","modified_gmt":"2020-06-01T13:12:00","slug":"covid_19-proroga-cassa-integrazione","status":"publish","type":"post","link":"https:\/\/beneggiassociati.com\/en\/covid_19-proroga-cassa-integrazione\/","title":{"rendered":"Covid_19, proroga cassa integrazione"},"content":{"rendered":"<p>&nbsp;<\/p>\n<p>Viene confermata la dotazione originaria di 9 settimane di trattamento di integrazione salariale ordinaria e assegno ordinario in ambito FIS, con causale Covid-19, utilizzabili dai datori di lavoro in caso di riduzione o sospensione dell\u2019attivit\u00e0 lavorativa per eventi riconducibili all\u2019emergenza epidemiologica in atto, nei periodi dal 23 febbraio al 31 agosto.<\/p>\n<p>&nbsp;<\/p>\n<p>Per le aziende che hanno gi\u00e0 utilizzato completamente le prime 9 settimane, \u00e8 prevista la possibilit\u00e0 di richiederne ulteriori 5 con la medesima causale Covid-19, utilizzabili per riduzione\/sospensione di attivit\u00e0 lavorativa entro il termine del 31 agosto 2020. Per un totale, quindi, di 14 settimane fruibili tra il 23 febbraio e il 31 agosto.<\/p>\n<p>&nbsp;<\/p>\n<p>Inoltre, sono previste 4 settimane aggiuntive di ammortizzatore sociale Covid-19, entro i limiti di finanziamento previsti dall\u2019art. 73 bis dello stesso Decreto, che per\u00f2 potranno essere utilizzate a partire dal 1\u00b0 settembre e fino al 31 ottobre per far fronte a riduzioni o sospensioni di attivit\u00e0 lavorativa riconducibili all\u2019emergenza epidemiologica.<\/p>\n<p>&nbsp;<\/p>\n<p>L\u2019articolazione temporale (5 + 4 settimane) non opera per le aziende del settore turismo, fiere, congressi e spettacolo le quali potranno fruire delle ulteriori 4 settimane di ammortizzatore Covid-19 anche per periodi di riduzione o sospensione dell\u2019attivit\u00e0 lavorativa antecedenti al 1\u00b0 settembre e pertanto in continuit\u00e0 con il primo gruppo di 14 (per un totale di 18 settimane consecutive).<\/p>\n<p>&nbsp;<\/p>\n<p>E&#8217; confermato che spetta l\u2019assegno per il nucleo familiare ai beneficiari di assegno ordinario, limitatamente alla causale Covid-19.<\/p>\n<p>Novit\u00e0 anche per la cassa integrazione in deroga: l\u2019accordo tra il Governo e le Regioni consente ai datori di lavoro di rivolgersi direttamente all\u2019Inps per velocizzare i tempi di erogazione. I periodi successivi alle prime nove settimane riconosciuti dalle Regioni sono concessi dall\u2019Inps, che riceve dai datori di lavoro la domanda in via telematica con la lista dei beneficiari e le ore di sospensione per ciascun lavoratore per tutto il periodo autorizzato. Sar\u00e0 sempre l\u2019Inps a provvedere all\u2019erogazione delle prestazioni, previa verifica del rispetto dei limiti di spesa. Se dal monitoraggio l\u2019Inps verificher\u00e0 che \u00e8 stato raggiunto, anche in via prospettica il limite di spesa, non potr\u00e0 autorizzare altra Cigd.<\/p>\n<p>&nbsp;<\/p>\n<p><a href=\"mailto:info@beneggiassociati.com\"><strong><br \/>\nSei interessato all\u2019articolo? Scrivici e verrai contattato da un nostro Consultant<\/strong><\/a><\/p>\n<p><a href=\"https:\/\/beneggiassociati.com\/\">@ Beneggi e Associati | Commercialisti al servizio delle imprese | Meda | Milano<\/a><\/p>\n<p>&nbsp;<\/p>\n","protected":false},"excerpt":{"rendered":"<p>&nbsp; Viene confermata la dotazione originaria di 9 settimane di trattamento di integrazione salariale ordinaria e assegno ordinario in ambito FIS, con causale Covid-19, utilizzabili dai datori di lavoro in caso di riduzione o sospensione dell\u2019attivit\u00e0 lavorativa per eventi riconducibili all\u2019emergenza epidemiologica in atto, nei periodi dal 23 febbraio al 31 agosto. &nbsp; Per le [&hellip;]<\/p>\n","protected":false},"author":4,"featured_media":409,"comment_status":"open","ping_status":"open","sticky":false,"template":"","format":"standard","meta":{"_acf_changed":false,"content-type":"","footnotes":""},"categories":[16],"tags":[],"class_list":["post-17183","post","type-post","status-publish","format-standard","has-post-thumbnail","hentry","category-archivio"],"acf":[],"yoast_head":"<!-- This site is optimized with the Yoast SEO plugin v27.4 - https:\/\/yoast.com\/product\/yoast-seo-wordpress\/ -->\n<title>Covid_19, proroga cassa integrazione - Beneggi &amp; Associati<\/title>\n<meta name=\"description\" content=\"&nbsp; Viene confermata la dotazione originaria di 9 settimane di trattamento di integrazione salariale ordinaria e assegno ordinario in ambito FIS, con\" \/>\n<meta name=\"robots\" content=\"index, follow, max-snippet:-1, max-image-preview:large, max-video-preview:-1\" \/>\n<link rel=\"canonical\" href=\"https:\/\/beneggiassociati.com\/en\/covid_19-proroga-cassa-integrazione\/\" \/>\n<meta property=\"og:locale\" content=\"en_US\" \/>\n<meta property=\"og:type\" content=\"article\" \/>\n<meta property=\"og:title\" content=\"Covid_19, proroga cassa integrazione - Beneggi &amp; Associati\" \/>\n<meta property=\"og:description\" content=\"&nbsp; Viene confermata la dotazione originaria di 9 settimane di trattamento di integrazione salariale ordinaria e assegno ordinario in ambito FIS, con\" \/>\n<meta property=\"og:url\" content=\"https:\/\/beneggiassociati.com\/en\/covid_19-proroga-cassa-integrazione\/\" \/>\n<meta property=\"og:site_name\" content=\"Beneggi &amp; Associati\" \/>\n<meta property=\"article:published_time\" content=\"2020-06-01T13:12:00+00:00\" \/>\n<meta property=\"og:image\" content=\"https:\/\/beneggiassociati.com\/wp-content\/uploads\/2025\/07\/single-post-beneggi.jpg\" \/>\n\t<meta property=\"og:image:width\" content=\"1280\" \/>\n\t<meta property=\"og:image:height\" content=\"823\" \/>\n\t<meta property=\"og:image:type\" content=\"image\/jpeg\" \/>\n<meta name=\"author\" content=\"Tiziano Beneggi\" \/>\n<meta name=\"twitter:card\" content=\"summary_large_image\" \/>\n<meta name=\"twitter:label1\" content=\"Written by\" \/>\n\t<meta name=\"twitter:data1\" content=\"Tiziano Beneggi\" \/>\n\t<meta name=\"twitter:label2\" content=\"Est. reading time\" \/>\n\t<meta name=\"twitter:data2\" content=\"2 minutes\" \/>\n<script type=\"application\/ld+json\" class=\"yoast-schema-graph\">{\"@context\":\"https:\\\/\\\/schema.org\",\"@graph\":[{\"@type\":\"Article\",\"@id\":\"https:\\\/\\\/beneggiassociati.com\\\/en\\\/covid_19-proroga-cassa-integrazione\\\/#article\",\"isPartOf\":{\"@id\":\"https:\\\/\\\/beneggiassociati.com\\\/en\\\/covid_19-proroga-cassa-integrazione\\\/\"},\"author\":{\"name\":\"Tiziano Beneggi\",\"@id\":\"https:\\\/\\\/beneggiassociati.com\\\/en\\\/#\\\/schema\\\/person\\\/828daacfa37b359e89e981f920072004\"},\"headline\":\"Covid_19, proroga cassa integrazione\",\"datePublished\":\"2020-06-01T13:12:00+00:00\",\"mainEntityOfPage\":{\"@id\":\"https:\\\/\\\/beneggiassociati.com\\\/en\\\/covid_19-proroga-cassa-integrazione\\\/\"},\"wordCount\":366,\"commentCount\":0,\"publisher\":{\"@id\":\"https:\\\/\\\/beneggiassociati.com\\\/en\\\/#organization\"},\"image\":{\"@id\":\"https:\\\/\\\/beneggiassociati.com\\\/en\\\/covid_19-proroga-cassa-integrazione\\\/#primaryimage\"},\"thumbnailUrl\":\"https:\\\/\\\/beneggiassociati.com\\\/wp-content\\\/uploads\\\/2025\\\/07\\\/single-post-beneggi.jpg\",\"articleSection\":[\"ARCHIVIO\"],\"inLanguage\":\"en-US\"},{\"@type\":\"WebPage\",\"@id\":\"https:\\\/\\\/beneggiassociati.com\\\/en\\\/covid_19-proroga-cassa-integrazione\\\/\",\"url\":\"https:\\\/\\\/beneggiassociati.com\\\/en\\\/covid_19-proroga-cassa-integrazione\\\/\",\"name\":\"Covid_19, proroga cassa integrazione - Beneggi &amp; Associati\",\"isPartOf\":{\"@id\":\"https:\\\/\\\/beneggiassociati.com\\\/en\\\/#website\"},\"primaryImageOfPage\":{\"@id\":\"https:\\\/\\\/beneggiassociati.com\\\/en\\\/covid_19-proroga-cassa-integrazione\\\/#primaryimage\"},\"image\":{\"@id\":\"https:\\\/\\\/beneggiassociati.com\\\/en\\\/covid_19-proroga-cassa-integrazione\\\/#primaryimage\"},\"thumbnailUrl\":\"https:\\\/\\\/beneggiassociati.com\\\/wp-content\\\/uploads\\\/2025\\\/07\\\/single-post-beneggi.jpg\",\"datePublished\":\"2020-06-01T13:12:00+00:00\",\"description\":\"&nbsp; Viene confermata la dotazione originaria di 9 settimane di trattamento di integrazione salariale ordinaria e assegno ordinario in ambito FIS, con\",\"breadcrumb\":{\"@id\":\"https:\\\/\\\/beneggiassociati.com\\\/en\\\/covid_19-proroga-cassa-integrazione\\\/#breadcrumb\"},\"inLanguage\":\"en-US\",\"potentialAction\":[{\"@type\":\"ReadAction\",\"target\":[\"https:\\\/\\\/beneggiassociati.com\\\/en\\\/covid_19-proroga-cassa-integrazione\\\/\"]}]},{\"@type\":\"ImageObject\",\"inLanguage\":\"en-US\",\"@id\":\"https:\\\/\\\/beneggiassociati.com\\\/en\\\/covid_19-proroga-cassa-integrazione\\\/#primaryimage\",\"url\":\"https:\\\/\\\/beneggiassociati.com\\\/wp-content\\\/uploads\\\/2025\\\/07\\\/single-post-beneggi.jpg\",\"contentUrl\":\"https:\\\/\\\/beneggiassociati.com\\\/wp-content\\\/uploads\\\/2025\\\/07\\\/single-post-beneggi.jpg\",\"width\":1280,\"height\":823},{\"@type\":\"BreadcrumbList\",\"@id\":\"https:\\\/\\\/beneggiassociati.com\\\/en\\\/covid_19-proroga-cassa-integrazione\\\/#breadcrumb\",\"itemListElement\":[{\"@type\":\"ListItem\",\"position\":1,\"name\":\"Home\",\"item\":\"https:\\\/\\\/beneggiassociati.com\\\/en\\\/?page_id=24163\"},{\"@type\":\"ListItem\",\"position\":2,\"name\":\"Covid_19, proroga cassa integrazione\"}]},{\"@type\":\"WebSite\",\"@id\":\"https:\\\/\\\/beneggiassociati.com\\\/en\\\/#website\",\"url\":\"https:\\\/\\\/beneggiassociati.com\\\/en\\\/\",\"name\":\"Beneggi e associati\",\"description\":\"\",\"publisher\":{\"@id\":\"https:\\\/\\\/beneggiassociati.com\\\/en\\\/#organization\"},\"potentialAction\":[{\"@type\":\"SearchAction\",\"target\":{\"@type\":\"EntryPoint\",\"urlTemplate\":\"https:\\\/\\\/beneggiassociati.com\\\/en\\\/?s={search_term_string}\"},\"query-input\":{\"@type\":\"PropertyValueSpecification\",\"valueRequired\":true,\"valueName\":\"search_term_string\"}}],\"inLanguage\":\"en-US\"},{\"@type\":\"Organization\",\"@id\":\"https:\\\/\\\/beneggiassociati.com\\\/en\\\/#organization\",\"name\":\"Beneggi e associati\",\"url\":\"https:\\\/\\\/beneggiassociati.com\\\/en\\\/\",\"logo\":{\"@type\":\"ImageObject\",\"inLanguage\":\"en-US\",\"@id\":\"https:\\\/\\\/beneggiassociati.com\\\/en\\\/#\\\/schema\\\/logo\\\/image\\\/\",\"url\":\"https:\\\/\\\/beneggiassociati.com\\\/wp-content\\\/uploads\\\/2025\\\/07\\\/beneggi-logo.png\",\"contentUrl\":\"https:\\\/\\\/beneggiassociati.com\\\/wp-content\\\/uploads\\\/2025\\\/07\\\/beneggi-logo.png\",\"width\":141,\"height\":87,\"caption\":\"Beneggi e associati\"},\"image\":{\"@id\":\"https:\\\/\\\/beneggiassociati.com\\\/en\\\/#\\\/schema\\\/logo\\\/image\\\/\"}},{\"@type\":\"Person\",\"@id\":\"https:\\\/\\\/beneggiassociati.com\\\/en\\\/#\\\/schema\\\/person\\\/828daacfa37b359e89e981f920072004\",\"name\":\"Tiziano Beneggi\",\"url\":\"https:\\\/\\\/beneggiassociati.com\\\/en\\\/author\\\/tizianobeneggiassociati-com\\\/\"}]}<\/script>\n<!-- \/ Yoast SEO plugin. -->","yoast_head_json":{"title":"Covid_19, proroga cassa integrazione - Beneggi &amp; Associati","description":"&nbsp; Viene confermata la dotazione originaria di 9 settimane di trattamento di integrazione salariale ordinaria e assegno ordinario in ambito FIS, con","robots":{"index":"index","follow":"follow","max-snippet":"max-snippet:-1","max-image-preview":"max-image-preview:large","max-video-preview":"max-video-preview:-1"},"canonical":"https:\/\/beneggiassociati.com\/en\/covid_19-proroga-cassa-integrazione\/","og_locale":"en_US","og_type":"article","og_title":"Covid_19, proroga cassa integrazione - Beneggi &amp; Associati","og_description":"&nbsp; Viene confermata la dotazione originaria di 9 settimane di trattamento di integrazione salariale ordinaria e assegno ordinario in ambito FIS, con","og_url":"https:\/\/beneggiassociati.com\/en\/covid_19-proroga-cassa-integrazione\/","og_site_name":"Beneggi &amp; Associati","article_published_time":"2020-06-01T13:12:00+00:00","og_image":[{"width":1280,"height":823,"url":"https:\/\/beneggiassociati.com\/wp-content\/uploads\/2025\/07\/single-post-beneggi.jpg","type":"image\/jpeg"}],"author":"Tiziano Beneggi","twitter_card":"summary_large_image","twitter_misc":{"Written by":"Tiziano Beneggi","Est. reading time":"2 minutes"},"schema":{"@context":"https:\/\/schema.org","@graph":[{"@type":"Article","@id":"https:\/\/beneggiassociati.com\/en\/covid_19-proroga-cassa-integrazione\/#article","isPartOf":{"@id":"https:\/\/beneggiassociati.com\/en\/covid_19-proroga-cassa-integrazione\/"},"author":{"name":"Tiziano Beneggi","@id":"https:\/\/beneggiassociati.com\/en\/#\/schema\/person\/828daacfa37b359e89e981f920072004"},"headline":"Covid_19, proroga cassa integrazione","datePublished":"2020-06-01T13:12:00+00:00","mainEntityOfPage":{"@id":"https:\/\/beneggiassociati.com\/en\/covid_19-proroga-cassa-integrazione\/"},"wordCount":366,"commentCount":0,"publisher":{"@id":"https:\/\/beneggiassociati.com\/en\/#organization"},"image":{"@id":"https:\/\/beneggiassociati.com\/en\/covid_19-proroga-cassa-integrazione\/#primaryimage"},"thumbnailUrl":"https:\/\/beneggiassociati.com\/wp-content\/uploads\/2025\/07\/single-post-beneggi.jpg","articleSection":["ARCHIVIO"],"inLanguage":"en-US"},{"@type":"WebPage","@id":"https:\/\/beneggiassociati.com\/en\/covid_19-proroga-cassa-integrazione\/","url":"https:\/\/beneggiassociati.com\/en\/covid_19-proroga-cassa-integrazione\/","name":"Covid_19, proroga cassa integrazione - Beneggi &amp; Associati","isPartOf":{"@id":"https:\/\/beneggiassociati.com\/en\/#website"},"primaryImageOfPage":{"@id":"https:\/\/beneggiassociati.com\/en\/covid_19-proroga-cassa-integrazione\/#primaryimage"},"image":{"@id":"https:\/\/beneggiassociati.com\/en\/covid_19-proroga-cassa-integrazione\/#primaryimage"},"thumbnailUrl":"https:\/\/beneggiassociati.com\/wp-content\/uploads\/2025\/07\/single-post-beneggi.jpg","datePublished":"2020-06-01T13:12:00+00:00","description":"&nbsp; Viene confermata la dotazione originaria di 9 settimane di trattamento di integrazione salariale ordinaria e assegno ordinario in ambito FIS, con","breadcrumb":{"@id":"https:\/\/beneggiassociati.com\/en\/covid_19-proroga-cassa-integrazione\/#breadcrumb"},"inLanguage":"en-US","potentialAction":[{"@type":"ReadAction","target":["https:\/\/beneggiassociati.com\/en\/covid_19-proroga-cassa-integrazione\/"]}]},{"@type":"ImageObject","inLanguage":"en-US","@id":"https:\/\/beneggiassociati.com\/en\/covid_19-proroga-cassa-integrazione\/#primaryimage","url":"https:\/\/beneggiassociati.com\/wp-content\/uploads\/2025\/07\/single-post-beneggi.jpg","contentUrl":"https:\/\/beneggiassociati.com\/wp-content\/uploads\/2025\/07\/single-post-beneggi.jpg","width":1280,"height":823},{"@type":"BreadcrumbList","@id":"https:\/\/beneggiassociati.com\/en\/covid_19-proroga-cassa-integrazione\/#breadcrumb","itemListElement":[{"@type":"ListItem","position":1,"name":"Home","item":"https:\/\/beneggiassociati.com\/en\/?page_id=24163"},{"@type":"ListItem","position":2,"name":"Covid_19, proroga cassa integrazione"}]},{"@type":"WebSite","@id":"https:\/\/beneggiassociati.com\/en\/#website","url":"https:\/\/beneggiassociati.com\/en\/","name":"Beneggi e associati","description":"","publisher":{"@id":"https:\/\/beneggiassociati.com\/en\/#organization"},"potentialAction":[{"@type":"SearchAction","target":{"@type":"EntryPoint","urlTemplate":"https:\/\/beneggiassociati.com\/en\/?s={search_term_string}"},"query-input":{"@type":"PropertyValueSpecification","valueRequired":true,"valueName":"search_term_string"}}],"inLanguage":"en-US"},{"@type":"Organization","@id":"https:\/\/beneggiassociati.com\/en\/#organization","name":"Beneggi e associati","url":"https:\/\/beneggiassociati.com\/en\/","logo":{"@type":"ImageObject","inLanguage":"en-US","@id":"https:\/\/beneggiassociati.com\/en\/#\/schema\/logo\/image\/","url":"https:\/\/beneggiassociati.com\/wp-content\/uploads\/2025\/07\/beneggi-logo.png","contentUrl":"https:\/\/beneggiassociati.com\/wp-content\/uploads\/2025\/07\/beneggi-logo.png","width":141,"height":87,"caption":"Beneggi e associati"},"image":{"@id":"https:\/\/beneggiassociati.com\/en\/#\/schema\/logo\/image\/"}},{"@type":"Person","@id":"https:\/\/beneggiassociati.com\/en\/#\/schema\/person\/828daacfa37b359e89e981f920072004","name":"Tiziano Beneggi","url":"https:\/\/beneggiassociati.com\/en\/author\/tizianobeneggiassociati-com\/"}]}},"_links":{"self":[{"href":"https:\/\/beneggiassociati.com\/en\/wp-json\/wp\/v2\/posts\/17183","targetHints":{"allow":["GET"]}}],"collection":[{"href":"https:\/\/beneggiassociati.com\/en\/wp-json\/wp\/v2\/posts"}],"about":[{"href":"https:\/\/beneggiassociati.com\/en\/wp-json\/wp\/v2\/types\/post"}],"author":[{"embeddable":true,"href":"https:\/\/beneggiassociati.com\/en\/wp-json\/wp\/v2\/users\/4"}],"replies":[{"embeddable":true,"href":"https:\/\/beneggiassociati.com\/en\/wp-json\/wp\/v2\/comments?post=17183"}],"version-history":[{"count":0,"href":"https:\/\/beneggiassociati.com\/en\/wp-json\/wp\/v2\/posts\/17183\/revisions"}],"wp:featuredmedia":[{"embeddable":true,"href":"https:\/\/beneggiassociati.com\/en\/wp-json\/wp\/v2\/media\/409"}],"wp:attachment":[{"href":"https:\/\/beneggiassociati.com\/en\/wp-json\/wp\/v2\/media?parent=17183"}],"wp:term":[{"taxonomy":"category","embeddable":true,"href":"https:\/\/beneggiassociati.com\/en\/wp-json\/wp\/v2\/categories?post=17183"},{"taxonomy":"post_tag","embeddable":true,"href":"https:\/\/beneggiassociati.com\/en\/wp-json\/wp\/v2\/tags?post=17183"}],"curies":[{"name":"wp","href":"https:\/\/api.w.org\/{rel}","templated":true}]}}