{"id":17441,"date":"2020-11-28T08:54:00","date_gmt":"2020-11-28T07:54:00","guid":{"rendered":"https:\/\/dev.beneggiassociati.com\/2020\/11\/28\/lombardia-piemonte-e-calabria-diventano-zona-arancione-da-quando-e-cosa-cambia\/"},"modified":"2020-11-28T08:54:00","modified_gmt":"2020-11-28T07:54:00","slug":"lombardia-piemonte-e-calabria-diventano-zona-arancione-da-quando-e-cosa-cambia","status":"publish","type":"post","link":"https:\/\/beneggiassociati.com\/en\/lombardia-piemonte-e-calabria-diventano-zona-arancione-da-quando-e-cosa-cambia\/","title":{"rendered":"Lombardia, Piemonte e Calabria diventano zona arancione: da quando e cosa cambia"},"content":{"rendered":"<p>&nbsp;<\/p>\n<p>Il Decreto del Presidente del Consiglio del 3 novembre disponendo le misure per prevenire la diffusione del virus Covid-19 individua tre aree, corrispondenti ad altrettanti scenari di rischio, per le quali sono previste specifiche misure restrittive. In base alla nuova Ordinanza del Ministro della Salute del 27 novembre, la Lombardia il Piemonte e la Calabria vengono collocate fra le regioni in &#8220;zona arancione&#8221; a partire da domenica 29 novembre.<\/p>\n<p>&nbsp;<\/p>\n<p>SPOSTAMENTI E TRASPORTI<\/p>\n<p><strong>\u00a0<\/strong><\/p>\n<p><strong>Limitazioni agli spostamenti sul territorio<\/strong>: Sono vietati gli spostamenti in entrata e in uscita dal territorio regionale, con eccezione degli spostamenti motivati da comprovate esigenze lavorative, situazioni di necessit\u00e0 o motivi di salute. \u00c8 altres\u00ec consentito il transito sul territorio regionale se necessario a raggiungere territori non soggetti a restrizioni negli spostamenti. \u00c8 vietato ogni spostamento \u2013 con mezzi di trasporto pubblici o privati \u2013 in un comune diverso da quello di residenza, domicilio o abitazione, salvo che per comprovate esigenze lavorative, di studio, per motivi di salute, per situazioni di necessit\u00e0 o per svolgere attivit\u00e0 o usufruire di servizi non sospesi e non disponibili in tale comune. Sono comunque consentiti gli spostamenti strettamente necessari ad assicurare lo svolgimento della didattica in presenza, nei casi in cui \u00e8 prevista. Resta sempre consentito il rientro presso il proprio domicilio, abitazione o residenza. All\u2019interno del proprio comune \u00e8 consentito spostarsi dalle ore 5 alle ore 22 senza dover motivare lo spostamento. Dalle ore 22 alle ore 5 del giorno successivo sono vietati tutti gli spostamenti, ad eccezione di quelli motivati da comprovate esigenze lavorative, situazioni di necessit\u00e0 o motivi di salute. Per giustificare gli spostamenti verso altre regioni o comuni diversi da quello di residenza, domicilio o abitazione, cos\u00ec come per gli spostamenti notturni, sar\u00e0 necessario esibire una autodichiarazione.<\/p>\n<p>&nbsp;<\/p>\n<p><strong>Trasporto pubblico locale<\/strong>: A bordo dei mezzi pubblici\u00a0del trasporto locale e del trasporto ferroviario regionale, anche non di linea, la capienza\u00a0\u00e8 limitata ad un massimo del 50%\u00a0del totale. Il limite non si applica per il trasporto scolastico dedicato.<\/p>\n<p>&nbsp;<\/p>\n<p>ESERCIZI COMMERCIALI, SERVIZI ALLA PERSONA E RISTORAZIONE<\/p>\n<p>&nbsp;<\/p>\n<p><strong>Attivit\u00e0 commerciali, negozi e servizi disponibili<\/strong>: Le attivit\u00e0 commerciali al dettaglio si svolgono a condizione che sia assicurato, oltre alla distanza interpersonale di almeno un metro, che gli ingressi avvengano in modo dilazionato e che venga impedito di sostare all&#8217;interno dei locali pi\u00f9 del tempo necessario all&#8217;acquisto dei beni.\u00a0Non sono pi\u00f9 previste limitazioni alle categorie di beni vendibili. Tali attivit\u00e0 si svolgono nel rispetto delle\u00a0linee guida regionali\u00a0per il commercio al dettaglio in sede fissa.<\/p>\n<p>Nelle giornate festive e prefestive,\u00a0resta invece confermata la chiusura degli esercizi commerciali presenti all&#8217;interno dei centri commerciali e dei mercati, a eccezione delle farmacie, parafarmacie, presidi sanitari, punti vendita di generi alimentari, tabacchi ed edicole. All\u2019ingresso di tutti gli esercizi di cui \u00e8 autorizzata l\u2019apertura dovr\u00e0 essere obbligatoriamente esposto un cartello che riporti\u00a0il numero massimo di persone ammesse contemporaneamente all\u2019interno, sulla base dei protocolli e delle linee guida in vigore. Le attivit\u00e0 inerenti ai servizi alla persona sono consentite\u00a0nel rispetto dei relativi protocolli.<\/p>\n<p>&nbsp;<\/p>\n<p><strong>Bar, ristoranti, delivery e asporto<\/strong>: Sono sospese le attivit\u00e0 dei servizi di ristorazione fra cui bar, pub, ristoranti, gelaterie, pasticcerie. L\u2019asporto\u00a0\u00e8 consentito fino alle ore 22.00 con divieto di consumazione sul posto o nelle adiacenze, mentre la\u00a0consegna a domicilio\u00a0\u00e8 permessa senza vincoli di orario. Restano comunque aperti gli esercizi di somministrazione di alimenti e bevande nelle aree di servizio e rifornimento carburante situate lungo autostrade, ospedali e aeroporti, con obbligo di assicurare in ogni caso il rispetto della distanza minima di un metro tra ciascuna persona.<\/p>\n<p>&nbsp;<\/p>\n<p>ISTRUZIONE E FORMAZIONE<\/p>\n<p>&nbsp;<\/p>\n<p><strong>Didattica a distanza<\/strong>: Per tutti gli studenti delle\u00a0scuole superiori\u00a0le lezioni continuano a svolgersi tramite didattica a distanza. Per i\u00a0corsi di formazione pubblici e privati\u00a0resta confermata la possibilit\u00e0 di svolgimento esclusivamente in modalit\u00e0 a distanza.<\/p>\n<p>&nbsp;<\/p>\n<p><strong>Didattica in presenza<\/strong>: Le attivit\u00e0 didattiche ed educative per i nidi, scuole materne, scuole elementari e prima media\u00a0continuano a svolgersi in presenza. Tornano in presenza anche le classi di seconda e terza media. \u00c8 obbligatorio utilizzare dispostivi di protezione delle vie respiratorie, salvo che per i bambini di et\u00e0 inferiore ai 6 anni e per i soggetti con patologie o disabilit\u00e0 incompatibili con l&#8217;uso della mascherina. Per gli alunni delle scuole superiori \u00e8 possibile svolgere attivit\u00e0 in presenza soltanto se vi \u00e8 la necessit\u00e0 di:<\/p>\n<ul>\n<li>utilizzare i laboratori,<\/li>\n<li>mantenere una relazione educativa nei confronti di alunni con disabilit\u00e0 e bisogni educativi speciali.<\/li>\n<\/ul>\n<p>&nbsp;<\/p>\n<p><strong>Universit\u00e0<\/strong>: Le Universit\u00e0 e le Istituzioni di alta formazione artistica musicale e coreutica\u00a0proseguono le proprie attivit\u00e0 formative e curriculari\u00a0attraverso la modalit\u00e0 a distanza,\u00a0fatta eccezione per quelle relative al primo anno del corso di studi e ai laboratori, che possono invece svolgersi in presenza, nel rispetto dei protocolli specificamente dedicati a tali attivit\u00e0. I corsi per i medici in formazione specialistica, i corsi di formazione specifica in medicina generale, le attivit\u00e0 dei tirocinanti delle professioni sanitarie e le altre attivit\u00e0 eventualmente individuate dalle Universit\u00e0 possono proseguire, laddove necessario, anche in modalit\u00e0 in presenza.<\/p>\n<p>&nbsp;<\/p>\n<p>ATTIVIT\u00c0 CULTURALI, EVENTI E TEMPO LIBERO<\/p>\n<p>&nbsp;<\/p>\n<p><strong>Attivit\u00e0 culturali<\/strong>: Sono sospese le\u00a0mostre\u00a0e servizi di apertura al pubblico di\u00a0musei e altri luoghi della cultura. \u00c8 inoltre confermata la sospensione degli spettacoli aperti al pubblico in\u00a0sale teatrali, sale da concerto, sale cinematografiche\u00a0e in altri spazi anche all&#8217;aperto.<\/p>\n<p>&nbsp;<\/p>\n<p><strong>Eventi<\/strong>: Sono sospesi\u00a0convegni, congressi\u00a0e altri eventi, ad eccezione di quelli che si svolgono con modalit\u00e0 a distanza. Sono inoltre vietate\u00a0sagre, fiere\u00a0di qualunque genere ed altri eventi analoghi.<\/p>\n<p>&nbsp;<\/p>\n<p><strong>Tempo libero<\/strong>: Sono vietate le\u00a0feste\u00a0nei luoghi al chiuso e all\u2019aperto, comprese quelle conseguenti a cerimonie civili e religiose. \u00c8 confermata la chiusura di\u00a0sale da ballo, discoteche\u00a0o locali simili, sia all&#8217;aperto che al chiuso. Restano sospese anche le attivit\u00e0 dei\u00a0parchi tematici e di divertimento.<\/p>\n<p>&nbsp;<\/p>\n<p>SPORT<\/p>\n<p>&nbsp;<\/p>\n<p><strong>Attivit\u00e0 ed eventi sportivi, attivit\u00e0 motoria<\/strong>: Sono consentiti, all\u2019interno di impianti sportivi utilizzati a porte chiuse o all\u2019aperto senza la presenza di pubblico, soltanto gli eventi e le competizioni riconosciuti di interesse nazionale dal Comitato Olimpico Nazionale Italiano (CONI) e dal Comitato Italiano Paralimpico (CIP), riguardanti gli sport individuali e di squadra organizzati dalle rispettive federazioni sportive nazionali, discipline sportive associate, enti di promozione sportiva ovvero da organismi sportivi internazionali. Gli allenamenti degli atleti, professionisti e non professionisti, che devono partecipare a competizioni ed eventi riconosciuti di rilevanza nazionale sono consentiti a porte chiuse. Resta sospeso lo svolgimento degli sport di contatto individuati con\u00a0decreto\u00a013.10.2020\u00a0del Ministro per le politiche giovanili e lo sport. Sono inoltre vietate tutte le gare, le competizioni e tutte le attivit\u00e0 connesse agli sport di contatto di carattere amatoriale. Presso centri e circoli sportivi, pubblici e privati, \u00e8 consentito lo svolgimento\u00a0esclusivamente all\u2019aperto\u00a0dell\u2019attivit\u00e0 sportiva di base e dell\u2019attivit\u00e0 motoria in genere, nel rispetto delle norme di distanziamento sociale e senza alcun assembramento, in conformit\u00e0 con le linee guida emanate dall&#8217;Ufficio per lo sport, sentita la Federazione medico sportiva italiana (FMSI), con la prescrizione che \u00e8 interdetto l&#8217;uso di spogliatoi interni a detti circoli. Restano chiuse palestre, piscine, centri natatori, centri benessere e centri termali (fatta eccezione per l\u2019erogazione delle prestazioni rientranti nei livelli essenziali di assistenza e per le attivit\u00e0 riabilitative o terapeutiche). \u00c8 consentito lo svolgimento di attivit\u00e0 sportiva o attivit\u00e0 motoria all&#8217;aperto, anche presso aree attrezzate e parchi pubblici, ove accessibili, purch\u00e9 comunque nel rispetto della distanza di sicurezza interpersonale di almeno due metri per l&#8217;attivit\u00e0 sportiva e di almeno un metro per l\u2019attivit\u00e0 motoria, fatti salvi i casi in cui sia necessaria la presenza di un accompagnatore per i minori o le persone non completamente autosufficienti.<\/p>\n<p>&nbsp;<\/p>\n<p>LUOGHI DI CULTO E CERIMONIE<\/p>\n<p>&nbsp;<\/p>\n<p><strong>Accesso ai luoghi di culto<\/strong>: Viene garantito l&#8217;accesso ai luoghi di culto,\u00a0che deve per\u00f2 avvenire con misure organizzative tali da evitare assembramenti di persone e garantire ai frequentatori la possibilit\u00e0 di rispettare la distanza tra loro di almeno un metro. Le funzioni religiose con la partecipazione di persone si svolgeranno nel rispetto dei protocolli sottoscritti dal Governo e dalle rispettive confessioni.<\/p>\n<p>&nbsp;<\/p>\n<p>MISURE DI PROTEZIONE E RIDUZIONE DEL CONTAGIO<\/p>\n<p>&nbsp;<\/p>\n<p><strong>Mascherine<\/strong>: Rimane\u00a0obbligatorio\u00a0utilizzare sempre la mascherina nei luoghi al chiuso diversi dalla propria abitazione. Non sono obbligati ad indossare la mascherina i bambini al di sotto dei 6 anni, o i soggetti con forme di disabilit\u00e0 non compatibili con l&#8217;uso continuativo della mascherina e le persone che interagiscono con loro.<\/p>\n<p>&nbsp;<\/p>\n<p><strong>Distanziamento<\/strong>: All\u2019obbligo di indossare la mascherina si aggiungono le altre misure di protezione finalizzate alla riduzione del contagio, come il\u00a0distanziamento fisico e l&#8217;igiene costante e accurata delle mani. Si raccomanda inoltre\u00a0di non ricevere a casa\u00a0persone diverse dai conviventi, salvo che per esigenze lavorative o situazioni di necessit\u00e0 e urgenza.<\/p>\n<p>&nbsp;<\/p>\n<p><strong>Sintomi e autoisolamento<\/strong>: Le persone con infezione respiratoria caratterizzata da\u00a0febbre\u00a0(maggiore di 37,5\u00b0)\u00a0devono rimanere presso il proprio domicilio e contattare il proprio medico curante.<\/p>\n<p>&nbsp;<\/p>\n<p>ALTRE ATTIVIT\u00c0 SOSPESE<\/p>\n<p>&nbsp;<\/p>\n<p><strong>Sale giochi, sale scommesse, sale bingo e casin\u00f2<\/strong>: \u00c8 confermata la\u00a0sospensione\u00a0di sale giochi, sale scommesse, sale bingo e casin\u00f2, anche se svolte all\u2019interno di locali adibiti ad attivit\u00e0 differente.<\/p>\n<p>&nbsp;<\/p>\n<p class=\"chapter-title\"><strong>Le regole per la zona gialla<\/strong><\/p>\n<p>&nbsp;<\/p>\n<p class=\"chapter-paragraph\">Le regole per le Regioni in zona gialla \u2014 cio\u00e8, provincia di Trento, il Veneto, la Liguria, il Lazio, il Molise, la Sardegna e la Sicilia \u2014 sono queste:<br \/>\n&#8211; ci si pu\u00f2 spostare liberamente durante la giornata, ma dalle 22 alle 5 scatta il \u00abcoprifuoco\u00bb<br \/>\n&#8211; dopo l e22 e fino alle 5 posso uscire di casa solo per \u00abcomprovate esigenze\u00bb, dunque motivi di lavoro, salute ed emergenze, e occorre avere con s\u00e9 l&#8217;autocertificazione.<br \/>\n&#8211; Bar e ristoranti sono aperti, manon oltre le ore 18. Dopo le sei di sera \u00e8 consentita la consegna a domicilio e fino alle 22 si pu\u00f2 prendere cibo da asporto, che per\u00f2 non pu\u00f2 essere consumato nelle adiacenze dell\u2019esercizio o comunque all\u2019aperto<br \/>\n&#8211; Musei, mostre, cinema e teatri sono chiusi<br \/>\n&#8211; i centri commerciali sono chiusi il sabato, la domenica e nei giorni festivi. Farmacie, tabaccherie, edicole e alimentari che si trovano dentro i centri commerciali resteranno aperti.<br \/>\n&#8211; \u00e8 fortemente sconsigliato ospitare in casa persone non conviventi perch\u00e9 gli incontri nelle abitazioni \u00absono occasione di contagio, si creano condizioni di pericolo\u00bb, come ha spiegato il premier Giuseppe Conte.<br \/>\n&#8211; la capienza dei mezzi pubblici \u00e8 stata ridotta dal 50 per cento.<\/p>\n<p>&nbsp;<\/p>\n<p class=\"chapter-title\"><strong>Le regole per la zona rossa<\/strong><\/p>\n<p>&nbsp;<\/p>\n<p class=\"chapter-paragraph\">Le regole per le Regioni in zona rossa \u2014\u00a0Valle d&#8217;Aosta, la Provincia di Bolzano, la Toscana, l&#8217;Abruzzo e la Campania\u00a0\u2014 sono queste:<br \/>\n&#8211; Occorre uscire di casa il meno possibile: sono consentite comunque uscite per motivi di salute, lavoro, emergenza, per portare i figli a scuola, per svolgere attivit\u00e0 motoria (cio\u00e8 una passeggiata, da svolgersi con mascherina e distanziamento) e per recarsi in uno dei negozi aperti. Le motivazioni di uscita vanno autocertificate, nel caso ci venisse chiesto di farlo.<br \/>\n&#8211; Sono aperti gli asili nido, le scuole per l\u2019infanzia, le elementari e le prime medie. Possono seguire lezioni in presenza anche gli alunni con disabilit\u00e0 e con bisogni educativi speciali.<br \/>\n&#8211; le classi dalla seconda media in su devono seguire le lezioni con didattica a distanza<br \/>\n&#8211; sono chiusi la gran parte dei negozi, fatti salvo quelli di generi alimentari, le farmacie, le parafarmacie, i tabaccai, le edicole, lavanderie, ferramenta, ottici, fiorai, librerie, cartolerie, informatica, abbigliamento per bambini, giocattolai, profumerie, pompe funebri, distributori automatici, parrucchieri e barbieri.<br \/>\n&#8211; I centri commerciali sono chiusi, fatto salvo per alimentari, farmacie, parafarmacie, tabaccai.<br \/>\n-bar e ristoranti sono chiusi; posso ordinare cibo a domicilio<br \/>\n&#8211; si pu\u00f2 fare sport solo all\u2019aperto e in forma individuale.<br \/>\n&#8211; si pu\u00f2 fare una passeggiata: da soli e \u00abin prossimit\u00e0 della propria abitazione\u00bb, oltre che indossando la mascherina.<\/p>\n<p>&nbsp;<\/p>\n<script>\nvar gform;gform||(document.addEventListener(\"gform_main_scripts_loaded\",function(){gform.scriptsLoaded=!0}),document.addEventListener(\"gform\/theme\/scripts_loaded\",function(){gform.themeScriptsLoaded=!0}),window.addEventListener(\"DOMContentLoaded\",function(){gform.domLoaded=!0}),gform={domLoaded:!1,scriptsLoaded:!1,themeScriptsLoaded:!1,isFormEditor:()=>\"function\"==typeof InitializeEditor,callIfLoaded:function(o){return!(!gform.domLoaded||!gform.scriptsLoaded||!gform.themeScriptsLoaded&&!gform.isFormEditor()||(gform.isFormEditor()&&console.warn(\"The use of gform.initializeOnLoaded() is deprecated in the form editor context and will be removed in Gravity Forms 3.1.\"),o(),0))},initializeOnLoaded:function(o){gform.callIfLoaded(o)||(document.addEventListener(\"gform_main_scripts_loaded\",()=>{gform.scriptsLoaded=!0,gform.callIfLoaded(o)}),document.addEventListener(\"gform\/theme\/scripts_loaded\",()=>{gform.themeScriptsLoaded=!0,gform.callIfLoaded(o)}),window.addEventListener(\"DOMContentLoaded\",()=>{gform.domLoaded=!0,gform.callIfLoaded(o)}))},hooks:{action:{},filter:{}},addAction:function(o,r,e,t){gform.addHook(\"action\",o,r,e,t)},addFilter:function(o,r,e,t){gform.addHook(\"filter\",o,r,e,t)},doAction:function(o){gform.doHook(\"action\",o,arguments)},applyFilters:function(o){return gform.doHook(\"filter\",o,arguments)},removeAction:function(o,r){gform.removeHook(\"action\",o,r)},removeFilter:function(o,r,e){gform.removeHook(\"filter\",o,r,e)},addHook:function(o,r,e,t,n){null==gform.hooks[o][r]&&(gform.hooks[o][r]=[]);var d=gform.hooks[o][r];null==n&&(n=r+\"_\"+d.length),gform.hooks[o][r].push({tag:n,callable:e,priority:t=null==t?10:t})},doHook:function(r,o,e){var t;if(e=Array.prototype.slice.call(e,1),null!=gform.hooks[r][o]&&((o=gform.hooks[r][o]).sort(function(o,r){return o.priority-r.priority}),o.forEach(function(o){\"function\"!=typeof(t=o.callable)&&(t=window[t]),\"action\"==r?t.apply(null,e):e[0]=t.apply(null,e)})),\"filter\"==r)return e[0]},removeHook:function(o,r,t,n){var e;null!=gform.hooks[o][r]&&(e=(e=gform.hooks[o][r]).filter(function(o,r,e){return!!(null!=n&&n!=o.tag||null!=t&&t!=o.priority)}),gform.hooks[o][r]=e)}});\n<\/script>\n\n                <div class='gf_browser_gecko gform_wrapper gravity-theme gform-theme--no-framework' data-form-theme='gravity-theme' data-form-index='0' id='gform_wrapper_10' >\n                        <div class='gform_heading'>\n                            <h2 class=\"gform_title\">Lavora con noi<\/h2>\n                            <p class='gform_description'><\/p>\n\t\t\t\t\t\t\t<p class='gform_required_legend'>&quot;<span class=\"gfield_required gfield_required_asterisk\">*<\/span>&quot; indicates required fields<\/p>\n                        <\/div><form method='post' enctype='multipart\/form-data'  id='gform_10'  action='\/en\/wp-json\/wp\/v2\/posts\/17441' data-formid='10' novalidate>\n                        <div class='gform-body gform_body'><div id='gform_fields_10' class='gform_fields top_label form_sublabel_below description_below validation_below'><fieldset id=\"field_10_2\" class=\"gfield gfield--type-name gfield--input-type-name gfield_contains_required field_sublabel_below gfield--no-description field_description_below field_validation_below gfield_visibility_visible\"  ><legend class='gfield_label gform-field-label gfield_label_before_complex' >Nome e cognome<span class=\"gfield_required\"><span class=\"gfield_required gfield_required_asterisk\">*<\/span><\/span><\/legend><div class='ginput_complex ginput_container ginput_container--name no_prefix has_first_name no_middle_name has_last_name no_suffix gf_name_has_2 ginput_container_name gform-grid-row' id='input_10_2'>\n                            \n                            <span id='input_10_2_3_container' class='name_first gform-grid-col gform-grid-col--size-auto' >\n                                                    <input type='text' name='input_2.3' id='input_10_2_3' value=''   aria-required='true'     \/>\n                                                    <label for='input_10_2_3' class='gform-field-label gform-field-label--type-sub '>First<\/label>\n                                                <\/span>\n                            \n                            <span id='input_10_2_6_container' class='name_last gform-grid-col gform-grid-col--size-auto' >\n                                                    <input type='text' name='input_2.6' id='input_10_2_6' value=''   aria-required='true'     \/>\n                                                    <label for='input_10_2_6' class='gform-field-label gform-field-label--type-sub '>Last<\/label>\n                                                <\/span>\n                            \n                        <\/div><\/fieldset><div id=\"field_10_3\" class=\"gfield gfield--type-email gfield--input-type-email gfield--width-half gfield_contains_required field_sublabel_below gfield--no-description field_description_below field_validation_below gfield_visibility_visible\"  ><label class='gfield_label gform-field-label' for='input_10_3'>Email<span class=\"gfield_required\"><span class=\"gfield_required gfield_required_asterisk\">*<\/span><\/span><\/label><div class='ginput_container ginput_container_email'>\n                            <input name='input_3' id='input_10_3' type='email' value='' class='large'    aria-required=\"true\" aria-invalid=\"false\"  \/>\n                        <\/div><\/div><div id=\"field_10_4\" class=\"gfield gfield--type-phone gfield--input-type-phone gfield--width-half gfield_contains_required field_sublabel_below gfield--no-description field_description_below field_validation_below gfield_visibility_visible\"  ><label class='gfield_label gform-field-label' for='input_10_4'>Telefono<span class=\"gfield_required\"><span class=\"gfield_required gfield_required_asterisk\">*<\/span><\/span><\/label><div class='ginput_container ginput_container_phone'><input name='input_4' id='input_10_4' type='tel' value='' class='large'   aria-required=\"true\" aria-invalid=\"false\"   \/><\/div><\/div><div id=\"field_10_9\" class=\"gfield gfield--type-fileupload gfield--input-type-fileupload gfield--width-half gfield_contains_required field_sublabel_below gfield--no-description field_description_below field_validation_below gfield_visibility_visible\"  ><label class='gfield_label gform-field-label' for='input_10_9'>Carica il tuo CV<span class=\"gfield_required\"><span class=\"gfield_required gfield_required_asterisk\">*<\/span><\/span><\/label><div class='ginput_container ginput_container_fileupload'><input type='hidden' name='MAX_FILE_SIZE' value='134217728' \/><input name='input_9' id='input_10_9' type='file' class='large' aria-describedby=\"gfield_upload_rules_10_9\" onchange='javascript:gformValidateFileSize( this, 134217728 );'  \/><span class='gfield_description gform_fileupload_rules' id='gfield_upload_rules_10_9'>Max. file size: 128 MB.<\/span><div class='gfield_description validation_message gfield_validation_message validation_message--hidden-on-empty' id='live_validation_message_10_9'><\/div> <\/div><\/div><div id=\"field_10_10\" class=\"gfield gfield--type-fileupload gfield--input-type-fileupload gfield--width-half gfield_contains_required field_sublabel_below gfield--no-description field_description_below field_validation_below gfield_visibility_visible\"  ><label class='gfield_label gform-field-label' for='input_10_10'>Carica la tua cover letter<span class=\"gfield_required\"><span class=\"gfield_required gfield_required_asterisk\">*<\/span><\/span><\/label><div class='ginput_container ginput_container_fileupload'><input type='hidden' name='MAX_FILE_SIZE' value='134217728' \/><input name='input_10' id='input_10_10' type='file' class='large' aria-describedby=\"gfield_upload_rules_10_10\" onchange='javascript:gformValidateFileSize( this, 134217728 );'  \/><span class='gfield_description gform_fileupload_rules' id='gfield_upload_rules_10_10'>Max. file size: 128 MB.<\/span><div class='gfield_description validation_message gfield_validation_message validation_message--hidden-on-empty' id='live_validation_message_10_10'><\/div> <\/div><\/div><fieldset id=\"field_10_6\" class=\"gfield gfield--type-consent gfield--type-choice gfield--input-type-consent gfield_contains_required field_sublabel_below gfield--no-description field_description_below field_validation_below gfield_visibility_visible\"  ><legend class='gfield_label gform-field-label gfield_label_before_complex' >Consenso<span class=\"gfield_required\"><span class=\"gfield_required gfield_required_asterisk\">*<\/span><\/span><\/legend><div class='ginput_container ginput_container_consent'><input name='input_6.1' id='input_10_6_1' type='checkbox' value='1'   aria-required=\"true\" aria-invalid=\"false\"   \/> <label class=\"gform-field-label gform-field-label--type-inline gfield_consent_label\" for='input_10_6_1' >Dichiaro di aver letto e accettato la <a href=\"https:\/\/beneggiassociati.com\/privacy-policy\/\">Privacy Policy<\/a>.<\/label><input type='hidden' name='input_6.2' value='Dichiaro di aver letto e accettato la &lt;a href=&quot;https:\/\/beneggiassociati.com\/privacy-policy\/&quot;&gt;Privacy Policy&lt;\/a&gt;.' class='gform_hidden' \/><input type='hidden' name='input_6.3' value='9' class='gform_hidden' \/><\/div><\/fieldset><\/div><\/div>\n        <div class='gform-footer gform_footer top_label'> <input type='submit' id='gform_submit_button_10' class='gform_button button' onclick='gform.submission.handleButtonClick(this);' data-submission-type='submit' value='Invia'  \/> \n            <input type='hidden' class='gform_hidden' name='gform_submission_method' data-js='gform_submission_method_10' value='postback' \/>\n            <input type='hidden' class='gform_hidden' name='gform_theme' data-js='gform_theme_10' id='gform_theme_10' value='gravity-theme' \/>\n            <input type='hidden' class='gform_hidden' name='gform_style_settings' data-js='gform_style_settings_10' id='gform_style_settings_10' value='[]' \/>\n            <input type='hidden' class='gform_hidden' name='is_submit_10' value='1' \/>\n            <input type='hidden' class='gform_hidden' name='gform_submit' value='10' \/>\n            \n            <input type='hidden' class='gform_hidden' name='gform_currency' data-currency='EUR' value='Y6TNM9S2l\/D7LcRNVarlNRZ9kOWFwU\/qEEd6NZDQZoW7f6ttx+wfzCGXbhZtVMu9LQjJ4iCjqnhuaiiczF1ThbUP3Z+urk+vSIaLbFyeApdRa6s=' \/>\n            <input type='hidden' class='gform_hidden' name='gform_unique_id' value='' \/>\n            <input type='hidden' class='gform_hidden' name='state_10' value='WyJ7XCI2LjFcIjpcImNjYmZkMDY4ODAwODZiM2FkNTZiMGFmZjdjZGY2YjU0XCIsXCI2LjJcIjpcIjE2NDY5MmM1NTUzOWVlZjliY2EwMWM1ZTI3ZGMzNmUyXCIsXCI2LjNcIjpcIjRhZTQxY2NjNGQ0MWFiZmVkZTg0NGU1N2E0YTUxMzBlXCJ9IiwiNjVlOTliN2YyNzE5NDNjMjcwMGViZGE2MDMzOGY5ZTEiXQ==' \/>\n            <input type='hidden' autocomplete='off' class='gform_hidden' name='gform_target_page_number_10' id='gform_target_page_number_10' value='0' \/>\n            <input type='hidden' autocomplete='off' class='gform_hidden' name='gform_source_page_number_10' id='gform_source_page_number_10' value='1' \/>\n            <input type='hidden' name='gform_field_values' value='' \/>\n            \n        <\/div>\n                        <\/form>\n                        <\/div><script>\ngform.initializeOnLoaded( function() {gformInitSpinner( 10, 'https:\/\/beneggiassociati.com\/wp-content\/plugins\/gravityforms\/images\/spinner.svg', true );jQuery('#gform_ajax_frame_10').on('load',function(){var contents = jQuery(this).contents().find('*').html();var is_postback = contents.indexOf('GF_AJAX_POSTBACK') >= 0;if(!is_postback){return;}var form_content = jQuery(this).contents().find('#gform_wrapper_10');var is_confirmation = jQuery(this).contents().find('#gform_confirmation_wrapper_10').length > 0;var is_redirect = contents.indexOf('gformRedirect(){') >= 0;var is_form = form_content.length > 0 && ! is_redirect && ! is_confirmation;var mt = parseInt(jQuery('html').css('margin-top'), 10) + parseInt(jQuery('body').css('margin-top'), 10) + 100;if(is_form){jQuery('#gform_wrapper_10').html(form_content.html());if(form_content.hasClass('gform_validation_error')){jQuery('#gform_wrapper_10').addClass('gform_validation_error');} else {jQuery('#gform_wrapper_10').removeClass('gform_validation_error');}setTimeout( function() { \/* delay the scroll by 50 milliseconds to fix a bug in chrome *\/  }, 50 );if(window['gformInitDatepicker']) {gformInitDatepicker();}if(window['gformInitPriceFields']) {gformInitPriceFields();}var current_page = jQuery('#gform_source_page_number_10').val();gformInitSpinner( 10, 'https:\/\/beneggiassociati.com\/wp-content\/plugins\/gravityforms\/images\/spinner.svg', true );jQuery(document).trigger('gform_page_loaded', [10, current_page]);window['gf_submitting_10'] = false;}else if(!is_redirect){var confirmation_content = jQuery(this).contents().find('.GF_AJAX_POSTBACK').html();if(!confirmation_content){confirmation_content = contents;}jQuery('#gform_wrapper_10').replaceWith(confirmation_content);jQuery(document).trigger('gform_confirmation_loaded', [10]);window['gf_submitting_10'] = false;wp.a11y.speak(jQuery('#gform_confirmation_message_10').text());}else{jQuery('#gform_10').append(contents);if(window['gformRedirect']) {gformRedirect();}}jQuery(document).trigger(\"gform_pre_post_render\", [{ formId: \"10\", currentPage: \"current_page\", abort: function() { this.preventDefault(); } }]);        if (event && event.defaultPrevented) {                return;        }        const gformWrapperDiv = document.getElementById( \"gform_wrapper_10\" );        if ( gformWrapperDiv ) {            const visibilitySpan = document.createElement( \"span\" );            visibilitySpan.id = \"gform_visibility_test_10\";            gformWrapperDiv.insertAdjacentElement( \"afterend\", visibilitySpan );        }        const visibilityTestDiv = document.getElementById( \"gform_visibility_test_10\" );        let postRenderFired = false;        function triggerPostRender() {            if ( postRenderFired ) {                return;            }            postRenderFired = true;            gform.core.triggerPostRenderEvents( 10, current_page );            if ( visibilityTestDiv ) {                visibilityTestDiv.parentNode.removeChild( visibilityTestDiv );            }        }        function debounce( func, wait, immediate ) {            var timeout;            return function() {                var context = this, args = arguments;                var later = function() {                    timeout = null;                    if ( !immediate ) func.apply( context, args );                };                var callNow = immediate && !timeout;                clearTimeout( timeout );                timeout = setTimeout( later, wait );                if ( callNow ) func.apply( context, args );            };        }        const debouncedTriggerPostRender = debounce( function() {            triggerPostRender();        }, 200 );        if ( visibilityTestDiv && visibilityTestDiv.offsetParent === null ) {            const observer = new MutationObserver( ( mutations ) => {                mutations.forEach( ( mutation ) => {                    if ( mutation.type === 'attributes' && visibilityTestDiv.offsetParent !== null ) {                        debouncedTriggerPostRender();                        observer.disconnect();                    }                });            });            observer.observe( document.body, {                attributes: true,                childList: false,                subtree: true,                attributeFilter: [ 'style', 'class' ],            });        } else {            triggerPostRender();        }    } );} );\n<\/script>\n\n","protected":false},"excerpt":{"rendered":"<p>&nbsp; Il Decreto del Presidente del Consiglio del 3 novembre disponendo le misure per prevenire la diffusione del virus Covid-19 individua tre aree, corrispondenti ad altrettanti scenari di rischio, per le quali sono previste specifiche misure restrittive. In base alla nuova Ordinanza del Ministro della Salute del 27 novembre, la Lombardia il Piemonte e la [&hellip;]<\/p>\n","protected":false},"author":4,"featured_media":409,"comment_status":"open","ping_status":"open","sticky":false,"template":"","format":"standard","meta":{"_acf_changed":false,"content-type":"","footnotes":""},"categories":[16],"tags":[],"class_list":["post-17441","post","type-post","status-publish","format-standard","has-post-thumbnail","hentry","category-archivio"],"acf":[],"yoast_head":"<!-- This site is optimized with the Yoast SEO plugin v27.5 - https:\/\/yoast.com\/product\/yoast-seo-wordpress\/ -->\n<title>Lombardia, Piemonte e Calabria diventano zona arancione: da quando e cosa cambia - Beneggi &amp; Associati<\/title>\n<meta name=\"description\" content=\"&nbsp; Il Decreto del Presidente del Consiglio del 3 novembre disponendo le misure per prevenire la diffusione del virus Covid-19 individua tre aree,\" \/>\n<meta name=\"robots\" content=\"index, follow, max-snippet:-1, max-image-preview:large, max-video-preview:-1\" \/>\n<link rel=\"canonical\" href=\"https:\/\/beneggiassociati.com\/en\/lombardia-piemonte-e-calabria-diventano-zona-arancione-da-quando-e-cosa-cambia\/\" \/>\n<meta property=\"og:locale\" content=\"en_US\" \/>\n<meta property=\"og:type\" content=\"article\" \/>\n<meta property=\"og:title\" content=\"Lombardia, Piemonte e Calabria diventano zona arancione: da quando e cosa cambia - Beneggi &amp; Associati\" \/>\n<meta property=\"og:description\" content=\"&nbsp; Il Decreto del Presidente del Consiglio del 3 novembre disponendo le misure per prevenire la diffusione del virus Covid-19 individua tre aree,\" \/>\n<meta property=\"og:url\" content=\"https:\/\/beneggiassociati.com\/en\/lombardia-piemonte-e-calabria-diventano-zona-arancione-da-quando-e-cosa-cambia\/\" \/>\n<meta property=\"og:site_name\" content=\"Beneggi &amp; Associati\" \/>\n<meta property=\"article:published_time\" content=\"2020-11-28T07:54:00+00:00\" \/>\n<meta property=\"og:image\" content=\"https:\/\/beneggiassociati.com\/wp-content\/uploads\/2025\/07\/single-post-beneggi.jpg\" \/>\n\t<meta property=\"og:image:width\" content=\"1280\" \/>\n\t<meta property=\"og:image:height\" content=\"823\" \/>\n\t<meta property=\"og:image:type\" content=\"image\/jpeg\" \/>\n<meta name=\"author\" content=\"Tiziano Beneggi\" \/>\n<meta name=\"twitter:card\" content=\"summary_large_image\" \/>\n<meta name=\"twitter:label1\" content=\"Written by\" \/>\n\t<meta name=\"twitter:data1\" content=\"Tiziano Beneggi\" \/>\n\t<meta name=\"twitter:label2\" content=\"Est. reading time\" \/>\n\t<meta name=\"twitter:data2\" content=\"10 minutes\" \/>\n<script type=\"application\/ld+json\" class=\"yoast-schema-graph\">{\"@context\":\"https:\\\/\\\/schema.org\",\"@graph\":[{\"@type\":\"Article\",\"@id\":\"https:\\\/\\\/beneggiassociati.com\\\/en\\\/lombardia-piemonte-e-calabria-diventano-zona-arancione-da-quando-e-cosa-cambia\\\/#article\",\"isPartOf\":{\"@id\":\"https:\\\/\\\/beneggiassociati.com\\\/en\\\/lombardia-piemonte-e-calabria-diventano-zona-arancione-da-quando-e-cosa-cambia\\\/\"},\"author\":{\"name\":\"Tiziano Beneggi\",\"@id\":\"https:\\\/\\\/beneggiassociati.com\\\/en\\\/#\\\/schema\\\/person\\\/828daacfa37b359e89e981f920072004\"},\"headline\":\"Lombardia, Piemonte e Calabria diventano zona arancione: da quando e cosa cambia\",\"datePublished\":\"2020-11-28T07:54:00+00:00\",\"mainEntityOfPage\":{\"@id\":\"https:\\\/\\\/beneggiassociati.com\\\/en\\\/lombardia-piemonte-e-calabria-diventano-zona-arancione-da-quando-e-cosa-cambia\\\/\"},\"wordCount\":1961,\"commentCount\":0,\"publisher\":{\"@id\":\"https:\\\/\\\/beneggiassociati.com\\\/en\\\/#organization\"},\"image\":{\"@id\":\"https:\\\/\\\/beneggiassociati.com\\\/en\\\/lombardia-piemonte-e-calabria-diventano-zona-arancione-da-quando-e-cosa-cambia\\\/#primaryimage\"},\"thumbnailUrl\":\"https:\\\/\\\/beneggiassociati.com\\\/wp-content\\\/uploads\\\/2025\\\/07\\\/single-post-beneggi.jpg\",\"articleSection\":[\"ARCHIVIO\"],\"inLanguage\":\"en-US\"},{\"@type\":\"WebPage\",\"@id\":\"https:\\\/\\\/beneggiassociati.com\\\/en\\\/lombardia-piemonte-e-calabria-diventano-zona-arancione-da-quando-e-cosa-cambia\\\/\",\"url\":\"https:\\\/\\\/beneggiassociati.com\\\/en\\\/lombardia-piemonte-e-calabria-diventano-zona-arancione-da-quando-e-cosa-cambia\\\/\",\"name\":\"Lombardia, Piemonte e Calabria diventano zona arancione: da quando e cosa cambia - Beneggi &amp; Associati\",\"isPartOf\":{\"@id\":\"https:\\\/\\\/beneggiassociati.com\\\/en\\\/#website\"},\"primaryImageOfPage\":{\"@id\":\"https:\\\/\\\/beneggiassociati.com\\\/en\\\/lombardia-piemonte-e-calabria-diventano-zona-arancione-da-quando-e-cosa-cambia\\\/#primaryimage\"},\"image\":{\"@id\":\"https:\\\/\\\/beneggiassociati.com\\\/en\\\/lombardia-piemonte-e-calabria-diventano-zona-arancione-da-quando-e-cosa-cambia\\\/#primaryimage\"},\"thumbnailUrl\":\"https:\\\/\\\/beneggiassociati.com\\\/wp-content\\\/uploads\\\/2025\\\/07\\\/single-post-beneggi.jpg\",\"datePublished\":\"2020-11-28T07:54:00+00:00\",\"description\":\"&nbsp; Il Decreto del Presidente del Consiglio del 3 novembre disponendo le misure per prevenire la diffusione del virus Covid-19 individua tre aree,\",\"breadcrumb\":{\"@id\":\"https:\\\/\\\/beneggiassociati.com\\\/en\\\/lombardia-piemonte-e-calabria-diventano-zona-arancione-da-quando-e-cosa-cambia\\\/#breadcrumb\"},\"inLanguage\":\"en-US\",\"potentialAction\":[{\"@type\":\"ReadAction\",\"target\":[\"https:\\\/\\\/beneggiassociati.com\\\/en\\\/lombardia-piemonte-e-calabria-diventano-zona-arancione-da-quando-e-cosa-cambia\\\/\"]}]},{\"@type\":\"ImageObject\",\"inLanguage\":\"en-US\",\"@id\":\"https:\\\/\\\/beneggiassociati.com\\\/en\\\/lombardia-piemonte-e-calabria-diventano-zona-arancione-da-quando-e-cosa-cambia\\\/#primaryimage\",\"url\":\"https:\\\/\\\/beneggiassociati.com\\\/wp-content\\\/uploads\\\/2025\\\/07\\\/single-post-beneggi.jpg\",\"contentUrl\":\"https:\\\/\\\/beneggiassociati.com\\\/wp-content\\\/uploads\\\/2025\\\/07\\\/single-post-beneggi.jpg\",\"width\":1280,\"height\":823},{\"@type\":\"BreadcrumbList\",\"@id\":\"https:\\\/\\\/beneggiassociati.com\\\/en\\\/lombardia-piemonte-e-calabria-diventano-zona-arancione-da-quando-e-cosa-cambia\\\/#breadcrumb\",\"itemListElement\":[{\"@type\":\"ListItem\",\"position\":1,\"name\":\"Home\",\"item\":\"https:\\\/\\\/beneggiassociati.com\\\/en\\\/?page_id=24163\"},{\"@type\":\"ListItem\",\"position\":2,\"name\":\"Lombardia, Piemonte e Calabria diventano zona arancione: da quando e cosa cambia\"}]},{\"@type\":\"WebSite\",\"@id\":\"https:\\\/\\\/beneggiassociati.com\\\/en\\\/#website\",\"url\":\"https:\\\/\\\/beneggiassociati.com\\\/en\\\/\",\"name\":\"Beneggi e associati\",\"description\":\"\",\"publisher\":{\"@id\":\"https:\\\/\\\/beneggiassociati.com\\\/en\\\/#organization\"},\"potentialAction\":[{\"@type\":\"SearchAction\",\"target\":{\"@type\":\"EntryPoint\",\"urlTemplate\":\"https:\\\/\\\/beneggiassociati.com\\\/en\\\/?s={search_term_string}\"},\"query-input\":{\"@type\":\"PropertyValueSpecification\",\"valueRequired\":true,\"valueName\":\"search_term_string\"}}],\"inLanguage\":\"en-US\"},{\"@type\":\"Organization\",\"@id\":\"https:\\\/\\\/beneggiassociati.com\\\/en\\\/#organization\",\"name\":\"Beneggi e associati\",\"url\":\"https:\\\/\\\/beneggiassociati.com\\\/en\\\/\",\"logo\":{\"@type\":\"ImageObject\",\"inLanguage\":\"en-US\",\"@id\":\"https:\\\/\\\/beneggiassociati.com\\\/en\\\/#\\\/schema\\\/logo\\\/image\\\/\",\"url\":\"https:\\\/\\\/beneggiassociati.com\\\/wp-content\\\/uploads\\\/2025\\\/07\\\/beneggi-logo.png\",\"contentUrl\":\"https:\\\/\\\/beneggiassociati.com\\\/wp-content\\\/uploads\\\/2025\\\/07\\\/beneggi-logo.png\",\"width\":141,\"height\":87,\"caption\":\"Beneggi e associati\"},\"image\":{\"@id\":\"https:\\\/\\\/beneggiassociati.com\\\/en\\\/#\\\/schema\\\/logo\\\/image\\\/\"}},{\"@type\":\"Person\",\"@id\":\"https:\\\/\\\/beneggiassociati.com\\\/en\\\/#\\\/schema\\\/person\\\/828daacfa37b359e89e981f920072004\",\"name\":\"Tiziano Beneggi\",\"url\":\"https:\\\/\\\/beneggiassociati.com\\\/en\\\/author\\\/tizianobeneggiassociati-com\\\/\"}]}<\/script>\n<!-- \/ Yoast SEO plugin. -->","yoast_head_json":{"title":"Lombardia, Piemonte e Calabria diventano zona arancione: da quando e cosa cambia - Beneggi &amp; Associati","description":"&nbsp; Il Decreto del Presidente del Consiglio del 3 novembre disponendo le misure per prevenire la diffusione del virus Covid-19 individua tre aree,","robots":{"index":"index","follow":"follow","max-snippet":"max-snippet:-1","max-image-preview":"max-image-preview:large","max-video-preview":"max-video-preview:-1"},"canonical":"https:\/\/beneggiassociati.com\/en\/lombardia-piemonte-e-calabria-diventano-zona-arancione-da-quando-e-cosa-cambia\/","og_locale":"en_US","og_type":"article","og_title":"Lombardia, Piemonte e Calabria diventano zona arancione: da quando e cosa cambia - Beneggi &amp; Associati","og_description":"&nbsp; Il Decreto del Presidente del Consiglio del 3 novembre disponendo le misure per prevenire la diffusione del virus Covid-19 individua tre aree,","og_url":"https:\/\/beneggiassociati.com\/en\/lombardia-piemonte-e-calabria-diventano-zona-arancione-da-quando-e-cosa-cambia\/","og_site_name":"Beneggi &amp; Associati","article_published_time":"2020-11-28T07:54:00+00:00","og_image":[{"width":1280,"height":823,"url":"https:\/\/beneggiassociati.com\/wp-content\/uploads\/2025\/07\/single-post-beneggi.jpg","type":"image\/jpeg"}],"author":"Tiziano Beneggi","twitter_card":"summary_large_image","twitter_misc":{"Written by":"Tiziano Beneggi","Est. reading time":"10 minutes"},"schema":{"@context":"https:\/\/schema.org","@graph":[{"@type":"Article","@id":"https:\/\/beneggiassociati.com\/en\/lombardia-piemonte-e-calabria-diventano-zona-arancione-da-quando-e-cosa-cambia\/#article","isPartOf":{"@id":"https:\/\/beneggiassociati.com\/en\/lombardia-piemonte-e-calabria-diventano-zona-arancione-da-quando-e-cosa-cambia\/"},"author":{"name":"Tiziano Beneggi","@id":"https:\/\/beneggiassociati.com\/en\/#\/schema\/person\/828daacfa37b359e89e981f920072004"},"headline":"Lombardia, Piemonte e Calabria diventano zona arancione: da quando e cosa cambia","datePublished":"2020-11-28T07:54:00+00:00","mainEntityOfPage":{"@id":"https:\/\/beneggiassociati.com\/en\/lombardia-piemonte-e-calabria-diventano-zona-arancione-da-quando-e-cosa-cambia\/"},"wordCount":1961,"commentCount":0,"publisher":{"@id":"https:\/\/beneggiassociati.com\/en\/#organization"},"image":{"@id":"https:\/\/beneggiassociati.com\/en\/lombardia-piemonte-e-calabria-diventano-zona-arancione-da-quando-e-cosa-cambia\/#primaryimage"},"thumbnailUrl":"https:\/\/beneggiassociati.com\/wp-content\/uploads\/2025\/07\/single-post-beneggi.jpg","articleSection":["ARCHIVIO"],"inLanguage":"en-US"},{"@type":"WebPage","@id":"https:\/\/beneggiassociati.com\/en\/lombardia-piemonte-e-calabria-diventano-zona-arancione-da-quando-e-cosa-cambia\/","url":"https:\/\/beneggiassociati.com\/en\/lombardia-piemonte-e-calabria-diventano-zona-arancione-da-quando-e-cosa-cambia\/","name":"Lombardia, Piemonte e Calabria diventano zona arancione: da quando e cosa cambia - Beneggi &amp; Associati","isPartOf":{"@id":"https:\/\/beneggiassociati.com\/en\/#website"},"primaryImageOfPage":{"@id":"https:\/\/beneggiassociati.com\/en\/lombardia-piemonte-e-calabria-diventano-zona-arancione-da-quando-e-cosa-cambia\/#primaryimage"},"image":{"@id":"https:\/\/beneggiassociati.com\/en\/lombardia-piemonte-e-calabria-diventano-zona-arancione-da-quando-e-cosa-cambia\/#primaryimage"},"thumbnailUrl":"https:\/\/beneggiassociati.com\/wp-content\/uploads\/2025\/07\/single-post-beneggi.jpg","datePublished":"2020-11-28T07:54:00+00:00","description":"&nbsp; Il Decreto del Presidente del Consiglio del 3 novembre disponendo le misure per prevenire la diffusione del virus Covid-19 individua tre aree,","breadcrumb":{"@id":"https:\/\/beneggiassociati.com\/en\/lombardia-piemonte-e-calabria-diventano-zona-arancione-da-quando-e-cosa-cambia\/#breadcrumb"},"inLanguage":"en-US","potentialAction":[{"@type":"ReadAction","target":["https:\/\/beneggiassociati.com\/en\/lombardia-piemonte-e-calabria-diventano-zona-arancione-da-quando-e-cosa-cambia\/"]}]},{"@type":"ImageObject","inLanguage":"en-US","@id":"https:\/\/beneggiassociati.com\/en\/lombardia-piemonte-e-calabria-diventano-zona-arancione-da-quando-e-cosa-cambia\/#primaryimage","url":"https:\/\/beneggiassociati.com\/wp-content\/uploads\/2025\/07\/single-post-beneggi.jpg","contentUrl":"https:\/\/beneggiassociati.com\/wp-content\/uploads\/2025\/07\/single-post-beneggi.jpg","width":1280,"height":823},{"@type":"BreadcrumbList","@id":"https:\/\/beneggiassociati.com\/en\/lombardia-piemonte-e-calabria-diventano-zona-arancione-da-quando-e-cosa-cambia\/#breadcrumb","itemListElement":[{"@type":"ListItem","position":1,"name":"Home","item":"https:\/\/beneggiassociati.com\/en\/?page_id=24163"},{"@type":"ListItem","position":2,"name":"Lombardia, Piemonte e Calabria diventano zona arancione: da quando e cosa cambia"}]},{"@type":"WebSite","@id":"https:\/\/beneggiassociati.com\/en\/#website","url":"https:\/\/beneggiassociati.com\/en\/","name":"Beneggi e associati","description":"","publisher":{"@id":"https:\/\/beneggiassociati.com\/en\/#organization"},"potentialAction":[{"@type":"SearchAction","target":{"@type":"EntryPoint","urlTemplate":"https:\/\/beneggiassociati.com\/en\/?s={search_term_string}"},"query-input":{"@type":"PropertyValueSpecification","valueRequired":true,"valueName":"search_term_string"}}],"inLanguage":"en-US"},{"@type":"Organization","@id":"https:\/\/beneggiassociati.com\/en\/#organization","name":"Beneggi e associati","url":"https:\/\/beneggiassociati.com\/en\/","logo":{"@type":"ImageObject","inLanguage":"en-US","@id":"https:\/\/beneggiassociati.com\/en\/#\/schema\/logo\/image\/","url":"https:\/\/beneggiassociati.com\/wp-content\/uploads\/2025\/07\/beneggi-logo.png","contentUrl":"https:\/\/beneggiassociati.com\/wp-content\/uploads\/2025\/07\/beneggi-logo.png","width":141,"height":87,"caption":"Beneggi e associati"},"image":{"@id":"https:\/\/beneggiassociati.com\/en\/#\/schema\/logo\/image\/"}},{"@type":"Person","@id":"https:\/\/beneggiassociati.com\/en\/#\/schema\/person\/828daacfa37b359e89e981f920072004","name":"Tiziano Beneggi","url":"https:\/\/beneggiassociati.com\/en\/author\/tizianobeneggiassociati-com\/"}]}},"_links":{"self":[{"href":"https:\/\/beneggiassociati.com\/en\/wp-json\/wp\/v2\/posts\/17441","targetHints":{"allow":["GET"]}}],"collection":[{"href":"https:\/\/beneggiassociati.com\/en\/wp-json\/wp\/v2\/posts"}],"about":[{"href":"https:\/\/beneggiassociati.com\/en\/wp-json\/wp\/v2\/types\/post"}],"author":[{"embeddable":true,"href":"https:\/\/beneggiassociati.com\/en\/wp-json\/wp\/v2\/users\/4"}],"replies":[{"embeddable":true,"href":"https:\/\/beneggiassociati.com\/en\/wp-json\/wp\/v2\/comments?post=17441"}],"version-history":[{"count":0,"href":"https:\/\/beneggiassociati.com\/en\/wp-json\/wp\/v2\/posts\/17441\/revisions"}],"wp:featuredmedia":[{"embeddable":true,"href":"https:\/\/beneggiassociati.com\/en\/wp-json\/wp\/v2\/media\/409"}],"wp:attachment":[{"href":"https:\/\/beneggiassociati.com\/en\/wp-json\/wp\/v2\/media?parent=17441"}],"wp:term":[{"taxonomy":"category","embeddable":true,"href":"https:\/\/beneggiassociati.com\/en\/wp-json\/wp\/v2\/categories?post=17441"},{"taxonomy":"post_tag","embeddable":true,"href":"https:\/\/beneggiassociati.com\/en\/wp-json\/wp\/v2\/tags?post=17441"}],"curies":[{"name":"wp","href":"https:\/\/api.w.org\/{rel}","templated":true}]}}